{"id":5856,"date":"2025-02-13T20:00:52","date_gmt":"2025-02-13T20:00:52","guid":{"rendered":"https:\/\/cacaunews.com\/?p=5856"},"modified":"2025-02-13T20:00:52","modified_gmt":"2025-02-13T20:00:52","slug":"aci-e-sebrae-promovem-palestra-sobre-associacoes-e-cooperativas-na-proxima-segunda-17","status":"publish","type":"post","link":"https:\/\/cacaunews.com\/?p=5856","title":{"rendered":"ACI e Sebrae promovem palestra sobre Associa\u00e7\u00f5es e Cooperativas na pr\u00f3xima segunda (17)."},"content":{"rendered":"\n<p>A Associa\u00e7\u00e3o Comercial e Empresarial de Itabuna \u2013 ACI, por meio do Conselho da Mulher, e o Sebrae, estar\u00e1 promovendo uma palestra com o Professor Dr. Raimundo Bonfim, que vai falar sobre a participa\u00e7\u00e3o em Associa\u00e7\u00f5es e Cooperativas \u2013 O Porqu\u00ea das pessoas se filiarem. O encontro acontece na pr\u00f3xima segunda-feira, 17 de fevereiro, \u00e0s 19 horas, na sede da ACI, e contar\u00e1 com a presen\u00e7a da Presidente Estadual do CMEC, Herriete Cedraz.<\/p>\n\n\n\n<figure class=\"wp-block-image size-large\"><img decoding=\"async\" width=\"193\" height=\"258\" src=\"https:\/\/cacaunews.com\/wp-content\/uploads\/2025\/02\/img-20250213-wa0216628727967844160754.jpg\" alt=\"\" class=\"wp-image-5855\"\/><\/figure>\n\n\n\n<p>O professor Bonfim \u00e9 especialista no tema e pesquisador com p\u00f3s-doutorado na \u00e1rea. A participa\u00e7\u00e3o em associa\u00e7\u00f5es e cooperativas \u00e9 uma forma importante de engajamento que visa promover o fortalecimento da comunidade, o desenvolvimento econ\u00f4mico, acesso a servi\u00e7os e representa\u00e7\u00e3o pol\u00edtica.<br><br>Nesse sentido, a palestra ser\u00e1 uma oportunidade para entender o impacto do associativismo e do cooperativismo na economia, na sociedade e na vida. Ser\u00e1 um encontro para troca de experi\u00eancias, aprendizados e fortalecimento do trabalho coletivo.<\/p>\n","protected":false},"excerpt":{"rendered":"<p>A Associa\u00e7\u00e3o Comercial e Empresarial de Itabuna \u2013 ACI, por meio do Conselho da Mulher,&#8230;<\/p>\n","protected":false},"author":1,"featured_media":5854,"comment_status":"open","ping_status":"open","sticky":false,"template":"","format":"standard","meta":{"footnotes":""},"categories":[18,11],"tags":[713,1932,529,45],"yoast_head":"<!-- This site is optimized with the Yoast SEO plugin v21.7 - https:\/\/yoast.com\/wordpress\/plugins\/seo\/ -->\n<title>ACI e Sebrae promovem palestra sobre Associa\u00e7\u00f5es e Cooperativas na pr\u00f3xima segunda (17). - Cacau News<\/title>\n<meta name=\"robots\" content=\"index, follow, max-snippet:-1, max-image-preview:large, max-video-preview:-1\" \/>\n<link rel=\"canonical\" href=\"https:\/\/cacaunews.com\/?p=5856\" \/>\n<meta property=\"og:locale\" content=\"pt_BR\" \/>\n<meta property=\"og:type\" content=\"article\" \/>\n<meta property=\"og:title\" content=\"ACI e Sebrae promovem palestra sobre Associa\u00e7\u00f5es e Cooperativas na pr\u00f3xima segunda (17). - Cacau News\" \/>\n<meta property=\"og:description\" content=\"A Associa\u00e7\u00e3o Comercial e Empresarial de Itabuna \u2013 ACI, por meio do Conselho da Mulher,...\" \/>\n<meta property=\"og:url\" content=\"https:\/\/cacaunews.com\/?p=5856\" \/>\n<meta property=\"og:site_name\" content=\"Cacau News\" \/>\n<meta property=\"article:published_time\" content=\"2025-02-13T20:00:52+00:00\" \/>\n<meta property=\"og:image\" content=\"https:\/\/cacaunews.com\/wp-content\/uploads\/2025\/02\/img-20250213-wa0216628727967844160754.jpg\" \/>\n<meta name=\"author\" content=\"Reda\u00e7\u00e3o Cacau News\" \/>\n<meta name=\"twitter:card\" content=\"summary_large_image\" \/>\n<meta name=\"twitter:label1\" content=\"Escrito por\" \/>\n\t<meta name=\"twitter:data1\" content=\"Reda\u00e7\u00e3o Cacau News\" \/>\n\t<meta name=\"twitter:label2\" content=\"Est. tempo de leitura\" \/>\n\t<meta name=\"twitter:data2\" content=\"1 minuto\" \/>\n<script type=\"application\/ld+json\" class=\"yoast-schema-graph\">{\"@context\":\"https:\/\/schema.org\",\"@graph\":[{\"@type\":\"Article\",\"@id\":\"https:\/\/cacaunews.com\/?p=5856#article\",\"isPartOf\":{\"@id\":\"https:\/\/cacaunews.com\/?p=5856\"},\"author\":{\"name\":\"Reda\u00e7\u00e3o Cacau News\",\"@id\":\"https:\/\/cacaunews.com\/#\/schema\/person\/ea69703103e606ad347ccd64bd72ef79\"},\"headline\":\"ACI e Sebrae promovem palestra sobre Associa\u00e7\u00f5es e Cooperativas na pr\u00f3xima segunda (17).\",\"datePublished\":\"2025-02-13T20:00:52+00:00\",\"dateModified\":\"2025-02-13T20:00:52+00:00\",\"mainEntityOfPage\":{\"@id\":\"https:\/\/cacaunews.com\/?p=5856\"},\"wordCount\":171,\"commentCount\":0,\"publisher\":{\"@id\":\"https:\/\/cacaunews.com\/#organization\"},\"keywords\":[\"aci\",\"com\u00e9rcio\",\"palestra\",\"sebrae\"],\"articleSection\":[\"cidades\",\"Jornalismo\"],\"inLanguage\":\"pt-BR\",\"potentialAction\":[{\"@type\":\"CommentAction\",\"name\":\"Comment\",\"target\":[\"https:\/\/cacaunews.com\/?p=5856#respond\"]}]},{\"@type\":\"WebPage\",\"@id\":\"https:\/\/cacaunews.com\/?p=5856\",\"url\":\"https:\/\/cacaunews.com\/?p=5856\",\"name\":\"ACI e Sebrae promovem palestra sobre Associa\u00e7\u00f5es e Cooperativas na pr\u00f3xima segunda (17). - Cacau News\",\"isPartOf\":{\"@id\":\"https:\/\/cacaunews.com\/#website\"},\"datePublished\":\"2025-02-13T20:00:52+00:00\",\"dateModified\":\"2025-02-13T20:00:52+00:00\",\"breadcrumb\":{\"@id\":\"https:\/\/cacaunews.com\/?p=5856#breadcrumb\"},\"inLanguage\":\"pt-BR\",\"potentialAction\":[{\"@type\":\"ReadAction\",\"target\":[\"https:\/\/cacaunews.com\/?p=5856\"]}]},{\"@type\":\"BreadcrumbList\",\"@id\":\"https:\/\/cacaunews.com\/?p=5856#breadcrumb\",\"itemListElement\":[{\"@type\":\"ListItem\",\"position\":1,\"name\":\"In\u00edcio\",\"item\":\"https:\/\/cacaunews.com\/\"},{\"@type\":\"ListItem\",\"position\":2,\"name\":\"ACI e Sebrae promovem palestra sobre Associa\u00e7\u00f5es e Cooperativas na pr\u00f3xima segunda (17).\"}]},{\"@type\":\"WebSite\",\"@id\":\"https:\/\/cacaunews.com\/#website\",\"url\":\"https:\/\/cacaunews.com\/\",\"name\":\"Cacau News\",\"description\":\"A Informa\u00e7\u00e3o que voc\u00ea precisa!\",\"publisher\":{\"@id\":\"https:\/\/cacaunews.com\/#organization\"},\"potentialAction\":[{\"@type\":\"SearchAction\",\"target\":{\"@type\":\"EntryPoint\",\"urlTemplate\":\"https:\/\/cacaunews.com\/?s={search_term_string}\"},\"query-input\":\"required name=search_term_string\"}],\"inLanguage\":\"pt-BR\"},{\"@type\":\"Organization\",\"@id\":\"https:\/\/cacaunews.com\/#organization\",\"name\":\"Cacau News\",\"url\":\"https:\/\/cacaunews.com\/\",\"logo\":{\"@type\":\"ImageObject\",\"inLanguage\":\"pt-BR\",\"@id\":\"https:\/\/cacaunews.com\/#\/schema\/logo\/image\/\",\"url\":\"https:\/\/cacaunews.com\/wp-content\/uploads\/2025\/01\/cropped-LOGO-NOVA.png\",\"contentUrl\":\"https:\/\/cacaunews.com\/wp-content\/uploads\/2025\/01\/cropped-LOGO-NOVA.png\",\"width\":813,\"height\":813,\"caption\":\"Cacau News\"},\"image\":{\"@id\":\"https:\/\/cacaunews.com\/#\/schema\/logo\/image\/\"},\"sameAs\":[\"https:\/\/www.instagram.com\/cacaunews.online\/\",\"https:\/\/youtube.com\/@cacaunews?si=0VXLnjl08SrWbVG9\"]},{\"@type\":\"Person\",\"@id\":\"https:\/\/cacaunews.com\/#\/schema\/person\/ea69703103e606ad347ccd64bd72ef79\",\"name\":\"Reda\u00e7\u00e3o Cacau News\",\"image\":{\"@type\":\"ImageObject\",\"inLanguage\":\"pt-BR\",\"@id\":\"https:\/\/cacaunews.com\/#\/schema\/person\/image\/\",\"url\":\"https:\/\/secure.gravatar.com\/avatar\/d79227a2a7b6cc42e8d7a8f7c284cd3a?s=96&d=mm&r=g\",\"contentUrl\":\"https:\/\/secure.gravatar.com\/avatar\/d79227a2a7b6cc42e8d7a8f7c284cd3a?s=96&d=mm&r=g\",\"caption\":\"Reda\u00e7\u00e3o Cacau News\"},\"sameAs\":[\"https:\/\/cacaunews.com\"],\"url\":\"https:\/\/cacaunews.com\/?author=1\"}]}<\/script>\n<!-- \/ Yoast SEO plugin. -->","yoast_head_json":{"title":"ACI e Sebrae promovem palestra sobre Associa\u00e7\u00f5es e Cooperativas na pr\u00f3xima segunda (17). - Cacau News","robots":{"index":"index","follow":"follow","max-snippet":"max-snippet:-1","max-image-preview":"max-image-preview:large","max-video-preview":"max-video-preview:-1"},"canonical":"https:\/\/cacaunews.com\/?p=5856","og_locale":"pt_BR","og_type":"article","og_title":"ACI e Sebrae promovem palestra sobre Associa\u00e7\u00f5es e Cooperativas na pr\u00f3xima segunda (17). - Cacau News","og_description":"A Associa\u00e7\u00e3o Comercial e Empresarial de Itabuna \u2013 ACI, por meio do Conselho da Mulher,...","og_url":"https:\/\/cacaunews.com\/?p=5856","og_site_name":"Cacau News","article_published_time":"2025-02-13T20:00:52+00:00","og_image":[{"url":"https:\/\/cacaunews.com\/wp-content\/uploads\/2025\/02\/img-20250213-wa0216628727967844160754.jpg"}],"author":"Reda\u00e7\u00e3o Cacau News","twitter_card":"summary_large_image","twitter_misc":{"Escrito por":"Reda\u00e7\u00e3o Cacau News","Est. tempo de leitura":"1 minuto"},"schema":{"@context":"https:\/\/schema.org","@graph":[{"@type":"Article","@id":"https:\/\/cacaunews.com\/?p=5856#article","isPartOf":{"@id":"https:\/\/cacaunews.com\/?p=5856"},"author":{"name":"Reda\u00e7\u00e3o Cacau News","@id":"https:\/\/cacaunews.com\/#\/schema\/person\/ea69703103e606ad347ccd64bd72ef79"},"headline":"ACI e Sebrae promovem palestra sobre Associa\u00e7\u00f5es e Cooperativas na pr\u00f3xima segunda (17).","datePublished":"2025-02-13T20:00:52+00:00","dateModified":"2025-02-13T20:00:52+00:00","mainEntityOfPage":{"@id":"https:\/\/cacaunews.com\/?p=5856"},"wordCount":171,"commentCount":0,"publisher":{"@id":"https:\/\/cacaunews.com\/#organization"},"keywords":["aci","com\u00e9rcio","palestra","sebrae"],"articleSection":["cidades","Jornalismo"],"inLanguage":"pt-BR","potentialAction":[{"@type":"CommentAction","name":"Comment","target":["https:\/\/cacaunews.com\/?p=5856#respond"]}]},{"@type":"WebPage","@id":"https:\/\/cacaunews.com\/?p=5856","url":"https:\/\/cacaunews.com\/?p=5856","name":"ACI e Sebrae promovem palestra sobre Associa\u00e7\u00f5es e Cooperativas na pr\u00f3xima segunda (17). - Cacau News","isPartOf":{"@id":"https:\/\/cacaunews.com\/#website"},"datePublished":"2025-02-13T20:00:52+00:00","dateModified":"2025-02-13T20:00:52+00:00","breadcrumb":{"@id":"https:\/\/cacaunews.com\/?p=5856#breadcrumb"},"inLanguage":"pt-BR","potentialAction":[{"@type":"ReadAction","target":["https:\/\/cacaunews.com\/?p=5856"]}]},{"@type":"BreadcrumbList","@id":"https:\/\/cacaunews.com\/?p=5856#breadcrumb","itemListElement":[{"@type":"ListItem","position":1,"name":"In\u00edcio","item":"https:\/\/cacaunews.com\/"},{"@type":"ListItem","position":2,"name":"ACI e Sebrae promovem palestra sobre Associa\u00e7\u00f5es e Cooperativas na pr\u00f3xima segunda (17)."}]},{"@type":"WebSite","@id":"https:\/\/cacaunews.com\/#website","url":"https:\/\/cacaunews.com\/","name":"Cacau News","description":"A Informa\u00e7\u00e3o que voc\u00ea precisa!","publisher":{"@id":"https:\/\/cacaunews.com\/#organization"},"potentialAction":[{"@type":"SearchAction","target":{"@type":"EntryPoint","urlTemplate":"https:\/\/cacaunews.com\/?s={search_term_string}"},"query-input":"required name=search_term_string"}],"inLanguage":"pt-BR"},{"@type":"Organization","@id":"https:\/\/cacaunews.com\/#organization","name":"Cacau News","url":"https:\/\/cacaunews.com\/","logo":{"@type":"ImageObject","inLanguage":"pt-BR","@id":"https:\/\/cacaunews.com\/#\/schema\/logo\/image\/","url":"https:\/\/cacaunews.com\/wp-content\/uploads\/2025\/01\/cropped-LOGO-NOVA.png","contentUrl":"https:\/\/cacaunews.com\/wp-content\/uploads\/2025\/01\/cropped-LOGO-NOVA.png","width":813,"height":813,"caption":"Cacau News"},"image":{"@id":"https:\/\/cacaunews.com\/#\/schema\/logo\/image\/"},"sameAs":["https:\/\/www.instagram.com\/cacaunews.online\/","https:\/\/youtube.com\/@cacaunews?si=0VXLnjl08SrWbVG9"]},{"@type":"Person","@id":"https:\/\/cacaunews.com\/#\/schema\/person\/ea69703103e606ad347ccd64bd72ef79","name":"Reda\u00e7\u00e3o Cacau News","image":{"@type":"ImageObject","inLanguage":"pt-BR","@id":"https:\/\/cacaunews.com\/#\/schema\/person\/image\/","url":"https:\/\/secure.gravatar.com\/avatar\/d79227a2a7b6cc42e8d7a8f7c284cd3a?s=96&d=mm&r=g","contentUrl":"https:\/\/secure.gravatar.com\/avatar\/d79227a2a7b6cc42e8d7a8f7c284cd3a?s=96&d=mm&r=g","caption":"Reda\u00e7\u00e3o Cacau News"},"sameAs":["https:\/\/cacaunews.com"],"url":"https:\/\/cacaunews.com\/?author=1"}]}},"jetpack_sharing_enabled":true,"jetpack_featured_media_url":"https:\/\/cacaunews.com\/wp-content\/uploads\/2025\/02\/FB_IMG_1739480112376.jpg","_links":{"self":[{"href":"https:\/\/cacaunews.com\/index.php?rest_route=\/wp\/v2\/posts\/5856"}],"collection":[{"href":"https:\/\/cacaunews.com\/index.php?rest_route=\/wp\/v2\/posts"}],"about":[{"href":"https:\/\/cacaunews.com\/index.php?rest_route=\/wp\/v2\/types\/post"}],"author":[{"embeddable":true,"href":"https:\/\/cacaunews.com\/index.php?rest_route=\/wp\/v2\/users\/1"}],"replies":[{"embeddable":true,"href":"https:\/\/cacaunews.com\/index.php?rest_route=%2Fwp%2Fv2%2Fcomments&post=5856"}],"version-history":[{"count":0,"href":"https:\/\/cacaunews.com\/index.php?rest_route=\/wp\/v2\/posts\/5856\/revisions"}],"wp:featuredmedia":[{"embeddable":true,"href":"https:\/\/cacaunews.com\/index.php?rest_route=\/wp\/v2\/media\/5854"}],"wp:attachment":[{"href":"https:\/\/cacaunews.com\/index.php?rest_route=%2Fwp%2Fv2%2Fmedia&parent=5856"}],"wp:term":[{"taxonomy":"category","embeddable":true,"href":"https:\/\/cacaunews.com\/index.php?rest_route=%2Fwp%2Fv2%2Fcategories&post=5856"},{"taxonomy":"post_tag","embeddable":true,"href":"https:\/\/cacaunews.com\/index.php?rest_route=%2Fwp%2Fv2%2Ftags&post=5856"}],"curies":[{"name":"wp","href":"https:\/\/api.w.org\/{rel}","templated":true}]}}