{"id":5864,"date":"2025-02-14T13:00:41","date_gmt":"2025-02-14T13:00:41","guid":{"rendered":"https:\/\/cacaunews.com\/?p=5864"},"modified":"2025-02-15T15:42:58","modified_gmt":"2025-02-15T15:42:58","slug":"pancadinha-visita-sede-da-decrin-em-salvador","status":"publish","type":"post","link":"https:\/\/cacaunews.com\/?p=5864","title":{"rendered":"Pancadinha visita sede da DECRIN em Salvador."},"content":{"rendered":"\n<p>Um Marco no Combate ao Racismo e \u00e0 Intoler\u00e2ncia Religiosa na Bahia, a DECRIN, localizada no bairro Engenho Velho de Brotas, representa um avan\u00e7o hist\u00f3rico na prote\u00e7\u00e3o dos direitos humanos no estado, fruto de uma proposta legislativa do pr\u00f3prio Pancadinha, apresentada em abril de 2024 e sancionada pelo governador Jer\u00f4nimo Rodrigues (PT) em dezembro do mesmo ano.\u00a0 <br><br>Durante o encontro , Pancadinha destacou a import\u00e2ncia da iniciativa: \u201c\u00c9 mais uma coquista do nosso mandato, que reflete diretamente na vida do nosso povo!<br><br>A DECRIN, sob a lideran\u00e7a do delegado Ricardo Amorim, foi estruturada para oferecer atendimento especializado, incluindo um setor de investiga\u00e7\u00e3o cibern\u00e9tica para crimes virtuais e um servi\u00e7o psicossocial para apoio \u00e0s v\u00edtimas. <br><br>Pancadinha trabalha na expans\u00e3o da DECRIN para o interior do estado. O deputado j\u00e1 solicitou, a implanta\u00e7\u00e3o de uma unidade em Itabuna, reiterando seu compromisso com a luta contra o racismo e a intoler\u00e2ncia religiosa: \u201cVamos continuar trabalhando para que Itabuna tamb\u00e9m tenha uma DECRIN o mais r\u00e1pido poss\u00edvel\u201d.\u00a0 <br><br>A delegacia em Salvador serve como modelo, combinando repress\u00e3o penal e acolhimento humanizado.\u00a0 <br>Enquanto a unidade de Salvador j\u00e1 opera, a luta agora se volta para o interior, onde Pancadinha busca replicar esse sucesso, assegurando que a Bahia avance como refer\u00eancia nacional no combate \u00e0 discrimina\u00e7\u00e3o.<\/p>\n\n\n\n<p><\/p>\n","protected":false},"excerpt":{"rendered":"<p>Um Marco no Combate ao Racismo e \u00e0 Intoler\u00e2ncia Religiosa na Bahia, a DECRIN, localizada&#8230;<\/p>\n","protected":false},"author":1,"featured_media":5869,"comment_status":"open","ping_status":"open","sticky":false,"template":"","format":"standard","meta":{"footnotes":""},"categories":[18,11,5],"tags":[1037,2062,29,302],"yoast_head":"<!-- This site is optimized with the Yoast SEO plugin v21.7 - https:\/\/yoast.com\/wordpress\/plugins\/seo\/ -->\n<title>Pancadinha visita sede da DECRIN em Salvador. - Cacau News<\/title>\n<meta name=\"robots\" content=\"index, follow, max-snippet:-1, max-image-preview:large, max-video-preview:-1\" \/>\n<link rel=\"canonical\" href=\"https:\/\/cacaunews.com\/?p=5864\" \/>\n<meta property=\"og:locale\" content=\"pt_BR\" \/>\n<meta property=\"og:type\" content=\"article\" \/>\n<meta property=\"og:title\" content=\"Pancadinha visita sede da DECRIN em Salvador. - Cacau News\" \/>\n<meta property=\"og:description\" content=\"Um Marco no Combate ao Racismo e \u00e0 Intoler\u00e2ncia Religiosa na Bahia, a DECRIN, localizada...\" \/>\n<meta property=\"og:url\" content=\"https:\/\/cacaunews.com\/?p=5864\" \/>\n<meta property=\"og:site_name\" content=\"Cacau News\" \/>\n<meta property=\"article:published_time\" content=\"2025-02-14T13:00:41+00:00\" \/>\n<meta property=\"article:modified_time\" content=\"2025-02-15T15:42:58+00:00\" \/>\n<meta name=\"author\" content=\"Reda\u00e7\u00e3o Cacau News\" \/>\n<meta name=\"twitter:card\" content=\"summary_large_image\" \/>\n<meta name=\"twitter:label1\" content=\"Escrito por\" \/>\n\t<meta name=\"twitter:data1\" content=\"Reda\u00e7\u00e3o Cacau News\" \/>\n\t<meta name=\"twitter:label2\" content=\"Est. tempo de leitura\" \/>\n\t<meta name=\"twitter:data2\" content=\"1 minuto\" \/>\n<script type=\"application\/ld+json\" class=\"yoast-schema-graph\">{\"@context\":\"https:\/\/schema.org\",\"@graph\":[{\"@type\":\"Article\",\"@id\":\"https:\/\/cacaunews.com\/?p=5864#article\",\"isPartOf\":{\"@id\":\"https:\/\/cacaunews.com\/?p=5864\"},\"author\":{\"name\":\"Reda\u00e7\u00e3o Cacau News\",\"@id\":\"https:\/\/cacaunews.com\/#\/schema\/person\/ea69703103e606ad347ccd64bd72ef79\"},\"headline\":\"Pancadinha visita sede da DECRIN em Salvador.\",\"datePublished\":\"2025-02-14T13:00:41+00:00\",\"dateModified\":\"2025-02-15T15:42:58+00:00\",\"mainEntityOfPage\":{\"@id\":\"https:\/\/cacaunews.com\/?p=5864\"},\"wordCount\":232,\"commentCount\":0,\"publisher\":{\"@id\":\"https:\/\/cacaunews.com\/#organization\"},\"keywords\":[\"atividade parlamentar\",\"decrin\",\"pancadinha\",\"visita\"],\"articleSection\":[\"cidades\",\"Jornalismo\",\"Politica\"],\"inLanguage\":\"pt-BR\",\"potentialAction\":[{\"@type\":\"CommentAction\",\"name\":\"Comment\",\"target\":[\"https:\/\/cacaunews.com\/?p=5864#respond\"]}]},{\"@type\":\"WebPage\",\"@id\":\"https:\/\/cacaunews.com\/?p=5864\",\"url\":\"https:\/\/cacaunews.com\/?p=5864\",\"name\":\"Pancadinha visita sede da DECRIN em Salvador. - Cacau News\",\"isPartOf\":{\"@id\":\"https:\/\/cacaunews.com\/#website\"},\"datePublished\":\"2025-02-14T13:00:41+00:00\",\"dateModified\":\"2025-02-15T15:42:58+00:00\",\"breadcrumb\":{\"@id\":\"https:\/\/cacaunews.com\/?p=5864#breadcrumb\"},\"inLanguage\":\"pt-BR\",\"potentialAction\":[{\"@type\":\"ReadAction\",\"target\":[\"https:\/\/cacaunews.com\/?p=5864\"]}]},{\"@type\":\"BreadcrumbList\",\"@id\":\"https:\/\/cacaunews.com\/?p=5864#breadcrumb\",\"itemListElement\":[{\"@type\":\"ListItem\",\"position\":1,\"name\":\"In\u00edcio\",\"item\":\"https:\/\/cacaunews.com\/\"},{\"@type\":\"ListItem\",\"position\":2,\"name\":\"Pancadinha visita sede da DECRIN em Salvador.\"}]},{\"@type\":\"WebSite\",\"@id\":\"https:\/\/cacaunews.com\/#website\",\"url\":\"https:\/\/cacaunews.com\/\",\"name\":\"Cacau News\",\"description\":\"A Informa\u00e7\u00e3o que voc\u00ea precisa!\",\"publisher\":{\"@id\":\"https:\/\/cacaunews.com\/#organization\"},\"potentialAction\":[{\"@type\":\"SearchAction\",\"target\":{\"@type\":\"EntryPoint\",\"urlTemplate\":\"https:\/\/cacaunews.com\/?s={search_term_string}\"},\"query-input\":\"required name=search_term_string\"}],\"inLanguage\":\"pt-BR\"},{\"@type\":\"Organization\",\"@id\":\"https:\/\/cacaunews.com\/#organization\",\"name\":\"Cacau News\",\"url\":\"https:\/\/cacaunews.com\/\",\"logo\":{\"@type\":\"ImageObject\",\"inLanguage\":\"pt-BR\",\"@id\":\"https:\/\/cacaunews.com\/#\/schema\/logo\/image\/\",\"url\":\"https:\/\/cacaunews.com\/wp-content\/uploads\/2025\/01\/cropped-LOGO-NOVA.png\",\"contentUrl\":\"https:\/\/cacaunews.com\/wp-content\/uploads\/2025\/01\/cropped-LOGO-NOVA.png\",\"width\":813,\"height\":813,\"caption\":\"Cacau News\"},\"image\":{\"@id\":\"https:\/\/cacaunews.com\/#\/schema\/logo\/image\/\"},\"sameAs\":[\"https:\/\/www.instagram.com\/cacaunews.online\/\",\"https:\/\/youtube.com\/@cacaunews?si=0VXLnjl08SrWbVG9\"]},{\"@type\":\"Person\",\"@id\":\"https:\/\/cacaunews.com\/#\/schema\/person\/ea69703103e606ad347ccd64bd72ef79\",\"name\":\"Reda\u00e7\u00e3o Cacau News\",\"image\":{\"@type\":\"ImageObject\",\"inLanguage\":\"pt-BR\",\"@id\":\"https:\/\/cacaunews.com\/#\/schema\/person\/image\/\",\"url\":\"https:\/\/secure.gravatar.com\/avatar\/d79227a2a7b6cc42e8d7a8f7c284cd3a?s=96&d=mm&r=g\",\"contentUrl\":\"https:\/\/secure.gravatar.com\/avatar\/d79227a2a7b6cc42e8d7a8f7c284cd3a?s=96&d=mm&r=g\",\"caption\":\"Reda\u00e7\u00e3o Cacau News\"},\"sameAs\":[\"https:\/\/cacaunews.com\"],\"url\":\"https:\/\/cacaunews.com\/?author=1\"}]}<\/script>\n<!-- \/ Yoast SEO plugin. -->","yoast_head_json":{"title":"Pancadinha visita sede da DECRIN em Salvador. - Cacau News","robots":{"index":"index","follow":"follow","max-snippet":"max-snippet:-1","max-image-preview":"max-image-preview:large","max-video-preview":"max-video-preview:-1"},"canonical":"https:\/\/cacaunews.com\/?p=5864","og_locale":"pt_BR","og_type":"article","og_title":"Pancadinha visita sede da DECRIN em Salvador. - Cacau News","og_description":"Um Marco no Combate ao Racismo e \u00e0 Intoler\u00e2ncia Religiosa na Bahia, a DECRIN, localizada...","og_url":"https:\/\/cacaunews.com\/?p=5864","og_site_name":"Cacau News","article_published_time":"2025-02-14T13:00:41+00:00","article_modified_time":"2025-02-15T15:42:58+00:00","author":"Reda\u00e7\u00e3o Cacau News","twitter_card":"summary_large_image","twitter_misc":{"Escrito por":"Reda\u00e7\u00e3o Cacau News","Est. tempo de leitura":"1 minuto"},"schema":{"@context":"https:\/\/schema.org","@graph":[{"@type":"Article","@id":"https:\/\/cacaunews.com\/?p=5864#article","isPartOf":{"@id":"https:\/\/cacaunews.com\/?p=5864"},"author":{"name":"Reda\u00e7\u00e3o Cacau News","@id":"https:\/\/cacaunews.com\/#\/schema\/person\/ea69703103e606ad347ccd64bd72ef79"},"headline":"Pancadinha visita sede da DECRIN em Salvador.","datePublished":"2025-02-14T13:00:41+00:00","dateModified":"2025-02-15T15:42:58+00:00","mainEntityOfPage":{"@id":"https:\/\/cacaunews.com\/?p=5864"},"wordCount":232,"commentCount":0,"publisher":{"@id":"https:\/\/cacaunews.com\/#organization"},"keywords":["atividade parlamentar","decrin","pancadinha","visita"],"articleSection":["cidades","Jornalismo","Politica"],"inLanguage":"pt-BR","potentialAction":[{"@type":"CommentAction","name":"Comment","target":["https:\/\/cacaunews.com\/?p=5864#respond"]}]},{"@type":"WebPage","@id":"https:\/\/cacaunews.com\/?p=5864","url":"https:\/\/cacaunews.com\/?p=5864","name":"Pancadinha visita sede da DECRIN em Salvador. - Cacau News","isPartOf":{"@id":"https:\/\/cacaunews.com\/#website"},"datePublished":"2025-02-14T13:00:41+00:00","dateModified":"2025-02-15T15:42:58+00:00","breadcrumb":{"@id":"https:\/\/cacaunews.com\/?p=5864#breadcrumb"},"inLanguage":"pt-BR","potentialAction":[{"@type":"ReadAction","target":["https:\/\/cacaunews.com\/?p=5864"]}]},{"@type":"BreadcrumbList","@id":"https:\/\/cacaunews.com\/?p=5864#breadcrumb","itemListElement":[{"@type":"ListItem","position":1,"name":"In\u00edcio","item":"https:\/\/cacaunews.com\/"},{"@type":"ListItem","position":2,"name":"Pancadinha visita sede da DECRIN em Salvador."}]},{"@type":"WebSite","@id":"https:\/\/cacaunews.com\/#website","url":"https:\/\/cacaunews.com\/","name":"Cacau News","description":"A Informa\u00e7\u00e3o que voc\u00ea precisa!","publisher":{"@id":"https:\/\/cacaunews.com\/#organization"},"potentialAction":[{"@type":"SearchAction","target":{"@type":"EntryPoint","urlTemplate":"https:\/\/cacaunews.com\/?s={search_term_string}"},"query-input":"required name=search_term_string"}],"inLanguage":"pt-BR"},{"@type":"Organization","@id":"https:\/\/cacaunews.com\/#organization","name":"Cacau News","url":"https:\/\/cacaunews.com\/","logo":{"@type":"ImageObject","inLanguage":"pt-BR","@id":"https:\/\/cacaunews.com\/#\/schema\/logo\/image\/","url":"https:\/\/cacaunews.com\/wp-content\/uploads\/2025\/01\/cropped-LOGO-NOVA.png","contentUrl":"https:\/\/cacaunews.com\/wp-content\/uploads\/2025\/01\/cropped-LOGO-NOVA.png","width":813,"height":813,"caption":"Cacau News"},"image":{"@id":"https:\/\/cacaunews.com\/#\/schema\/logo\/image\/"},"sameAs":["https:\/\/www.instagram.com\/cacaunews.online\/","https:\/\/youtube.com\/@cacaunews?si=0VXLnjl08SrWbVG9"]},{"@type":"Person","@id":"https:\/\/cacaunews.com\/#\/schema\/person\/ea69703103e606ad347ccd64bd72ef79","name":"Reda\u00e7\u00e3o Cacau News","image":{"@type":"ImageObject","inLanguage":"pt-BR","@id":"https:\/\/cacaunews.com\/#\/schema\/person\/image\/","url":"https:\/\/secure.gravatar.com\/avatar\/d79227a2a7b6cc42e8d7a8f7c284cd3a?s=96&d=mm&r=g","contentUrl":"https:\/\/secure.gravatar.com\/avatar\/d79227a2a7b6cc42e8d7a8f7c284cd3a?s=96&d=mm&r=g","caption":"Reda\u00e7\u00e3o Cacau News"},"sameAs":["https:\/\/cacaunews.com"],"url":"https:\/\/cacaunews.com\/?author=1"}]}},"jetpack_sharing_enabled":true,"jetpack_featured_media_url":"https:\/\/cacaunews.com\/wp-content\/uploads\/2025\/02\/IMG-20250214-WA0146.jpg","_links":{"self":[{"href":"https:\/\/cacaunews.com\/index.php?rest_route=\/wp\/v2\/posts\/5864"}],"collection":[{"href":"https:\/\/cacaunews.com\/index.php?rest_route=\/wp\/v2\/posts"}],"about":[{"href":"https:\/\/cacaunews.com\/index.php?rest_route=\/wp\/v2\/types\/post"}],"author":[{"embeddable":true,"href":"https:\/\/cacaunews.com\/index.php?rest_route=\/wp\/v2\/users\/1"}],"replies":[{"embeddable":true,"href":"https:\/\/cacaunews.com\/index.php?rest_route=%2Fwp%2Fv2%2Fcomments&post=5864"}],"version-history":[{"count":1,"href":"https:\/\/cacaunews.com\/index.php?rest_route=\/wp\/v2\/posts\/5864\/revisions"}],"predecessor-version":[{"id":5870,"href":"https:\/\/cacaunews.com\/index.php?rest_route=\/wp\/v2\/posts\/5864\/revisions\/5870"}],"wp:featuredmedia":[{"embeddable":true,"href":"https:\/\/cacaunews.com\/index.php?rest_route=\/wp\/v2\/media\/5869"}],"wp:attachment":[{"href":"https:\/\/cacaunews.com\/index.php?rest_route=%2Fwp%2Fv2%2Fmedia&parent=5864"}],"wp:term":[{"taxonomy":"category","embeddable":true,"href":"https:\/\/cacaunews.com\/index.php?rest_route=%2Fwp%2Fv2%2Fcategories&post=5864"},{"taxonomy":"post_tag","embeddable":true,"href":"https:\/\/cacaunews.com\/index.php?rest_route=%2Fwp%2Fv2%2Ftags&post=5864"}],"curies":[{"name":"wp","href":"https:\/\/api.w.org\/{rel}","templated":true}]}}