{"id":5876,"date":"2025-02-15T11:00:14","date_gmt":"2025-02-15T11:00:14","guid":{"rendered":"https:\/\/cacaunews.com\/?p=5876"},"modified":"2025-02-15T11:00:14","modified_gmt":"2025-02-15T11:00:14","slug":"ilheus-praca-cairu-e-revitalizada-e-reinaugurada","status":"publish","type":"post","link":"https:\/\/cacaunews.com\/?p=5876","title":{"rendered":"Ilh\u00e9us: Pra\u00e7a Cairu \u00e9 revitalizada e reinaugurada."},"content":{"rendered":"\n<p><em>A a\u00e7\u00e3o \u00e9 fruto de parceria entre Prefeitura e iniciativa privada<\/em>.<\/p>\n\n\n\n<p>Nesta sexta-feira (14), a Prefeitura de Ilh\u00e9us reinaugurou a Pra\u00e7a Cairu, totalmente revitalizada, para devolver \u00e0 popula\u00e7\u00e3o um dos pontos hist\u00f3ricos da cidade. O evento contou com a presen\u00e7a do prefeito Valderico Junior, da vice-prefeita Wanessa Gedeon, do deputado federal Leur Lomanto Jr., do deputado estadual Pedro Tavares, de secret\u00e1rios, vereadores e outras autoridades municipais, que celebraram o compromisso da gest\u00e3o em recuperar e renovar ambientes p\u00fablicos.<br><br>A requalifica\u00e7\u00e3o da pra\u00e7a ocorre atrav\u00e9s de um Termo de Coopera\u00e7\u00e3o firmado entre a Prefeitura de Ilh\u00e9us e o Ves\u00favio Bar e Restaurante. Por meio dessa parceria, o grupo privado ficar\u00e1 respons\u00e1vel pelas a\u00e7\u00f5es de paisagismo, garantindo a manuten\u00e7\u00e3o do local pelo per\u00edodo de 12 meses, com possibilidade de prorroga\u00e7\u00e3o.<\/p>\n\n\n\n<figure class=\"wp-block-gallery has-nested-images columns-default is-cropped wp-block-gallery-1 is-layout-flex wp-block-gallery-is-layout-flex\">\n<figure class=\"wp-block-image size-large\"><img fetchpriority=\"high\" decoding=\"async\" width=\"1024\" height=\"682\" data-id=\"5871\" src=\"https:\/\/cacaunews.com\/wp-content\/uploads\/2025\/02\/7B3bdab7cc-e0a8-b6eb-a44c-44aca266a1547D932913300503084314-1024x682.jpg\" alt=\"\" class=\"wp-image-5871\" srcset=\"https:\/\/cacaunews.com\/wp-content\/uploads\/2025\/02\/7B3bdab7cc-e0a8-b6eb-a44c-44aca266a1547D932913300503084314-1024x682.jpg 1024w, https:\/\/cacaunews.com\/wp-content\/uploads\/2025\/02\/7B3bdab7cc-e0a8-b6eb-a44c-44aca266a1547D932913300503084314-300x200.jpg 300w, https:\/\/cacaunews.com\/wp-content\/uploads\/2025\/02\/7B3bdab7cc-e0a8-b6eb-a44c-44aca266a1547D932913300503084314-768x512.jpg 768w, https:\/\/cacaunews.com\/wp-content\/uploads\/2025\/02\/7B3bdab7cc-e0a8-b6eb-a44c-44aca266a1547D932913300503084314-1536x1023.jpg 1536w, https:\/\/cacaunews.com\/wp-content\/uploads\/2025\/02\/7B3bdab7cc-e0a8-b6eb-a44c-44aca266a1547D932913300503084314.jpg 1600w\" sizes=\"(max-width: 1024px) 100vw, 1024px\" \/><\/figure>\n\n\n\n<figure class=\"wp-block-image size-large\"><img decoding=\"async\" width=\"1024\" height=\"682\" data-id=\"5874\" src=\"https:\/\/cacaunews.com\/wp-content\/uploads\/2025\/02\/7Baac4eebc-ee1b-16ed-5d3e-3a2ed7c1ae8d7D619502631688372972-1024x682.jpg\" alt=\"\" class=\"wp-image-5874\" srcset=\"https:\/\/cacaunews.com\/wp-content\/uploads\/2025\/02\/7Baac4eebc-ee1b-16ed-5d3e-3a2ed7c1ae8d7D619502631688372972-1024x682.jpg 1024w, https:\/\/cacaunews.com\/wp-content\/uploads\/2025\/02\/7Baac4eebc-ee1b-16ed-5d3e-3a2ed7c1ae8d7D619502631688372972-300x200.jpg 300w, https:\/\/cacaunews.com\/wp-content\/uploads\/2025\/02\/7Baac4eebc-ee1b-16ed-5d3e-3a2ed7c1ae8d7D619502631688372972-768x512.jpg 768w, https:\/\/cacaunews.com\/wp-content\/uploads\/2025\/02\/7Baac4eebc-ee1b-16ed-5d3e-3a2ed7c1ae8d7D619502631688372972-1536x1023.jpg 1536w, https:\/\/cacaunews.com\/wp-content\/uploads\/2025\/02\/7Baac4eebc-ee1b-16ed-5d3e-3a2ed7c1ae8d7D619502631688372972.jpg 1600w\" sizes=\"(max-width: 1024px) 100vw, 1024px\" \/><\/figure>\n\n\n\n<figure class=\"wp-block-image size-large\"><img decoding=\"async\" width=\"1024\" height=\"682\" data-id=\"5872\" src=\"https:\/\/cacaunews.com\/wp-content\/uploads\/2025\/02\/7Beb8eaadb-1bd0-5adc-b081-40dbb65caa247D6743455708352655085-1024x682.jpg\" alt=\"\" class=\"wp-image-5872\" srcset=\"https:\/\/cacaunews.com\/wp-content\/uploads\/2025\/02\/7Beb8eaadb-1bd0-5adc-b081-40dbb65caa247D6743455708352655085-1024x682.jpg 1024w, https:\/\/cacaunews.com\/wp-content\/uploads\/2025\/02\/7Beb8eaadb-1bd0-5adc-b081-40dbb65caa247D6743455708352655085-300x200.jpg 300w, https:\/\/cacaunews.com\/wp-content\/uploads\/2025\/02\/7Beb8eaadb-1bd0-5adc-b081-40dbb65caa247D6743455708352655085-768x512.jpg 768w, https:\/\/cacaunews.com\/wp-content\/uploads\/2025\/02\/7Beb8eaadb-1bd0-5adc-b081-40dbb65caa247D6743455708352655085-1536x1023.jpg 1536w, https:\/\/cacaunews.com\/wp-content\/uploads\/2025\/02\/7Beb8eaadb-1bd0-5adc-b081-40dbb65caa247D6743455708352655085.jpg 1600w\" sizes=\"(max-width: 1024px) 100vw, 1024px\" \/><\/figure>\n\n\n\n<figure class=\"wp-block-image size-large\"><img loading=\"lazy\" decoding=\"async\" width=\"1024\" height=\"682\" data-id=\"5873\" src=\"https:\/\/cacaunews.com\/wp-content\/uploads\/2025\/02\/7B3e033670-cbbd-bc6c-8dee-3e37e7cbc5b07D438113577604172273-1024x682.jpg\" alt=\"\" class=\"wp-image-5873\" srcset=\"https:\/\/cacaunews.com\/wp-content\/uploads\/2025\/02\/7B3e033670-cbbd-bc6c-8dee-3e37e7cbc5b07D438113577604172273-1024x682.jpg 1024w, https:\/\/cacaunews.com\/wp-content\/uploads\/2025\/02\/7B3e033670-cbbd-bc6c-8dee-3e37e7cbc5b07D438113577604172273-300x200.jpg 300w, https:\/\/cacaunews.com\/wp-content\/uploads\/2025\/02\/7B3e033670-cbbd-bc6c-8dee-3e37e7cbc5b07D438113577604172273-768x512.jpg 768w, https:\/\/cacaunews.com\/wp-content\/uploads\/2025\/02\/7B3e033670-cbbd-bc6c-8dee-3e37e7cbc5b07D438113577604172273-1536x1023.jpg 1536w, https:\/\/cacaunews.com\/wp-content\/uploads\/2025\/02\/7B3e033670-cbbd-bc6c-8dee-3e37e7cbc5b07D438113577604172273.jpg 1600w\" sizes=\"(max-width: 1024px) 100vw, 1024px\" \/><\/figure>\n<\/figure>\n\n\n\n<p>Durante o evento, o prefeito destacou o empenho da administra\u00e7\u00e3o municipal em revitalizar espa\u00e7os p\u00fablicos: \u201cEsse \u00e9 o nosso compromisso. Dar vida nova ao que faz parte da nossa hist\u00f3ria. A Cairu merecia esse cuidado, assim como o ilheense merece voltar a ter orgulho e alegria de viver aqui\u201d, afirmou.<br><br>A reinaugura\u00e7\u00e3o da Pra\u00e7a Cairu representa a pol\u00edtica de urbaniza\u00e7\u00e3o da Prefeitura de Ilh\u00e9us, com valoriza\u00e7\u00e3o dos espa\u00e7os p\u00fablicos e parcerias que beneficiem a comunidade.<\/p>\n\n\n\n<p><\/p>\n\n\n\n<p><\/p>\n","protected":false},"excerpt":{"rendered":"<p>A a\u00e7\u00e3o \u00e9 fruto de parceria entre Prefeitura e iniciativa privada. Nesta sexta-feira (14), a&#8230;<\/p>\n","protected":false},"author":1,"featured_media":5875,"comment_status":"open","ping_status":"open","sticky":false,"template":"","format":"standard","meta":{"footnotes":""},"categories":[18,11],"tags":[37,2063,1047,1938],"yoast_head":"<!-- This site is optimized with the Yoast SEO plugin v21.7 - https:\/\/yoast.com\/wordpress\/plugins\/seo\/ -->\n<title>Ilh\u00e9us: Pra\u00e7a Cairu \u00e9 revitalizada e reinaugurada. - Cacau News<\/title>\n<meta name=\"robots\" content=\"index, follow, max-snippet:-1, max-image-preview:large, max-video-preview:-1\" \/>\n<link rel=\"canonical\" href=\"https:\/\/cacaunews.com\/?p=5876\" \/>\n<meta property=\"og:locale\" content=\"pt_BR\" \/>\n<meta property=\"og:type\" content=\"article\" \/>\n<meta property=\"og:title\" content=\"Ilh\u00e9us: Pra\u00e7a Cairu \u00e9 revitalizada e reinaugurada. - Cacau News\" \/>\n<meta property=\"og:description\" content=\"A a\u00e7\u00e3o \u00e9 fruto de parceria entre Prefeitura e iniciativa privada. Nesta sexta-feira (14), a...\" \/>\n<meta property=\"og:url\" content=\"https:\/\/cacaunews.com\/?p=5876\" \/>\n<meta property=\"og:site_name\" content=\"Cacau News\" \/>\n<meta property=\"article:published_time\" content=\"2025-02-15T11:00:14+00:00\" \/>\n<meta property=\"og:image\" content=\"https:\/\/cacaunews.com\/wp-content\/uploads\/2025\/02\/7B3bdab7cc-e0a8-b6eb-a44c-44aca266a1547D932913300503084314-1024x682.jpg\" \/>\n<meta name=\"author\" content=\"Reda\u00e7\u00e3o Cacau News\" \/>\n<meta name=\"twitter:card\" content=\"summary_large_image\" \/>\n<meta name=\"twitter:label1\" content=\"Escrito por\" \/>\n\t<meta name=\"twitter:data1\" content=\"Reda\u00e7\u00e3o Cacau News\" \/>\n\t<meta name=\"twitter:label2\" content=\"Est. tempo de leitura\" \/>\n\t<meta name=\"twitter:data2\" content=\"1 minuto\" \/>\n<script type=\"application\/ld+json\" class=\"yoast-schema-graph\">{\"@context\":\"https:\/\/schema.org\",\"@graph\":[{\"@type\":\"Article\",\"@id\":\"https:\/\/cacaunews.com\/?p=5876#article\",\"isPartOf\":{\"@id\":\"https:\/\/cacaunews.com\/?p=5876\"},\"author\":{\"name\":\"Reda\u00e7\u00e3o Cacau News\",\"@id\":\"https:\/\/cacaunews.com\/#\/schema\/person\/ea69703103e606ad347ccd64bd72ef79\"},\"headline\":\"Ilh\u00e9us: Pra\u00e7a Cairu \u00e9 revitalizada e reinaugurada.\",\"datePublished\":\"2025-02-15T11:00:14+00:00\",\"dateModified\":\"2025-02-15T11:00:14+00:00\",\"mainEntityOfPage\":{\"@id\":\"https:\/\/cacaunews.com\/?p=5876\"},\"wordCount\":238,\"commentCount\":0,\"publisher\":{\"@id\":\"https:\/\/cacaunews.com\/#organization\"},\"keywords\":[\"ilheus\",\"Pra\u00e7a cair\u00fa\",\"reinaugura\u00e7\u00e3o\",\"Valderico\"],\"articleSection\":[\"cidades\",\"Jornalismo\"],\"inLanguage\":\"pt-BR\",\"potentialAction\":[{\"@type\":\"CommentAction\",\"name\":\"Comment\",\"target\":[\"https:\/\/cacaunews.com\/?p=5876#respond\"]}]},{\"@type\":\"WebPage\",\"@id\":\"https:\/\/cacaunews.com\/?p=5876\",\"url\":\"https:\/\/cacaunews.com\/?p=5876\",\"name\":\"Ilh\u00e9us: Pra\u00e7a Cairu \u00e9 revitalizada e reinaugurada. - Cacau News\",\"isPartOf\":{\"@id\":\"https:\/\/cacaunews.com\/#website\"},\"datePublished\":\"2025-02-15T11:00:14+00:00\",\"dateModified\":\"2025-02-15T11:00:14+00:00\",\"breadcrumb\":{\"@id\":\"https:\/\/cacaunews.com\/?p=5876#breadcrumb\"},\"inLanguage\":\"pt-BR\",\"potentialAction\":[{\"@type\":\"ReadAction\",\"target\":[\"https:\/\/cacaunews.com\/?p=5876\"]}]},{\"@type\":\"BreadcrumbList\",\"@id\":\"https:\/\/cacaunews.com\/?p=5876#breadcrumb\",\"itemListElement\":[{\"@type\":\"ListItem\",\"position\":1,\"name\":\"In\u00edcio\",\"item\":\"https:\/\/cacaunews.com\/\"},{\"@type\":\"ListItem\",\"position\":2,\"name\":\"Ilh\u00e9us: Pra\u00e7a Cairu \u00e9 revitalizada e reinaugurada.\"}]},{\"@type\":\"WebSite\",\"@id\":\"https:\/\/cacaunews.com\/#website\",\"url\":\"https:\/\/cacaunews.com\/\",\"name\":\"Cacau News\",\"description\":\"A Informa\u00e7\u00e3o que voc\u00ea precisa!\",\"publisher\":{\"@id\":\"https:\/\/cacaunews.com\/#organization\"},\"potentialAction\":[{\"@type\":\"SearchAction\",\"target\":{\"@type\":\"EntryPoint\",\"urlTemplate\":\"https:\/\/cacaunews.com\/?s={search_term_string}\"},\"query-input\":\"required name=search_term_string\"}],\"inLanguage\":\"pt-BR\"},{\"@type\":\"Organization\",\"@id\":\"https:\/\/cacaunews.com\/#organization\",\"name\":\"Cacau News\",\"url\":\"https:\/\/cacaunews.com\/\",\"logo\":{\"@type\":\"ImageObject\",\"inLanguage\":\"pt-BR\",\"@id\":\"https:\/\/cacaunews.com\/#\/schema\/logo\/image\/\",\"url\":\"https:\/\/cacaunews.com\/wp-content\/uploads\/2025\/01\/cropped-LOGO-NOVA.png\",\"contentUrl\":\"https:\/\/cacaunews.com\/wp-content\/uploads\/2025\/01\/cropped-LOGO-NOVA.png\",\"width\":813,\"height\":813,\"caption\":\"Cacau News\"},\"image\":{\"@id\":\"https:\/\/cacaunews.com\/#\/schema\/logo\/image\/\"},\"sameAs\":[\"https:\/\/www.instagram.com\/cacaunews.online\/\",\"https:\/\/youtube.com\/@cacaunews?si=0VXLnjl08SrWbVG9\"]},{\"@type\":\"Person\",\"@id\":\"https:\/\/cacaunews.com\/#\/schema\/person\/ea69703103e606ad347ccd64bd72ef79\",\"name\":\"Reda\u00e7\u00e3o Cacau News\",\"image\":{\"@type\":\"ImageObject\",\"inLanguage\":\"pt-BR\",\"@id\":\"https:\/\/cacaunews.com\/#\/schema\/person\/image\/\",\"url\":\"https:\/\/secure.gravatar.com\/avatar\/d79227a2a7b6cc42e8d7a8f7c284cd3a?s=96&d=mm&r=g\",\"contentUrl\":\"https:\/\/secure.gravatar.com\/avatar\/d79227a2a7b6cc42e8d7a8f7c284cd3a?s=96&d=mm&r=g\",\"caption\":\"Reda\u00e7\u00e3o Cacau News\"},\"sameAs\":[\"https:\/\/cacaunews.com\"],\"url\":\"https:\/\/cacaunews.com\/?author=1\"}]}<\/script>\n<!-- \/ Yoast SEO plugin. -->","yoast_head_json":{"title":"Ilh\u00e9us: Pra\u00e7a Cairu \u00e9 revitalizada e reinaugurada. - Cacau News","robots":{"index":"index","follow":"follow","max-snippet":"max-snippet:-1","max-image-preview":"max-image-preview:large","max-video-preview":"max-video-preview:-1"},"canonical":"https:\/\/cacaunews.com\/?p=5876","og_locale":"pt_BR","og_type":"article","og_title":"Ilh\u00e9us: Pra\u00e7a Cairu \u00e9 revitalizada e reinaugurada. - Cacau News","og_description":"A a\u00e7\u00e3o \u00e9 fruto de parceria entre Prefeitura e iniciativa privada. Nesta sexta-feira (14), a...","og_url":"https:\/\/cacaunews.com\/?p=5876","og_site_name":"Cacau News","article_published_time":"2025-02-15T11:00:14+00:00","og_image":[{"url":"https:\/\/cacaunews.com\/wp-content\/uploads\/2025\/02\/7B3bdab7cc-e0a8-b6eb-a44c-44aca266a1547D932913300503084314-1024x682.jpg"}],"author":"Reda\u00e7\u00e3o Cacau News","twitter_card":"summary_large_image","twitter_misc":{"Escrito por":"Reda\u00e7\u00e3o Cacau News","Est. tempo de leitura":"1 minuto"},"schema":{"@context":"https:\/\/schema.org","@graph":[{"@type":"Article","@id":"https:\/\/cacaunews.com\/?p=5876#article","isPartOf":{"@id":"https:\/\/cacaunews.com\/?p=5876"},"author":{"name":"Reda\u00e7\u00e3o Cacau News","@id":"https:\/\/cacaunews.com\/#\/schema\/person\/ea69703103e606ad347ccd64bd72ef79"},"headline":"Ilh\u00e9us: Pra\u00e7a Cairu \u00e9 revitalizada e reinaugurada.","datePublished":"2025-02-15T11:00:14+00:00","dateModified":"2025-02-15T11:00:14+00:00","mainEntityOfPage":{"@id":"https:\/\/cacaunews.com\/?p=5876"},"wordCount":238,"commentCount":0,"publisher":{"@id":"https:\/\/cacaunews.com\/#organization"},"keywords":["ilheus","Pra\u00e7a cair\u00fa","reinaugura\u00e7\u00e3o","Valderico"],"articleSection":["cidades","Jornalismo"],"inLanguage":"pt-BR","potentialAction":[{"@type":"CommentAction","name":"Comment","target":["https:\/\/cacaunews.com\/?p=5876#respond"]}]},{"@type":"WebPage","@id":"https:\/\/cacaunews.com\/?p=5876","url":"https:\/\/cacaunews.com\/?p=5876","name":"Ilh\u00e9us: Pra\u00e7a Cairu \u00e9 revitalizada e reinaugurada. - Cacau News","isPartOf":{"@id":"https:\/\/cacaunews.com\/#website"},"datePublished":"2025-02-15T11:00:14+00:00","dateModified":"2025-02-15T11:00:14+00:00","breadcrumb":{"@id":"https:\/\/cacaunews.com\/?p=5876#breadcrumb"},"inLanguage":"pt-BR","potentialAction":[{"@type":"ReadAction","target":["https:\/\/cacaunews.com\/?p=5876"]}]},{"@type":"BreadcrumbList","@id":"https:\/\/cacaunews.com\/?p=5876#breadcrumb","itemListElement":[{"@type":"ListItem","position":1,"name":"In\u00edcio","item":"https:\/\/cacaunews.com\/"},{"@type":"ListItem","position":2,"name":"Ilh\u00e9us: Pra\u00e7a Cairu \u00e9 revitalizada e reinaugurada."}]},{"@type":"WebSite","@id":"https:\/\/cacaunews.com\/#website","url":"https:\/\/cacaunews.com\/","name":"Cacau News","description":"A Informa\u00e7\u00e3o que voc\u00ea precisa!","publisher":{"@id":"https:\/\/cacaunews.com\/#organization"},"potentialAction":[{"@type":"SearchAction","target":{"@type":"EntryPoint","urlTemplate":"https:\/\/cacaunews.com\/?s={search_term_string}"},"query-input":"required name=search_term_string"}],"inLanguage":"pt-BR"},{"@type":"Organization","@id":"https:\/\/cacaunews.com\/#organization","name":"Cacau News","url":"https:\/\/cacaunews.com\/","logo":{"@type":"ImageObject","inLanguage":"pt-BR","@id":"https:\/\/cacaunews.com\/#\/schema\/logo\/image\/","url":"https:\/\/cacaunews.com\/wp-content\/uploads\/2025\/01\/cropped-LOGO-NOVA.png","contentUrl":"https:\/\/cacaunews.com\/wp-content\/uploads\/2025\/01\/cropped-LOGO-NOVA.png","width":813,"height":813,"caption":"Cacau News"},"image":{"@id":"https:\/\/cacaunews.com\/#\/schema\/logo\/image\/"},"sameAs":["https:\/\/www.instagram.com\/cacaunews.online\/","https:\/\/youtube.com\/@cacaunews?si=0VXLnjl08SrWbVG9"]},{"@type":"Person","@id":"https:\/\/cacaunews.com\/#\/schema\/person\/ea69703103e606ad347ccd64bd72ef79","name":"Reda\u00e7\u00e3o Cacau News","image":{"@type":"ImageObject","inLanguage":"pt-BR","@id":"https:\/\/cacaunews.com\/#\/schema\/person\/image\/","url":"https:\/\/secure.gravatar.com\/avatar\/d79227a2a7b6cc42e8d7a8f7c284cd3a?s=96&d=mm&r=g","contentUrl":"https:\/\/secure.gravatar.com\/avatar\/d79227a2a7b6cc42e8d7a8f7c284cd3a?s=96&d=mm&r=g","caption":"Reda\u00e7\u00e3o Cacau News"},"sameAs":["https:\/\/cacaunews.com"],"url":"https:\/\/cacaunews.com\/?author=1"}]}},"jetpack_sharing_enabled":true,"jetpack_featured_media_url":"https:\/\/cacaunews.com\/wp-content\/uploads\/2025\/02\/7BD70AD2CA-EAAC-AAAA-B226-AEAADB2CBD3B7D.jpeg","_links":{"self":[{"href":"https:\/\/cacaunews.com\/index.php?rest_route=\/wp\/v2\/posts\/5876"}],"collection":[{"href":"https:\/\/cacaunews.com\/index.php?rest_route=\/wp\/v2\/posts"}],"about":[{"href":"https:\/\/cacaunews.com\/index.php?rest_route=\/wp\/v2\/types\/post"}],"author":[{"embeddable":true,"href":"https:\/\/cacaunews.com\/index.php?rest_route=\/wp\/v2\/users\/1"}],"replies":[{"embeddable":true,"href":"https:\/\/cacaunews.com\/index.php?rest_route=%2Fwp%2Fv2%2Fcomments&post=5876"}],"version-history":[{"count":0,"href":"https:\/\/cacaunews.com\/index.php?rest_route=\/wp\/v2\/posts\/5876\/revisions"}],"wp:featuredmedia":[{"embeddable":true,"href":"https:\/\/cacaunews.com\/index.php?rest_route=\/wp\/v2\/media\/5875"}],"wp:attachment":[{"href":"https:\/\/cacaunews.com\/index.php?rest_route=%2Fwp%2Fv2%2Fmedia&parent=5876"}],"wp:term":[{"taxonomy":"category","embeddable":true,"href":"https:\/\/cacaunews.com\/index.php?rest_route=%2Fwp%2Fv2%2Fcategories&post=5876"},{"taxonomy":"post_tag","embeddable":true,"href":"https:\/\/cacaunews.com\/index.php?rest_route=%2Fwp%2Fv2%2Ftags&post=5876"}],"curies":[{"name":"wp","href":"https:\/\/api.w.org\/{rel}","templated":true}]}}