{"id":588,"date":"2023-01-10T18:17:57","date_gmt":"2023-01-10T18:17:57","guid":{"rendered":"https:\/\/cacaunews.com\/?p=588"},"modified":"2023-01-10T18:17:57","modified_gmt":"2023-01-10T18:17:57","slug":"em-sua-1a-etapa-corrida-da-praia-atrai-multidao-de-participantes-no-litoral-sul-de-ilheus","status":"publish","type":"post","link":"https:\/\/cacaunews.com\/?p=588","title":{"rendered":"Em sua 1\u00aa etapa, Corrida da Praia atrai multid\u00e3o de participantes no litoral sul de Ilh\u00e9us."},"content":{"rendered":"\n<p>Foi dada largada da 1\u00aa etapa da Corrida da Praia, realizada no litoral sul de Ilh\u00e9us. O evento aconteceu na manh\u00e3 deste domingo (8) e reuniu cerca de 200 atletas, que percorreram cinco quil\u00f4metros. A iniciativa \u00e9 da Sport Ativo, com apoio da Prefeitura. Familiares e moradores tamb\u00e9m estiveram presentes para aproveitar a manh\u00e3 quente e torcer.<\/p>\n\n\n\n<p>O diferencial desta corrida \u00e9 o percurso, que acontece nas areias das praias, fato que para muitos atletas serve como um est\u00edmulo. O sol e o calor tamb\u00e9m tornaram\u00a0o percurso ainda mais desafiador. A 2\u00aa etapa da Corrida da Praia acontece no dia 2 de abril, na Praia de Mamo\u00e3, Zona Norte do munic\u00edpio.\u00a0<\/p>\n\n\n\n<p>\u201cPromover a atividade f\u00edsica ao ar livre \u00e9 bom para todo mundo, porque gera sa\u00fade, al\u00e9m de fomentar o turismo e o desenvolvimento do com\u00e9rcio. Este evento foi especialmente pensado no atleta, nos corredores de rua. A gente est\u00e1 trazendo a etapa para a praia justamente para mostrar as belezas naturais de Ilh\u00e9us, que s\u00e3o muitas\u201d, frisou Eduardo Lessa, organizador do evento.&nbsp;<\/p>\n\n\n\n<p>O secret\u00e1rio de Esportes, S\u00e9rgio Luiz, destacou a relev\u00e2ncia da corrida para a retomada dos eventos no p\u00f3s- pandemia.<\/p>\n\n\n\n<p>\u201cUm momento muito importante para o nosso munic\u00edpio, que agora est\u00e1 em erup\u00e7\u00e3o. S\u00e3o diversas etapas realizadas at\u00e9 aqui, onde j\u00e1 tivemos o atletismo, triathlon, xadrez, enfim, a cidade est\u00e1 em festa. Quero agradecer ao prefeito M\u00e1rio Alexandre por sempre abra\u00e7ar e apoiar eventos como esse\u201d.&nbsp;<\/p>\n\n\n\n<p>Todos os corredores receberam medalhas de participa\u00e7\u00e3o. J\u00e1 os ganhadores receberam pr\u00eamios com trof\u00e9us e dinheiro.<\/p>\n\n\n\n<p>\u201cFoi um evento muito bom, pois fomenta o esporte e tamb\u00e9m convida as pessoas para conhecerem as nossas praias. O esporte em si \u00e9 maravilhoso, porque promove a sa\u00fade e melhora a mente\u201d, disse o atleta Rodrigo Santos.&nbsp;<\/p>\n\n\n\n<p><strong>Premia\u00e7\u00e3o da Corrida da Praia<\/strong>&nbsp;<\/p>\n\n\n\n<p>5 km<\/p>\n\n\n\n<p>1\u00ba lugar (R$ 200+Trof\u00e9u) \u2013 Thiago Ara\u00fajo\u00a0<br>2\u00ba lugar (R$ 100 +Trof\u00e9u) \u2013 Ant\u00f4nio Raimundo\u00a0<br>3\u00ba lugar (R$ 70 + Trof\u00e9u) \u00a0\u2013 L\u00e9o<\/p>\n\n\n\n<p>por J\u00e9ssica Alves, Sucom\/Ilh\u00e9us.<\/p>\n","protected":false},"excerpt":{"rendered":"<p>Foi dada largada da 1\u00aa etapa da Corrida da Praia, realizada no litoral sul de&#8230;<\/p>\n","protected":false},"author":1,"featured_media":587,"comment_status":"open","ping_status":"open","sticky":false,"template":"","format":"standard","meta":{"footnotes":""},"categories":[18],"tags":[39,172,37],"yoast_head":"<!-- This site is optimized with the Yoast SEO plugin v21.7 - https:\/\/yoast.com\/wordpress\/plugins\/seo\/ -->\n<title>Em sua 1\u00aa etapa, Corrida da Praia atrai multid\u00e3o de participantes no litoral sul de Ilh\u00e9us. - Cacau News<\/title>\n<meta name=\"robots\" content=\"index, follow, max-snippet:-1, max-image-preview:large, max-video-preview:-1\" \/>\n<link rel=\"canonical\" href=\"https:\/\/cacaunews.com\/?p=588\" \/>\n<meta property=\"og:locale\" content=\"pt_BR\" \/>\n<meta property=\"og:type\" content=\"article\" \/>\n<meta property=\"og:title\" content=\"Em sua 1\u00aa etapa, Corrida da Praia atrai multid\u00e3o de participantes no litoral sul de Ilh\u00e9us. - Cacau News\" \/>\n<meta property=\"og:description\" content=\"Foi dada largada da 1\u00aa etapa da Corrida da Praia, realizada no litoral sul de...\" \/>\n<meta property=\"og:url\" content=\"https:\/\/cacaunews.com\/?p=588\" \/>\n<meta property=\"og:site_name\" content=\"Cacau News\" \/>\n<meta property=\"article:published_time\" content=\"2023-01-10T18:17:57+00:00\" \/>\n<meta property=\"og:image\" content=\"https:\/\/cacaunews.com\/wp-content\/uploads\/2023\/01\/7B47AA8C8C-EAC4-0B18-2DEC-8BCB8B1C2C6C7D_650X450.jpg\" \/>\n\t<meta property=\"og:image:width\" content=\"650\" \/>\n\t<meta property=\"og:image:height\" content=\"450\" \/>\n\t<meta property=\"og:image:type\" content=\"image\/jpeg\" \/>\n<meta name=\"author\" content=\"Reda\u00e7\u00e3o Cacau News\" \/>\n<meta name=\"twitter:card\" content=\"summary_large_image\" \/>\n<meta name=\"twitter:label1\" content=\"Escrito por\" \/>\n\t<meta name=\"twitter:data1\" content=\"Reda\u00e7\u00e3o Cacau News\" \/>\n\t<meta name=\"twitter:label2\" content=\"Est. tempo de leitura\" \/>\n\t<meta name=\"twitter:data2\" content=\"2 minutos\" \/>\n<script type=\"application\/ld+json\" class=\"yoast-schema-graph\">{\"@context\":\"https:\/\/schema.org\",\"@graph\":[{\"@type\":\"Article\",\"@id\":\"https:\/\/cacaunews.com\/?p=588#article\",\"isPartOf\":{\"@id\":\"https:\/\/cacaunews.com\/?p=588\"},\"author\":{\"name\":\"Reda\u00e7\u00e3o Cacau News\",\"@id\":\"https:\/\/cacaunews.com\/#\/schema\/person\/ea69703103e606ad347ccd64bd72ef79\"},\"headline\":\"Em sua 1\u00aa etapa, Corrida da Praia atrai multid\u00e3o de participantes no litoral sul de Ilh\u00e9us.\",\"datePublished\":\"2023-01-10T18:17:57+00:00\",\"dateModified\":\"2023-01-10T18:17:57+00:00\",\"mainEntityOfPage\":{\"@id\":\"https:\/\/cacaunews.com\/?p=588\"},\"wordCount\":365,\"commentCount\":0,\"publisher\":{\"@id\":\"https:\/\/cacaunews.com\/#organization\"},\"keywords\":[\"bahia\",\"corrida\",\"ilheus\"],\"articleSection\":[\"cidades\"],\"inLanguage\":\"pt-BR\",\"potentialAction\":[{\"@type\":\"CommentAction\",\"name\":\"Comment\",\"target\":[\"https:\/\/cacaunews.com\/?p=588#respond\"]}]},{\"@type\":\"WebPage\",\"@id\":\"https:\/\/cacaunews.com\/?p=588\",\"url\":\"https:\/\/cacaunews.com\/?p=588\",\"name\":\"Em sua 1\u00aa etapa, Corrida da Praia atrai multid\u00e3o de participantes no litoral sul de Ilh\u00e9us. - Cacau News\",\"isPartOf\":{\"@id\":\"https:\/\/cacaunews.com\/#website\"},\"datePublished\":\"2023-01-10T18:17:57+00:00\",\"dateModified\":\"2023-01-10T18:17:57+00:00\",\"breadcrumb\":{\"@id\":\"https:\/\/cacaunews.com\/?p=588#breadcrumb\"},\"inLanguage\":\"pt-BR\",\"potentialAction\":[{\"@type\":\"ReadAction\",\"target\":[\"https:\/\/cacaunews.com\/?p=588\"]}]},{\"@type\":\"BreadcrumbList\",\"@id\":\"https:\/\/cacaunews.com\/?p=588#breadcrumb\",\"itemListElement\":[{\"@type\":\"ListItem\",\"position\":1,\"name\":\"In\u00edcio\",\"item\":\"https:\/\/cacaunews.com\/\"},{\"@type\":\"ListItem\",\"position\":2,\"name\":\"Em sua 1\u00aa etapa, Corrida da Praia atrai multid\u00e3o de participantes no litoral sul de Ilh\u00e9us.\"}]},{\"@type\":\"WebSite\",\"@id\":\"https:\/\/cacaunews.com\/#website\",\"url\":\"https:\/\/cacaunews.com\/\",\"name\":\"Cacau News\",\"description\":\"A Informa\u00e7\u00e3o que voc\u00ea precisa!\",\"publisher\":{\"@id\":\"https:\/\/cacaunews.com\/#organization\"},\"potentialAction\":[{\"@type\":\"SearchAction\",\"target\":{\"@type\":\"EntryPoint\",\"urlTemplate\":\"https:\/\/cacaunews.com\/?s={search_term_string}\"},\"query-input\":\"required name=search_term_string\"}],\"inLanguage\":\"pt-BR\"},{\"@type\":\"Organization\",\"@id\":\"https:\/\/cacaunews.com\/#organization\",\"name\":\"Cacau News\",\"url\":\"https:\/\/cacaunews.com\/\",\"logo\":{\"@type\":\"ImageObject\",\"inLanguage\":\"pt-BR\",\"@id\":\"https:\/\/cacaunews.com\/#\/schema\/logo\/image\/\",\"url\":\"https:\/\/cacaunews.com\/wp-content\/uploads\/2025\/01\/cropped-LOGO-NOVA.png\",\"contentUrl\":\"https:\/\/cacaunews.com\/wp-content\/uploads\/2025\/01\/cropped-LOGO-NOVA.png\",\"width\":813,\"height\":813,\"caption\":\"Cacau News\"},\"image\":{\"@id\":\"https:\/\/cacaunews.com\/#\/schema\/logo\/image\/\"},\"sameAs\":[\"https:\/\/www.instagram.com\/cacaunews.online\/\",\"https:\/\/youtube.com\/@cacaunews?si=0VXLnjl08SrWbVG9\"]},{\"@type\":\"Person\",\"@id\":\"https:\/\/cacaunews.com\/#\/schema\/person\/ea69703103e606ad347ccd64bd72ef79\",\"name\":\"Reda\u00e7\u00e3o Cacau News\",\"image\":{\"@type\":\"ImageObject\",\"inLanguage\":\"pt-BR\",\"@id\":\"https:\/\/cacaunews.com\/#\/schema\/person\/image\/\",\"url\":\"https:\/\/secure.gravatar.com\/avatar\/d79227a2a7b6cc42e8d7a8f7c284cd3a?s=96&d=mm&r=g\",\"contentUrl\":\"https:\/\/secure.gravatar.com\/avatar\/d79227a2a7b6cc42e8d7a8f7c284cd3a?s=96&d=mm&r=g\",\"caption\":\"Reda\u00e7\u00e3o Cacau News\"},\"sameAs\":[\"https:\/\/cacaunews.com\"],\"url\":\"https:\/\/cacaunews.com\/?author=1\"}]}<\/script>\n<!-- \/ Yoast SEO plugin. -->","yoast_head_json":{"title":"Em sua 1\u00aa etapa, Corrida da Praia atrai multid\u00e3o de participantes no litoral sul de Ilh\u00e9us. - Cacau News","robots":{"index":"index","follow":"follow","max-snippet":"max-snippet:-1","max-image-preview":"max-image-preview:large","max-video-preview":"max-video-preview:-1"},"canonical":"https:\/\/cacaunews.com\/?p=588","og_locale":"pt_BR","og_type":"article","og_title":"Em sua 1\u00aa etapa, Corrida da Praia atrai multid\u00e3o de participantes no litoral sul de Ilh\u00e9us. - Cacau News","og_description":"Foi dada largada da 1\u00aa etapa da Corrida da Praia, realizada no litoral sul de...","og_url":"https:\/\/cacaunews.com\/?p=588","og_site_name":"Cacau News","article_published_time":"2023-01-10T18:17:57+00:00","og_image":[{"width":650,"height":450,"url":"https:\/\/cacaunews.com\/wp-content\/uploads\/2023\/01\/7B47AA8C8C-EAC4-0B18-2DEC-8BCB8B1C2C6C7D_650X450.jpg","type":"image\/jpeg"}],"author":"Reda\u00e7\u00e3o Cacau News","twitter_card":"summary_large_image","twitter_misc":{"Escrito por":"Reda\u00e7\u00e3o Cacau News","Est. tempo de leitura":"2 minutos"},"schema":{"@context":"https:\/\/schema.org","@graph":[{"@type":"Article","@id":"https:\/\/cacaunews.com\/?p=588#article","isPartOf":{"@id":"https:\/\/cacaunews.com\/?p=588"},"author":{"name":"Reda\u00e7\u00e3o Cacau News","@id":"https:\/\/cacaunews.com\/#\/schema\/person\/ea69703103e606ad347ccd64bd72ef79"},"headline":"Em sua 1\u00aa etapa, Corrida da Praia atrai multid\u00e3o de participantes no litoral sul de Ilh\u00e9us.","datePublished":"2023-01-10T18:17:57+00:00","dateModified":"2023-01-10T18:17:57+00:00","mainEntityOfPage":{"@id":"https:\/\/cacaunews.com\/?p=588"},"wordCount":365,"commentCount":0,"publisher":{"@id":"https:\/\/cacaunews.com\/#organization"},"keywords":["bahia","corrida","ilheus"],"articleSection":["cidades"],"inLanguage":"pt-BR","potentialAction":[{"@type":"CommentAction","name":"Comment","target":["https:\/\/cacaunews.com\/?p=588#respond"]}]},{"@type":"WebPage","@id":"https:\/\/cacaunews.com\/?p=588","url":"https:\/\/cacaunews.com\/?p=588","name":"Em sua 1\u00aa etapa, Corrida da Praia atrai multid\u00e3o de participantes no litoral sul de Ilh\u00e9us. - Cacau News","isPartOf":{"@id":"https:\/\/cacaunews.com\/#website"},"datePublished":"2023-01-10T18:17:57+00:00","dateModified":"2023-01-10T18:17:57+00:00","breadcrumb":{"@id":"https:\/\/cacaunews.com\/?p=588#breadcrumb"},"inLanguage":"pt-BR","potentialAction":[{"@type":"ReadAction","target":["https:\/\/cacaunews.com\/?p=588"]}]},{"@type":"BreadcrumbList","@id":"https:\/\/cacaunews.com\/?p=588#breadcrumb","itemListElement":[{"@type":"ListItem","position":1,"name":"In\u00edcio","item":"https:\/\/cacaunews.com\/"},{"@type":"ListItem","position":2,"name":"Em sua 1\u00aa etapa, Corrida da Praia atrai multid\u00e3o de participantes no litoral sul de Ilh\u00e9us."}]},{"@type":"WebSite","@id":"https:\/\/cacaunews.com\/#website","url":"https:\/\/cacaunews.com\/","name":"Cacau News","description":"A Informa\u00e7\u00e3o que voc\u00ea precisa!","publisher":{"@id":"https:\/\/cacaunews.com\/#organization"},"potentialAction":[{"@type":"SearchAction","target":{"@type":"EntryPoint","urlTemplate":"https:\/\/cacaunews.com\/?s={search_term_string}"},"query-input":"required name=search_term_string"}],"inLanguage":"pt-BR"},{"@type":"Organization","@id":"https:\/\/cacaunews.com\/#organization","name":"Cacau News","url":"https:\/\/cacaunews.com\/","logo":{"@type":"ImageObject","inLanguage":"pt-BR","@id":"https:\/\/cacaunews.com\/#\/schema\/logo\/image\/","url":"https:\/\/cacaunews.com\/wp-content\/uploads\/2025\/01\/cropped-LOGO-NOVA.png","contentUrl":"https:\/\/cacaunews.com\/wp-content\/uploads\/2025\/01\/cropped-LOGO-NOVA.png","width":813,"height":813,"caption":"Cacau News"},"image":{"@id":"https:\/\/cacaunews.com\/#\/schema\/logo\/image\/"},"sameAs":["https:\/\/www.instagram.com\/cacaunews.online\/","https:\/\/youtube.com\/@cacaunews?si=0VXLnjl08SrWbVG9"]},{"@type":"Person","@id":"https:\/\/cacaunews.com\/#\/schema\/person\/ea69703103e606ad347ccd64bd72ef79","name":"Reda\u00e7\u00e3o Cacau News","image":{"@type":"ImageObject","inLanguage":"pt-BR","@id":"https:\/\/cacaunews.com\/#\/schema\/person\/image\/","url":"https:\/\/secure.gravatar.com\/avatar\/d79227a2a7b6cc42e8d7a8f7c284cd3a?s=96&d=mm&r=g","contentUrl":"https:\/\/secure.gravatar.com\/avatar\/d79227a2a7b6cc42e8d7a8f7c284cd3a?s=96&d=mm&r=g","caption":"Reda\u00e7\u00e3o Cacau News"},"sameAs":["https:\/\/cacaunews.com"],"url":"https:\/\/cacaunews.com\/?author=1"}]}},"jetpack_sharing_enabled":true,"jetpack_featured_media_url":"https:\/\/cacaunews.com\/wp-content\/uploads\/2023\/01\/7B47AA8C8C-EAC4-0B18-2DEC-8BCB8B1C2C6C7D_650X450.jpg","_links":{"self":[{"href":"https:\/\/cacaunews.com\/index.php?rest_route=\/wp\/v2\/posts\/588"}],"collection":[{"href":"https:\/\/cacaunews.com\/index.php?rest_route=\/wp\/v2\/posts"}],"about":[{"href":"https:\/\/cacaunews.com\/index.php?rest_route=\/wp\/v2\/types\/post"}],"author":[{"embeddable":true,"href":"https:\/\/cacaunews.com\/index.php?rest_route=\/wp\/v2\/users\/1"}],"replies":[{"embeddable":true,"href":"https:\/\/cacaunews.com\/index.php?rest_route=%2Fwp%2Fv2%2Fcomments&post=588"}],"version-history":[{"count":1,"href":"https:\/\/cacaunews.com\/index.php?rest_route=\/wp\/v2\/posts\/588\/revisions"}],"predecessor-version":[{"id":589,"href":"https:\/\/cacaunews.com\/index.php?rest_route=\/wp\/v2\/posts\/588\/revisions\/589"}],"wp:featuredmedia":[{"embeddable":true,"href":"https:\/\/cacaunews.com\/index.php?rest_route=\/wp\/v2\/media\/587"}],"wp:attachment":[{"href":"https:\/\/cacaunews.com\/index.php?rest_route=%2Fwp%2Fv2%2Fmedia&parent=588"}],"wp:term":[{"taxonomy":"category","embeddable":true,"href":"https:\/\/cacaunews.com\/index.php?rest_route=%2Fwp%2Fv2%2Fcategories&post=588"},{"taxonomy":"post_tag","embeddable":true,"href":"https:\/\/cacaunews.com\/index.php?rest_route=%2Fwp%2Fv2%2Ftags&post=588"}],"curies":[{"name":"wp","href":"https:\/\/api.w.org\/{rel}","templated":true}]}}