{"id":5893,"date":"2025-02-18T18:30:41","date_gmt":"2025-02-18T18:30:41","guid":{"rendered":"https:\/\/cacaunews.com\/?p=5893"},"modified":"2025-02-19T14:37:59","modified_gmt":"2025-02-19T14:37:59","slug":"consenso-prevalece-na-eleicao-da-upb-e-chapa-unica-sera-aclamada-com-posse-no-dia-31-de-marco","status":"publish","type":"post","link":"https:\/\/cacaunews.com\/?p=5893","title":{"rendered":"Consenso prevalece na\u00a0elei\u00e7\u00e3o da UPB e chapa \u00fanica ser\u00e1 aclamada com posse no dia 31 de mar\u00e7o."},"content":{"rendered":"\n<p><em>Wilson Cardoso, prefeito de Andara\u00ed, encabe\u00e7a a chapa homologada na manh\u00e3 desta ter\u00e7a (18) que comandar\u00e1 a entidade no bi\u00eanio 2025\/2026<\/em>.<\/p>\n\n\n\n<p>Uni\u00e3o de Verdade, chapa encabe\u00e7ada pelo prefeito de Andara\u00ed, Wilson Cardoso (PSB), foi a \u00fanica registrada para elei\u00e7\u00e3o da Diretoria Executiva e Conselho Fiscal da Uni\u00e3o dos Munic\u00edpios da Bahia (UPB). A homologa\u00e7\u00e3o, que teve a participa\u00e7\u00e3o do atual presidente da institui\u00e7\u00e3o, Quinho Tigre, ocorreu na manh\u00e3 desta ter\u00e7a-feira (18), pela comiss\u00e3o eleitoral da entidade municipalista. Na oportunidade, foi anunciada a extin\u00e7\u00e3o do pleito, conduzindo a \u00fanica chapa inscrita para aclama\u00e7\u00e3o e posse, o que vai ocorrer em assembleia geral convocada para o dia 31 de mar\u00e7o.<br><br>Para o atual presidente da UPB, Quinho Tigre, a entidade municipalista baiana sai ainda mais forte. O gestor listou as conquistas dos \u00faltimos anos e pregou a unidade para que os munic\u00edpios baianos continuem avan\u00e7ando. \u201cS\u00f3 tenho motivo para agradecer e a avalia\u00e7\u00e3o \u00e9 extremamente positiva. A UPB \u00e9, sem d\u00favida nenhuma, a institui\u00e7\u00e3o que tem a maior capacidade de mobiliza\u00e7\u00e3o dos munic\u00edpios do estado da Bahia\u201d, refor\u00e7ou. <br><br>\u201cVamos trabalhar forte para melhorar a vida daqueles que est\u00e3o no interior da Bahia. Sabemos que os desafios s\u00e3o enormes, mas n\u00f3s s\u00f3 temos uma bandeira, que \u00e9 a do municipalismo. Vamos lutar, especialmente para aqueles pequenos munic\u00edpios que mais precisam do olhar do governo estadual e federal\u201d, resumiu o prefeito de Andara\u00ed e presidente da chapa Uni\u00e3o de Verdade, Wilson Cardoso. O gestor tamb\u00e9m refor\u00e7ou que a principal bandeira da UPB no seu mandato ser\u00e1 a PEC 66, do Refis Previdenci\u00e1rio. \u201cN\u00e3o \u00e9 justo que os munic\u00edpios sejam taxados como a iniciativa privada\u201d, enfatizou.<\/p>\n\n\n\n<p>A prefeita de Tapero\u00e1 e vice-presidente da chapa Uni\u00e3o de Verdade, Kitty Guimar\u00e3es, chamou a aten\u00e7\u00e3o para a for\u00e7a da mulher em posi\u00e7\u00e3o de lideran\u00e7a evidenciada nesta chapa, composta por quatro mulheres. \u201cComo Wilson [Cardoso] falou, \u00e9 uma caminhada e constru\u00e7\u00e3o de vida. Estamos avan\u00e7ando, mas precisamos avan\u00e7ar muito mais. Esse pleito [elei\u00e7\u00f5es 2024] foi muito disputado, mas fomos \u00e0 luta. Tanto que n\u00f3s \u00e9ramos 54 e fomos para 60 prefeitas na Bahia\u201d, disse<br \/><br \/>A chapa, encabe\u00e7ada pelo prefeito de Andara\u00ed, Wilson Cardoso, possui outros 16 nomes, sendo seis da diretoria executiva e 10 membros do conselho fiscal, entre titulares e suplentes. Como vice-presidente institucional, a chapa apresenta o prefeito de Medeiros Neto, Beto Pinto (MDB), j\u00e1 a vice-presidente administrativa \u00e9 a prefeita de Tapero\u00e1, Kitty Guimar\u00e3es (Avante), refor\u00e7ando a representatividade feminina da chapa que traz outras tr\u00eas mulheres no conselho fiscal. A diretoria executiva tem ainda os seguintes nomes: Danillo Sales (PCdoB) como 1\u00ba secret\u00e1rio; Vitor do Posto (MDB) de Santan\u00f3polis como 2\u00ba secret\u00e1rio; Arnaldo Oliveira (PSB) de Ca\u00e9m como 1\u00ba tesoureiro e Regis Arag\u00e3o (PP) de Ituber\u00e1 que \u00e9 2\u00ba tesoureiro.<\/p>\n\n\n\n<p><strong>Sobre o gestor<\/strong><br \/><br \/>Wilson Paes Cardoso \u00e9 o prefeito reeleito e est\u00e1 em seu quarto mandato no munic\u00edpio de Andara\u00ed, na Chapada Diamantina. Wilson Cardoso tem 73 anos, \u00e9 tamb\u00e9m empres\u00e1rio e pecuarista, foi presidente da Federa\u00e7\u00e3o dos Cons\u00f3rcios P\u00fablicos da Bahia (FECBahia) entre os anos de 2020 a 2022. Durante seu mandato \u00e0 frente da federa\u00e7\u00e3o, ele liderou importantes avan\u00e7os, incluindo a aprova\u00e7\u00e3o da Lei 14.488\/2022, que instituiu o Programa Cons\u00f3rcios P\u00fablicos Municipais da Bahia. Em 2023, Wilson foi eleito vice-presidente administrativo da Uni\u00e3o dos Munic\u00edpios da Bahia (UPB), compondo a diretoria executiva da institui\u00e7\u00e3o. Desde o m\u00eas de outubro, Cardoso vem recebendo o apoio significativo de prefeitos a sua candidatura para presid\u00eancia da UPB, tendo outros oito candidatos declinando da disputa para apoi\u00e1-lo. Com o registro de chapa \u00fanica Uni\u00e3o de Verdade, ele ser\u00e1 eleito por aclama\u00e7\u00e3o para assumir a presid\u00eancia da entidade no bi\u00eanio 2025\/2026.<\/p>\n\n\n\n<p><strong>Veja a chapa completa:<\/strong><\/p>\n\n\n\n<figure class=\"wp-block-image size-large\"><img fetchpriority=\"high\" decoding=\"async\" width=\"583\" height=\"420\" src=\"https:\/\/cacaunews.com\/wp-content\/uploads\/2025\/02\/blobid17399017630305607957726210342528.jpg\" alt=\"\" class=\"wp-image-5891\" srcset=\"https:\/\/cacaunews.com\/wp-content\/uploads\/2025\/02\/blobid17399017630305607957726210342528.jpg 583w, https:\/\/cacaunews.com\/wp-content\/uploads\/2025\/02\/blobid17399017630305607957726210342528-300x216.jpg 300w\" sizes=\"(max-width: 583px) 100vw, 583px\" \/><\/figure>\n\n\n\n<p>ASCOM\/UPB.<\/p>\n","protected":false},"excerpt":{"rendered":"<p>Wilson Cardoso, prefeito de Andara\u00ed, encabe\u00e7a a chapa homologada na manh\u00e3 desta ter\u00e7a (18) que&#8230;<\/p>\n","protected":false},"author":1,"featured_media":5892,"comment_status":"open","ping_status":"open","sticky":false,"template":"","format":"standard","meta":{"footnotes":""},"categories":[18,11,5],"tags":[2081,681,2039,2079,2080],"yoast_head":"<!-- This site is optimized with the Yoast SEO plugin v21.7 - https:\/\/yoast.com\/wordpress\/plugins\/seo\/ -->\n<title>Consenso prevalece na\u00a0elei\u00e7\u00e3o da UPB e chapa \u00fanica ser\u00e1 aclamada com posse no dia 31 de mar\u00e7o. - Cacau News<\/title>\n<meta name=\"robots\" content=\"index, follow, max-snippet:-1, max-image-preview:large, max-video-preview:-1\" \/>\n<link rel=\"canonical\" href=\"https:\/\/cacaunews.com\/?p=5893\" \/>\n<meta property=\"og:locale\" content=\"pt_BR\" \/>\n<meta property=\"og:type\" content=\"article\" \/>\n<meta property=\"og:title\" content=\"Consenso prevalece na\u00a0elei\u00e7\u00e3o da UPB e chapa \u00fanica ser\u00e1 aclamada com posse no dia 31 de mar\u00e7o. - Cacau News\" \/>\n<meta property=\"og:description\" content=\"Wilson Cardoso, prefeito de Andara\u00ed, encabe\u00e7a a chapa homologada na manh\u00e3 desta ter\u00e7a (18) que...\" \/>\n<meta property=\"og:url\" content=\"https:\/\/cacaunews.com\/?p=5893\" \/>\n<meta property=\"og:site_name\" content=\"Cacau News\" \/>\n<meta property=\"article:published_time\" content=\"2025-02-18T18:30:41+00:00\" \/>\n<meta property=\"article:modified_time\" content=\"2025-02-19T14:37:59+00:00\" \/>\n<meta property=\"og:image\" content=\"https:\/\/cacaunews.com\/wp-content\/uploads\/2025\/02\/1513502025021867b4cdde6687f.jpg\" \/>\n\t<meta property=\"og:image:width\" content=\"780\" \/>\n\t<meta property=\"og:image:height\" content=\"439\" \/>\n\t<meta property=\"og:image:type\" content=\"image\/jpeg\" \/>\n<meta name=\"author\" content=\"Reda\u00e7\u00e3o Cacau News\" \/>\n<meta name=\"twitter:card\" content=\"summary_large_image\" \/>\n<meta name=\"twitter:label1\" content=\"Escrito por\" \/>\n\t<meta name=\"twitter:data1\" content=\"Reda\u00e7\u00e3o Cacau News\" \/>\n\t<meta name=\"twitter:label2\" content=\"Est. tempo de leitura\" \/>\n\t<meta name=\"twitter:data2\" content=\"3 minutos\" \/>\n<script type=\"application\/ld+json\" class=\"yoast-schema-graph\">{\"@context\":\"https:\/\/schema.org\",\"@graph\":[{\"@type\":\"Article\",\"@id\":\"https:\/\/cacaunews.com\/?p=5893#article\",\"isPartOf\":{\"@id\":\"https:\/\/cacaunews.com\/?p=5893\"},\"author\":{\"name\":\"Reda\u00e7\u00e3o Cacau News\",\"@id\":\"https:\/\/cacaunews.com\/#\/schema\/person\/ea69703103e606ad347ccd64bd72ef79\"},\"headline\":\"Consenso prevalece na\u00a0elei\u00e7\u00e3o da UPB e chapa \u00fanica ser\u00e1 aclamada com posse no dia 31 de mar\u00e7o.\",\"datePublished\":\"2025-02-18T18:30:41+00:00\",\"dateModified\":\"2025-02-19T14:37:59+00:00\",\"mainEntityOfPage\":{\"@id\":\"https:\/\/cacaunews.com\/?p=5893\"},\"wordCount\":671,\"commentCount\":0,\"publisher\":{\"@id\":\"https:\/\/cacaunews.com\/#organization\"},\"keywords\":[\"andara\u00ed\",\"elei\u00e7\u00f5es\",\"eleito\",\"upb\",\"Wilson Cardoso\"],\"articleSection\":[\"cidades\",\"Jornalismo\",\"Politica\"],\"inLanguage\":\"pt-BR\",\"potentialAction\":[{\"@type\":\"CommentAction\",\"name\":\"Comment\",\"target\":[\"https:\/\/cacaunews.com\/?p=5893#respond\"]}]},{\"@type\":\"WebPage\",\"@id\":\"https:\/\/cacaunews.com\/?p=5893\",\"url\":\"https:\/\/cacaunews.com\/?p=5893\",\"name\":\"Consenso prevalece na\u00a0elei\u00e7\u00e3o da UPB e chapa \u00fanica ser\u00e1 aclamada com posse no dia 31 de mar\u00e7o. - Cacau News\",\"isPartOf\":{\"@id\":\"https:\/\/cacaunews.com\/#website\"},\"datePublished\":\"2025-02-18T18:30:41+00:00\",\"dateModified\":\"2025-02-19T14:37:59+00:00\",\"breadcrumb\":{\"@id\":\"https:\/\/cacaunews.com\/?p=5893#breadcrumb\"},\"inLanguage\":\"pt-BR\",\"potentialAction\":[{\"@type\":\"ReadAction\",\"target\":[\"https:\/\/cacaunews.com\/?p=5893\"]}]},{\"@type\":\"BreadcrumbList\",\"@id\":\"https:\/\/cacaunews.com\/?p=5893#breadcrumb\",\"itemListElement\":[{\"@type\":\"ListItem\",\"position\":1,\"name\":\"In\u00edcio\",\"item\":\"https:\/\/cacaunews.com\/\"},{\"@type\":\"ListItem\",\"position\":2,\"name\":\"Consenso prevalece na\u00a0elei\u00e7\u00e3o da UPB e chapa \u00fanica ser\u00e1 aclamada com posse no dia 31 de mar\u00e7o.\"}]},{\"@type\":\"WebSite\",\"@id\":\"https:\/\/cacaunews.com\/#website\",\"url\":\"https:\/\/cacaunews.com\/\",\"name\":\"Cacau News\",\"description\":\"A Informa\u00e7\u00e3o que voc\u00ea precisa!\",\"publisher\":{\"@id\":\"https:\/\/cacaunews.com\/#organization\"},\"potentialAction\":[{\"@type\":\"SearchAction\",\"target\":{\"@type\":\"EntryPoint\",\"urlTemplate\":\"https:\/\/cacaunews.com\/?s={search_term_string}\"},\"query-input\":\"required name=search_term_string\"}],\"inLanguage\":\"pt-BR\"},{\"@type\":\"Organization\",\"@id\":\"https:\/\/cacaunews.com\/#organization\",\"name\":\"Cacau News\",\"url\":\"https:\/\/cacaunews.com\/\",\"logo\":{\"@type\":\"ImageObject\",\"inLanguage\":\"pt-BR\",\"@id\":\"https:\/\/cacaunews.com\/#\/schema\/logo\/image\/\",\"url\":\"https:\/\/cacaunews.com\/wp-content\/uploads\/2025\/01\/cropped-LOGO-NOVA.png\",\"contentUrl\":\"https:\/\/cacaunews.com\/wp-content\/uploads\/2025\/01\/cropped-LOGO-NOVA.png\",\"width\":813,\"height\":813,\"caption\":\"Cacau News\"},\"image\":{\"@id\":\"https:\/\/cacaunews.com\/#\/schema\/logo\/image\/\"},\"sameAs\":[\"https:\/\/www.instagram.com\/cacaunews.online\/\",\"https:\/\/youtube.com\/@cacaunews?si=0VXLnjl08SrWbVG9\"]},{\"@type\":\"Person\",\"@id\":\"https:\/\/cacaunews.com\/#\/schema\/person\/ea69703103e606ad347ccd64bd72ef79\",\"name\":\"Reda\u00e7\u00e3o Cacau News\",\"image\":{\"@type\":\"ImageObject\",\"inLanguage\":\"pt-BR\",\"@id\":\"https:\/\/cacaunews.com\/#\/schema\/person\/image\/\",\"url\":\"https:\/\/secure.gravatar.com\/avatar\/d79227a2a7b6cc42e8d7a8f7c284cd3a?s=96&d=mm&r=g\",\"contentUrl\":\"https:\/\/secure.gravatar.com\/avatar\/d79227a2a7b6cc42e8d7a8f7c284cd3a?s=96&d=mm&r=g\",\"caption\":\"Reda\u00e7\u00e3o Cacau News\"},\"sameAs\":[\"https:\/\/cacaunews.com\"],\"url\":\"https:\/\/cacaunews.com\/?author=1\"}]}<\/script>\n<!-- \/ Yoast SEO plugin. -->","yoast_head_json":{"title":"Consenso prevalece na\u00a0elei\u00e7\u00e3o da UPB e chapa \u00fanica ser\u00e1 aclamada com posse no dia 31 de mar\u00e7o. - Cacau News","robots":{"index":"index","follow":"follow","max-snippet":"max-snippet:-1","max-image-preview":"max-image-preview:large","max-video-preview":"max-video-preview:-1"},"canonical":"https:\/\/cacaunews.com\/?p=5893","og_locale":"pt_BR","og_type":"article","og_title":"Consenso prevalece na\u00a0elei\u00e7\u00e3o da UPB e chapa \u00fanica ser\u00e1 aclamada com posse no dia 31 de mar\u00e7o. - Cacau News","og_description":"Wilson Cardoso, prefeito de Andara\u00ed, encabe\u00e7a a chapa homologada na manh\u00e3 desta ter\u00e7a (18) que...","og_url":"https:\/\/cacaunews.com\/?p=5893","og_site_name":"Cacau News","article_published_time":"2025-02-18T18:30:41+00:00","article_modified_time":"2025-02-19T14:37:59+00:00","og_image":[{"width":780,"height":439,"url":"https:\/\/cacaunews.com\/wp-content\/uploads\/2025\/02\/1513502025021867b4cdde6687f.jpg","type":"image\/jpeg"}],"author":"Reda\u00e7\u00e3o Cacau News","twitter_card":"summary_large_image","twitter_misc":{"Escrito por":"Reda\u00e7\u00e3o Cacau News","Est. tempo de leitura":"3 minutos"},"schema":{"@context":"https:\/\/schema.org","@graph":[{"@type":"Article","@id":"https:\/\/cacaunews.com\/?p=5893#article","isPartOf":{"@id":"https:\/\/cacaunews.com\/?p=5893"},"author":{"name":"Reda\u00e7\u00e3o Cacau News","@id":"https:\/\/cacaunews.com\/#\/schema\/person\/ea69703103e606ad347ccd64bd72ef79"},"headline":"Consenso prevalece na\u00a0elei\u00e7\u00e3o da UPB e chapa \u00fanica ser\u00e1 aclamada com posse no dia 31 de mar\u00e7o.","datePublished":"2025-02-18T18:30:41+00:00","dateModified":"2025-02-19T14:37:59+00:00","mainEntityOfPage":{"@id":"https:\/\/cacaunews.com\/?p=5893"},"wordCount":671,"commentCount":0,"publisher":{"@id":"https:\/\/cacaunews.com\/#organization"},"keywords":["andara\u00ed","elei\u00e7\u00f5es","eleito","upb","Wilson Cardoso"],"articleSection":["cidades","Jornalismo","Politica"],"inLanguage":"pt-BR","potentialAction":[{"@type":"CommentAction","name":"Comment","target":["https:\/\/cacaunews.com\/?p=5893#respond"]}]},{"@type":"WebPage","@id":"https:\/\/cacaunews.com\/?p=5893","url":"https:\/\/cacaunews.com\/?p=5893","name":"Consenso prevalece na\u00a0elei\u00e7\u00e3o da UPB e chapa \u00fanica ser\u00e1 aclamada com posse no dia 31 de mar\u00e7o. - Cacau News","isPartOf":{"@id":"https:\/\/cacaunews.com\/#website"},"datePublished":"2025-02-18T18:30:41+00:00","dateModified":"2025-02-19T14:37:59+00:00","breadcrumb":{"@id":"https:\/\/cacaunews.com\/?p=5893#breadcrumb"},"inLanguage":"pt-BR","potentialAction":[{"@type":"ReadAction","target":["https:\/\/cacaunews.com\/?p=5893"]}]},{"@type":"BreadcrumbList","@id":"https:\/\/cacaunews.com\/?p=5893#breadcrumb","itemListElement":[{"@type":"ListItem","position":1,"name":"In\u00edcio","item":"https:\/\/cacaunews.com\/"},{"@type":"ListItem","position":2,"name":"Consenso prevalece na\u00a0elei\u00e7\u00e3o da UPB e chapa \u00fanica ser\u00e1 aclamada com posse no dia 31 de mar\u00e7o."}]},{"@type":"WebSite","@id":"https:\/\/cacaunews.com\/#website","url":"https:\/\/cacaunews.com\/","name":"Cacau News","description":"A Informa\u00e7\u00e3o que voc\u00ea precisa!","publisher":{"@id":"https:\/\/cacaunews.com\/#organization"},"potentialAction":[{"@type":"SearchAction","target":{"@type":"EntryPoint","urlTemplate":"https:\/\/cacaunews.com\/?s={search_term_string}"},"query-input":"required name=search_term_string"}],"inLanguage":"pt-BR"},{"@type":"Organization","@id":"https:\/\/cacaunews.com\/#organization","name":"Cacau News","url":"https:\/\/cacaunews.com\/","logo":{"@type":"ImageObject","inLanguage":"pt-BR","@id":"https:\/\/cacaunews.com\/#\/schema\/logo\/image\/","url":"https:\/\/cacaunews.com\/wp-content\/uploads\/2025\/01\/cropped-LOGO-NOVA.png","contentUrl":"https:\/\/cacaunews.com\/wp-content\/uploads\/2025\/01\/cropped-LOGO-NOVA.png","width":813,"height":813,"caption":"Cacau News"},"image":{"@id":"https:\/\/cacaunews.com\/#\/schema\/logo\/image\/"},"sameAs":["https:\/\/www.instagram.com\/cacaunews.online\/","https:\/\/youtube.com\/@cacaunews?si=0VXLnjl08SrWbVG9"]},{"@type":"Person","@id":"https:\/\/cacaunews.com\/#\/schema\/person\/ea69703103e606ad347ccd64bd72ef79","name":"Reda\u00e7\u00e3o Cacau News","image":{"@type":"ImageObject","inLanguage":"pt-BR","@id":"https:\/\/cacaunews.com\/#\/schema\/person\/image\/","url":"https:\/\/secure.gravatar.com\/avatar\/d79227a2a7b6cc42e8d7a8f7c284cd3a?s=96&d=mm&r=g","contentUrl":"https:\/\/secure.gravatar.com\/avatar\/d79227a2a7b6cc42e8d7a8f7c284cd3a?s=96&d=mm&r=g","caption":"Reda\u00e7\u00e3o Cacau News"},"sameAs":["https:\/\/cacaunews.com"],"url":"https:\/\/cacaunews.com\/?author=1"}]}},"jetpack_sharing_enabled":true,"jetpack_featured_media_url":"https:\/\/cacaunews.com\/wp-content\/uploads\/2025\/02\/1513502025021867b4cdde6687f.jpg","_links":{"self":[{"href":"https:\/\/cacaunews.com\/index.php?rest_route=\/wp\/v2\/posts\/5893"}],"collection":[{"href":"https:\/\/cacaunews.com\/index.php?rest_route=\/wp\/v2\/posts"}],"about":[{"href":"https:\/\/cacaunews.com\/index.php?rest_route=\/wp\/v2\/types\/post"}],"author":[{"embeddable":true,"href":"https:\/\/cacaunews.com\/index.php?rest_route=\/wp\/v2\/users\/1"}],"replies":[{"embeddable":true,"href":"https:\/\/cacaunews.com\/index.php?rest_route=%2Fwp%2Fv2%2Fcomments&post=5893"}],"version-history":[{"count":4,"href":"https:\/\/cacaunews.com\/index.php?rest_route=\/wp\/v2\/posts\/5893\/revisions"}],"predecessor-version":[{"id":5904,"href":"https:\/\/cacaunews.com\/index.php?rest_route=\/wp\/v2\/posts\/5893\/revisions\/5904"}],"wp:featuredmedia":[{"embeddable":true,"href":"https:\/\/cacaunews.com\/index.php?rest_route=\/wp\/v2\/media\/5892"}],"wp:attachment":[{"href":"https:\/\/cacaunews.com\/index.php?rest_route=%2Fwp%2Fv2%2Fmedia&parent=5893"}],"wp:term":[{"taxonomy":"category","embeddable":true,"href":"https:\/\/cacaunews.com\/index.php?rest_route=%2Fwp%2Fv2%2Fcategories&post=5893"},{"taxonomy":"post_tag","embeddable":true,"href":"https:\/\/cacaunews.com\/index.php?rest_route=%2Fwp%2Fv2%2Ftags&post=5893"}],"curies":[{"name":"wp","href":"https:\/\/api.w.org\/{rel}","templated":true}]}}