{"id":5903,"date":"2025-02-19T12:30:38","date_gmt":"2025-02-19T12:30:38","guid":{"rendered":"https:\/\/cacaunews.com\/?p=5903"},"modified":"2025-02-19T15:47:34","modified_gmt":"2025-02-19T15:47:34","slug":"ilheus-jovem-de-15-anos-se-afoga-em-praia-da-zona-norte","status":"publish","type":"post","link":"https:\/\/cacaunews.com\/?p=5903","title":{"rendered":"Ilh\u00e9us: Jovem de 15 anos se afoga em praia da zona norte."},"content":{"rendered":"\n<p><em>\u00cdtalo Gabriel Dias Cerqueira, aprovado no IFBA, estava comemorando as f\u00e9rias com a fam\u00edlia quando o acidente ocorreu.<\/em><br \/><br \/>Na manh\u00e3 do \u00faltimo dia 18, uma trag\u00e9dia abalou a comunidade de Itabuna, na Bahia. \u00cdtalo Gabriel Dias Cerqueira, um jovem de apenas 15 anos, se afogou na Praia do Norte, em Ilh\u00e9us, nas proximidades do Condom\u00ednio Verdes Mares. O incidente ocorreu por volta das 11h30, enquanto \u00cdtalo e seu irm\u00e3o desfrutavam de um dia de sol e divers\u00e3o.<br \/><br \/>De acordo com relatos da fam\u00edlia, os irm\u00e3os estavam se banhando no mar quando \u00cdtalo come\u00e7ou a se afogar. O irm\u00e3o conseguiu sair da \u00e1gua a tempo, mas \u00cdtalo n\u00e3o teve a mesma sorte. Desesperados, os familiares acionaram imediatamente o Corpo de Bombeiros, que enviou uma equipe para realizar buscas no local.<br \/><br \/>Quatro nadadores profissionais foram mobilizados para tentar localizar o jovem. No entanto, as condi\u00e7\u00f5es do mar e a falta de visibilidade for\u00e7aram as equipes a interromperem as buscas por volta das 16h. A expectativa \u00e9 de que os trabalhos sejam retomados na manh\u00e3 de hoje.<\/p>\n\n\n\n<figure class=\"wp-block-image size-large\"><img fetchpriority=\"high\" decoding=\"async\" width=\"720\" height=\"990\" src=\"https:\/\/cacaunews.com\/wp-content\/uploads\/2025\/02\/image_editor_output_image-853630764-17399758779997390425832066801163.jpg\" alt=\"\" class=\"wp-image-5902\" srcset=\"https:\/\/cacaunews.com\/wp-content\/uploads\/2025\/02\/image_editor_output_image-853630764-17399758779997390425832066801163.jpg 720w, https:\/\/cacaunews.com\/wp-content\/uploads\/2025\/02\/image_editor_output_image-853630764-17399758779997390425832066801163-218x300.jpg 218w\" sizes=\"(max-width: 720px) 100vw, 720px\" \/><\/figure>\n\n\n\n<p>A fam\u00edlia de \u00cdtalo est\u00e1 devastada com a situa\u00e7\u00e3o. O adolescente foi recentemente aprovado no Instituto Federal da Bahia (IFBA) e estava ansioso para iniciar essa nova etapa em sua vida. Ele e sua fam\u00edlia estavam celebrando suas conquistas durante as f\u00e9rias.<\/p>\n\n\n\n<p>Com Informa\u00e7\u00f5es Central de Pol\u00edtica.<\/p>\n","protected":false},"excerpt":{"rendered":"<p>\u00cdtalo Gabriel Dias Cerqueira, aprovado no IFBA, estava comemorando as f\u00e9rias com a fam\u00edlia quando&#8230;<\/p>\n","protected":false},"author":1,"featured_media":5901,"comment_status":"open","ping_status":"open","sticky":false,"template":"","format":"standard","meta":{"footnotes":""},"categories":[18,11,1988],"tags":[372,37,282,2084],"yoast_head":"<!-- This site is optimized with the Yoast SEO plugin v21.7 - https:\/\/yoast.com\/wordpress\/plugins\/seo\/ -->\n<title>Ilh\u00e9us: Jovem de 15 anos se afoga em praia da zona norte. - Cacau News<\/title>\n<meta name=\"robots\" content=\"index, follow, max-snippet:-1, max-image-preview:large, max-video-preview:-1\" \/>\n<link rel=\"canonical\" href=\"https:\/\/cacaunews.com\/?p=5903\" \/>\n<meta property=\"og:locale\" content=\"pt_BR\" \/>\n<meta property=\"og:type\" content=\"article\" \/>\n<meta property=\"og:title\" content=\"Ilh\u00e9us: Jovem de 15 anos se afoga em praia da zona norte. - Cacau News\" \/>\n<meta property=\"og:description\" content=\"\u00cdtalo Gabriel Dias Cerqueira, aprovado no IFBA, estava comemorando as f\u00e9rias com a fam\u00edlia quando...\" \/>\n<meta property=\"og:url\" content=\"https:\/\/cacaunews.com\/?p=5903\" \/>\n<meta property=\"og:site_name\" content=\"Cacau News\" \/>\n<meta property=\"article:published_time\" content=\"2025-02-19T12:30:38+00:00\" \/>\n<meta property=\"article:modified_time\" content=\"2025-02-19T15:47:34+00:00\" \/>\n<meta property=\"og:image\" content=\"https:\/\/cacaunews.com\/wp-content\/uploads\/2025\/02\/image_editor_output_image1293716265-1739975728470.jpg\" \/>\n\t<meta property=\"og:image:width\" content=\"540\" \/>\n\t<meta property=\"og:image:height\" content=\"391\" \/>\n\t<meta property=\"og:image:type\" content=\"image\/jpeg\" \/>\n<meta name=\"author\" content=\"Reda\u00e7\u00e3o Cacau News\" \/>\n<meta name=\"twitter:card\" content=\"summary_large_image\" \/>\n<meta name=\"twitter:label1\" content=\"Escrito por\" \/>\n\t<meta name=\"twitter:data1\" content=\"Reda\u00e7\u00e3o Cacau News\" \/>\n\t<meta name=\"twitter:label2\" content=\"Est. tempo de leitura\" \/>\n\t<meta name=\"twitter:data2\" content=\"1 minuto\" \/>\n<script type=\"application\/ld+json\" class=\"yoast-schema-graph\">{\"@context\":\"https:\/\/schema.org\",\"@graph\":[{\"@type\":\"Article\",\"@id\":\"https:\/\/cacaunews.com\/?p=5903#article\",\"isPartOf\":{\"@id\":\"https:\/\/cacaunews.com\/?p=5903\"},\"author\":{\"name\":\"Reda\u00e7\u00e3o Cacau News\",\"@id\":\"https:\/\/cacaunews.com\/#\/schema\/person\/ea69703103e606ad347ccd64bd72ef79\"},\"headline\":\"Ilh\u00e9us: Jovem de 15 anos se afoga em praia da zona norte.\",\"datePublished\":\"2025-02-19T12:30:38+00:00\",\"dateModified\":\"2025-02-19T15:47:34+00:00\",\"mainEntityOfPage\":{\"@id\":\"https:\/\/cacaunews.com\/?p=5903\"},\"wordCount\":250,\"commentCount\":0,\"publisher\":{\"@id\":\"https:\/\/cacaunews.com\/#organization\"},\"keywords\":[\"afogamento\",\"ilheus\",\"jovem\",\"praia do norte\"],\"articleSection\":[\"cidades\",\"Jornalismo\",\"Pol\u00edcia\"],\"inLanguage\":\"pt-BR\",\"potentialAction\":[{\"@type\":\"CommentAction\",\"name\":\"Comment\",\"target\":[\"https:\/\/cacaunews.com\/?p=5903#respond\"]}]},{\"@type\":\"WebPage\",\"@id\":\"https:\/\/cacaunews.com\/?p=5903\",\"url\":\"https:\/\/cacaunews.com\/?p=5903\",\"name\":\"Ilh\u00e9us: Jovem de 15 anos se afoga em praia da zona norte. - Cacau News\",\"isPartOf\":{\"@id\":\"https:\/\/cacaunews.com\/#website\"},\"datePublished\":\"2025-02-19T12:30:38+00:00\",\"dateModified\":\"2025-02-19T15:47:34+00:00\",\"breadcrumb\":{\"@id\":\"https:\/\/cacaunews.com\/?p=5903#breadcrumb\"},\"inLanguage\":\"pt-BR\",\"potentialAction\":[{\"@type\":\"ReadAction\",\"target\":[\"https:\/\/cacaunews.com\/?p=5903\"]}]},{\"@type\":\"BreadcrumbList\",\"@id\":\"https:\/\/cacaunews.com\/?p=5903#breadcrumb\",\"itemListElement\":[{\"@type\":\"ListItem\",\"position\":1,\"name\":\"In\u00edcio\",\"item\":\"https:\/\/cacaunews.com\/\"},{\"@type\":\"ListItem\",\"position\":2,\"name\":\"Ilh\u00e9us: Jovem de 15 anos se afoga em praia da zona norte.\"}]},{\"@type\":\"WebSite\",\"@id\":\"https:\/\/cacaunews.com\/#website\",\"url\":\"https:\/\/cacaunews.com\/\",\"name\":\"Cacau News\",\"description\":\"A Informa\u00e7\u00e3o que voc\u00ea precisa!\",\"publisher\":{\"@id\":\"https:\/\/cacaunews.com\/#organization\"},\"potentialAction\":[{\"@type\":\"SearchAction\",\"target\":{\"@type\":\"EntryPoint\",\"urlTemplate\":\"https:\/\/cacaunews.com\/?s={search_term_string}\"},\"query-input\":\"required name=search_term_string\"}],\"inLanguage\":\"pt-BR\"},{\"@type\":\"Organization\",\"@id\":\"https:\/\/cacaunews.com\/#organization\",\"name\":\"Cacau News\",\"url\":\"https:\/\/cacaunews.com\/\",\"logo\":{\"@type\":\"ImageObject\",\"inLanguage\":\"pt-BR\",\"@id\":\"https:\/\/cacaunews.com\/#\/schema\/logo\/image\/\",\"url\":\"https:\/\/cacaunews.com\/wp-content\/uploads\/2025\/01\/cropped-LOGO-NOVA.png\",\"contentUrl\":\"https:\/\/cacaunews.com\/wp-content\/uploads\/2025\/01\/cropped-LOGO-NOVA.png\",\"width\":813,\"height\":813,\"caption\":\"Cacau News\"},\"image\":{\"@id\":\"https:\/\/cacaunews.com\/#\/schema\/logo\/image\/\"},\"sameAs\":[\"https:\/\/www.instagram.com\/cacaunews.online\/\",\"https:\/\/youtube.com\/@cacaunews?si=0VXLnjl08SrWbVG9\"]},{\"@type\":\"Person\",\"@id\":\"https:\/\/cacaunews.com\/#\/schema\/person\/ea69703103e606ad347ccd64bd72ef79\",\"name\":\"Reda\u00e7\u00e3o Cacau News\",\"image\":{\"@type\":\"ImageObject\",\"inLanguage\":\"pt-BR\",\"@id\":\"https:\/\/cacaunews.com\/#\/schema\/person\/image\/\",\"url\":\"https:\/\/secure.gravatar.com\/avatar\/d79227a2a7b6cc42e8d7a8f7c284cd3a?s=96&d=mm&r=g\",\"contentUrl\":\"https:\/\/secure.gravatar.com\/avatar\/d79227a2a7b6cc42e8d7a8f7c284cd3a?s=96&d=mm&r=g\",\"caption\":\"Reda\u00e7\u00e3o Cacau News\"},\"sameAs\":[\"https:\/\/cacaunews.com\"],\"url\":\"https:\/\/cacaunews.com\/?author=1\"}]}<\/script>\n<!-- \/ Yoast SEO plugin. -->","yoast_head_json":{"title":"Ilh\u00e9us: Jovem de 15 anos se afoga em praia da zona norte. - Cacau News","robots":{"index":"index","follow":"follow","max-snippet":"max-snippet:-1","max-image-preview":"max-image-preview:large","max-video-preview":"max-video-preview:-1"},"canonical":"https:\/\/cacaunews.com\/?p=5903","og_locale":"pt_BR","og_type":"article","og_title":"Ilh\u00e9us: Jovem de 15 anos se afoga em praia da zona norte. - Cacau News","og_description":"\u00cdtalo Gabriel Dias Cerqueira, aprovado no IFBA, estava comemorando as f\u00e9rias com a fam\u00edlia quando...","og_url":"https:\/\/cacaunews.com\/?p=5903","og_site_name":"Cacau News","article_published_time":"2025-02-19T12:30:38+00:00","article_modified_time":"2025-02-19T15:47:34+00:00","og_image":[{"width":540,"height":391,"url":"https:\/\/cacaunews.com\/wp-content\/uploads\/2025\/02\/image_editor_output_image1293716265-1739975728470.jpg","type":"image\/jpeg"}],"author":"Reda\u00e7\u00e3o Cacau News","twitter_card":"summary_large_image","twitter_misc":{"Escrito por":"Reda\u00e7\u00e3o Cacau News","Est. tempo de leitura":"1 minuto"},"schema":{"@context":"https:\/\/schema.org","@graph":[{"@type":"Article","@id":"https:\/\/cacaunews.com\/?p=5903#article","isPartOf":{"@id":"https:\/\/cacaunews.com\/?p=5903"},"author":{"name":"Reda\u00e7\u00e3o Cacau News","@id":"https:\/\/cacaunews.com\/#\/schema\/person\/ea69703103e606ad347ccd64bd72ef79"},"headline":"Ilh\u00e9us: Jovem de 15 anos se afoga em praia da zona norte.","datePublished":"2025-02-19T12:30:38+00:00","dateModified":"2025-02-19T15:47:34+00:00","mainEntityOfPage":{"@id":"https:\/\/cacaunews.com\/?p=5903"},"wordCount":250,"commentCount":0,"publisher":{"@id":"https:\/\/cacaunews.com\/#organization"},"keywords":["afogamento","ilheus","jovem","praia do norte"],"articleSection":["cidades","Jornalismo","Pol\u00edcia"],"inLanguage":"pt-BR","potentialAction":[{"@type":"CommentAction","name":"Comment","target":["https:\/\/cacaunews.com\/?p=5903#respond"]}]},{"@type":"WebPage","@id":"https:\/\/cacaunews.com\/?p=5903","url":"https:\/\/cacaunews.com\/?p=5903","name":"Ilh\u00e9us: Jovem de 15 anos se afoga em praia da zona norte. - Cacau News","isPartOf":{"@id":"https:\/\/cacaunews.com\/#website"},"datePublished":"2025-02-19T12:30:38+00:00","dateModified":"2025-02-19T15:47:34+00:00","breadcrumb":{"@id":"https:\/\/cacaunews.com\/?p=5903#breadcrumb"},"inLanguage":"pt-BR","potentialAction":[{"@type":"ReadAction","target":["https:\/\/cacaunews.com\/?p=5903"]}]},{"@type":"BreadcrumbList","@id":"https:\/\/cacaunews.com\/?p=5903#breadcrumb","itemListElement":[{"@type":"ListItem","position":1,"name":"In\u00edcio","item":"https:\/\/cacaunews.com\/"},{"@type":"ListItem","position":2,"name":"Ilh\u00e9us: Jovem de 15 anos se afoga em praia da zona norte."}]},{"@type":"WebSite","@id":"https:\/\/cacaunews.com\/#website","url":"https:\/\/cacaunews.com\/","name":"Cacau News","description":"A Informa\u00e7\u00e3o que voc\u00ea precisa!","publisher":{"@id":"https:\/\/cacaunews.com\/#organization"},"potentialAction":[{"@type":"SearchAction","target":{"@type":"EntryPoint","urlTemplate":"https:\/\/cacaunews.com\/?s={search_term_string}"},"query-input":"required name=search_term_string"}],"inLanguage":"pt-BR"},{"@type":"Organization","@id":"https:\/\/cacaunews.com\/#organization","name":"Cacau News","url":"https:\/\/cacaunews.com\/","logo":{"@type":"ImageObject","inLanguage":"pt-BR","@id":"https:\/\/cacaunews.com\/#\/schema\/logo\/image\/","url":"https:\/\/cacaunews.com\/wp-content\/uploads\/2025\/01\/cropped-LOGO-NOVA.png","contentUrl":"https:\/\/cacaunews.com\/wp-content\/uploads\/2025\/01\/cropped-LOGO-NOVA.png","width":813,"height":813,"caption":"Cacau News"},"image":{"@id":"https:\/\/cacaunews.com\/#\/schema\/logo\/image\/"},"sameAs":["https:\/\/www.instagram.com\/cacaunews.online\/","https:\/\/youtube.com\/@cacaunews?si=0VXLnjl08SrWbVG9"]},{"@type":"Person","@id":"https:\/\/cacaunews.com\/#\/schema\/person\/ea69703103e606ad347ccd64bd72ef79","name":"Reda\u00e7\u00e3o Cacau News","image":{"@type":"ImageObject","inLanguage":"pt-BR","@id":"https:\/\/cacaunews.com\/#\/schema\/person\/image\/","url":"https:\/\/secure.gravatar.com\/avatar\/d79227a2a7b6cc42e8d7a8f7c284cd3a?s=96&d=mm&r=g","contentUrl":"https:\/\/secure.gravatar.com\/avatar\/d79227a2a7b6cc42e8d7a8f7c284cd3a?s=96&d=mm&r=g","caption":"Reda\u00e7\u00e3o Cacau News"},"sameAs":["https:\/\/cacaunews.com"],"url":"https:\/\/cacaunews.com\/?author=1"}]}},"jetpack_sharing_enabled":true,"jetpack_featured_media_url":"https:\/\/cacaunews.com\/wp-content\/uploads\/2025\/02\/image_editor_output_image1293716265-1739975728470.jpg","_links":{"self":[{"href":"https:\/\/cacaunews.com\/index.php?rest_route=\/wp\/v2\/posts\/5903"}],"collection":[{"href":"https:\/\/cacaunews.com\/index.php?rest_route=\/wp\/v2\/posts"}],"about":[{"href":"https:\/\/cacaunews.com\/index.php?rest_route=\/wp\/v2\/types\/post"}],"author":[{"embeddable":true,"href":"https:\/\/cacaunews.com\/index.php?rest_route=\/wp\/v2\/users\/1"}],"replies":[{"embeddable":true,"href":"https:\/\/cacaunews.com\/index.php?rest_route=%2Fwp%2Fv2%2Fcomments&post=5903"}],"version-history":[{"count":2,"href":"https:\/\/cacaunews.com\/index.php?rest_route=\/wp\/v2\/posts\/5903\/revisions"}],"predecessor-version":[{"id":5906,"href":"https:\/\/cacaunews.com\/index.php?rest_route=\/wp\/v2\/posts\/5903\/revisions\/5906"}],"wp:featuredmedia":[{"embeddable":true,"href":"https:\/\/cacaunews.com\/index.php?rest_route=\/wp\/v2\/media\/5901"}],"wp:attachment":[{"href":"https:\/\/cacaunews.com\/index.php?rest_route=%2Fwp%2Fv2%2Fmedia&parent=5903"}],"wp:term":[{"taxonomy":"category","embeddable":true,"href":"https:\/\/cacaunews.com\/index.php?rest_route=%2Fwp%2Fv2%2Fcategories&post=5903"},{"taxonomy":"post_tag","embeddable":true,"href":"https:\/\/cacaunews.com\/index.php?rest_route=%2Fwp%2Fv2%2Ftags&post=5903"}],"curies":[{"name":"wp","href":"https:\/\/api.w.org\/{rel}","templated":true}]}}