{"id":5908,"date":"2025-02-19T16:04:11","date_gmt":"2025-02-19T16:04:11","guid":{"rendered":"https:\/\/cacaunews.com\/?p=5908"},"modified":"2025-02-19T16:04:11","modified_gmt":"2025-02-19T16:04:11","slug":"otto-alencar-e-eleito-presidente-da-ccj-do-senado","status":"publish","type":"post","link":"https:\/\/cacaunews.com\/?p=5908","title":{"rendered":"Otto Alencar \u00e9 eleito presidente da CCJ do Senado."},"content":{"rendered":"\n<p>Em reuni\u00e3o nesta quarta-feira (19) que instalou os trabalhos da Comiss\u00e3o de Constitui\u00e7\u00e3o e Justi\u00e7a (CCJ), o senador Otto Alencar (PSD-BA) foi eleito presidente do colegiado para o bi\u00eanio 2025-2026. Ainda n\u00e3o houve uma defini\u00e7\u00e3o sobre a vice-presid\u00eancia. O senador Jaques Wagner (PT-BA) dirigiu a elei\u00e7\u00e3o, que ocorreu por aclama\u00e7\u00e3o.<br><br>Otto j\u00e1 iniciou seu comando com altera\u00e7\u00f5es: agora as reuni\u00f5es da CCJ ser\u00e3o \u00e0s 9h, ao inv\u00e9s de 10h. Segundo ele, o novo hor\u00e1rio ser\u00e1 \u201cpara ganhar tempo\u201d, e ele se comprometeu a ser \u201co primeiro a chegar e o \u00faltimo a sair\u201d.<br><br>O novo presidente apontou que assegurar\u00e1 o tempo de fala dos senadores para aprimorar as discuss\u00f5es legislativas. Otto tamb\u00e9m afirmou que j\u00e1 est\u00e1 trabalhando para haver sintonia entre a CCJ e o Plen\u00e1rio.<br><br>\u201cConversei com o atual presidente [do Senado] Davi Alcolumbre para que aconte\u00e7a entre essa presid\u00eancia de comiss\u00e3o e a presid\u00eancia do Senado sintonia de discuss\u00e3o e encaminhamento, ouvindo todos aqueles que s\u00e3o l\u00edderes. Poderemos ter diverg\u00eancias do ponto de vista da interpreta\u00e7\u00e3o ou do encaminhamento, mas jamais tomaremos uma decis\u00e3o que n\u00e3o seja dentro da \u00e9tica, da lealdade e da fidelidade\u201d, disse.<br><br>Presidente do Senado para o bi\u00eanio 2025-2026 e ex-presidente da CCJ, Davi Alcolumbre esteve na reuni\u00e3o.<\/p>\n\n\n\n<p><strong>Pauta<\/strong><\/p>\n\n\n\n<p>Otto j\u00e1 entregou a relatoria do Projeto de Lei Complementar (PLP) 108\/2024, que d\u00e1 continuidade \u00e0 regulamenta\u00e7\u00e3o da reforma tribut\u00e1ria, ao senador Eduardo Braga (MDB-AM), que tamb\u00e9m relatou as propostas que resultaram na reforma tribut\u00e1ria e em sua primeira regulamenta\u00e7\u00e3o, aprovadas no Senado em 2023 e 2024. Braga elogiou Otto e apontou os desafios para o mandato.<br><br>\u201cSer\u00e1 uma quadra desafiadora, onde o Brasil precisa de reformas important\u00edssimas para entregar ao povo um pa\u00eds que possa voltar a ter um crescimento est\u00e1vel e uma democracia cada vez mais respeitada\u201d, disse\u00a0 Eduardo Braga.<br><br>O senador Rog\u00e9rio Carvalho (PT-SE) tamb\u00e9m parabenizou o novo presidente da comiss\u00e3o que, para ele, \u201c\u00e9 a de maior relev\u00e2ncia do Senado\u201d.<br><br>Juntamente com elogios, outros senadores tamb\u00e9m apresentaram propostas legislativas que aguardam tramita\u00e7\u00e3o no colegiado. A senadora Soraya Thronicke (Podemos-MS), por exemplo, apontou que \u00e9 autora de \u201c32 projetos de lei aguardando relatoria\u201d.<br><br>J\u00e1 o senador Esperidi\u00e3o Amin (PP-SC) chamou aten\u00e7\u00e3o para a proposta de Emenda \u00e0 Constitui\u00e7\u00e3o (PEC) do marco temporal para demarca\u00e7\u00e3o de terras ind\u00edgenas. O texto define o dia da promulga\u00e7\u00e3o da Constitui\u00e7\u00e3o como marco temporal. A tese j\u00e1 foi considerada inconstitucional pelo Supremo Tribunal Federal (STF), que, diante da resist\u00eancia do Congresso, tem tentado uma concilia\u00e7\u00e3o entre os Poderes, at\u00e9 agora sem \u00eaxito.<\/p>\n\n\n\n<p><strong>Negocia\u00e7\u00f5es<\/strong><\/p>\n\n\n\n<p>A escolha de Otto foi fruto de acordo firmado conclu\u00eddo nesta ter\u00e7a-feira (18) em reuni\u00e3o de Davi Alcolumbre com as lideran\u00e7as partid\u00e1rias. As negocia\u00e7\u00f5es para a distribui\u00e7\u00e3o das presid\u00eancias das comiss\u00f5es se iniciam desde a elei\u00e7\u00e3o do presidente do Senado e da forma\u00e7\u00e3o da Mesa neste ano. Os membros das comiss\u00f5es, tradicionalmente, referendam essas escolhas.<br><br>O tamanho das bancadas \u2014 grupo de parlamentares organizados por interesses comuns ou por regras regimentais \u2014 tamb\u00e9m serve como crit\u00e9rio nas negocia\u00e7\u00f5es sobre a presid\u00eancia e a composi\u00e7\u00e3o das comiss\u00f5es \u2014 a CCJ j\u00e1 est\u00e1 renovada. As maiores siglas partid\u00e1rias e blocos \u2014 alian\u00e7a de dois ou mais partidos \u2014 costumam ter prioridade nas escolhas de comiss\u00f5es e podem ficar com colegiados de maior prest\u00edgio ou um n\u00famero maior de presid\u00eancias.<\/p>\n\n\n\n<p><strong>Biografia<\/strong><\/p>\n\n\n\n<p>Otto Roberto Mendon\u00e7a de Alencar, de 77 anos, nasceu no munic\u00edpio Ruy Barbosa, na Bahia. Formado em Medicina, o parlamentar j\u00e1 exerceu diversos cargos pol\u00edticos, como o de deputado estadual (entre\u00a0 1987 e 1998) e o de vice-governador da Bahia, em 2002, ap\u00f3s ren\u00fancia do titular, C\u00e9sar Borges. Com o ent\u00e3o prefeito de S\u00e3o Paulo, Gilberto Kassab, fundou, em 2011, o Partido Social Democr\u00e1tico (PSD).<br><br>O novo presidente da CCJ \u00e9 senador desde 2014. J\u00e1 presidiu as Comiss\u00f5es de Meio Ambiente (CMA); Defesa do Consumidor e Fiscaliza\u00e7\u00e3o e Controle (CTFC); Ci\u00eancia, Tecnologia, Inova\u00e7\u00e3o, Comunica\u00e7\u00e3o e Inform\u00e1tica (CCT); e Assuntos Econ\u00f4micos (CAE).<br><br><strong>A comiss\u00e3o<\/strong><\/p>\n\n\n\n<p>A CCJ analisa indica\u00e7\u00f5es para o Supremo Tribunal Federal, tribunais superiores e outros \u00f3rg\u00e3os. Tamb\u00e9m faz o controle da constitucionalidade e juridicidade de propostas que lhe s\u00e3o submetidas. Composta por 27 titulares e igual n\u00famero de suplentes, a CCJ ainda opina sobre temas como direito civil, comercial, penal, processual, eleitoral, estado de defesa, s\u00edtio e interven\u00e7\u00e3o.<\/p>\n\n\n\n<p>Com Informa\u00e7\u00f5es Ag\u00eancia Senado.<\/p>\n","protected":false},"excerpt":{"rendered":"<p>Em reuni\u00e3o nesta quarta-feira (19) que instalou os trabalhos da Comiss\u00e3o de Constitui\u00e7\u00e3o e Justi\u00e7a&#8230;<\/p>\n","protected":false},"author":1,"featured_media":5907,"comment_status":"open","ping_status":"open","sticky":false,"template":"","format":"standard","meta":{"footnotes":""},"categories":[11,5],"tags":[1478,2085,26,86],"yoast_head":"<!-- This site is optimized with the Yoast SEO plugin v21.7 - https:\/\/yoast.com\/wordpress\/plugins\/seo\/ -->\n<title>Otto Alencar \u00e9 eleito presidente da CCJ do Senado. - Cacau News<\/title>\n<meta name=\"robots\" content=\"index, follow, max-snippet:-1, max-image-preview:large, max-video-preview:-1\" \/>\n<link rel=\"canonical\" href=\"https:\/\/cacaunews.com\/?p=5908\" \/>\n<meta property=\"og:locale\" content=\"pt_BR\" \/>\n<meta property=\"og:type\" content=\"article\" \/>\n<meta property=\"og:title\" content=\"Otto Alencar \u00e9 eleito presidente da CCJ do Senado. - Cacau News\" \/>\n<meta property=\"og:description\" content=\"Em reuni\u00e3o nesta quarta-feira (19) que instalou os trabalhos da Comiss\u00e3o de Constitui\u00e7\u00e3o e Justi\u00e7a...\" \/>\n<meta property=\"og:url\" content=\"https:\/\/cacaunews.com\/?p=5908\" \/>\n<meta property=\"og:site_name\" content=\"Cacau News\" \/>\n<meta property=\"article:published_time\" content=\"2025-02-19T16:04:11+00:00\" \/>\n<meta name=\"author\" content=\"Reda\u00e7\u00e3o Cacau News\" \/>\n<meta name=\"twitter:card\" content=\"summary_large_image\" \/>\n<meta name=\"twitter:label1\" content=\"Escrito por\" \/>\n\t<meta name=\"twitter:data1\" content=\"Reda\u00e7\u00e3o Cacau News\" \/>\n\t<meta name=\"twitter:label2\" content=\"Est. tempo de leitura\" \/>\n\t<meta name=\"twitter:data2\" content=\"4 minutos\" \/>\n<script type=\"application\/ld+json\" class=\"yoast-schema-graph\">{\"@context\":\"https:\/\/schema.org\",\"@graph\":[{\"@type\":\"Article\",\"@id\":\"https:\/\/cacaunews.com\/?p=5908#article\",\"isPartOf\":{\"@id\":\"https:\/\/cacaunews.com\/?p=5908\"},\"author\":{\"name\":\"Reda\u00e7\u00e3o Cacau News\",\"@id\":\"https:\/\/cacaunews.com\/#\/schema\/person\/ea69703103e606ad347ccd64bd72ef79\"},\"headline\":\"Otto Alencar \u00e9 eleito presidente da CCJ do Senado.\",\"datePublished\":\"2025-02-19T16:04:11+00:00\",\"dateModified\":\"2025-02-19T16:04:11+00:00\",\"mainEntityOfPage\":{\"@id\":\"https:\/\/cacaunews.com\/?p=5908\"},\"wordCount\":797,\"commentCount\":0,\"publisher\":{\"@id\":\"https:\/\/cacaunews.com\/#organization\"},\"keywords\":[\"ccj\",\"Otto\",\"politica\",\"senado\"],\"articleSection\":[\"Jornalismo\",\"Politica\"],\"inLanguage\":\"pt-BR\",\"potentialAction\":[{\"@type\":\"CommentAction\",\"name\":\"Comment\",\"target\":[\"https:\/\/cacaunews.com\/?p=5908#respond\"]}]},{\"@type\":\"WebPage\",\"@id\":\"https:\/\/cacaunews.com\/?p=5908\",\"url\":\"https:\/\/cacaunews.com\/?p=5908\",\"name\":\"Otto Alencar \u00e9 eleito presidente da CCJ do Senado. - Cacau News\",\"isPartOf\":{\"@id\":\"https:\/\/cacaunews.com\/#website\"},\"datePublished\":\"2025-02-19T16:04:11+00:00\",\"dateModified\":\"2025-02-19T16:04:11+00:00\",\"breadcrumb\":{\"@id\":\"https:\/\/cacaunews.com\/?p=5908#breadcrumb\"},\"inLanguage\":\"pt-BR\",\"potentialAction\":[{\"@type\":\"ReadAction\",\"target\":[\"https:\/\/cacaunews.com\/?p=5908\"]}]},{\"@type\":\"BreadcrumbList\",\"@id\":\"https:\/\/cacaunews.com\/?p=5908#breadcrumb\",\"itemListElement\":[{\"@type\":\"ListItem\",\"position\":1,\"name\":\"In\u00edcio\",\"item\":\"https:\/\/cacaunews.com\/\"},{\"@type\":\"ListItem\",\"position\":2,\"name\":\"Otto Alencar \u00e9 eleito presidente da CCJ do Senado.\"}]},{\"@type\":\"WebSite\",\"@id\":\"https:\/\/cacaunews.com\/#website\",\"url\":\"https:\/\/cacaunews.com\/\",\"name\":\"Cacau News\",\"description\":\"A Informa\u00e7\u00e3o que voc\u00ea precisa!\",\"publisher\":{\"@id\":\"https:\/\/cacaunews.com\/#organization\"},\"potentialAction\":[{\"@type\":\"SearchAction\",\"target\":{\"@type\":\"EntryPoint\",\"urlTemplate\":\"https:\/\/cacaunews.com\/?s={search_term_string}\"},\"query-input\":\"required name=search_term_string\"}],\"inLanguage\":\"pt-BR\"},{\"@type\":\"Organization\",\"@id\":\"https:\/\/cacaunews.com\/#organization\",\"name\":\"Cacau News\",\"url\":\"https:\/\/cacaunews.com\/\",\"logo\":{\"@type\":\"ImageObject\",\"inLanguage\":\"pt-BR\",\"@id\":\"https:\/\/cacaunews.com\/#\/schema\/logo\/image\/\",\"url\":\"https:\/\/cacaunews.com\/wp-content\/uploads\/2025\/01\/cropped-LOGO-NOVA.png\",\"contentUrl\":\"https:\/\/cacaunews.com\/wp-content\/uploads\/2025\/01\/cropped-LOGO-NOVA.png\",\"width\":813,\"height\":813,\"caption\":\"Cacau News\"},\"image\":{\"@id\":\"https:\/\/cacaunews.com\/#\/schema\/logo\/image\/\"},\"sameAs\":[\"https:\/\/www.instagram.com\/cacaunews.online\/\",\"https:\/\/youtube.com\/@cacaunews?si=0VXLnjl08SrWbVG9\"]},{\"@type\":\"Person\",\"@id\":\"https:\/\/cacaunews.com\/#\/schema\/person\/ea69703103e606ad347ccd64bd72ef79\",\"name\":\"Reda\u00e7\u00e3o Cacau News\",\"image\":{\"@type\":\"ImageObject\",\"inLanguage\":\"pt-BR\",\"@id\":\"https:\/\/cacaunews.com\/#\/schema\/person\/image\/\",\"url\":\"https:\/\/secure.gravatar.com\/avatar\/d79227a2a7b6cc42e8d7a8f7c284cd3a?s=96&d=mm&r=g\",\"contentUrl\":\"https:\/\/secure.gravatar.com\/avatar\/d79227a2a7b6cc42e8d7a8f7c284cd3a?s=96&d=mm&r=g\",\"caption\":\"Reda\u00e7\u00e3o Cacau News\"},\"sameAs\":[\"https:\/\/cacaunews.com\"],\"url\":\"https:\/\/cacaunews.com\/?author=1\"}]}<\/script>\n<!-- \/ Yoast SEO plugin. -->","yoast_head_json":{"title":"Otto Alencar \u00e9 eleito presidente da CCJ do Senado. - Cacau News","robots":{"index":"index","follow":"follow","max-snippet":"max-snippet:-1","max-image-preview":"max-image-preview:large","max-video-preview":"max-video-preview:-1"},"canonical":"https:\/\/cacaunews.com\/?p=5908","og_locale":"pt_BR","og_type":"article","og_title":"Otto Alencar \u00e9 eleito presidente da CCJ do Senado. - Cacau News","og_description":"Em reuni\u00e3o nesta quarta-feira (19) que instalou os trabalhos da Comiss\u00e3o de Constitui\u00e7\u00e3o e Justi\u00e7a...","og_url":"https:\/\/cacaunews.com\/?p=5908","og_site_name":"Cacau News","article_published_time":"2025-02-19T16:04:11+00:00","author":"Reda\u00e7\u00e3o Cacau News","twitter_card":"summary_large_image","twitter_misc":{"Escrito por":"Reda\u00e7\u00e3o Cacau News","Est. tempo de leitura":"4 minutos"},"schema":{"@context":"https:\/\/schema.org","@graph":[{"@type":"Article","@id":"https:\/\/cacaunews.com\/?p=5908#article","isPartOf":{"@id":"https:\/\/cacaunews.com\/?p=5908"},"author":{"name":"Reda\u00e7\u00e3o Cacau News","@id":"https:\/\/cacaunews.com\/#\/schema\/person\/ea69703103e606ad347ccd64bd72ef79"},"headline":"Otto Alencar \u00e9 eleito presidente da CCJ do Senado.","datePublished":"2025-02-19T16:04:11+00:00","dateModified":"2025-02-19T16:04:11+00:00","mainEntityOfPage":{"@id":"https:\/\/cacaunews.com\/?p=5908"},"wordCount":797,"commentCount":0,"publisher":{"@id":"https:\/\/cacaunews.com\/#organization"},"keywords":["ccj","Otto","politica","senado"],"articleSection":["Jornalismo","Politica"],"inLanguage":"pt-BR","potentialAction":[{"@type":"CommentAction","name":"Comment","target":["https:\/\/cacaunews.com\/?p=5908#respond"]}]},{"@type":"WebPage","@id":"https:\/\/cacaunews.com\/?p=5908","url":"https:\/\/cacaunews.com\/?p=5908","name":"Otto Alencar \u00e9 eleito presidente da CCJ do Senado. - Cacau News","isPartOf":{"@id":"https:\/\/cacaunews.com\/#website"},"datePublished":"2025-02-19T16:04:11+00:00","dateModified":"2025-02-19T16:04:11+00:00","breadcrumb":{"@id":"https:\/\/cacaunews.com\/?p=5908#breadcrumb"},"inLanguage":"pt-BR","potentialAction":[{"@type":"ReadAction","target":["https:\/\/cacaunews.com\/?p=5908"]}]},{"@type":"BreadcrumbList","@id":"https:\/\/cacaunews.com\/?p=5908#breadcrumb","itemListElement":[{"@type":"ListItem","position":1,"name":"In\u00edcio","item":"https:\/\/cacaunews.com\/"},{"@type":"ListItem","position":2,"name":"Otto Alencar \u00e9 eleito presidente da CCJ do Senado."}]},{"@type":"WebSite","@id":"https:\/\/cacaunews.com\/#website","url":"https:\/\/cacaunews.com\/","name":"Cacau News","description":"A Informa\u00e7\u00e3o que voc\u00ea precisa!","publisher":{"@id":"https:\/\/cacaunews.com\/#organization"},"potentialAction":[{"@type":"SearchAction","target":{"@type":"EntryPoint","urlTemplate":"https:\/\/cacaunews.com\/?s={search_term_string}"},"query-input":"required name=search_term_string"}],"inLanguage":"pt-BR"},{"@type":"Organization","@id":"https:\/\/cacaunews.com\/#organization","name":"Cacau News","url":"https:\/\/cacaunews.com\/","logo":{"@type":"ImageObject","inLanguage":"pt-BR","@id":"https:\/\/cacaunews.com\/#\/schema\/logo\/image\/","url":"https:\/\/cacaunews.com\/wp-content\/uploads\/2025\/01\/cropped-LOGO-NOVA.png","contentUrl":"https:\/\/cacaunews.com\/wp-content\/uploads\/2025\/01\/cropped-LOGO-NOVA.png","width":813,"height":813,"caption":"Cacau News"},"image":{"@id":"https:\/\/cacaunews.com\/#\/schema\/logo\/image\/"},"sameAs":["https:\/\/www.instagram.com\/cacaunews.online\/","https:\/\/youtube.com\/@cacaunews?si=0VXLnjl08SrWbVG9"]},{"@type":"Person","@id":"https:\/\/cacaunews.com\/#\/schema\/person\/ea69703103e606ad347ccd64bd72ef79","name":"Reda\u00e7\u00e3o Cacau News","image":{"@type":"ImageObject","inLanguage":"pt-BR","@id":"https:\/\/cacaunews.com\/#\/schema\/person\/image\/","url":"https:\/\/secure.gravatar.com\/avatar\/d79227a2a7b6cc42e8d7a8f7c284cd3a?s=96&d=mm&r=g","contentUrl":"https:\/\/secure.gravatar.com\/avatar\/d79227a2a7b6cc42e8d7a8f7c284cd3a?s=96&d=mm&r=g","caption":"Reda\u00e7\u00e3o Cacau News"},"sameAs":["https:\/\/cacaunews.com"],"url":"https:\/\/cacaunews.com\/?author=1"}]}},"jetpack_sharing_enabled":true,"jetpack_featured_media_url":"https:\/\/cacaunews.com\/wp-content\/uploads\/2025\/02\/IMG-20250219-WA0185.jpg","_links":{"self":[{"href":"https:\/\/cacaunews.com\/index.php?rest_route=\/wp\/v2\/posts\/5908"}],"collection":[{"href":"https:\/\/cacaunews.com\/index.php?rest_route=\/wp\/v2\/posts"}],"about":[{"href":"https:\/\/cacaunews.com\/index.php?rest_route=\/wp\/v2\/types\/post"}],"author":[{"embeddable":true,"href":"https:\/\/cacaunews.com\/index.php?rest_route=\/wp\/v2\/users\/1"}],"replies":[{"embeddable":true,"href":"https:\/\/cacaunews.com\/index.php?rest_route=%2Fwp%2Fv2%2Fcomments&post=5908"}],"version-history":[{"count":0,"href":"https:\/\/cacaunews.com\/index.php?rest_route=\/wp\/v2\/posts\/5908\/revisions"}],"wp:featuredmedia":[{"embeddable":true,"href":"https:\/\/cacaunews.com\/index.php?rest_route=\/wp\/v2\/media\/5907"}],"wp:attachment":[{"href":"https:\/\/cacaunews.com\/index.php?rest_route=%2Fwp%2Fv2%2Fmedia&parent=5908"}],"wp:term":[{"taxonomy":"category","embeddable":true,"href":"https:\/\/cacaunews.com\/index.php?rest_route=%2Fwp%2Fv2%2Fcategories&post=5908"},{"taxonomy":"post_tag","embeddable":true,"href":"https:\/\/cacaunews.com\/index.php?rest_route=%2Fwp%2Fv2%2Ftags&post=5908"}],"curies":[{"name":"wp","href":"https:\/\/api.w.org\/{rel}","templated":true}]}}