{"id":5934,"date":"2025-02-24T08:00:57","date_gmt":"2025-02-24T08:00:57","guid":{"rendered":"https:\/\/cacaunews.com\/?p=5934"},"modified":"2025-02-24T08:27:14","modified_gmt":"2025-02-24T08:27:14","slug":"itabuna-colisao-frontal-entre-carro-escolar-e-moto-deixa-vitima-fatal","status":"publish","type":"post","link":"https:\/\/cacaunews.com\/?p=5934","title":{"rendered":"Itabuna: Colis\u00e3o frontal entre carro escolar e moto deixa v\u00edtima fatal."},"content":{"rendered":"\n<p>Um grave acidente de tr\u00e2nsito resultou na morte de uma mulher na tarde deste domingo (23) em Itabuna. A colis\u00e3o frontal entre uma motocicleta e um carro de transporte escolar ocorreu na Rua Floresta, no bairro S\u00e3o Caetano.<br><br>A v\u00edtima fatal foi identificada como Ana L\u00facia dos Santos, de 36 anos, moradora da parte alta do bairro Maria Pinheiro. Ela conduzia a motocicleta Honda Biz no momento do acidente. O carro escolar era dirigido por Ziltamar de Ara\u00fajo G\u00f3es J\u00fanior, de 38 anos, residente do bairro S\u00e3o Caetano.<\/p>\n\n\n\n<figure class=\"wp-block-image size-large\"><img fetchpriority=\"high\" decoding=\"async\" width=\"975\" height=\"1024\" src=\"https:\/\/cacaunews.com\/wp-content\/uploads\/2025\/02\/img_20250224_0521272880974339370729673-975x1024.jpg\" alt=\"\" class=\"wp-image-5933\" srcset=\"https:\/\/cacaunews.com\/wp-content\/uploads\/2025\/02\/img_20250224_0521272880974339370729673-975x1024.jpg 975w, https:\/\/cacaunews.com\/wp-content\/uploads\/2025\/02\/img_20250224_0521272880974339370729673-286x300.jpg 286w, https:\/\/cacaunews.com\/wp-content\/uploads\/2025\/02\/img_20250224_0521272880974339370729673-768x806.jpg 768w, https:\/\/cacaunews.com\/wp-content\/uploads\/2025\/02\/img_20250224_0521272880974339370729673-1024x1075.jpg 1024w, https:\/\/cacaunews.com\/wp-content\/uploads\/2025\/02\/img_20250224_0521272880974339370729673.jpg 1080w\" sizes=\"(max-width: 975px) 100vw, 975px\" \/><\/figure>\n\n\n\n<p><br>A colis\u00e3o foi de tamanha viol\u00eancia que a frente do carro ficou parcialmente destru\u00edda, e a moto, completamente danificada, com pe\u00e7as espalhadas pela pista. Uma equipe do Servi\u00e7o de Atendimento M\u00f3vel de Urg\u00eancia (SAMU) chegou rapidamente ao local e tentou reanimar Ana L\u00facia por cerca de meia hora dentro da ambul\u00e2ncia, mas infelizmente, ela n\u00e3o resistiu aos ferimentos e faleceu a caminho do Hospital de Base Lu\u00eds Eduardo Magalh\u00e3es.<br><br>Familiares e amigos de Ana L\u00facia estiveram no local do acidente e acompanharam a ambul\u00e2ncia at\u00e9 o hospital. O esposo da v\u00edtima, ao receber a not\u00edcia da morte da companheira, ficou em estado de choque na porta do hospital, expressando sua dor e desespero.<\/p>\n\n\n\n<p>O condutor do carro escolar foi encaminhado para uma base da Pol\u00edcia Rodovi\u00e1ria Federal para realizar o teste de etil\u00f4metro, mas se recusou a faz\u00ea-lo. Segundo Ziltamar, ele havia acabado de sair de uma borracharia e seguia para sua casa quando Ana L\u00facia, desviando de um carro estacionado, colidiu frontalmente com o seu ve\u00edculo.<\/p>\n\n\n\n<p>A delegada Lisdeili Nobre est\u00e1 investigando o caso e buscando imagens de c\u00e2meras de seguran\u00e7a que possam ajudar a esclarecer as causas do acidente. Ana L\u00facia deixa um filho de 12 anos.<br><br>O Cacau News lamenta profundamente o ocorrido e se solidariza com seus familiares e amigos neste momento de dor.<\/p>\n\n\n\n<p>Com Informa\u00e7\u00f5es Blog Verdinho.<\/p>\n","protected":false},"excerpt":{"rendered":"<p>Um grave acidente de tr\u00e2nsito resultou na morte de uma mulher na tarde deste domingo&#8230;<\/p>\n","protected":false},"author":1,"featured_media":5932,"comment_status":"open","ping_status":"open","sticky":false,"template":"","format":"standard","meta":{"footnotes":""},"categories":[18,11],"tags":[1867,27,15,1901],"yoast_head":"<!-- This site is optimized with the Yoast SEO plugin v21.7 - https:\/\/yoast.com\/wordpress\/plugins\/seo\/ -->\n<title>Itabuna: Colis\u00e3o frontal entre carro escolar e moto deixa v\u00edtima fatal. - Cacau News<\/title>\n<meta name=\"robots\" content=\"index, follow, max-snippet:-1, max-image-preview:large, max-video-preview:-1\" \/>\n<link rel=\"canonical\" href=\"https:\/\/cacaunews.com\/?p=5934\" \/>\n<meta property=\"og:locale\" content=\"pt_BR\" \/>\n<meta property=\"og:type\" content=\"article\" \/>\n<meta property=\"og:title\" content=\"Itabuna: Colis\u00e3o frontal entre carro escolar e moto deixa v\u00edtima fatal. - Cacau News\" \/>\n<meta property=\"og:description\" content=\"Um grave acidente de tr\u00e2nsito resultou na morte de uma mulher na tarde deste domingo...\" \/>\n<meta property=\"og:url\" content=\"https:\/\/cacaunews.com\/?p=5934\" \/>\n<meta property=\"og:site_name\" content=\"Cacau News\" \/>\n<meta property=\"article:published_time\" content=\"2025-02-24T08:00:57+00:00\" \/>\n<meta property=\"article:modified_time\" content=\"2025-02-24T08:27:14+00:00\" \/>\n<meta property=\"og:image\" content=\"https:\/\/cacaunews.com\/wp-content\/uploads\/2025\/02\/IMG_20250224_052104.jpg\" \/>\n\t<meta property=\"og:image:width\" content=\"1080\" \/>\n\t<meta property=\"og:image:height\" content=\"1080\" \/>\n\t<meta property=\"og:image:type\" content=\"image\/jpeg\" \/>\n<meta name=\"author\" content=\"Reda\u00e7\u00e3o Cacau News\" \/>\n<meta name=\"twitter:card\" content=\"summary_large_image\" \/>\n<meta name=\"twitter:label1\" content=\"Escrito por\" \/>\n\t<meta name=\"twitter:data1\" content=\"Reda\u00e7\u00e3o Cacau News\" \/>\n\t<meta name=\"twitter:label2\" content=\"Est. tempo de leitura\" \/>\n\t<meta name=\"twitter:data2\" content=\"2 minutos\" \/>\n<script type=\"application\/ld+json\" class=\"yoast-schema-graph\">{\"@context\":\"https:\/\/schema.org\",\"@graph\":[{\"@type\":\"Article\",\"@id\":\"https:\/\/cacaunews.com\/?p=5934#article\",\"isPartOf\":{\"@id\":\"https:\/\/cacaunews.com\/?p=5934\"},\"author\":{\"name\":\"Reda\u00e7\u00e3o Cacau News\",\"@id\":\"https:\/\/cacaunews.com\/#\/schema\/person\/ea69703103e606ad347ccd64bd72ef79\"},\"headline\":\"Itabuna: Colis\u00e3o frontal entre carro escolar e moto deixa v\u00edtima fatal.\",\"datePublished\":\"2025-02-24T08:00:57+00:00\",\"dateModified\":\"2025-02-24T08:27:14+00:00\",\"mainEntityOfPage\":{\"@id\":\"https:\/\/cacaunews.com\/?p=5934\"},\"wordCount\":354,\"commentCount\":0,\"publisher\":{\"@id\":\"https:\/\/cacaunews.com\/#organization\"},\"keywords\":[\"colis\u00e3o\",\"itabuna\",\"transito\",\"v\u00edtima fatal\"],\"articleSection\":[\"cidades\",\"Jornalismo\"],\"inLanguage\":\"pt-BR\",\"potentialAction\":[{\"@type\":\"CommentAction\",\"name\":\"Comment\",\"target\":[\"https:\/\/cacaunews.com\/?p=5934#respond\"]}]},{\"@type\":\"WebPage\",\"@id\":\"https:\/\/cacaunews.com\/?p=5934\",\"url\":\"https:\/\/cacaunews.com\/?p=5934\",\"name\":\"Itabuna: Colis\u00e3o frontal entre carro escolar e moto deixa v\u00edtima fatal. - Cacau News\",\"isPartOf\":{\"@id\":\"https:\/\/cacaunews.com\/#website\"},\"datePublished\":\"2025-02-24T08:00:57+00:00\",\"dateModified\":\"2025-02-24T08:27:14+00:00\",\"breadcrumb\":{\"@id\":\"https:\/\/cacaunews.com\/?p=5934#breadcrumb\"},\"inLanguage\":\"pt-BR\",\"potentialAction\":[{\"@type\":\"ReadAction\",\"target\":[\"https:\/\/cacaunews.com\/?p=5934\"]}]},{\"@type\":\"BreadcrumbList\",\"@id\":\"https:\/\/cacaunews.com\/?p=5934#breadcrumb\",\"itemListElement\":[{\"@type\":\"ListItem\",\"position\":1,\"name\":\"In\u00edcio\",\"item\":\"https:\/\/cacaunews.com\/\"},{\"@type\":\"ListItem\",\"position\":2,\"name\":\"Itabuna: Colis\u00e3o frontal entre carro escolar e moto deixa v\u00edtima fatal.\"}]},{\"@type\":\"WebSite\",\"@id\":\"https:\/\/cacaunews.com\/#website\",\"url\":\"https:\/\/cacaunews.com\/\",\"name\":\"Cacau News\",\"description\":\"A Informa\u00e7\u00e3o que voc\u00ea precisa!\",\"publisher\":{\"@id\":\"https:\/\/cacaunews.com\/#organization\"},\"potentialAction\":[{\"@type\":\"SearchAction\",\"target\":{\"@type\":\"EntryPoint\",\"urlTemplate\":\"https:\/\/cacaunews.com\/?s={search_term_string}\"},\"query-input\":\"required name=search_term_string\"}],\"inLanguage\":\"pt-BR\"},{\"@type\":\"Organization\",\"@id\":\"https:\/\/cacaunews.com\/#organization\",\"name\":\"Cacau News\",\"url\":\"https:\/\/cacaunews.com\/\",\"logo\":{\"@type\":\"ImageObject\",\"inLanguage\":\"pt-BR\",\"@id\":\"https:\/\/cacaunews.com\/#\/schema\/logo\/image\/\",\"url\":\"https:\/\/cacaunews.com\/wp-content\/uploads\/2025\/01\/cropped-LOGO-NOVA.png\",\"contentUrl\":\"https:\/\/cacaunews.com\/wp-content\/uploads\/2025\/01\/cropped-LOGO-NOVA.png\",\"width\":813,\"height\":813,\"caption\":\"Cacau News\"},\"image\":{\"@id\":\"https:\/\/cacaunews.com\/#\/schema\/logo\/image\/\"},\"sameAs\":[\"https:\/\/www.instagram.com\/cacaunews.online\/\",\"https:\/\/youtube.com\/@cacaunews?si=0VXLnjl08SrWbVG9\"]},{\"@type\":\"Person\",\"@id\":\"https:\/\/cacaunews.com\/#\/schema\/person\/ea69703103e606ad347ccd64bd72ef79\",\"name\":\"Reda\u00e7\u00e3o Cacau News\",\"image\":{\"@type\":\"ImageObject\",\"inLanguage\":\"pt-BR\",\"@id\":\"https:\/\/cacaunews.com\/#\/schema\/person\/image\/\",\"url\":\"https:\/\/secure.gravatar.com\/avatar\/d79227a2a7b6cc42e8d7a8f7c284cd3a?s=96&d=mm&r=g\",\"contentUrl\":\"https:\/\/secure.gravatar.com\/avatar\/d79227a2a7b6cc42e8d7a8f7c284cd3a?s=96&d=mm&r=g\",\"caption\":\"Reda\u00e7\u00e3o Cacau News\"},\"sameAs\":[\"https:\/\/cacaunews.com\"],\"url\":\"https:\/\/cacaunews.com\/?author=1\"}]}<\/script>\n<!-- \/ Yoast SEO plugin. -->","yoast_head_json":{"title":"Itabuna: Colis\u00e3o frontal entre carro escolar e moto deixa v\u00edtima fatal. - Cacau News","robots":{"index":"index","follow":"follow","max-snippet":"max-snippet:-1","max-image-preview":"max-image-preview:large","max-video-preview":"max-video-preview:-1"},"canonical":"https:\/\/cacaunews.com\/?p=5934","og_locale":"pt_BR","og_type":"article","og_title":"Itabuna: Colis\u00e3o frontal entre carro escolar e moto deixa v\u00edtima fatal. - Cacau News","og_description":"Um grave acidente de tr\u00e2nsito resultou na morte de uma mulher na tarde deste domingo...","og_url":"https:\/\/cacaunews.com\/?p=5934","og_site_name":"Cacau News","article_published_time":"2025-02-24T08:00:57+00:00","article_modified_time":"2025-02-24T08:27:14+00:00","og_image":[{"width":1080,"height":1080,"url":"https:\/\/cacaunews.com\/wp-content\/uploads\/2025\/02\/IMG_20250224_052104.jpg","type":"image\/jpeg"}],"author":"Reda\u00e7\u00e3o Cacau News","twitter_card":"summary_large_image","twitter_misc":{"Escrito por":"Reda\u00e7\u00e3o Cacau News","Est. tempo de leitura":"2 minutos"},"schema":{"@context":"https:\/\/schema.org","@graph":[{"@type":"Article","@id":"https:\/\/cacaunews.com\/?p=5934#article","isPartOf":{"@id":"https:\/\/cacaunews.com\/?p=5934"},"author":{"name":"Reda\u00e7\u00e3o Cacau News","@id":"https:\/\/cacaunews.com\/#\/schema\/person\/ea69703103e606ad347ccd64bd72ef79"},"headline":"Itabuna: Colis\u00e3o frontal entre carro escolar e moto deixa v\u00edtima fatal.","datePublished":"2025-02-24T08:00:57+00:00","dateModified":"2025-02-24T08:27:14+00:00","mainEntityOfPage":{"@id":"https:\/\/cacaunews.com\/?p=5934"},"wordCount":354,"commentCount":0,"publisher":{"@id":"https:\/\/cacaunews.com\/#organization"},"keywords":["colis\u00e3o","itabuna","transito","v\u00edtima fatal"],"articleSection":["cidades","Jornalismo"],"inLanguage":"pt-BR","potentialAction":[{"@type":"CommentAction","name":"Comment","target":["https:\/\/cacaunews.com\/?p=5934#respond"]}]},{"@type":"WebPage","@id":"https:\/\/cacaunews.com\/?p=5934","url":"https:\/\/cacaunews.com\/?p=5934","name":"Itabuna: Colis\u00e3o frontal entre carro escolar e moto deixa v\u00edtima fatal. - Cacau News","isPartOf":{"@id":"https:\/\/cacaunews.com\/#website"},"datePublished":"2025-02-24T08:00:57+00:00","dateModified":"2025-02-24T08:27:14+00:00","breadcrumb":{"@id":"https:\/\/cacaunews.com\/?p=5934#breadcrumb"},"inLanguage":"pt-BR","potentialAction":[{"@type":"ReadAction","target":["https:\/\/cacaunews.com\/?p=5934"]}]},{"@type":"BreadcrumbList","@id":"https:\/\/cacaunews.com\/?p=5934#breadcrumb","itemListElement":[{"@type":"ListItem","position":1,"name":"In\u00edcio","item":"https:\/\/cacaunews.com\/"},{"@type":"ListItem","position":2,"name":"Itabuna: Colis\u00e3o frontal entre carro escolar e moto deixa v\u00edtima fatal."}]},{"@type":"WebSite","@id":"https:\/\/cacaunews.com\/#website","url":"https:\/\/cacaunews.com\/","name":"Cacau News","description":"A Informa\u00e7\u00e3o que voc\u00ea precisa!","publisher":{"@id":"https:\/\/cacaunews.com\/#organization"},"potentialAction":[{"@type":"SearchAction","target":{"@type":"EntryPoint","urlTemplate":"https:\/\/cacaunews.com\/?s={search_term_string}"},"query-input":"required name=search_term_string"}],"inLanguage":"pt-BR"},{"@type":"Organization","@id":"https:\/\/cacaunews.com\/#organization","name":"Cacau News","url":"https:\/\/cacaunews.com\/","logo":{"@type":"ImageObject","inLanguage":"pt-BR","@id":"https:\/\/cacaunews.com\/#\/schema\/logo\/image\/","url":"https:\/\/cacaunews.com\/wp-content\/uploads\/2025\/01\/cropped-LOGO-NOVA.png","contentUrl":"https:\/\/cacaunews.com\/wp-content\/uploads\/2025\/01\/cropped-LOGO-NOVA.png","width":813,"height":813,"caption":"Cacau News"},"image":{"@id":"https:\/\/cacaunews.com\/#\/schema\/logo\/image\/"},"sameAs":["https:\/\/www.instagram.com\/cacaunews.online\/","https:\/\/youtube.com\/@cacaunews?si=0VXLnjl08SrWbVG9"]},{"@type":"Person","@id":"https:\/\/cacaunews.com\/#\/schema\/person\/ea69703103e606ad347ccd64bd72ef79","name":"Reda\u00e7\u00e3o Cacau News","image":{"@type":"ImageObject","inLanguage":"pt-BR","@id":"https:\/\/cacaunews.com\/#\/schema\/person\/image\/","url":"https:\/\/secure.gravatar.com\/avatar\/d79227a2a7b6cc42e8d7a8f7c284cd3a?s=96&d=mm&r=g","contentUrl":"https:\/\/secure.gravatar.com\/avatar\/d79227a2a7b6cc42e8d7a8f7c284cd3a?s=96&d=mm&r=g","caption":"Reda\u00e7\u00e3o Cacau News"},"sameAs":["https:\/\/cacaunews.com"],"url":"https:\/\/cacaunews.com\/?author=1"}]}},"jetpack_sharing_enabled":true,"jetpack_featured_media_url":"https:\/\/cacaunews.com\/wp-content\/uploads\/2025\/02\/IMG_20250224_052104.jpg","_links":{"self":[{"href":"https:\/\/cacaunews.com\/index.php?rest_route=\/wp\/v2\/posts\/5934"}],"collection":[{"href":"https:\/\/cacaunews.com\/index.php?rest_route=\/wp\/v2\/posts"}],"about":[{"href":"https:\/\/cacaunews.com\/index.php?rest_route=\/wp\/v2\/types\/post"}],"author":[{"embeddable":true,"href":"https:\/\/cacaunews.com\/index.php?rest_route=\/wp\/v2\/users\/1"}],"replies":[{"embeddable":true,"href":"https:\/\/cacaunews.com\/index.php?rest_route=%2Fwp%2Fv2%2Fcomments&post=5934"}],"version-history":[{"count":1,"href":"https:\/\/cacaunews.com\/index.php?rest_route=\/wp\/v2\/posts\/5934\/revisions"}],"predecessor-version":[{"id":5935,"href":"https:\/\/cacaunews.com\/index.php?rest_route=\/wp\/v2\/posts\/5934\/revisions\/5935"}],"wp:featuredmedia":[{"embeddable":true,"href":"https:\/\/cacaunews.com\/index.php?rest_route=\/wp\/v2\/media\/5932"}],"wp:attachment":[{"href":"https:\/\/cacaunews.com\/index.php?rest_route=%2Fwp%2Fv2%2Fmedia&parent=5934"}],"wp:term":[{"taxonomy":"category","embeddable":true,"href":"https:\/\/cacaunews.com\/index.php?rest_route=%2Fwp%2Fv2%2Fcategories&post=5934"},{"taxonomy":"post_tag","embeddable":true,"href":"https:\/\/cacaunews.com\/index.php?rest_route=%2Fwp%2Fv2%2Ftags&post=5934"}],"curies":[{"name":"wp","href":"https:\/\/api.w.org\/{rel}","templated":true}]}}