{"id":5948,"date":"2025-02-25T15:51:41","date_gmt":"2025-02-25T15:51:41","guid":{"rendered":"https:\/\/cacaunews.com\/?p=5948"},"modified":"2025-02-25T15:51:41","modified_gmt":"2025-02-25T15:51:41","slug":"itabuna-dom-jailton-lino-e-nomeado-bispo-da-cidade","status":"publish","type":"post","link":"https:\/\/cacaunews.com\/?p=5948","title":{"rendered":"Itabuna: Dom Jailton Lino \u00e9 nomeado Bispo da cidade."},"content":{"rendered":"\n<p>O Papa Francisco nomeou na manh\u00e3 desta ter\u00e7a-feira (25) Dom Jailton Lino como novo bispo da cidade Itabuna, antes de ser nomeado j\u00e1 era o Bispo interino da cidade, ap\u00f3s renuncia de Dom Carlos Alberto dos Santos.<\/p>\n\n\n\n<figure class=\"wp-block-image size-large\"><img fetchpriority=\"high\" decoding=\"async\" width=\"960\" height=\"1010\" src=\"https:\/\/cacaunews.com\/wp-content\/uploads\/2025\/02\/image_editor_output_image2069688272-17404985490546948384787982767833.jpg\" alt=\"\" class=\"wp-image-5946\" srcset=\"https:\/\/cacaunews.com\/wp-content\/uploads\/2025\/02\/image_editor_output_image2069688272-17404985490546948384787982767833.jpg 960w, https:\/\/cacaunews.com\/wp-content\/uploads\/2025\/02\/image_editor_output_image2069688272-17404985490546948384787982767833-285x300.jpg 285w, https:\/\/cacaunews.com\/wp-content\/uploads\/2025\/02\/image_editor_output_image2069688272-17404985490546948384787982767833-768x808.jpg 768w\" sizes=\"(max-width: 960px) 100vw, 960px\" \/><\/figure>\n\n\n\n<p><br>Dom Jailton de Oliveira Lino \u00e9 natural de Feira de Santana (BA). \u00c9 formado em Filosofia e Teologia pela Pontif\u00edcia Universidade Cat\u00f3lica do Rio Grande do Sul (PUC-RS). Tamb\u00e9m possui mestrado em Psicologia pela Universidade do Rio dos Sinos (Unisinos), de Porto Alegre.<br><br>Dom Jailton foi ordenado bispo em 2018 no Santu\u00e1rio Diocesano de Nossa Senhora de Caravaggio, em Farroupilha (RS), e no m\u00eas de fevereiro do mesmo ano foi empossado bispo da diocese de Teixeira de Freitas\/Caravelas em cerim\u00f4nia realizada na Catedral S\u00e3o Pedro. Seu lema episcopal \u00e9: \u201cN\u00e3o vos Angustieis\u201d.<\/p>\n\n\n\n<p>Com Informa\u00e7\u00f5es Ipol\u00edtica.<\/p>\n","protected":false},"excerpt":{"rendered":"<p>O Papa Francisco nomeou na manh\u00e3 desta ter\u00e7a-feira (25) Dom Jailton Lino como novo bispo&#8230;<\/p>\n","protected":false},"author":1,"featured_media":5947,"comment_status":"open","ping_status":"open","sticky":false,"template":"","format":"standard","meta":{"footnotes":""},"categories":[18,11],"tags":[2098,27,2099,1055],"yoast_head":"<!-- This site is optimized with the Yoast SEO plugin v21.7 - https:\/\/yoast.com\/wordpress\/plugins\/seo\/ -->\n<title>Itabuna: Dom Jailton Lino \u00e9 nomeado Bispo da cidade. - Cacau News<\/title>\n<meta name=\"robots\" content=\"index, follow, max-snippet:-1, max-image-preview:large, max-video-preview:-1\" \/>\n<link rel=\"canonical\" href=\"https:\/\/cacaunews.com\/?p=5948\" \/>\n<meta property=\"og:locale\" content=\"pt_BR\" \/>\n<meta property=\"og:type\" content=\"article\" \/>\n<meta property=\"og:title\" content=\"Itabuna: Dom Jailton Lino \u00e9 nomeado Bispo da cidade. - Cacau News\" \/>\n<meta property=\"og:description\" content=\"O Papa Francisco nomeou na manh\u00e3 desta ter\u00e7a-feira (25) Dom Jailton Lino como novo bispo...\" \/>\n<meta property=\"og:url\" content=\"https:\/\/cacaunews.com\/?p=5948\" \/>\n<meta property=\"og:site_name\" content=\"Cacau News\" \/>\n<meta property=\"article:published_time\" content=\"2025-02-25T15:51:41+00:00\" \/>\n<meta property=\"og:image\" content=\"https:\/\/cacaunews.com\/wp-content\/uploads\/2025\/02\/image_editor_output_image2069688272-17404985490546948384787982767833.jpg\" \/>\n<meta name=\"author\" content=\"Reda\u00e7\u00e3o Cacau News\" \/>\n<meta name=\"twitter:card\" content=\"summary_large_image\" \/>\n<meta name=\"twitter:label1\" content=\"Escrito por\" \/>\n\t<meta name=\"twitter:data1\" content=\"Reda\u00e7\u00e3o Cacau News\" \/>\n\t<meta name=\"twitter:label2\" content=\"Est. tempo de leitura\" \/>\n\t<meta name=\"twitter:data2\" content=\"1 minuto\" \/>\n<script type=\"application\/ld+json\" class=\"yoast-schema-graph\">{\"@context\":\"https:\/\/schema.org\",\"@graph\":[{\"@type\":\"Article\",\"@id\":\"https:\/\/cacaunews.com\/?p=5948#article\",\"isPartOf\":{\"@id\":\"https:\/\/cacaunews.com\/?p=5948\"},\"author\":{\"name\":\"Reda\u00e7\u00e3o Cacau News\",\"@id\":\"https:\/\/cacaunews.com\/#\/schema\/person\/ea69703103e606ad347ccd64bd72ef79\"},\"headline\":\"Itabuna: Dom Jailton Lino \u00e9 nomeado Bispo da cidade.\",\"datePublished\":\"2025-02-25T15:51:41+00:00\",\"dateModified\":\"2025-02-25T15:51:41+00:00\",\"mainEntityOfPage\":{\"@id\":\"https:\/\/cacaunews.com\/?p=5948\"},\"wordCount\":148,\"commentCount\":0,\"publisher\":{\"@id\":\"https:\/\/cacaunews.com\/#organization\"},\"keywords\":[\"bispo\",\"itabuna\",\"Jailton Lino\",\"nomea\u00e7\u00e3o\"],\"articleSection\":[\"cidades\",\"Jornalismo\"],\"inLanguage\":\"pt-BR\",\"potentialAction\":[{\"@type\":\"CommentAction\",\"name\":\"Comment\",\"target\":[\"https:\/\/cacaunews.com\/?p=5948#respond\"]}]},{\"@type\":\"WebPage\",\"@id\":\"https:\/\/cacaunews.com\/?p=5948\",\"url\":\"https:\/\/cacaunews.com\/?p=5948\",\"name\":\"Itabuna: Dom Jailton Lino \u00e9 nomeado Bispo da cidade. - Cacau News\",\"isPartOf\":{\"@id\":\"https:\/\/cacaunews.com\/#website\"},\"datePublished\":\"2025-02-25T15:51:41+00:00\",\"dateModified\":\"2025-02-25T15:51:41+00:00\",\"breadcrumb\":{\"@id\":\"https:\/\/cacaunews.com\/?p=5948#breadcrumb\"},\"inLanguage\":\"pt-BR\",\"potentialAction\":[{\"@type\":\"ReadAction\",\"target\":[\"https:\/\/cacaunews.com\/?p=5948\"]}]},{\"@type\":\"BreadcrumbList\",\"@id\":\"https:\/\/cacaunews.com\/?p=5948#breadcrumb\",\"itemListElement\":[{\"@type\":\"ListItem\",\"position\":1,\"name\":\"In\u00edcio\",\"item\":\"https:\/\/cacaunews.com\/\"},{\"@type\":\"ListItem\",\"position\":2,\"name\":\"Itabuna: Dom Jailton Lino \u00e9 nomeado Bispo da cidade.\"}]},{\"@type\":\"WebSite\",\"@id\":\"https:\/\/cacaunews.com\/#website\",\"url\":\"https:\/\/cacaunews.com\/\",\"name\":\"Cacau News\",\"description\":\"A Informa\u00e7\u00e3o que voc\u00ea precisa!\",\"publisher\":{\"@id\":\"https:\/\/cacaunews.com\/#organization\"},\"potentialAction\":[{\"@type\":\"SearchAction\",\"target\":{\"@type\":\"EntryPoint\",\"urlTemplate\":\"https:\/\/cacaunews.com\/?s={search_term_string}\"},\"query-input\":\"required name=search_term_string\"}],\"inLanguage\":\"pt-BR\"},{\"@type\":\"Organization\",\"@id\":\"https:\/\/cacaunews.com\/#organization\",\"name\":\"Cacau News\",\"url\":\"https:\/\/cacaunews.com\/\",\"logo\":{\"@type\":\"ImageObject\",\"inLanguage\":\"pt-BR\",\"@id\":\"https:\/\/cacaunews.com\/#\/schema\/logo\/image\/\",\"url\":\"https:\/\/cacaunews.com\/wp-content\/uploads\/2025\/01\/cropped-LOGO-NOVA.png\",\"contentUrl\":\"https:\/\/cacaunews.com\/wp-content\/uploads\/2025\/01\/cropped-LOGO-NOVA.png\",\"width\":813,\"height\":813,\"caption\":\"Cacau News\"},\"image\":{\"@id\":\"https:\/\/cacaunews.com\/#\/schema\/logo\/image\/\"},\"sameAs\":[\"https:\/\/www.instagram.com\/cacaunews.online\/\",\"https:\/\/youtube.com\/@cacaunews?si=0VXLnjl08SrWbVG9\"]},{\"@type\":\"Person\",\"@id\":\"https:\/\/cacaunews.com\/#\/schema\/person\/ea69703103e606ad347ccd64bd72ef79\",\"name\":\"Reda\u00e7\u00e3o Cacau News\",\"image\":{\"@type\":\"ImageObject\",\"inLanguage\":\"pt-BR\",\"@id\":\"https:\/\/cacaunews.com\/#\/schema\/person\/image\/\",\"url\":\"https:\/\/secure.gravatar.com\/avatar\/d79227a2a7b6cc42e8d7a8f7c284cd3a?s=96&d=mm&r=g\",\"contentUrl\":\"https:\/\/secure.gravatar.com\/avatar\/d79227a2a7b6cc42e8d7a8f7c284cd3a?s=96&d=mm&r=g\",\"caption\":\"Reda\u00e7\u00e3o Cacau News\"},\"sameAs\":[\"https:\/\/cacaunews.com\"],\"url\":\"https:\/\/cacaunews.com\/?author=1\"}]}<\/script>\n<!-- \/ Yoast SEO plugin. -->","yoast_head_json":{"title":"Itabuna: Dom Jailton Lino \u00e9 nomeado Bispo da cidade. - Cacau News","robots":{"index":"index","follow":"follow","max-snippet":"max-snippet:-1","max-image-preview":"max-image-preview:large","max-video-preview":"max-video-preview:-1"},"canonical":"https:\/\/cacaunews.com\/?p=5948","og_locale":"pt_BR","og_type":"article","og_title":"Itabuna: Dom Jailton Lino \u00e9 nomeado Bispo da cidade. - Cacau News","og_description":"O Papa Francisco nomeou na manh\u00e3 desta ter\u00e7a-feira (25) Dom Jailton Lino como novo bispo...","og_url":"https:\/\/cacaunews.com\/?p=5948","og_site_name":"Cacau News","article_published_time":"2025-02-25T15:51:41+00:00","og_image":[{"url":"https:\/\/cacaunews.com\/wp-content\/uploads\/2025\/02\/image_editor_output_image2069688272-17404985490546948384787982767833.jpg"}],"author":"Reda\u00e7\u00e3o Cacau News","twitter_card":"summary_large_image","twitter_misc":{"Escrito por":"Reda\u00e7\u00e3o Cacau News","Est. tempo de leitura":"1 minuto"},"schema":{"@context":"https:\/\/schema.org","@graph":[{"@type":"Article","@id":"https:\/\/cacaunews.com\/?p=5948#article","isPartOf":{"@id":"https:\/\/cacaunews.com\/?p=5948"},"author":{"name":"Reda\u00e7\u00e3o Cacau News","@id":"https:\/\/cacaunews.com\/#\/schema\/person\/ea69703103e606ad347ccd64bd72ef79"},"headline":"Itabuna: Dom Jailton Lino \u00e9 nomeado Bispo da cidade.","datePublished":"2025-02-25T15:51:41+00:00","dateModified":"2025-02-25T15:51:41+00:00","mainEntityOfPage":{"@id":"https:\/\/cacaunews.com\/?p=5948"},"wordCount":148,"commentCount":0,"publisher":{"@id":"https:\/\/cacaunews.com\/#organization"},"keywords":["bispo","itabuna","Jailton Lino","nomea\u00e7\u00e3o"],"articleSection":["cidades","Jornalismo"],"inLanguage":"pt-BR","potentialAction":[{"@type":"CommentAction","name":"Comment","target":["https:\/\/cacaunews.com\/?p=5948#respond"]}]},{"@type":"WebPage","@id":"https:\/\/cacaunews.com\/?p=5948","url":"https:\/\/cacaunews.com\/?p=5948","name":"Itabuna: Dom Jailton Lino \u00e9 nomeado Bispo da cidade. - Cacau News","isPartOf":{"@id":"https:\/\/cacaunews.com\/#website"},"datePublished":"2025-02-25T15:51:41+00:00","dateModified":"2025-02-25T15:51:41+00:00","breadcrumb":{"@id":"https:\/\/cacaunews.com\/?p=5948#breadcrumb"},"inLanguage":"pt-BR","potentialAction":[{"@type":"ReadAction","target":["https:\/\/cacaunews.com\/?p=5948"]}]},{"@type":"BreadcrumbList","@id":"https:\/\/cacaunews.com\/?p=5948#breadcrumb","itemListElement":[{"@type":"ListItem","position":1,"name":"In\u00edcio","item":"https:\/\/cacaunews.com\/"},{"@type":"ListItem","position":2,"name":"Itabuna: Dom Jailton Lino \u00e9 nomeado Bispo da cidade."}]},{"@type":"WebSite","@id":"https:\/\/cacaunews.com\/#website","url":"https:\/\/cacaunews.com\/","name":"Cacau News","description":"A Informa\u00e7\u00e3o que voc\u00ea precisa!","publisher":{"@id":"https:\/\/cacaunews.com\/#organization"},"potentialAction":[{"@type":"SearchAction","target":{"@type":"EntryPoint","urlTemplate":"https:\/\/cacaunews.com\/?s={search_term_string}"},"query-input":"required name=search_term_string"}],"inLanguage":"pt-BR"},{"@type":"Organization","@id":"https:\/\/cacaunews.com\/#organization","name":"Cacau News","url":"https:\/\/cacaunews.com\/","logo":{"@type":"ImageObject","inLanguage":"pt-BR","@id":"https:\/\/cacaunews.com\/#\/schema\/logo\/image\/","url":"https:\/\/cacaunews.com\/wp-content\/uploads\/2025\/01\/cropped-LOGO-NOVA.png","contentUrl":"https:\/\/cacaunews.com\/wp-content\/uploads\/2025\/01\/cropped-LOGO-NOVA.png","width":813,"height":813,"caption":"Cacau News"},"image":{"@id":"https:\/\/cacaunews.com\/#\/schema\/logo\/image\/"},"sameAs":["https:\/\/www.instagram.com\/cacaunews.online\/","https:\/\/youtube.com\/@cacaunews?si=0VXLnjl08SrWbVG9"]},{"@type":"Person","@id":"https:\/\/cacaunews.com\/#\/schema\/person\/ea69703103e606ad347ccd64bd72ef79","name":"Reda\u00e7\u00e3o Cacau News","image":{"@type":"ImageObject","inLanguage":"pt-BR","@id":"https:\/\/cacaunews.com\/#\/schema\/person\/image\/","url":"https:\/\/secure.gravatar.com\/avatar\/d79227a2a7b6cc42e8d7a8f7c284cd3a?s=96&d=mm&r=g","contentUrl":"https:\/\/secure.gravatar.com\/avatar\/d79227a2a7b6cc42e8d7a8f7c284cd3a?s=96&d=mm&r=g","caption":"Reda\u00e7\u00e3o Cacau News"},"sameAs":["https:\/\/cacaunews.com"],"url":"https:\/\/cacaunews.com\/?author=1"}]}},"jetpack_sharing_enabled":true,"jetpack_featured_media_url":"https:\/\/cacaunews.com\/wp-content\/uploads\/2025\/02\/images-2025-02-25T125326.293.jpeg","_links":{"self":[{"href":"https:\/\/cacaunews.com\/index.php?rest_route=\/wp\/v2\/posts\/5948"}],"collection":[{"href":"https:\/\/cacaunews.com\/index.php?rest_route=\/wp\/v2\/posts"}],"about":[{"href":"https:\/\/cacaunews.com\/index.php?rest_route=\/wp\/v2\/types\/post"}],"author":[{"embeddable":true,"href":"https:\/\/cacaunews.com\/index.php?rest_route=\/wp\/v2\/users\/1"}],"replies":[{"embeddable":true,"href":"https:\/\/cacaunews.com\/index.php?rest_route=%2Fwp%2Fv2%2Fcomments&post=5948"}],"version-history":[{"count":0,"href":"https:\/\/cacaunews.com\/index.php?rest_route=\/wp\/v2\/posts\/5948\/revisions"}],"wp:featuredmedia":[{"embeddable":true,"href":"https:\/\/cacaunews.com\/index.php?rest_route=\/wp\/v2\/media\/5947"}],"wp:attachment":[{"href":"https:\/\/cacaunews.com\/index.php?rest_route=%2Fwp%2Fv2%2Fmedia&parent=5948"}],"wp:term":[{"taxonomy":"category","embeddable":true,"href":"https:\/\/cacaunews.com\/index.php?rest_route=%2Fwp%2Fv2%2Fcategories&post=5948"},{"taxonomy":"post_tag","embeddable":true,"href":"https:\/\/cacaunews.com\/index.php?rest_route=%2Fwp%2Fv2%2Ftags&post=5948"}],"curies":[{"name":"wp","href":"https:\/\/api.w.org\/{rel}","templated":true}]}}