{"id":5952,"date":"2025-02-25T16:00:38","date_gmt":"2025-02-25T16:00:38","guid":{"rendered":"https:\/\/cacaunews.com\/?p=5952"},"modified":"2025-02-25T16:21:56","modified_gmt":"2025-02-25T16:21:56","slug":"manifestacao-maritima-reune-30-barcos-em-protesto-contra-impactos-ambientais-da-dragagem-no-porto-de-ilheus","status":"publish","type":"post","link":"https:\/\/cacaunews.com\/?p=5952","title":{"rendered":"Manifesta\u00e7\u00e3o Mar\u00edtima re\u00fane 30 barcos em protesto contra impactos ambientais da dragagem no Porto de Ilh\u00e9us."},"content":{"rendered":"\n<p>Na manh\u00e3 do \u00faltimo s\u00e1bado (22\/02), cerca de 30 embarca\u00e7\u00f5es participaram da manifesta\u00e7\u00e3o mar\u00edtima em Ilh\u00e9us para protestar contra a destrui\u00e7\u00e3o dos recifes de coral causada pelo despejo de lama proveniente da dragagem irregular do Porto de Ilh\u00e9us. O ato, organizado pelo pescador esportivo Fernando Filho, da empresa FF Pesca, contou com o apoio do vereador Vin\u00edcius Alc\u00e2ntara e da ONG Grupo de Amigos da Praia.<\/p>\n\n\n\n<figure class=\"wp-block-image size-large\"><img fetchpriority=\"high\" decoding=\"async\" width=\"1024\" height=\"768\" src=\"https:\/\/cacaunews.com\/wp-content\/uploads\/2025\/02\/img-20250225-wa01077825728108102039165-1024x768.jpg\" alt=\"\" class=\"wp-image-5951\" srcset=\"https:\/\/cacaunews.com\/wp-content\/uploads\/2025\/02\/img-20250225-wa01077825728108102039165-1024x768.jpg 1024w, https:\/\/cacaunews.com\/wp-content\/uploads\/2025\/02\/img-20250225-wa01077825728108102039165-300x225.jpg 300w, https:\/\/cacaunews.com\/wp-content\/uploads\/2025\/02\/img-20250225-wa01077825728108102039165-768x576.jpg 768w, https:\/\/cacaunews.com\/wp-content\/uploads\/2025\/02\/img-20250225-wa01077825728108102039165.jpg 1280w\" sizes=\"(max-width: 1024px) 100vw, 1024px\" \/><\/figure>\n\n\n\n<p>A manifesta\u00e7\u00e3o reuniu pescadores, cientistas, ambientalistas e profissionais do turismo<br>n\u00e1utico, todos preocupados com os impactos ambientais da dragagem, que prejudica a vida<br>marinha e compromete a subsist\u00eancia de quem depende da pesca e do turismo na regi\u00e3o.<\/p>\n\n\n\n<figure class=\"wp-block-image size-large\"><img decoding=\"async\" width=\"960\" height=\"855\" src=\"https:\/\/cacaunews.com\/wp-content\/uploads\/2025\/02\/image_editor_output_image361844204-17405005424839101003218464384202.jpg\" alt=\"\" class=\"wp-image-5950\" srcset=\"https:\/\/cacaunews.com\/wp-content\/uploads\/2025\/02\/image_editor_output_image361844204-17405005424839101003218464384202.jpg 960w, https:\/\/cacaunews.com\/wp-content\/uploads\/2025\/02\/image_editor_output_image361844204-17405005424839101003218464384202-300x267.jpg 300w, https:\/\/cacaunews.com\/wp-content\/uploads\/2025\/02\/image_editor_output_image361844204-17405005424839101003218464384202-768x684.jpg 768w\" sizes=\"(max-width: 960px) 100vw, 960px\" \/><\/figure>\n\n\n\n<p>\u201cNingu\u00e9m \u00e9 contra a dragagem, n\u00f3s sabemos da import\u00e2ncia dela para a manuten\u00e7\u00e3o do porto de Ilh\u00e9us, mas essa lama n\u00e3o pode ser despejada em cima de recifes de coral. Isso precisa ser feito com responsabilidade ambiental e n\u00f3s vamos lutar at\u00e9 o fim para impedir essa destrui\u00e7\u00e3o\u201d, afirmou o vereador Vinicius Alc\u00e2ntara.<\/p>\n\n\n\n<p>Al\u00e9m do protesto, est\u00e3o sendo realizadas campanhas nas redes sociais. Os organizadores refor\u00e7aram que continuar\u00e3o mobilizados at\u00e9 que solu\u00e7\u00f5es ambientalmente adequadas sejam implementadas.<\/p>\n","protected":false},"excerpt":{"rendered":"<p>Na manh\u00e3 do \u00faltimo s\u00e1bado (22\/02), cerca de 30 embarca\u00e7\u00f5es participaram da manifesta\u00e7\u00e3o mar\u00edtima em&#8230;<\/p>\n","protected":false},"author":1,"featured_media":5949,"comment_status":"open","ping_status":"open","sticky":false,"template":"","format":"standard","meta":{"footnotes":""},"categories":[18,11],"tags":[2101,37,2100,49],"yoast_head":"<!-- This site is optimized with the Yoast SEO plugin v21.7 - https:\/\/yoast.com\/wordpress\/plugins\/seo\/ -->\n<title>Manifesta\u00e7\u00e3o Mar\u00edtima re\u00fane 30 barcos em protesto contra impactos ambientais da dragagem no Porto de Ilh\u00e9us. - Cacau News<\/title>\n<meta name=\"robots\" content=\"index, follow, max-snippet:-1, max-image-preview:large, max-video-preview:-1\" \/>\n<link rel=\"canonical\" href=\"https:\/\/cacaunews.com\/?p=5952\" \/>\n<meta property=\"og:locale\" content=\"pt_BR\" \/>\n<meta property=\"og:type\" content=\"article\" \/>\n<meta property=\"og:title\" content=\"Manifesta\u00e7\u00e3o Mar\u00edtima re\u00fane 30 barcos em protesto contra impactos ambientais da dragagem no Porto de Ilh\u00e9us. - Cacau News\" \/>\n<meta property=\"og:description\" content=\"Na manh\u00e3 do \u00faltimo s\u00e1bado (22\/02), cerca de 30 embarca\u00e7\u00f5es participaram da manifesta\u00e7\u00e3o mar\u00edtima em...\" \/>\n<meta property=\"og:url\" content=\"https:\/\/cacaunews.com\/?p=5952\" \/>\n<meta property=\"og:site_name\" content=\"Cacau News\" \/>\n<meta property=\"article:published_time\" content=\"2025-02-25T16:00:38+00:00\" \/>\n<meta property=\"article:modified_time\" content=\"2025-02-25T16:21:56+00:00\" \/>\n<meta property=\"og:image\" content=\"https:\/\/cacaunews.com\/wp-content\/uploads\/2025\/02\/IMG-20250225-WA0106.jpg\" \/>\n\t<meta property=\"og:image:width\" content=\"1280\" \/>\n\t<meta property=\"og:image:height\" content=\"960\" \/>\n\t<meta property=\"og:image:type\" content=\"image\/jpeg\" \/>\n<meta name=\"author\" content=\"Reda\u00e7\u00e3o Cacau News\" \/>\n<meta name=\"twitter:card\" content=\"summary_large_image\" \/>\n<meta name=\"twitter:label1\" content=\"Escrito por\" \/>\n\t<meta name=\"twitter:data1\" content=\"Reda\u00e7\u00e3o Cacau News\" \/>\n\t<meta name=\"twitter:label2\" content=\"Est. tempo de leitura\" \/>\n\t<meta name=\"twitter:data2\" content=\"1 minuto\" \/>\n<script type=\"application\/ld+json\" class=\"yoast-schema-graph\">{\"@context\":\"https:\/\/schema.org\",\"@graph\":[{\"@type\":\"Article\",\"@id\":\"https:\/\/cacaunews.com\/?p=5952#article\",\"isPartOf\":{\"@id\":\"https:\/\/cacaunews.com\/?p=5952\"},\"author\":{\"name\":\"Reda\u00e7\u00e3o Cacau News\",\"@id\":\"https:\/\/cacaunews.com\/#\/schema\/person\/ea69703103e606ad347ccd64bd72ef79\"},\"headline\":\"Manifesta\u00e7\u00e3o Mar\u00edtima re\u00fane 30 barcos em protesto contra impactos ambientais da dragagem no Porto de Ilh\u00e9us.\",\"datePublished\":\"2025-02-25T16:00:38+00:00\",\"dateModified\":\"2025-02-25T16:21:56+00:00\",\"mainEntityOfPage\":{\"@id\":\"https:\/\/cacaunews.com\/?p=5952\"},\"wordCount\":221,\"commentCount\":0,\"publisher\":{\"@id\":\"https:\/\/cacaunews.com\/#organization\"},\"keywords\":[\"dragagem\",\"ilheus\",\"mar\",\"protesto\"],\"articleSection\":[\"cidades\",\"Jornalismo\"],\"inLanguage\":\"pt-BR\",\"potentialAction\":[{\"@type\":\"CommentAction\",\"name\":\"Comment\",\"target\":[\"https:\/\/cacaunews.com\/?p=5952#respond\"]}]},{\"@type\":\"WebPage\",\"@id\":\"https:\/\/cacaunews.com\/?p=5952\",\"url\":\"https:\/\/cacaunews.com\/?p=5952\",\"name\":\"Manifesta\u00e7\u00e3o Mar\u00edtima re\u00fane 30 barcos em protesto contra impactos ambientais da dragagem no Porto de Ilh\u00e9us. - Cacau News\",\"isPartOf\":{\"@id\":\"https:\/\/cacaunews.com\/#website\"},\"datePublished\":\"2025-02-25T16:00:38+00:00\",\"dateModified\":\"2025-02-25T16:21:56+00:00\",\"breadcrumb\":{\"@id\":\"https:\/\/cacaunews.com\/?p=5952#breadcrumb\"},\"inLanguage\":\"pt-BR\",\"potentialAction\":[{\"@type\":\"ReadAction\",\"target\":[\"https:\/\/cacaunews.com\/?p=5952\"]}]},{\"@type\":\"BreadcrumbList\",\"@id\":\"https:\/\/cacaunews.com\/?p=5952#breadcrumb\",\"itemListElement\":[{\"@type\":\"ListItem\",\"position\":1,\"name\":\"In\u00edcio\",\"item\":\"https:\/\/cacaunews.com\/\"},{\"@type\":\"ListItem\",\"position\":2,\"name\":\"Manifesta\u00e7\u00e3o Mar\u00edtima re\u00fane 30 barcos em protesto contra impactos ambientais da dragagem no Porto de Ilh\u00e9us.\"}]},{\"@type\":\"WebSite\",\"@id\":\"https:\/\/cacaunews.com\/#website\",\"url\":\"https:\/\/cacaunews.com\/\",\"name\":\"Cacau News\",\"description\":\"A Informa\u00e7\u00e3o que voc\u00ea precisa!\",\"publisher\":{\"@id\":\"https:\/\/cacaunews.com\/#organization\"},\"potentialAction\":[{\"@type\":\"SearchAction\",\"target\":{\"@type\":\"EntryPoint\",\"urlTemplate\":\"https:\/\/cacaunews.com\/?s={search_term_string}\"},\"query-input\":\"required name=search_term_string\"}],\"inLanguage\":\"pt-BR\"},{\"@type\":\"Organization\",\"@id\":\"https:\/\/cacaunews.com\/#organization\",\"name\":\"Cacau News\",\"url\":\"https:\/\/cacaunews.com\/\",\"logo\":{\"@type\":\"ImageObject\",\"inLanguage\":\"pt-BR\",\"@id\":\"https:\/\/cacaunews.com\/#\/schema\/logo\/image\/\",\"url\":\"https:\/\/cacaunews.com\/wp-content\/uploads\/2025\/01\/cropped-LOGO-NOVA.png\",\"contentUrl\":\"https:\/\/cacaunews.com\/wp-content\/uploads\/2025\/01\/cropped-LOGO-NOVA.png\",\"width\":813,\"height\":813,\"caption\":\"Cacau News\"},\"image\":{\"@id\":\"https:\/\/cacaunews.com\/#\/schema\/logo\/image\/\"},\"sameAs\":[\"https:\/\/www.instagram.com\/cacaunews.online\/\",\"https:\/\/youtube.com\/@cacaunews?si=0VXLnjl08SrWbVG9\"]},{\"@type\":\"Person\",\"@id\":\"https:\/\/cacaunews.com\/#\/schema\/person\/ea69703103e606ad347ccd64bd72ef79\",\"name\":\"Reda\u00e7\u00e3o Cacau News\",\"image\":{\"@type\":\"ImageObject\",\"inLanguage\":\"pt-BR\",\"@id\":\"https:\/\/cacaunews.com\/#\/schema\/person\/image\/\",\"url\":\"https:\/\/secure.gravatar.com\/avatar\/d79227a2a7b6cc42e8d7a8f7c284cd3a?s=96&d=mm&r=g\",\"contentUrl\":\"https:\/\/secure.gravatar.com\/avatar\/d79227a2a7b6cc42e8d7a8f7c284cd3a?s=96&d=mm&r=g\",\"caption\":\"Reda\u00e7\u00e3o Cacau News\"},\"sameAs\":[\"https:\/\/cacaunews.com\"],\"url\":\"https:\/\/cacaunews.com\/?author=1\"}]}<\/script>\n<!-- \/ Yoast SEO plugin. -->","yoast_head_json":{"title":"Manifesta\u00e7\u00e3o Mar\u00edtima re\u00fane 30 barcos em protesto contra impactos ambientais da dragagem no Porto de Ilh\u00e9us. - Cacau News","robots":{"index":"index","follow":"follow","max-snippet":"max-snippet:-1","max-image-preview":"max-image-preview:large","max-video-preview":"max-video-preview:-1"},"canonical":"https:\/\/cacaunews.com\/?p=5952","og_locale":"pt_BR","og_type":"article","og_title":"Manifesta\u00e7\u00e3o Mar\u00edtima re\u00fane 30 barcos em protesto contra impactos ambientais da dragagem no Porto de Ilh\u00e9us. - Cacau News","og_description":"Na manh\u00e3 do \u00faltimo s\u00e1bado (22\/02), cerca de 30 embarca\u00e7\u00f5es participaram da manifesta\u00e7\u00e3o mar\u00edtima em...","og_url":"https:\/\/cacaunews.com\/?p=5952","og_site_name":"Cacau News","article_published_time":"2025-02-25T16:00:38+00:00","article_modified_time":"2025-02-25T16:21:56+00:00","og_image":[{"width":1280,"height":960,"url":"https:\/\/cacaunews.com\/wp-content\/uploads\/2025\/02\/IMG-20250225-WA0106.jpg","type":"image\/jpeg"}],"author":"Reda\u00e7\u00e3o Cacau News","twitter_card":"summary_large_image","twitter_misc":{"Escrito por":"Reda\u00e7\u00e3o Cacau News","Est. tempo de leitura":"1 minuto"},"schema":{"@context":"https:\/\/schema.org","@graph":[{"@type":"Article","@id":"https:\/\/cacaunews.com\/?p=5952#article","isPartOf":{"@id":"https:\/\/cacaunews.com\/?p=5952"},"author":{"name":"Reda\u00e7\u00e3o Cacau News","@id":"https:\/\/cacaunews.com\/#\/schema\/person\/ea69703103e606ad347ccd64bd72ef79"},"headline":"Manifesta\u00e7\u00e3o Mar\u00edtima re\u00fane 30 barcos em protesto contra impactos ambientais da dragagem no Porto de Ilh\u00e9us.","datePublished":"2025-02-25T16:00:38+00:00","dateModified":"2025-02-25T16:21:56+00:00","mainEntityOfPage":{"@id":"https:\/\/cacaunews.com\/?p=5952"},"wordCount":221,"commentCount":0,"publisher":{"@id":"https:\/\/cacaunews.com\/#organization"},"keywords":["dragagem","ilheus","mar","protesto"],"articleSection":["cidades","Jornalismo"],"inLanguage":"pt-BR","potentialAction":[{"@type":"CommentAction","name":"Comment","target":["https:\/\/cacaunews.com\/?p=5952#respond"]}]},{"@type":"WebPage","@id":"https:\/\/cacaunews.com\/?p=5952","url":"https:\/\/cacaunews.com\/?p=5952","name":"Manifesta\u00e7\u00e3o Mar\u00edtima re\u00fane 30 barcos em protesto contra impactos ambientais da dragagem no Porto de Ilh\u00e9us. - Cacau News","isPartOf":{"@id":"https:\/\/cacaunews.com\/#website"},"datePublished":"2025-02-25T16:00:38+00:00","dateModified":"2025-02-25T16:21:56+00:00","breadcrumb":{"@id":"https:\/\/cacaunews.com\/?p=5952#breadcrumb"},"inLanguage":"pt-BR","potentialAction":[{"@type":"ReadAction","target":["https:\/\/cacaunews.com\/?p=5952"]}]},{"@type":"BreadcrumbList","@id":"https:\/\/cacaunews.com\/?p=5952#breadcrumb","itemListElement":[{"@type":"ListItem","position":1,"name":"In\u00edcio","item":"https:\/\/cacaunews.com\/"},{"@type":"ListItem","position":2,"name":"Manifesta\u00e7\u00e3o Mar\u00edtima re\u00fane 30 barcos em protesto contra impactos ambientais da dragagem no Porto de Ilh\u00e9us."}]},{"@type":"WebSite","@id":"https:\/\/cacaunews.com\/#website","url":"https:\/\/cacaunews.com\/","name":"Cacau News","description":"A Informa\u00e7\u00e3o que voc\u00ea precisa!","publisher":{"@id":"https:\/\/cacaunews.com\/#organization"},"potentialAction":[{"@type":"SearchAction","target":{"@type":"EntryPoint","urlTemplate":"https:\/\/cacaunews.com\/?s={search_term_string}"},"query-input":"required name=search_term_string"}],"inLanguage":"pt-BR"},{"@type":"Organization","@id":"https:\/\/cacaunews.com\/#organization","name":"Cacau News","url":"https:\/\/cacaunews.com\/","logo":{"@type":"ImageObject","inLanguage":"pt-BR","@id":"https:\/\/cacaunews.com\/#\/schema\/logo\/image\/","url":"https:\/\/cacaunews.com\/wp-content\/uploads\/2025\/01\/cropped-LOGO-NOVA.png","contentUrl":"https:\/\/cacaunews.com\/wp-content\/uploads\/2025\/01\/cropped-LOGO-NOVA.png","width":813,"height":813,"caption":"Cacau News"},"image":{"@id":"https:\/\/cacaunews.com\/#\/schema\/logo\/image\/"},"sameAs":["https:\/\/www.instagram.com\/cacaunews.online\/","https:\/\/youtube.com\/@cacaunews?si=0VXLnjl08SrWbVG9"]},{"@type":"Person","@id":"https:\/\/cacaunews.com\/#\/schema\/person\/ea69703103e606ad347ccd64bd72ef79","name":"Reda\u00e7\u00e3o Cacau News","image":{"@type":"ImageObject","inLanguage":"pt-BR","@id":"https:\/\/cacaunews.com\/#\/schema\/person\/image\/","url":"https:\/\/secure.gravatar.com\/avatar\/d79227a2a7b6cc42e8d7a8f7c284cd3a?s=96&d=mm&r=g","contentUrl":"https:\/\/secure.gravatar.com\/avatar\/d79227a2a7b6cc42e8d7a8f7c284cd3a?s=96&d=mm&r=g","caption":"Reda\u00e7\u00e3o Cacau News"},"sameAs":["https:\/\/cacaunews.com"],"url":"https:\/\/cacaunews.com\/?author=1"}]}},"jetpack_sharing_enabled":true,"jetpack_featured_media_url":"https:\/\/cacaunews.com\/wp-content\/uploads\/2025\/02\/IMG-20250225-WA0106.jpg","_links":{"self":[{"href":"https:\/\/cacaunews.com\/index.php?rest_route=\/wp\/v2\/posts\/5952"}],"collection":[{"href":"https:\/\/cacaunews.com\/index.php?rest_route=\/wp\/v2\/posts"}],"about":[{"href":"https:\/\/cacaunews.com\/index.php?rest_route=\/wp\/v2\/types\/post"}],"author":[{"embeddable":true,"href":"https:\/\/cacaunews.com\/index.php?rest_route=\/wp\/v2\/users\/1"}],"replies":[{"embeddable":true,"href":"https:\/\/cacaunews.com\/index.php?rest_route=%2Fwp%2Fv2%2Fcomments&post=5952"}],"version-history":[{"count":1,"href":"https:\/\/cacaunews.com\/index.php?rest_route=\/wp\/v2\/posts\/5952\/revisions"}],"predecessor-version":[{"id":5953,"href":"https:\/\/cacaunews.com\/index.php?rest_route=\/wp\/v2\/posts\/5952\/revisions\/5953"}],"wp:featuredmedia":[{"embeddable":true,"href":"https:\/\/cacaunews.com\/index.php?rest_route=\/wp\/v2\/media\/5949"}],"wp:attachment":[{"href":"https:\/\/cacaunews.com\/index.php?rest_route=%2Fwp%2Fv2%2Fmedia&parent=5952"}],"wp:term":[{"taxonomy":"category","embeddable":true,"href":"https:\/\/cacaunews.com\/index.php?rest_route=%2Fwp%2Fv2%2Fcategories&post=5952"},{"taxonomy":"post_tag","embeddable":true,"href":"https:\/\/cacaunews.com\/index.php?rest_route=%2Fwp%2Fv2%2Ftags&post=5952"}],"curies":[{"name":"wp","href":"https:\/\/api.w.org\/{rel}","templated":true}]}}