{"id":5959,"date":"2025-02-26T16:00:27","date_gmt":"2025-02-26T16:00:27","guid":{"rendered":"https:\/\/cacaunews.com\/?p=5959"},"modified":"2025-02-26T16:00:27","modified_gmt":"2025-02-26T16:00:27","slug":"itabuna-morre-roberto-mariano-proprietario-do-historico-cafe-pomar","status":"publish","type":"post","link":"https:\/\/cacaunews.com\/?p=5959","title":{"rendered":"Itabuna: Morre Roberto Mariano, propriet\u00e1rio do hist\u00f3rico Caf\u00e9 Pomar."},"content":{"rendered":"\n<p>Morreu ao meio dia desta quarta-feira (26), em Itabuna, aos 87 anos o empres\u00e1rio Roberto Mariano,&nbsp; propriet\u00e1rio do hist\u00f3rico Caf\u00e9 Pomar. <\/p>\n\n\n\n<p>Sr. Roberto dedicou mais de cinco d\u00e9cadas ao neg\u00f3cio fundado por seu pai, Bartolomeu Mariano, em outubro de 1943. Sob sua gest\u00e3o, ao lado dos irm\u00e3os, o Caf\u00e9 Pomar se consolidou como um marco local, atraindo clientes e admiradores pela qualidade e tradi\u00e7\u00e3o.<\/p>\n\n\n\n<p>Roberto Mariano deixa sua esposa, quatro filhas e netos. O vel\u00f3rio ocorre no SAF em Itabuna, e o sepultamento est\u00e1 marcado para \u00e0s 8h30 desta quinta-feira (27), no Cemit\u00e9rio do Campo Santo.<\/p>\n\n\n\n<p>O Cacau News lamenta profundamente o falecimento do Sr. Roberto Mariano.<\/p>\n","protected":false},"excerpt":{"rendered":"<p>Morreu ao meio dia desta quarta-feira (26), em Itabuna, aos 87 anos o empres\u00e1rio Roberto&#8230;<\/p>\n","protected":false},"author":1,"featured_media":5958,"comment_status":"open","ping_status":"open","sticky":false,"template":"","format":"standard","meta":{"footnotes":""},"categories":[18,11],"tags":[1115,27,67,2103],"yoast_head":"<!-- This site is optimized with the Yoast SEO plugin v21.7 - https:\/\/yoast.com\/wordpress\/plugins\/seo\/ -->\n<title>Itabuna: Morre Roberto Mariano, propriet\u00e1rio do hist\u00f3rico Caf\u00e9 Pomar. - Cacau News<\/title>\n<meta name=\"robots\" content=\"index, follow, max-snippet:-1, max-image-preview:large, max-video-preview:-1\" \/>\n<link rel=\"canonical\" href=\"https:\/\/cacaunews.com\/?p=5959\" \/>\n<meta property=\"og:locale\" content=\"pt_BR\" \/>\n<meta property=\"og:type\" content=\"article\" \/>\n<meta property=\"og:title\" content=\"Itabuna: Morre Roberto Mariano, propriet\u00e1rio do hist\u00f3rico Caf\u00e9 Pomar. - Cacau News\" \/>\n<meta property=\"og:description\" content=\"Morreu ao meio dia desta quarta-feira (26), em Itabuna, aos 87 anos o empres\u00e1rio Roberto...\" \/>\n<meta property=\"og:url\" content=\"https:\/\/cacaunews.com\/?p=5959\" \/>\n<meta property=\"og:site_name\" content=\"Cacau News\" \/>\n<meta property=\"article:published_time\" content=\"2025-02-26T16:00:27+00:00\" \/>\n<meta name=\"author\" content=\"Reda\u00e7\u00e3o Cacau News\" \/>\n<meta name=\"twitter:card\" content=\"summary_large_image\" \/>\n<meta name=\"twitter:label1\" content=\"Escrito por\" \/>\n\t<meta name=\"twitter:data1\" content=\"Reda\u00e7\u00e3o Cacau News\" \/>\n\t<meta name=\"twitter:label2\" content=\"Est. tempo de leitura\" \/>\n\t<meta name=\"twitter:data2\" content=\"1 minuto\" \/>\n<script type=\"application\/ld+json\" class=\"yoast-schema-graph\">{\"@context\":\"https:\/\/schema.org\",\"@graph\":[{\"@type\":\"Article\",\"@id\":\"https:\/\/cacaunews.com\/?p=5959#article\",\"isPartOf\":{\"@id\":\"https:\/\/cacaunews.com\/?p=5959\"},\"author\":{\"name\":\"Reda\u00e7\u00e3o Cacau News\",\"@id\":\"https:\/\/cacaunews.com\/#\/schema\/person\/ea69703103e606ad347ccd64bd72ef79\"},\"headline\":\"Itabuna: Morre Roberto Mariano, propriet\u00e1rio do hist\u00f3rico Caf\u00e9 Pomar.\",\"datePublished\":\"2025-02-26T16:00:27+00:00\",\"dateModified\":\"2025-02-26T16:00:27+00:00\",\"mainEntityOfPage\":{\"@id\":\"https:\/\/cacaunews.com\/?p=5959\"},\"wordCount\":125,\"commentCount\":0,\"publisher\":{\"@id\":\"https:\/\/cacaunews.com\/#organization\"},\"keywords\":[\"caf\u00e9 pomar\",\"itabuna\",\"morte\",\"Roberto Mariano\"],\"articleSection\":[\"cidades\",\"Jornalismo\"],\"inLanguage\":\"pt-BR\",\"potentialAction\":[{\"@type\":\"CommentAction\",\"name\":\"Comment\",\"target\":[\"https:\/\/cacaunews.com\/?p=5959#respond\"]}]},{\"@type\":\"WebPage\",\"@id\":\"https:\/\/cacaunews.com\/?p=5959\",\"url\":\"https:\/\/cacaunews.com\/?p=5959\",\"name\":\"Itabuna: Morre Roberto Mariano, propriet\u00e1rio do hist\u00f3rico Caf\u00e9 Pomar. - Cacau News\",\"isPartOf\":{\"@id\":\"https:\/\/cacaunews.com\/#website\"},\"datePublished\":\"2025-02-26T16:00:27+00:00\",\"dateModified\":\"2025-02-26T16:00:27+00:00\",\"breadcrumb\":{\"@id\":\"https:\/\/cacaunews.com\/?p=5959#breadcrumb\"},\"inLanguage\":\"pt-BR\",\"potentialAction\":[{\"@type\":\"ReadAction\",\"target\":[\"https:\/\/cacaunews.com\/?p=5959\"]}]},{\"@type\":\"BreadcrumbList\",\"@id\":\"https:\/\/cacaunews.com\/?p=5959#breadcrumb\",\"itemListElement\":[{\"@type\":\"ListItem\",\"position\":1,\"name\":\"In\u00edcio\",\"item\":\"https:\/\/cacaunews.com\/\"},{\"@type\":\"ListItem\",\"position\":2,\"name\":\"Itabuna: Morre Roberto Mariano, propriet\u00e1rio do hist\u00f3rico Caf\u00e9 Pomar.\"}]},{\"@type\":\"WebSite\",\"@id\":\"https:\/\/cacaunews.com\/#website\",\"url\":\"https:\/\/cacaunews.com\/\",\"name\":\"Cacau News\",\"description\":\"A Informa\u00e7\u00e3o que voc\u00ea precisa!\",\"publisher\":{\"@id\":\"https:\/\/cacaunews.com\/#organization\"},\"potentialAction\":[{\"@type\":\"SearchAction\",\"target\":{\"@type\":\"EntryPoint\",\"urlTemplate\":\"https:\/\/cacaunews.com\/?s={search_term_string}\"},\"query-input\":\"required name=search_term_string\"}],\"inLanguage\":\"pt-BR\"},{\"@type\":\"Organization\",\"@id\":\"https:\/\/cacaunews.com\/#organization\",\"name\":\"Cacau News\",\"url\":\"https:\/\/cacaunews.com\/\",\"logo\":{\"@type\":\"ImageObject\",\"inLanguage\":\"pt-BR\",\"@id\":\"https:\/\/cacaunews.com\/#\/schema\/logo\/image\/\",\"url\":\"https:\/\/cacaunews.com\/wp-content\/uploads\/2025\/01\/cropped-LOGO-NOVA.png\",\"contentUrl\":\"https:\/\/cacaunews.com\/wp-content\/uploads\/2025\/01\/cropped-LOGO-NOVA.png\",\"width\":813,\"height\":813,\"caption\":\"Cacau News\"},\"image\":{\"@id\":\"https:\/\/cacaunews.com\/#\/schema\/logo\/image\/\"},\"sameAs\":[\"https:\/\/www.instagram.com\/cacaunews.online\/\",\"https:\/\/youtube.com\/@cacaunews?si=0VXLnjl08SrWbVG9\"]},{\"@type\":\"Person\",\"@id\":\"https:\/\/cacaunews.com\/#\/schema\/person\/ea69703103e606ad347ccd64bd72ef79\",\"name\":\"Reda\u00e7\u00e3o Cacau News\",\"image\":{\"@type\":\"ImageObject\",\"inLanguage\":\"pt-BR\",\"@id\":\"https:\/\/cacaunews.com\/#\/schema\/person\/image\/\",\"url\":\"https:\/\/secure.gravatar.com\/avatar\/d79227a2a7b6cc42e8d7a8f7c284cd3a?s=96&d=mm&r=g\",\"contentUrl\":\"https:\/\/secure.gravatar.com\/avatar\/d79227a2a7b6cc42e8d7a8f7c284cd3a?s=96&d=mm&r=g\",\"caption\":\"Reda\u00e7\u00e3o Cacau News\"},\"sameAs\":[\"https:\/\/cacaunews.com\"],\"url\":\"https:\/\/cacaunews.com\/?author=1\"}]}<\/script>\n<!-- \/ Yoast SEO plugin. -->","yoast_head_json":{"title":"Itabuna: Morre Roberto Mariano, propriet\u00e1rio do hist\u00f3rico Caf\u00e9 Pomar. - Cacau News","robots":{"index":"index","follow":"follow","max-snippet":"max-snippet:-1","max-image-preview":"max-image-preview:large","max-video-preview":"max-video-preview:-1"},"canonical":"https:\/\/cacaunews.com\/?p=5959","og_locale":"pt_BR","og_type":"article","og_title":"Itabuna: Morre Roberto Mariano, propriet\u00e1rio do hist\u00f3rico Caf\u00e9 Pomar. - Cacau News","og_description":"Morreu ao meio dia desta quarta-feira (26), em Itabuna, aos 87 anos o empres\u00e1rio Roberto...","og_url":"https:\/\/cacaunews.com\/?p=5959","og_site_name":"Cacau News","article_published_time":"2025-02-26T16:00:27+00:00","author":"Reda\u00e7\u00e3o Cacau News","twitter_card":"summary_large_image","twitter_misc":{"Escrito por":"Reda\u00e7\u00e3o Cacau News","Est. tempo de leitura":"1 minuto"},"schema":{"@context":"https:\/\/schema.org","@graph":[{"@type":"Article","@id":"https:\/\/cacaunews.com\/?p=5959#article","isPartOf":{"@id":"https:\/\/cacaunews.com\/?p=5959"},"author":{"name":"Reda\u00e7\u00e3o Cacau News","@id":"https:\/\/cacaunews.com\/#\/schema\/person\/ea69703103e606ad347ccd64bd72ef79"},"headline":"Itabuna: Morre Roberto Mariano, propriet\u00e1rio do hist\u00f3rico Caf\u00e9 Pomar.","datePublished":"2025-02-26T16:00:27+00:00","dateModified":"2025-02-26T16:00:27+00:00","mainEntityOfPage":{"@id":"https:\/\/cacaunews.com\/?p=5959"},"wordCount":125,"commentCount":0,"publisher":{"@id":"https:\/\/cacaunews.com\/#organization"},"keywords":["caf\u00e9 pomar","itabuna","morte","Roberto Mariano"],"articleSection":["cidades","Jornalismo"],"inLanguage":"pt-BR","potentialAction":[{"@type":"CommentAction","name":"Comment","target":["https:\/\/cacaunews.com\/?p=5959#respond"]}]},{"@type":"WebPage","@id":"https:\/\/cacaunews.com\/?p=5959","url":"https:\/\/cacaunews.com\/?p=5959","name":"Itabuna: Morre Roberto Mariano, propriet\u00e1rio do hist\u00f3rico Caf\u00e9 Pomar. - Cacau News","isPartOf":{"@id":"https:\/\/cacaunews.com\/#website"},"datePublished":"2025-02-26T16:00:27+00:00","dateModified":"2025-02-26T16:00:27+00:00","breadcrumb":{"@id":"https:\/\/cacaunews.com\/?p=5959#breadcrumb"},"inLanguage":"pt-BR","potentialAction":[{"@type":"ReadAction","target":["https:\/\/cacaunews.com\/?p=5959"]}]},{"@type":"BreadcrumbList","@id":"https:\/\/cacaunews.com\/?p=5959#breadcrumb","itemListElement":[{"@type":"ListItem","position":1,"name":"In\u00edcio","item":"https:\/\/cacaunews.com\/"},{"@type":"ListItem","position":2,"name":"Itabuna: Morre Roberto Mariano, propriet\u00e1rio do hist\u00f3rico Caf\u00e9 Pomar."}]},{"@type":"WebSite","@id":"https:\/\/cacaunews.com\/#website","url":"https:\/\/cacaunews.com\/","name":"Cacau News","description":"A Informa\u00e7\u00e3o que voc\u00ea precisa!","publisher":{"@id":"https:\/\/cacaunews.com\/#organization"},"potentialAction":[{"@type":"SearchAction","target":{"@type":"EntryPoint","urlTemplate":"https:\/\/cacaunews.com\/?s={search_term_string}"},"query-input":"required name=search_term_string"}],"inLanguage":"pt-BR"},{"@type":"Organization","@id":"https:\/\/cacaunews.com\/#organization","name":"Cacau News","url":"https:\/\/cacaunews.com\/","logo":{"@type":"ImageObject","inLanguage":"pt-BR","@id":"https:\/\/cacaunews.com\/#\/schema\/logo\/image\/","url":"https:\/\/cacaunews.com\/wp-content\/uploads\/2025\/01\/cropped-LOGO-NOVA.png","contentUrl":"https:\/\/cacaunews.com\/wp-content\/uploads\/2025\/01\/cropped-LOGO-NOVA.png","width":813,"height":813,"caption":"Cacau News"},"image":{"@id":"https:\/\/cacaunews.com\/#\/schema\/logo\/image\/"},"sameAs":["https:\/\/www.instagram.com\/cacaunews.online\/","https:\/\/youtube.com\/@cacaunews?si=0VXLnjl08SrWbVG9"]},{"@type":"Person","@id":"https:\/\/cacaunews.com\/#\/schema\/person\/ea69703103e606ad347ccd64bd72ef79","name":"Reda\u00e7\u00e3o Cacau News","image":{"@type":"ImageObject","inLanguage":"pt-BR","@id":"https:\/\/cacaunews.com\/#\/schema\/person\/image\/","url":"https:\/\/secure.gravatar.com\/avatar\/d79227a2a7b6cc42e8d7a8f7c284cd3a?s=96&d=mm&r=g","contentUrl":"https:\/\/secure.gravatar.com\/avatar\/d79227a2a7b6cc42e8d7a8f7c284cd3a?s=96&d=mm&r=g","caption":"Reda\u00e7\u00e3o Cacau News"},"sameAs":["https:\/\/cacaunews.com"],"url":"https:\/\/cacaunews.com\/?author=1"}]}},"jetpack_sharing_enabled":true,"jetpack_featured_media_url":"https:\/\/cacaunews.com\/wp-content\/uploads\/2025\/02\/1000231108.jpg","_links":{"self":[{"href":"https:\/\/cacaunews.com\/index.php?rest_route=\/wp\/v2\/posts\/5959"}],"collection":[{"href":"https:\/\/cacaunews.com\/index.php?rest_route=\/wp\/v2\/posts"}],"about":[{"href":"https:\/\/cacaunews.com\/index.php?rest_route=\/wp\/v2\/types\/post"}],"author":[{"embeddable":true,"href":"https:\/\/cacaunews.com\/index.php?rest_route=\/wp\/v2\/users\/1"}],"replies":[{"embeddable":true,"href":"https:\/\/cacaunews.com\/index.php?rest_route=%2Fwp%2Fv2%2Fcomments&post=5959"}],"version-history":[{"count":0,"href":"https:\/\/cacaunews.com\/index.php?rest_route=\/wp\/v2\/posts\/5959\/revisions"}],"wp:featuredmedia":[{"embeddable":true,"href":"https:\/\/cacaunews.com\/index.php?rest_route=\/wp\/v2\/media\/5958"}],"wp:attachment":[{"href":"https:\/\/cacaunews.com\/index.php?rest_route=%2Fwp%2Fv2%2Fmedia&parent=5959"}],"wp:term":[{"taxonomy":"category","embeddable":true,"href":"https:\/\/cacaunews.com\/index.php?rest_route=%2Fwp%2Fv2%2Fcategories&post=5959"},{"taxonomy":"post_tag","embeddable":true,"href":"https:\/\/cacaunews.com\/index.php?rest_route=%2Fwp%2Fv2%2Ftags&post=5959"}],"curies":[{"name":"wp","href":"https:\/\/api.w.org\/{rel}","templated":true}]}}