{"id":5971,"date":"2025-02-28T19:30:05","date_gmt":"2025-02-28T19:30:05","guid":{"rendered":"https:\/\/cacaunews.com\/?p=5971"},"modified":"2025-02-28T19:49:22","modified_gmt":"2025-02-28T19:49:22","slug":"placar-pelo-afastamento-de-adolfo-menezes-da-presidencia-da-al-ba-chega-a-quatro-a-zero-na-segunda-turma-do-stf","status":"publish","type":"post","link":"https:\/\/cacaunews.com\/?p=5971","title":{"rendered":"Placar pelo afastamento de Adolfo Menezes da presid\u00eancia da AL-BA chega a quatro a zero, na segunda turma do STF."},"content":{"rendered":"\n<p>O ministro Nunes Marques acompanhou os ministros Gilmar Mendes, Dias Toffoli e Edson Fachin e tamb\u00e9m votou, na segunda turma do Supremo Tribunal Federal (STF), pelo afastamento do deputado estadual Adolfo Menezes (PSD) da presid\u00eancia da Assembleia Legislativa. Com isso, o placar est\u00e1 quatro a zero contra o parlamentar.<br><br>Resta apenas o voto do ministro Andr\u00e9 Mendon\u00e7a, no julgamento virtual que termina no final da noite desta sexta-feira (28). Ontem (27), a subprocuradora-geral da Rep\u00fablica, Maria Caetana Cintra Santos, tamb\u00e9m emitiu parecer favor\u00e1vel pelo afastamento de Adolfo Menezes.<br><br>O deputado do PSD foi afastado da presid\u00eancia da Assembleia em 10 de fevereiro, sete dias ap\u00f3s ter sido reeleito para o comando da Casa com os votos de 61 dos 63 parlamentares. Ele deixou o cargo por decis\u00e3o monocr\u00e1tica de Gilmar Mendes. A liminar agora \u00e9 julgada no colegiado da segunda turma, j\u00e1 com maioria consolidada pelo mesmo entendimento.<br><br>Gilmar atendeu parcialmente \u00e0 liminar solicitado pelo deputado estadual Hilton Coelho (PSOL) por meio de uma reclama\u00e7\u00e3o constitucional, visto que o parlamentar n\u00e3o teve sucesso na a\u00e7\u00e3o que moveu junto ao Tribunal de Justi\u00e7a da Bahia (TJ-BA). O ministro n\u00e3o acatou o pedido para que a 1\u00aa vice e presidente em exerc\u00edcio, deputada Ivana Bastos (PSD), convocasse uma nova elei\u00e7\u00e3o num prazo de cinco dias.<br><br>Esta semana, Adolfo Menezes ingressou com um agravo regimental solicitando a retirada da a\u00e7\u00e3o da pauta da segunda turma para que fosse julgada, de maneira presencial, no plen\u00e1rio do STF. Ainda n\u00e3o houve resposta dos ministros sobre esse pedido.<br><br>O deputado do PSD foi afastado da presid\u00eancia porque contrariou a jurisprud\u00eancia do STF que impede um terceiro mandato consecutivo como chefe de Poder, dentro de um marco temporal estabelecido e no qual Adolfo Menezes se enquadra. Esse entendimento foi firmado em 2022.<\/p>\n\n\n\n<p>Com Informa\u00e7\u00f5es Pol\u00edtica Livre.<\/p>\n","protected":false},"excerpt":{"rendered":"<p>O ministro Nunes Marques acompanhou os ministros Gilmar Mendes, Dias Toffoli e Edson Fachin e&#8230;<\/p>\n","protected":false},"author":1,"featured_media":5970,"comment_status":"open","ping_status":"open","sticky":false,"template":"","format":"standard","meta":{"footnotes":""},"categories":[11,5],"tags":[2046,407,54,714,750],"yoast_head":"<!-- This site is optimized with the Yoast SEO plugin v21.7 - https:\/\/yoast.com\/wordpress\/plugins\/seo\/ -->\n<title>Placar pelo afastamento de Adolfo Menezes da presid\u00eancia da AL-BA chega a quatro a zero, na segunda turma do STF. - Cacau News<\/title>\n<meta name=\"robots\" content=\"index, follow, max-snippet:-1, max-image-preview:large, max-video-preview:-1\" \/>\n<link rel=\"canonical\" href=\"https:\/\/cacaunews.com\/?p=5971\" \/>\n<meta property=\"og:locale\" content=\"pt_BR\" \/>\n<meta property=\"og:type\" content=\"article\" \/>\n<meta property=\"og:title\" content=\"Placar pelo afastamento de Adolfo Menezes da presid\u00eancia da AL-BA chega a quatro a zero, na segunda turma do STF. - Cacau News\" \/>\n<meta property=\"og:description\" content=\"O ministro Nunes Marques acompanhou os ministros Gilmar Mendes, Dias Toffoli e Edson Fachin e...\" \/>\n<meta property=\"og:url\" content=\"https:\/\/cacaunews.com\/?p=5971\" \/>\n<meta property=\"og:site_name\" content=\"Cacau News\" \/>\n<meta property=\"article:published_time\" content=\"2025-02-28T19:30:05+00:00\" \/>\n<meta property=\"article:modified_time\" content=\"2025-02-28T19:49:22+00:00\" \/>\n<meta property=\"og:image\" content=\"https:\/\/cacaunews.com\/wp-content\/uploads\/2025\/02\/IMG_20250228_165108.jpg\" \/>\n\t<meta property=\"og:image:width\" content=\"962\" \/>\n\t<meta property=\"og:image:height\" content=\"740\" \/>\n\t<meta property=\"og:image:type\" content=\"image\/jpeg\" \/>\n<meta name=\"author\" content=\"Reda\u00e7\u00e3o Cacau News\" \/>\n<meta name=\"twitter:card\" content=\"summary_large_image\" \/>\n<meta name=\"twitter:label1\" content=\"Escrito por\" \/>\n\t<meta name=\"twitter:data1\" content=\"Reda\u00e7\u00e3o Cacau News\" \/>\n\t<meta name=\"twitter:label2\" content=\"Est. tempo de leitura\" \/>\n\t<meta name=\"twitter:data2\" content=\"2 minutos\" \/>\n<script type=\"application\/ld+json\" class=\"yoast-schema-graph\">{\"@context\":\"https:\/\/schema.org\",\"@graph\":[{\"@type\":\"Article\",\"@id\":\"https:\/\/cacaunews.com\/?p=5971#article\",\"isPartOf\":{\"@id\":\"https:\/\/cacaunews.com\/?p=5971\"},\"author\":{\"name\":\"Reda\u00e7\u00e3o Cacau News\",\"@id\":\"https:\/\/cacaunews.com\/#\/schema\/person\/ea69703103e606ad347ccd64bd72ef79\"},\"headline\":\"Placar pelo afastamento de Adolfo Menezes da presid\u00eancia da AL-BA chega a quatro a zero, na segunda turma do STF.\",\"datePublished\":\"2025-02-28T19:30:05+00:00\",\"dateModified\":\"2025-02-28T19:49:22+00:00\",\"mainEntityOfPage\":{\"@id\":\"https:\/\/cacaunews.com\/?p=5971\"},\"wordCount\":335,\"commentCount\":0,\"publisher\":{\"@id\":\"https:\/\/cacaunews.com\/#organization\"},\"keywords\":[\"Adolfo Menezes\",\"afastamento\",\"ALBA\",\"presid\u00eancia\",\"stf\"],\"articleSection\":[\"Jornalismo\",\"Politica\"],\"inLanguage\":\"pt-BR\",\"potentialAction\":[{\"@type\":\"CommentAction\",\"name\":\"Comment\",\"target\":[\"https:\/\/cacaunews.com\/?p=5971#respond\"]}]},{\"@type\":\"WebPage\",\"@id\":\"https:\/\/cacaunews.com\/?p=5971\",\"url\":\"https:\/\/cacaunews.com\/?p=5971\",\"name\":\"Placar pelo afastamento de Adolfo Menezes da presid\u00eancia da AL-BA chega a quatro a zero, na segunda turma do STF. - Cacau News\",\"isPartOf\":{\"@id\":\"https:\/\/cacaunews.com\/#website\"},\"datePublished\":\"2025-02-28T19:30:05+00:00\",\"dateModified\":\"2025-02-28T19:49:22+00:00\",\"breadcrumb\":{\"@id\":\"https:\/\/cacaunews.com\/?p=5971#breadcrumb\"},\"inLanguage\":\"pt-BR\",\"potentialAction\":[{\"@type\":\"ReadAction\",\"target\":[\"https:\/\/cacaunews.com\/?p=5971\"]}]},{\"@type\":\"BreadcrumbList\",\"@id\":\"https:\/\/cacaunews.com\/?p=5971#breadcrumb\",\"itemListElement\":[{\"@type\":\"ListItem\",\"position\":1,\"name\":\"In\u00edcio\",\"item\":\"https:\/\/cacaunews.com\/\"},{\"@type\":\"ListItem\",\"position\":2,\"name\":\"Placar pelo afastamento de Adolfo Menezes da presid\u00eancia da AL-BA chega a quatro a zero, na segunda turma do STF.\"}]},{\"@type\":\"WebSite\",\"@id\":\"https:\/\/cacaunews.com\/#website\",\"url\":\"https:\/\/cacaunews.com\/\",\"name\":\"Cacau News\",\"description\":\"A Informa\u00e7\u00e3o que voc\u00ea precisa!\",\"publisher\":{\"@id\":\"https:\/\/cacaunews.com\/#organization\"},\"potentialAction\":[{\"@type\":\"SearchAction\",\"target\":{\"@type\":\"EntryPoint\",\"urlTemplate\":\"https:\/\/cacaunews.com\/?s={search_term_string}\"},\"query-input\":\"required name=search_term_string\"}],\"inLanguage\":\"pt-BR\"},{\"@type\":\"Organization\",\"@id\":\"https:\/\/cacaunews.com\/#organization\",\"name\":\"Cacau News\",\"url\":\"https:\/\/cacaunews.com\/\",\"logo\":{\"@type\":\"ImageObject\",\"inLanguage\":\"pt-BR\",\"@id\":\"https:\/\/cacaunews.com\/#\/schema\/logo\/image\/\",\"url\":\"https:\/\/cacaunews.com\/wp-content\/uploads\/2025\/01\/cropped-LOGO-NOVA.png\",\"contentUrl\":\"https:\/\/cacaunews.com\/wp-content\/uploads\/2025\/01\/cropped-LOGO-NOVA.png\",\"width\":813,\"height\":813,\"caption\":\"Cacau News\"},\"image\":{\"@id\":\"https:\/\/cacaunews.com\/#\/schema\/logo\/image\/\"},\"sameAs\":[\"https:\/\/www.instagram.com\/cacaunews.online\/\",\"https:\/\/youtube.com\/@cacaunews?si=0VXLnjl08SrWbVG9\"]},{\"@type\":\"Person\",\"@id\":\"https:\/\/cacaunews.com\/#\/schema\/person\/ea69703103e606ad347ccd64bd72ef79\",\"name\":\"Reda\u00e7\u00e3o Cacau News\",\"image\":{\"@type\":\"ImageObject\",\"inLanguage\":\"pt-BR\",\"@id\":\"https:\/\/cacaunews.com\/#\/schema\/person\/image\/\",\"url\":\"https:\/\/secure.gravatar.com\/avatar\/d79227a2a7b6cc42e8d7a8f7c284cd3a?s=96&d=mm&r=g\",\"contentUrl\":\"https:\/\/secure.gravatar.com\/avatar\/d79227a2a7b6cc42e8d7a8f7c284cd3a?s=96&d=mm&r=g\",\"caption\":\"Reda\u00e7\u00e3o Cacau News\"},\"sameAs\":[\"https:\/\/cacaunews.com\"],\"url\":\"https:\/\/cacaunews.com\/?author=1\"}]}<\/script>\n<!-- \/ Yoast SEO plugin. -->","yoast_head_json":{"title":"Placar pelo afastamento de Adolfo Menezes da presid\u00eancia da AL-BA chega a quatro a zero, na segunda turma do STF. - Cacau News","robots":{"index":"index","follow":"follow","max-snippet":"max-snippet:-1","max-image-preview":"max-image-preview:large","max-video-preview":"max-video-preview:-1"},"canonical":"https:\/\/cacaunews.com\/?p=5971","og_locale":"pt_BR","og_type":"article","og_title":"Placar pelo afastamento de Adolfo Menezes da presid\u00eancia da AL-BA chega a quatro a zero, na segunda turma do STF. - Cacau News","og_description":"O ministro Nunes Marques acompanhou os ministros Gilmar Mendes, Dias Toffoli e Edson Fachin e...","og_url":"https:\/\/cacaunews.com\/?p=5971","og_site_name":"Cacau News","article_published_time":"2025-02-28T19:30:05+00:00","article_modified_time":"2025-02-28T19:49:22+00:00","og_image":[{"width":962,"height":740,"url":"https:\/\/cacaunews.com\/wp-content\/uploads\/2025\/02\/IMG_20250228_165108.jpg","type":"image\/jpeg"}],"author":"Reda\u00e7\u00e3o Cacau News","twitter_card":"summary_large_image","twitter_misc":{"Escrito por":"Reda\u00e7\u00e3o Cacau News","Est. tempo de leitura":"2 minutos"},"schema":{"@context":"https:\/\/schema.org","@graph":[{"@type":"Article","@id":"https:\/\/cacaunews.com\/?p=5971#article","isPartOf":{"@id":"https:\/\/cacaunews.com\/?p=5971"},"author":{"name":"Reda\u00e7\u00e3o Cacau News","@id":"https:\/\/cacaunews.com\/#\/schema\/person\/ea69703103e606ad347ccd64bd72ef79"},"headline":"Placar pelo afastamento de Adolfo Menezes da presid\u00eancia da AL-BA chega a quatro a zero, na segunda turma do STF.","datePublished":"2025-02-28T19:30:05+00:00","dateModified":"2025-02-28T19:49:22+00:00","mainEntityOfPage":{"@id":"https:\/\/cacaunews.com\/?p=5971"},"wordCount":335,"commentCount":0,"publisher":{"@id":"https:\/\/cacaunews.com\/#organization"},"keywords":["Adolfo Menezes","afastamento","ALBA","presid\u00eancia","stf"],"articleSection":["Jornalismo","Politica"],"inLanguage":"pt-BR","potentialAction":[{"@type":"CommentAction","name":"Comment","target":["https:\/\/cacaunews.com\/?p=5971#respond"]}]},{"@type":"WebPage","@id":"https:\/\/cacaunews.com\/?p=5971","url":"https:\/\/cacaunews.com\/?p=5971","name":"Placar pelo afastamento de Adolfo Menezes da presid\u00eancia da AL-BA chega a quatro a zero, na segunda turma do STF. - Cacau News","isPartOf":{"@id":"https:\/\/cacaunews.com\/#website"},"datePublished":"2025-02-28T19:30:05+00:00","dateModified":"2025-02-28T19:49:22+00:00","breadcrumb":{"@id":"https:\/\/cacaunews.com\/?p=5971#breadcrumb"},"inLanguage":"pt-BR","potentialAction":[{"@type":"ReadAction","target":["https:\/\/cacaunews.com\/?p=5971"]}]},{"@type":"BreadcrumbList","@id":"https:\/\/cacaunews.com\/?p=5971#breadcrumb","itemListElement":[{"@type":"ListItem","position":1,"name":"In\u00edcio","item":"https:\/\/cacaunews.com\/"},{"@type":"ListItem","position":2,"name":"Placar pelo afastamento de Adolfo Menezes da presid\u00eancia da AL-BA chega a quatro a zero, na segunda turma do STF."}]},{"@type":"WebSite","@id":"https:\/\/cacaunews.com\/#website","url":"https:\/\/cacaunews.com\/","name":"Cacau News","description":"A Informa\u00e7\u00e3o que voc\u00ea precisa!","publisher":{"@id":"https:\/\/cacaunews.com\/#organization"},"potentialAction":[{"@type":"SearchAction","target":{"@type":"EntryPoint","urlTemplate":"https:\/\/cacaunews.com\/?s={search_term_string}"},"query-input":"required name=search_term_string"}],"inLanguage":"pt-BR"},{"@type":"Organization","@id":"https:\/\/cacaunews.com\/#organization","name":"Cacau News","url":"https:\/\/cacaunews.com\/","logo":{"@type":"ImageObject","inLanguage":"pt-BR","@id":"https:\/\/cacaunews.com\/#\/schema\/logo\/image\/","url":"https:\/\/cacaunews.com\/wp-content\/uploads\/2025\/01\/cropped-LOGO-NOVA.png","contentUrl":"https:\/\/cacaunews.com\/wp-content\/uploads\/2025\/01\/cropped-LOGO-NOVA.png","width":813,"height":813,"caption":"Cacau News"},"image":{"@id":"https:\/\/cacaunews.com\/#\/schema\/logo\/image\/"},"sameAs":["https:\/\/www.instagram.com\/cacaunews.online\/","https:\/\/youtube.com\/@cacaunews?si=0VXLnjl08SrWbVG9"]},{"@type":"Person","@id":"https:\/\/cacaunews.com\/#\/schema\/person\/ea69703103e606ad347ccd64bd72ef79","name":"Reda\u00e7\u00e3o Cacau News","image":{"@type":"ImageObject","inLanguage":"pt-BR","@id":"https:\/\/cacaunews.com\/#\/schema\/person\/image\/","url":"https:\/\/secure.gravatar.com\/avatar\/d79227a2a7b6cc42e8d7a8f7c284cd3a?s=96&d=mm&r=g","contentUrl":"https:\/\/secure.gravatar.com\/avatar\/d79227a2a7b6cc42e8d7a8f7c284cd3a?s=96&d=mm&r=g","caption":"Reda\u00e7\u00e3o Cacau News"},"sameAs":["https:\/\/cacaunews.com"],"url":"https:\/\/cacaunews.com\/?author=1"}]}},"jetpack_sharing_enabled":true,"jetpack_featured_media_url":"https:\/\/cacaunews.com\/wp-content\/uploads\/2025\/02\/IMG_20250228_165108.jpg","_links":{"self":[{"href":"https:\/\/cacaunews.com\/index.php?rest_route=\/wp\/v2\/posts\/5971"}],"collection":[{"href":"https:\/\/cacaunews.com\/index.php?rest_route=\/wp\/v2\/posts"}],"about":[{"href":"https:\/\/cacaunews.com\/index.php?rest_route=\/wp\/v2\/types\/post"}],"author":[{"embeddable":true,"href":"https:\/\/cacaunews.com\/index.php?rest_route=\/wp\/v2\/users\/1"}],"replies":[{"embeddable":true,"href":"https:\/\/cacaunews.com\/index.php?rest_route=%2Fwp%2Fv2%2Fcomments&post=5971"}],"version-history":[{"count":1,"href":"https:\/\/cacaunews.com\/index.php?rest_route=\/wp\/v2\/posts\/5971\/revisions"}],"predecessor-version":[{"id":5972,"href":"https:\/\/cacaunews.com\/index.php?rest_route=\/wp\/v2\/posts\/5971\/revisions\/5972"}],"wp:featuredmedia":[{"embeddable":true,"href":"https:\/\/cacaunews.com\/index.php?rest_route=\/wp\/v2\/media\/5970"}],"wp:attachment":[{"href":"https:\/\/cacaunews.com\/index.php?rest_route=%2Fwp%2Fv2%2Fmedia&parent=5971"}],"wp:term":[{"taxonomy":"category","embeddable":true,"href":"https:\/\/cacaunews.com\/index.php?rest_route=%2Fwp%2Fv2%2Fcategories&post=5971"},{"taxonomy":"post_tag","embeddable":true,"href":"https:\/\/cacaunews.com\/index.php?rest_route=%2Fwp%2Fv2%2Ftags&post=5971"}],"curies":[{"name":"wp","href":"https:\/\/api.w.org\/{rel}","templated":true}]}}