{"id":6002,"date":"2025-03-10T14:00:26","date_gmt":"2025-03-10T14:00:26","guid":{"rendered":"https:\/\/cacaunews.com\/?p=6002"},"modified":"2025-03-10T14:00:26","modified_gmt":"2025-03-10T14:00:26","slug":"transicao-energetica-chega-as-escolas-estaduais-da-bahia","status":"publish","type":"post","link":"https:\/\/cacaunews.com\/?p=6002","title":{"rendered":"Transi\u00e7\u00e3o energ\u00e9tica chega \u00e0s escolas estaduais da Bahia."},"content":{"rendered":"\n<p>Atenta \u00e0s necessidades de transi\u00e7\u00e3o energ\u00e9tica para conter as mudan\u00e7as clim\u00e1ticas, a Secretaria da Educa\u00e7\u00e3o do Estado (SEC), em parceria com a Secretaria de Infraestrutura (Seinfra), vem executando a instala\u00e7\u00e3o de sistemas solares fotovoltaicos nas escolas da rede estadual de ensino. O projeto inovador conta com o investimento de mais de R$ 131 milh\u00f5es e far\u00e1 com que a Bahia se torne protagonista na implementa\u00e7\u00e3o de programas de transi\u00e7\u00e3o do sistema energ\u00e9tico para suprimento de energia el\u00e9trica nos pr\u00e9dios p\u00fablicos do poder executivo estadual, a partir de fontes renov\u00e1veis. <br><br>O coordenador executivo de Infraestrutura da Rede F\u00edsica da SEC, Afonso Requi\u00e3o, explica que a iniciativa, fruto da licita\u00e7\u00e3o Seinfra\/Sepec n\u00b0 003\/2023, atender\u00e1 156 novas unidades escolares estaduais de tempo integral localizadas em diferentes regi\u00f5es da Bahia. \u201cAl\u00e9m do benef\u00edcio econ\u00f4mico com a redu\u00e7\u00e3o de custos na conta de luz, a implanta\u00e7\u00e3o da energia fotovoltaica nas escolas p\u00fablicas mostra a preocupa\u00e7\u00e3o do Estado com o meio ambiente, por ser considerada uma fonte de energia alternativa, renov\u00e1vel, limpa e sustent\u00e1vel\u201d, destaca.<br><br>Com uma pot\u00eancia nominal instalada da ordem de 47.000 kWp,o projeto contempla a instala\u00e7\u00e3o dos sistemas compostos por m\u00f3dulos fotovoltaicos e inversores de acess\u00f3rios nas coberturas das escolas. Estes sistemas convertem a irradia\u00e7\u00e3o solar em energia el\u00e9trica, gerando a capacidade das unidades produzirem energia para atender \u00e0s suas demandas, tornando-as autossuficientes e sustent\u00e1veis. A energia excedente poder\u00e1 ser utilizada na compensa\u00e7\u00e3o das contas de energia de outras unidade escolares vinculadas \u00e0 SEC. <br><br>Afonso Requi\u00e3o destaca, tamb\u00e9m, que as escolas constru\u00eddas atrav\u00e9s do projeto \u201cConstruir para educar\u201d j\u00e1 possuem usinas solares fotovoltaicas inclu\u00eddas nos contratos das obras. \u201cDo total de 46 usinas, quatro j\u00e1 foram inauguradas: uma no Col\u00e9gio Estadual do Campo de Tempo Integral de Cascavel, localizado em Ibicoara, e mais tr\u00eas nos col\u00e9gios estaduais de tempo integral S\u00e3o Daniel Comboni, Vila Can\u00e1ria e Professor R\u00f4mulo Almeida, ambos em Salvador\u201d. Outras 38 est\u00e3o em execu\u00e7\u00e3o e mais quatro est\u00e3o em processo de licita\u00e7\u00e3o. A iniciativa conta com o investimento de mais de R$ 50 milh\u00f5es.\u00a0 <br><br><strong>Projeto Piloto<\/strong> &#8211; Por meio de Acordo de Coopera\u00e7\u00e3o T\u00e9cnica, firmado entre a SEC e a Neoenergia Coelba, cinco sistemas de gera\u00e7\u00e3o de energia el\u00e9trica, a partir de fonte solar fotovoltaica, j\u00e1 foram instalados em outras cinco escolas estaduais. O programa-piloto, sem custos para o Estado, integra as atividades da concession\u00e1ria de destinar parte da sua receita operacional l\u00edquida para realizar projetos de efici\u00eancia energ\u00e9tica, promovendo o desenvolvimento, a consolida\u00e7\u00e3o de novas tecnologias e as mudan\u00e7as de h\u00e1bitos para o consumo consciente.<br><br>Das cinco unidades escolares contempladas, tr\u00eas j\u00e1 est\u00e3o com os seus sistemas em funcionamento. S\u00e3o elas: Col\u00e9gio Estadual de Tempo Integral Jos\u00e9 Dias de Sales, localizado no bairro de Cajazeiras, em Salvador; Centro Estadual de Educa\u00e7\u00e3o Profissional (Ceep) em Tecnologia, Informa\u00e7\u00e3o e Comunica\u00e7\u00e3o, em Lauro de Freitas; e Centro Territorial de Educa\u00e7\u00e3o Profissional (Cetep) de Dias D\u2019\u00c1vila, em Dias D\u2019\u00c1vila. J\u00e1 os sistemas instalados no Col\u00e9gio Estadual Jos\u00e9 Vicente Leal, localizado em Ara\u00e7\u00e1s, e no Col\u00e9gio Estadual de Tempo Integral de Am\u00e9lia Rodrigues, em Am\u00e9lia Rodrigues, est\u00e3o prontos e com previs\u00e3o de entrega no m\u00eas de mar\u00e7o deste ano.<br><br>Al\u00e9m desse programa-piloto, mais sete unidades escolares da rede estadual de ensino j\u00e1 contavam com usinas solares fotovoltaicas atrav\u00e9s de outros contratos e conv\u00eanios, a exemplo do Centro Estadual de Educa\u00e7\u00e3o Profissional \u00c1guas, localizado em Barra; Col\u00e9gio Estadual da Bahia \u2013 Central, em Salvador; e Col\u00e9gio da Pol\u00edcia Militar (CPM), em Jequi\u00e9.<br><br>Texto: Emerson Santos.<\/p>\n","protected":false},"excerpt":{"rendered":"<p>Atenta \u00e0s necessidades de transi\u00e7\u00e3o energ\u00e9tica para conter as mudan\u00e7as clim\u00e1ticas, a Secretaria da Educa\u00e7\u00e3o&#8230;<\/p>\n","protected":false},"author":1,"featured_media":6001,"comment_status":"open","ping_status":"open","sticky":false,"template":"","format":"standard","meta":{"footnotes":""},"categories":[4,11],"tags":[39,33,2125,2124],"yoast_head":"<!-- This site is optimized with the Yoast SEO plugin v21.7 - https:\/\/yoast.com\/wordpress\/plugins\/seo\/ -->\n<title>Transi\u00e7\u00e3o energ\u00e9tica chega \u00e0s escolas estaduais da Bahia. - Cacau News<\/title>\n<meta name=\"robots\" content=\"index, follow, max-snippet:-1, max-image-preview:large, max-video-preview:-1\" \/>\n<link rel=\"canonical\" href=\"https:\/\/cacaunews.com\/?p=6002\" \/>\n<meta property=\"og:locale\" content=\"pt_BR\" \/>\n<meta property=\"og:type\" content=\"article\" \/>\n<meta property=\"og:title\" content=\"Transi\u00e7\u00e3o energ\u00e9tica chega \u00e0s escolas estaduais da Bahia. - Cacau News\" \/>\n<meta property=\"og:description\" content=\"Atenta \u00e0s necessidades de transi\u00e7\u00e3o energ\u00e9tica para conter as mudan\u00e7as clim\u00e1ticas, a Secretaria da Educa\u00e7\u00e3o...\" \/>\n<meta property=\"og:url\" content=\"https:\/\/cacaunews.com\/?p=6002\" \/>\n<meta property=\"og:site_name\" content=\"Cacau News\" \/>\n<meta property=\"article:published_time\" content=\"2025-03-10T14:00:26+00:00\" \/>\n<meta name=\"author\" content=\"Reda\u00e7\u00e3o Cacau News\" \/>\n<meta name=\"twitter:card\" content=\"summary_large_image\" \/>\n<meta name=\"twitter:label1\" content=\"Escrito por\" \/>\n\t<meta name=\"twitter:data1\" content=\"Reda\u00e7\u00e3o Cacau News\" \/>\n\t<meta name=\"twitter:label2\" content=\"Est. tempo de leitura\" \/>\n\t<meta name=\"twitter:data2\" content=\"3 minutos\" \/>\n<script type=\"application\/ld+json\" class=\"yoast-schema-graph\">{\"@context\":\"https:\/\/schema.org\",\"@graph\":[{\"@type\":\"Article\",\"@id\":\"https:\/\/cacaunews.com\/?p=6002#article\",\"isPartOf\":{\"@id\":\"https:\/\/cacaunews.com\/?p=6002\"},\"author\":{\"name\":\"Reda\u00e7\u00e3o Cacau News\",\"@id\":\"https:\/\/cacaunews.com\/#\/schema\/person\/ea69703103e606ad347ccd64bd72ef79\"},\"headline\":\"Transi\u00e7\u00e3o energ\u00e9tica chega \u00e0s escolas estaduais da Bahia.\",\"datePublished\":\"2025-03-10T14:00:26+00:00\",\"dateModified\":\"2025-03-10T14:00:26+00:00\",\"mainEntityOfPage\":{\"@id\":\"https:\/\/cacaunews.com\/?p=6002\"},\"wordCount\":661,\"commentCount\":0,\"publisher\":{\"@id\":\"https:\/\/cacaunews.com\/#organization\"},\"keywords\":[\"bahia\",\"educa\u00e7\u00e3o\",\"escola p\u00fablica\",\"transi\u00e7\u00e3o energ\u00e9tica\"],\"articleSection\":[\"Internet\",\"Jornalismo\"],\"inLanguage\":\"pt-BR\",\"potentialAction\":[{\"@type\":\"CommentAction\",\"name\":\"Comment\",\"target\":[\"https:\/\/cacaunews.com\/?p=6002#respond\"]}]},{\"@type\":\"WebPage\",\"@id\":\"https:\/\/cacaunews.com\/?p=6002\",\"url\":\"https:\/\/cacaunews.com\/?p=6002\",\"name\":\"Transi\u00e7\u00e3o energ\u00e9tica chega \u00e0s escolas estaduais da Bahia. - Cacau News\",\"isPartOf\":{\"@id\":\"https:\/\/cacaunews.com\/#website\"},\"datePublished\":\"2025-03-10T14:00:26+00:00\",\"dateModified\":\"2025-03-10T14:00:26+00:00\",\"breadcrumb\":{\"@id\":\"https:\/\/cacaunews.com\/?p=6002#breadcrumb\"},\"inLanguage\":\"pt-BR\",\"potentialAction\":[{\"@type\":\"ReadAction\",\"target\":[\"https:\/\/cacaunews.com\/?p=6002\"]}]},{\"@type\":\"BreadcrumbList\",\"@id\":\"https:\/\/cacaunews.com\/?p=6002#breadcrumb\",\"itemListElement\":[{\"@type\":\"ListItem\",\"position\":1,\"name\":\"In\u00edcio\",\"item\":\"https:\/\/cacaunews.com\/\"},{\"@type\":\"ListItem\",\"position\":2,\"name\":\"Transi\u00e7\u00e3o energ\u00e9tica chega \u00e0s escolas estaduais da Bahia.\"}]},{\"@type\":\"WebSite\",\"@id\":\"https:\/\/cacaunews.com\/#website\",\"url\":\"https:\/\/cacaunews.com\/\",\"name\":\"Cacau News\",\"description\":\"A Informa\u00e7\u00e3o que voc\u00ea precisa!\",\"publisher\":{\"@id\":\"https:\/\/cacaunews.com\/#organization\"},\"potentialAction\":[{\"@type\":\"SearchAction\",\"target\":{\"@type\":\"EntryPoint\",\"urlTemplate\":\"https:\/\/cacaunews.com\/?s={search_term_string}\"},\"query-input\":\"required name=search_term_string\"}],\"inLanguage\":\"pt-BR\"},{\"@type\":\"Organization\",\"@id\":\"https:\/\/cacaunews.com\/#organization\",\"name\":\"Cacau News\",\"url\":\"https:\/\/cacaunews.com\/\",\"logo\":{\"@type\":\"ImageObject\",\"inLanguage\":\"pt-BR\",\"@id\":\"https:\/\/cacaunews.com\/#\/schema\/logo\/image\/\",\"url\":\"https:\/\/cacaunews.com\/wp-content\/uploads\/2025\/01\/cropped-LOGO-NOVA.png\",\"contentUrl\":\"https:\/\/cacaunews.com\/wp-content\/uploads\/2025\/01\/cropped-LOGO-NOVA.png\",\"width\":813,\"height\":813,\"caption\":\"Cacau News\"},\"image\":{\"@id\":\"https:\/\/cacaunews.com\/#\/schema\/logo\/image\/\"},\"sameAs\":[\"https:\/\/www.instagram.com\/cacaunews.online\/\",\"https:\/\/youtube.com\/@cacaunews?si=0VXLnjl08SrWbVG9\"]},{\"@type\":\"Person\",\"@id\":\"https:\/\/cacaunews.com\/#\/schema\/person\/ea69703103e606ad347ccd64bd72ef79\",\"name\":\"Reda\u00e7\u00e3o Cacau News\",\"image\":{\"@type\":\"ImageObject\",\"inLanguage\":\"pt-BR\",\"@id\":\"https:\/\/cacaunews.com\/#\/schema\/person\/image\/\",\"url\":\"https:\/\/secure.gravatar.com\/avatar\/d79227a2a7b6cc42e8d7a8f7c284cd3a?s=96&d=mm&r=g\",\"contentUrl\":\"https:\/\/secure.gravatar.com\/avatar\/d79227a2a7b6cc42e8d7a8f7c284cd3a?s=96&d=mm&r=g\",\"caption\":\"Reda\u00e7\u00e3o Cacau News\"},\"sameAs\":[\"https:\/\/cacaunews.com\"],\"url\":\"https:\/\/cacaunews.com\/?author=1\"}]}<\/script>\n<!-- \/ Yoast SEO plugin. -->","yoast_head_json":{"title":"Transi\u00e7\u00e3o energ\u00e9tica chega \u00e0s escolas estaduais da Bahia. - Cacau News","robots":{"index":"index","follow":"follow","max-snippet":"max-snippet:-1","max-image-preview":"max-image-preview:large","max-video-preview":"max-video-preview:-1"},"canonical":"https:\/\/cacaunews.com\/?p=6002","og_locale":"pt_BR","og_type":"article","og_title":"Transi\u00e7\u00e3o energ\u00e9tica chega \u00e0s escolas estaduais da Bahia. - Cacau News","og_description":"Atenta \u00e0s necessidades de transi\u00e7\u00e3o energ\u00e9tica para conter as mudan\u00e7as clim\u00e1ticas, a Secretaria da Educa\u00e7\u00e3o...","og_url":"https:\/\/cacaunews.com\/?p=6002","og_site_name":"Cacau News","article_published_time":"2025-03-10T14:00:26+00:00","author":"Reda\u00e7\u00e3o Cacau News","twitter_card":"summary_large_image","twitter_misc":{"Escrito por":"Reda\u00e7\u00e3o Cacau News","Est. tempo de leitura":"3 minutos"},"schema":{"@context":"https:\/\/schema.org","@graph":[{"@type":"Article","@id":"https:\/\/cacaunews.com\/?p=6002#article","isPartOf":{"@id":"https:\/\/cacaunews.com\/?p=6002"},"author":{"name":"Reda\u00e7\u00e3o Cacau News","@id":"https:\/\/cacaunews.com\/#\/schema\/person\/ea69703103e606ad347ccd64bd72ef79"},"headline":"Transi\u00e7\u00e3o energ\u00e9tica chega \u00e0s escolas estaduais da Bahia.","datePublished":"2025-03-10T14:00:26+00:00","dateModified":"2025-03-10T14:00:26+00:00","mainEntityOfPage":{"@id":"https:\/\/cacaunews.com\/?p=6002"},"wordCount":661,"commentCount":0,"publisher":{"@id":"https:\/\/cacaunews.com\/#organization"},"keywords":["bahia","educa\u00e7\u00e3o","escola p\u00fablica","transi\u00e7\u00e3o energ\u00e9tica"],"articleSection":["Internet","Jornalismo"],"inLanguage":"pt-BR","potentialAction":[{"@type":"CommentAction","name":"Comment","target":["https:\/\/cacaunews.com\/?p=6002#respond"]}]},{"@type":"WebPage","@id":"https:\/\/cacaunews.com\/?p=6002","url":"https:\/\/cacaunews.com\/?p=6002","name":"Transi\u00e7\u00e3o energ\u00e9tica chega \u00e0s escolas estaduais da Bahia. - Cacau News","isPartOf":{"@id":"https:\/\/cacaunews.com\/#website"},"datePublished":"2025-03-10T14:00:26+00:00","dateModified":"2025-03-10T14:00:26+00:00","breadcrumb":{"@id":"https:\/\/cacaunews.com\/?p=6002#breadcrumb"},"inLanguage":"pt-BR","potentialAction":[{"@type":"ReadAction","target":["https:\/\/cacaunews.com\/?p=6002"]}]},{"@type":"BreadcrumbList","@id":"https:\/\/cacaunews.com\/?p=6002#breadcrumb","itemListElement":[{"@type":"ListItem","position":1,"name":"In\u00edcio","item":"https:\/\/cacaunews.com\/"},{"@type":"ListItem","position":2,"name":"Transi\u00e7\u00e3o energ\u00e9tica chega \u00e0s escolas estaduais da Bahia."}]},{"@type":"WebSite","@id":"https:\/\/cacaunews.com\/#website","url":"https:\/\/cacaunews.com\/","name":"Cacau News","description":"A Informa\u00e7\u00e3o que voc\u00ea precisa!","publisher":{"@id":"https:\/\/cacaunews.com\/#organization"},"potentialAction":[{"@type":"SearchAction","target":{"@type":"EntryPoint","urlTemplate":"https:\/\/cacaunews.com\/?s={search_term_string}"},"query-input":"required name=search_term_string"}],"inLanguage":"pt-BR"},{"@type":"Organization","@id":"https:\/\/cacaunews.com\/#organization","name":"Cacau News","url":"https:\/\/cacaunews.com\/","logo":{"@type":"ImageObject","inLanguage":"pt-BR","@id":"https:\/\/cacaunews.com\/#\/schema\/logo\/image\/","url":"https:\/\/cacaunews.com\/wp-content\/uploads\/2025\/01\/cropped-LOGO-NOVA.png","contentUrl":"https:\/\/cacaunews.com\/wp-content\/uploads\/2025\/01\/cropped-LOGO-NOVA.png","width":813,"height":813,"caption":"Cacau News"},"image":{"@id":"https:\/\/cacaunews.com\/#\/schema\/logo\/image\/"},"sameAs":["https:\/\/www.instagram.com\/cacaunews.online\/","https:\/\/youtube.com\/@cacaunews?si=0VXLnjl08SrWbVG9"]},{"@type":"Person","@id":"https:\/\/cacaunews.com\/#\/schema\/person\/ea69703103e606ad347ccd64bd72ef79","name":"Reda\u00e7\u00e3o Cacau News","image":{"@type":"ImageObject","inLanguage":"pt-BR","@id":"https:\/\/cacaunews.com\/#\/schema\/person\/image\/","url":"https:\/\/secure.gravatar.com\/avatar\/d79227a2a7b6cc42e8d7a8f7c284cd3a?s=96&d=mm&r=g","contentUrl":"https:\/\/secure.gravatar.com\/avatar\/d79227a2a7b6cc42e8d7a8f7c284cd3a?s=96&d=mm&r=g","caption":"Reda\u00e7\u00e3o Cacau News"},"sameAs":["https:\/\/cacaunews.com"],"url":"https:\/\/cacaunews.com\/?author=1"}]}},"jetpack_sharing_enabled":true,"jetpack_featured_media_url":"https:\/\/cacaunews.com\/wp-content\/uploads\/2025\/03\/IMG-20250310-WA0155.jpg","_links":{"self":[{"href":"https:\/\/cacaunews.com\/index.php?rest_route=\/wp\/v2\/posts\/6002"}],"collection":[{"href":"https:\/\/cacaunews.com\/index.php?rest_route=\/wp\/v2\/posts"}],"about":[{"href":"https:\/\/cacaunews.com\/index.php?rest_route=\/wp\/v2\/types\/post"}],"author":[{"embeddable":true,"href":"https:\/\/cacaunews.com\/index.php?rest_route=\/wp\/v2\/users\/1"}],"replies":[{"embeddable":true,"href":"https:\/\/cacaunews.com\/index.php?rest_route=%2Fwp%2Fv2%2Fcomments&post=6002"}],"version-history":[{"count":0,"href":"https:\/\/cacaunews.com\/index.php?rest_route=\/wp\/v2\/posts\/6002\/revisions"}],"wp:featuredmedia":[{"embeddable":true,"href":"https:\/\/cacaunews.com\/index.php?rest_route=\/wp\/v2\/media\/6001"}],"wp:attachment":[{"href":"https:\/\/cacaunews.com\/index.php?rest_route=%2Fwp%2Fv2%2Fmedia&parent=6002"}],"wp:term":[{"taxonomy":"category","embeddable":true,"href":"https:\/\/cacaunews.com\/index.php?rest_route=%2Fwp%2Fv2%2Fcategories&post=6002"},{"taxonomy":"post_tag","embeddable":true,"href":"https:\/\/cacaunews.com\/index.php?rest_route=%2Fwp%2Fv2%2Ftags&post=6002"}],"curies":[{"name":"wp","href":"https:\/\/api.w.org\/{rel}","templated":true}]}}