{"id":6012,"date":"2025-03-12T16:40:36","date_gmt":"2025-03-12T16:40:36","guid":{"rendered":"https:\/\/cacaunews.com\/?p=6012"},"modified":"2025-03-12T16:40:36","modified_gmt":"2025-03-12T16:40:36","slug":"ilheus-justica-cassa-mandatos-de-vereadores","status":"publish","type":"post","link":"https:\/\/cacaunews.com\/?p=6012","title":{"rendered":"Ilh\u00e9us: Justi\u00e7a cassa mandatos de vereadores."},"content":{"rendered":"\n<p>A Justi\u00e7a Eleitoral da 25\u00aa Zona Eleitoral de Ilh\u00e9us determinou a cassa\u00e7\u00e3o dos mandatos dos vereadores Neto da Sa\u00fade (PMB) e Odailson Pequeno (PODEMOS), ap\u00f3s reconhecer fraude no cumprimento da cota de g\u00eanero nas elei\u00e7\u00f5es municipais de 2024. A decis\u00e3o tamb\u00e9m resultou na nulidade dos votos dos respectivos partidos e na recontagem dos quocientes eleitoral e partid\u00e1rio, o que pode alterar a composi\u00e7\u00e3o da C\u00e2mara Municipal de Ilh\u00e9us.<br><br>A senten\u00e7a, assinada pelo juiz Gustavo Henrique Almeida Lyra, aponta que, no caso de Neto da Sa\u00fade, as candidaturas de Fabiana da Silva Nascimento e Mari\u00e2ngela Concei\u00e7\u00e3o Santos foram registradas de forma fict\u00edcia para que o PMB alcan\u00e7asse o percentual m\u00ednimo exigido de candidaturas femininas. Como resultado, as candidatas foram declaradas ineleg\u00edveis por oito anos, e o Demonstrativo de Regularidade de Atos Partid\u00e1rios (DRAP) do partido foi cassado.<br><br>J\u00e1 no caso de Odailson Pequeno, a investiga\u00e7\u00e3o judicial eleitoral, movida por Ninovaldo Jesus de Andrade, revelou que a candidata Vict\u00f3ria Guiomar de Jesus Raimundo foi registrada apenas simbolicamente, sem inten\u00e7\u00e3o real de disputar o pleito. A Justi\u00e7a considerou a candidatura fict\u00edcia, uma vez que Vict\u00f3ria n\u00e3o obteve nenhum voto e sua presta\u00e7\u00e3o de contas apresentou ind\u00edcios de irregularidades, como movimenta\u00e7\u00e3o financeira padronizada com outras candidatas. Diante das provas, o juiz determinou a cassa\u00e7\u00e3o do DRAP do PODEMOS, a nulidade dos votos do partido e a inelegibilidade de todos os envolvidos por oito anos.<br><br><strong>Impacto na C\u00e2mara Municipal<\/strong><br><br>Com a decis\u00e3o, Neto da Sa\u00fade e Odailson Pequeno perdem seus mandatos, e um novo c\u00e1lculo ser\u00e1 realizado para redistribui\u00e7\u00e3o das vagas na C\u00e2mara Municipal. O presidente da Casa Legislativa j\u00e1 foi notificado para tomar as provid\u00eancias cab\u00edveis, e a Justi\u00e7a Eleitoral determinou o cumprimento imediato da senten\u00e7a.<br><br>A defesa dos vereadores cassados ainda pode recorrer da decis\u00e3o junto ao Tribunal Regional Eleitoral da Bahia (TRE-BA), mas at\u00e9 o momento n\u00e3o houve suspens\u00e3o dos efeitos da senten\u00e7a.<br><br><strong>Reflexos na pol\u00edtica local<\/strong><br><br>A cassa\u00e7\u00e3o dos vereadores refor\u00e7a a necessidade de fiscaliza\u00e7\u00e3o rigorosa do cumprimento da cota de g\u00eanero, garantindo que a legisla\u00e7\u00e3o eleitoral seja respeitada. O caso tamb\u00e9m levanta um alerta para os partidos, que devem assegurar que suas candidaturas femininas sejam reais e representativas, evitando fraudes que comprometam a transpar\u00eancia do processo democr\u00e1tico.<\/p>\n\n\n\n<p>Com Informa\u00e7\u00f5es Ilh\u00e9us 24h.<\/p>\n","protected":false},"excerpt":{"rendered":"<p>A Justi\u00e7a Eleitoral da 25\u00aa Zona Eleitoral de Ilh\u00e9us determinou a cassa\u00e7\u00e3o dos mandatos dos&#8230;<\/p>\n","protected":false},"author":1,"featured_media":6011,"comment_status":"open","ping_status":"open","sticky":false,"template":"","format":"standard","meta":{"footnotes":""},"categories":[18,11,5],"tags":[1002,37,2128,433],"yoast_head":"<!-- This site is optimized with the Yoast SEO plugin v21.7 - https:\/\/yoast.com\/wordpress\/plugins\/seo\/ -->\n<title>Ilh\u00e9us: Justi\u00e7a cassa mandatos de vereadores. - Cacau News<\/title>\n<meta name=\"robots\" content=\"index, follow, max-snippet:-1, max-image-preview:large, max-video-preview:-1\" \/>\n<link rel=\"canonical\" href=\"https:\/\/cacaunews.com\/?p=6012\" \/>\n<meta property=\"og:locale\" content=\"pt_BR\" \/>\n<meta property=\"og:type\" content=\"article\" \/>\n<meta property=\"og:title\" content=\"Ilh\u00e9us: Justi\u00e7a cassa mandatos de vereadores. - Cacau News\" \/>\n<meta property=\"og:description\" content=\"A Justi\u00e7a Eleitoral da 25\u00aa Zona Eleitoral de Ilh\u00e9us determinou a cassa\u00e7\u00e3o dos mandatos dos...\" \/>\n<meta property=\"og:url\" content=\"https:\/\/cacaunews.com\/?p=6012\" \/>\n<meta property=\"og:site_name\" content=\"Cacau News\" \/>\n<meta property=\"article:published_time\" content=\"2025-03-12T16:40:36+00:00\" \/>\n<meta name=\"author\" content=\"Reda\u00e7\u00e3o Cacau News\" \/>\n<meta name=\"twitter:card\" content=\"summary_large_image\" \/>\n<meta name=\"twitter:label1\" content=\"Escrito por\" \/>\n\t<meta name=\"twitter:data1\" content=\"Reda\u00e7\u00e3o Cacau News\" \/>\n\t<meta name=\"twitter:label2\" content=\"Est. tempo de leitura\" \/>\n\t<meta name=\"twitter:data2\" content=\"2 minutos\" \/>\n<script type=\"application\/ld+json\" class=\"yoast-schema-graph\">{\"@context\":\"https:\/\/schema.org\",\"@graph\":[{\"@type\":\"Article\",\"@id\":\"https:\/\/cacaunews.com\/?p=6012#article\",\"isPartOf\":{\"@id\":\"https:\/\/cacaunews.com\/?p=6012\"},\"author\":{\"name\":\"Reda\u00e7\u00e3o Cacau News\",\"@id\":\"https:\/\/cacaunews.com\/#\/schema\/person\/ea69703103e606ad347ccd64bd72ef79\"},\"headline\":\"Ilh\u00e9us: Justi\u00e7a cassa mandatos de vereadores.\",\"datePublished\":\"2025-03-12T16:40:36+00:00\",\"dateModified\":\"2025-03-12T16:40:36+00:00\",\"mainEntityOfPage\":{\"@id\":\"https:\/\/cacaunews.com\/?p=6012\"},\"wordCount\":435,\"commentCount\":0,\"publisher\":{\"@id\":\"https:\/\/cacaunews.com\/#organization\"},\"keywords\":[\"cassa\u00e7\u00e3o\",\"ilheus\",\"mandatos\",\"vereadores\"],\"articleSection\":[\"cidades\",\"Jornalismo\",\"Politica\"],\"inLanguage\":\"pt-BR\",\"potentialAction\":[{\"@type\":\"CommentAction\",\"name\":\"Comment\",\"target\":[\"https:\/\/cacaunews.com\/?p=6012#respond\"]}]},{\"@type\":\"WebPage\",\"@id\":\"https:\/\/cacaunews.com\/?p=6012\",\"url\":\"https:\/\/cacaunews.com\/?p=6012\",\"name\":\"Ilh\u00e9us: Justi\u00e7a cassa mandatos de vereadores. - Cacau News\",\"isPartOf\":{\"@id\":\"https:\/\/cacaunews.com\/#website\"},\"datePublished\":\"2025-03-12T16:40:36+00:00\",\"dateModified\":\"2025-03-12T16:40:36+00:00\",\"breadcrumb\":{\"@id\":\"https:\/\/cacaunews.com\/?p=6012#breadcrumb\"},\"inLanguage\":\"pt-BR\",\"potentialAction\":[{\"@type\":\"ReadAction\",\"target\":[\"https:\/\/cacaunews.com\/?p=6012\"]}]},{\"@type\":\"BreadcrumbList\",\"@id\":\"https:\/\/cacaunews.com\/?p=6012#breadcrumb\",\"itemListElement\":[{\"@type\":\"ListItem\",\"position\":1,\"name\":\"In\u00edcio\",\"item\":\"https:\/\/cacaunews.com\/\"},{\"@type\":\"ListItem\",\"position\":2,\"name\":\"Ilh\u00e9us: Justi\u00e7a cassa mandatos de vereadores.\"}]},{\"@type\":\"WebSite\",\"@id\":\"https:\/\/cacaunews.com\/#website\",\"url\":\"https:\/\/cacaunews.com\/\",\"name\":\"Cacau News\",\"description\":\"A Informa\u00e7\u00e3o que voc\u00ea precisa!\",\"publisher\":{\"@id\":\"https:\/\/cacaunews.com\/#organization\"},\"potentialAction\":[{\"@type\":\"SearchAction\",\"target\":{\"@type\":\"EntryPoint\",\"urlTemplate\":\"https:\/\/cacaunews.com\/?s={search_term_string}\"},\"query-input\":\"required name=search_term_string\"}],\"inLanguage\":\"pt-BR\"},{\"@type\":\"Organization\",\"@id\":\"https:\/\/cacaunews.com\/#organization\",\"name\":\"Cacau News\",\"url\":\"https:\/\/cacaunews.com\/\",\"logo\":{\"@type\":\"ImageObject\",\"inLanguage\":\"pt-BR\",\"@id\":\"https:\/\/cacaunews.com\/#\/schema\/logo\/image\/\",\"url\":\"https:\/\/cacaunews.com\/wp-content\/uploads\/2025\/01\/cropped-LOGO-NOVA.png\",\"contentUrl\":\"https:\/\/cacaunews.com\/wp-content\/uploads\/2025\/01\/cropped-LOGO-NOVA.png\",\"width\":813,\"height\":813,\"caption\":\"Cacau News\"},\"image\":{\"@id\":\"https:\/\/cacaunews.com\/#\/schema\/logo\/image\/\"},\"sameAs\":[\"https:\/\/www.instagram.com\/cacaunews.online\/\",\"https:\/\/youtube.com\/@cacaunews?si=0VXLnjl08SrWbVG9\"]},{\"@type\":\"Person\",\"@id\":\"https:\/\/cacaunews.com\/#\/schema\/person\/ea69703103e606ad347ccd64bd72ef79\",\"name\":\"Reda\u00e7\u00e3o Cacau News\",\"image\":{\"@type\":\"ImageObject\",\"inLanguage\":\"pt-BR\",\"@id\":\"https:\/\/cacaunews.com\/#\/schema\/person\/image\/\",\"url\":\"https:\/\/secure.gravatar.com\/avatar\/d79227a2a7b6cc42e8d7a8f7c284cd3a?s=96&d=mm&r=g\",\"contentUrl\":\"https:\/\/secure.gravatar.com\/avatar\/d79227a2a7b6cc42e8d7a8f7c284cd3a?s=96&d=mm&r=g\",\"caption\":\"Reda\u00e7\u00e3o Cacau News\"},\"sameAs\":[\"https:\/\/cacaunews.com\"],\"url\":\"https:\/\/cacaunews.com\/?author=1\"}]}<\/script>\n<!-- \/ Yoast SEO plugin. -->","yoast_head_json":{"title":"Ilh\u00e9us: Justi\u00e7a cassa mandatos de vereadores. - Cacau News","robots":{"index":"index","follow":"follow","max-snippet":"max-snippet:-1","max-image-preview":"max-image-preview:large","max-video-preview":"max-video-preview:-1"},"canonical":"https:\/\/cacaunews.com\/?p=6012","og_locale":"pt_BR","og_type":"article","og_title":"Ilh\u00e9us: Justi\u00e7a cassa mandatos de vereadores. - Cacau News","og_description":"A Justi\u00e7a Eleitoral da 25\u00aa Zona Eleitoral de Ilh\u00e9us determinou a cassa\u00e7\u00e3o dos mandatos dos...","og_url":"https:\/\/cacaunews.com\/?p=6012","og_site_name":"Cacau News","article_published_time":"2025-03-12T16:40:36+00:00","author":"Reda\u00e7\u00e3o Cacau News","twitter_card":"summary_large_image","twitter_misc":{"Escrito por":"Reda\u00e7\u00e3o Cacau News","Est. tempo de leitura":"2 minutos"},"schema":{"@context":"https:\/\/schema.org","@graph":[{"@type":"Article","@id":"https:\/\/cacaunews.com\/?p=6012#article","isPartOf":{"@id":"https:\/\/cacaunews.com\/?p=6012"},"author":{"name":"Reda\u00e7\u00e3o Cacau News","@id":"https:\/\/cacaunews.com\/#\/schema\/person\/ea69703103e606ad347ccd64bd72ef79"},"headline":"Ilh\u00e9us: Justi\u00e7a cassa mandatos de vereadores.","datePublished":"2025-03-12T16:40:36+00:00","dateModified":"2025-03-12T16:40:36+00:00","mainEntityOfPage":{"@id":"https:\/\/cacaunews.com\/?p=6012"},"wordCount":435,"commentCount":0,"publisher":{"@id":"https:\/\/cacaunews.com\/#organization"},"keywords":["cassa\u00e7\u00e3o","ilheus","mandatos","vereadores"],"articleSection":["cidades","Jornalismo","Politica"],"inLanguage":"pt-BR","potentialAction":[{"@type":"CommentAction","name":"Comment","target":["https:\/\/cacaunews.com\/?p=6012#respond"]}]},{"@type":"WebPage","@id":"https:\/\/cacaunews.com\/?p=6012","url":"https:\/\/cacaunews.com\/?p=6012","name":"Ilh\u00e9us: Justi\u00e7a cassa mandatos de vereadores. - Cacau News","isPartOf":{"@id":"https:\/\/cacaunews.com\/#website"},"datePublished":"2025-03-12T16:40:36+00:00","dateModified":"2025-03-12T16:40:36+00:00","breadcrumb":{"@id":"https:\/\/cacaunews.com\/?p=6012#breadcrumb"},"inLanguage":"pt-BR","potentialAction":[{"@type":"ReadAction","target":["https:\/\/cacaunews.com\/?p=6012"]}]},{"@type":"BreadcrumbList","@id":"https:\/\/cacaunews.com\/?p=6012#breadcrumb","itemListElement":[{"@type":"ListItem","position":1,"name":"In\u00edcio","item":"https:\/\/cacaunews.com\/"},{"@type":"ListItem","position":2,"name":"Ilh\u00e9us: Justi\u00e7a cassa mandatos de vereadores."}]},{"@type":"WebSite","@id":"https:\/\/cacaunews.com\/#website","url":"https:\/\/cacaunews.com\/","name":"Cacau News","description":"A Informa\u00e7\u00e3o que voc\u00ea precisa!","publisher":{"@id":"https:\/\/cacaunews.com\/#organization"},"potentialAction":[{"@type":"SearchAction","target":{"@type":"EntryPoint","urlTemplate":"https:\/\/cacaunews.com\/?s={search_term_string}"},"query-input":"required name=search_term_string"}],"inLanguage":"pt-BR"},{"@type":"Organization","@id":"https:\/\/cacaunews.com\/#organization","name":"Cacau News","url":"https:\/\/cacaunews.com\/","logo":{"@type":"ImageObject","inLanguage":"pt-BR","@id":"https:\/\/cacaunews.com\/#\/schema\/logo\/image\/","url":"https:\/\/cacaunews.com\/wp-content\/uploads\/2025\/01\/cropped-LOGO-NOVA.png","contentUrl":"https:\/\/cacaunews.com\/wp-content\/uploads\/2025\/01\/cropped-LOGO-NOVA.png","width":813,"height":813,"caption":"Cacau News"},"image":{"@id":"https:\/\/cacaunews.com\/#\/schema\/logo\/image\/"},"sameAs":["https:\/\/www.instagram.com\/cacaunews.online\/","https:\/\/youtube.com\/@cacaunews?si=0VXLnjl08SrWbVG9"]},{"@type":"Person","@id":"https:\/\/cacaunews.com\/#\/schema\/person\/ea69703103e606ad347ccd64bd72ef79","name":"Reda\u00e7\u00e3o Cacau News","image":{"@type":"ImageObject","inLanguage":"pt-BR","@id":"https:\/\/cacaunews.com\/#\/schema\/person\/image\/","url":"https:\/\/secure.gravatar.com\/avatar\/d79227a2a7b6cc42e8d7a8f7c284cd3a?s=96&d=mm&r=g","contentUrl":"https:\/\/secure.gravatar.com\/avatar\/d79227a2a7b6cc42e8d7a8f7c284cd3a?s=96&d=mm&r=g","caption":"Reda\u00e7\u00e3o Cacau News"},"sameAs":["https:\/\/cacaunews.com"],"url":"https:\/\/cacaunews.com\/?author=1"}]}},"jetpack_sharing_enabled":true,"jetpack_featured_media_url":"https:\/\/cacaunews.com\/wp-content\/uploads\/2025\/03\/IMG_20250312_135235.jpg","_links":{"self":[{"href":"https:\/\/cacaunews.com\/index.php?rest_route=\/wp\/v2\/posts\/6012"}],"collection":[{"href":"https:\/\/cacaunews.com\/index.php?rest_route=\/wp\/v2\/posts"}],"about":[{"href":"https:\/\/cacaunews.com\/index.php?rest_route=\/wp\/v2\/types\/post"}],"author":[{"embeddable":true,"href":"https:\/\/cacaunews.com\/index.php?rest_route=\/wp\/v2\/users\/1"}],"replies":[{"embeddable":true,"href":"https:\/\/cacaunews.com\/index.php?rest_route=%2Fwp%2Fv2%2Fcomments&post=6012"}],"version-history":[{"count":0,"href":"https:\/\/cacaunews.com\/index.php?rest_route=\/wp\/v2\/posts\/6012\/revisions"}],"wp:featuredmedia":[{"embeddable":true,"href":"https:\/\/cacaunews.com\/index.php?rest_route=\/wp\/v2\/media\/6011"}],"wp:attachment":[{"href":"https:\/\/cacaunews.com\/index.php?rest_route=%2Fwp%2Fv2%2Fmedia&parent=6012"}],"wp:term":[{"taxonomy":"category","embeddable":true,"href":"https:\/\/cacaunews.com\/index.php?rest_route=%2Fwp%2Fv2%2Fcategories&post=6012"},{"taxonomy":"post_tag","embeddable":true,"href":"https:\/\/cacaunews.com\/index.php?rest_route=%2Fwp%2Fv2%2Ftags&post=6012"}],"curies":[{"name":"wp","href":"https:\/\/api.w.org\/{rel}","templated":true}]}}