{"id":6020,"date":"2025-03-13T16:30:14","date_gmt":"2025-03-13T16:30:14","guid":{"rendered":"https:\/\/cacaunews.com\/?p=6020"},"modified":"2025-03-13T16:30:14","modified_gmt":"2025-03-13T16:30:14","slug":"uesc-ufsb-e-amurc-discutem-criacao-da-regiao-metropolitana-do-sul-da-bahia-e-desafios-ambientais","status":"publish","type":"post","link":"https:\/\/cacaunews.com\/?p=6020","title":{"rendered":"UESC, UFSB e AMURC discutem cria\u00e7\u00e3o da Regi\u00e3o Metropolitana do Sul da Bahia e desafios ambientais"},"content":{"rendered":"\n<p><em>Uma comiss\u00e3o ser\u00e1 anunciada pelas institui\u00e7\u00f5es envolvidas.<\/em><br><br>A Universidade Federal do Sul da Bahia (UFSB) sediou, nesta quarta-feira, 12 de mar\u00e7o de 2025, a segunda reuni\u00e3o \u2013 a primeira foi na Universidade Estadual de Santa Cruz (Uesc), em fevereiro &#8211; para debater o desenvolvimento da Regi\u00e3o Sul da Bahia. O encontro contou com a participa\u00e7\u00e3o do reitor da Uesc, Alessandro Fernandes; da reitora da UFSB, Joana Ang\u00e9lica Guimar\u00e3es da Luz, al\u00e9m do presidente da Associa\u00e7\u00e3o dos Munic\u00edpios do Sul, Extremo Sul e Sudoeste Baiano (Amurc) e prefeito de Itaju do Col\u00f4nia, Elder Marques Fontes.<\/p>\n\n\n\n<figure class=\"wp-block-image size-large\"><img fetchpriority=\"high\" decoding=\"async\" width=\"1024\" height=\"683\" src=\"https:\/\/cacaunews.com\/wp-content\/uploads\/2025\/03\/img-20250313-wa01051273457433980566397-1024x683.jpg\" alt=\"\" class=\"wp-image-6019\" srcset=\"https:\/\/cacaunews.com\/wp-content\/uploads\/2025\/03\/img-20250313-wa01051273457433980566397-1024x683.jpg 1024w, https:\/\/cacaunews.com\/wp-content\/uploads\/2025\/03\/img-20250313-wa01051273457433980566397-300x200.jpg 300w, https:\/\/cacaunews.com\/wp-content\/uploads\/2025\/03\/img-20250313-wa01051273457433980566397-768x512.jpg 768w, https:\/\/cacaunews.com\/wp-content\/uploads\/2025\/03\/img-20250313-wa01051273457433980566397-1536x1025.jpg 1536w, https:\/\/cacaunews.com\/wp-content\/uploads\/2025\/03\/img-20250313-wa01051273457433980566397.jpg 2000w\" sizes=\"(max-width: 1024px) 100vw, 1024px\" \/><\/figure>\n\n\n\n<p>A principal pauta da reuni\u00e3o foi a proposta de cria\u00e7\u00e3o da Regi\u00e3o Metropolitana do Sul da Bahia, um projeto que busca integrar os munic\u00edpios da regi\u00e3o para fortalecer a economia, melhorar a infraestrutura e otimizar servi\u00e7os p\u00fablicos essenciais, como transporte coletivo e saneamento.<br><br><strong>Regi\u00e3o Metropolitana: um projeto estrat\u00e9gico<\/strong>.<br><br>O reitor da Uesc, Alessandro Fernandes, prop\u00f4s a realiza\u00e7\u00e3o de estudos t\u00e9cnicos para definir os par\u00e2metros necess\u00e1rios para a formaliza\u00e7\u00e3o da Regi\u00e3o Metropolitana do Sul da Bahia. Segundo ele, a iniciativa deve contar com embasamento acad\u00eamico para garantir um planejamento eficiente e sustent\u00e1vel.<br><br>A reitora da UFSB, Joana Guimar\u00e3es, destacou que a cria\u00e7\u00e3o de uma regi\u00e3o metropolitana vai al\u00e9m de uma medida administrativa, pois envolve a participa\u00e7\u00e3o ativa da popula\u00e7\u00e3o. \u201cUma regi\u00e3o metropolitana n\u00e3o \u00e9 apenas criada por decreto, ela \u00e9 assumida por seus habitantes e, posteriormente, legalizada pelo governo por meio de lei\u201d, explicou.<br><br>O prefeito de Itaju do Col\u00f4nia e presidente da Amurc, Elder Marques Fontes, avaliou que este \u00e9 o momento ideal para encaminhar o projeto, mas ressaltou a import\u00e2ncia de articula\u00e7\u00e3o com prefeitos e demais lideran\u00e7as pol\u00edticas dos munic\u00edpios envolvidos. \u201cPrecisamos de um di\u00e1logo forte entre os gestores para que esse projeto seja constru\u00eddo de forma coletiva e represente os interesses da nossa regi\u00e3o\u201d, afirmou.<br><br>Como encaminhamento, foi anunciada a forma\u00e7\u00e3o de uma comiss\u00e3o composta por representantes da Uesc, UFSB e Amurc, que ter\u00e1 a miss\u00e3o de sistematizar a proposta da Regi\u00e3o Metropolitana com base em estudos e iniciativas j\u00e1 existentes.<br><br>Outro ponto de destaque foi a melhoria do transporte coletivo, um dos principais desafios da mobilidade urbana na regi\u00e3o que impacta diretamente os estudantes das duas institui\u00e7\u00f5es. A expectativa \u00e9 que a cria\u00e7\u00e3o da Regi\u00e3o Metropolitana tamb\u00e9m contribua para a moderniza\u00e7\u00e3o do sistema de transporte, facilitando o deslocamento da popula\u00e7\u00e3o e impulsionando o desenvolvimento econ\u00f4mico local.<br><br>Al\u00e9m da quest\u00e3o da mobilidade, a reitora Joana Guimar\u00e3es prop\u00f4s que a Uesc, a UFSB e a Amurc se unam para realizar a Confer\u00eancia das Partes da Mata Atl\u00e2ntica (COP da Mata Atl\u00e2ntica). O evento teria como objetivo apontar os principais desafios ambientais da regi\u00e3o do cacau, com foco na preserva\u00e7\u00e3o das bacias hidrogr\u00e1ficas, cada vez mais amea\u00e7adas pela polui\u00e7\u00e3o.<br><br>\u201cO Sul da Bahia tem uma riqueza ambiental \u00fanica, mas enfrenta desafios crescentes, como a degrada\u00e7\u00e3o da Mata Atl\u00e2ntica e a fragilidade dos nossos rios. Precisamos unir esfor\u00e7os para garantir a sustentabilidade desse patrim\u00f4nio natural\u201d, acrescentou o reitor da Uesc, um dos defensores da proposta da reitora Joana Guimar\u00e3es.<br><br>A partir das decis\u00f5es tomadas nesta reuni\u00e3o, a comiss\u00e3o formada por Uesc, UFSB e Amurc dever\u00e1 estruturar um plano de a\u00e7\u00e3o para a cria\u00e7\u00e3o da Regi\u00e3o Metropolitana do Sul da Bahia, al\u00e9m de encaminhar demandas priorit\u00e1rias, como melhorias no transporte e prote\u00e7\u00e3o ambiental.<br><br>Para Alessandro Fernandes, \u201ccom o envolvimento das universidades, prefeituras e sociedade civil, a iniciativa busca consolidar um modelo de desenvolvimento regional sustent\u00e1vel e integrado, beneficiando milhares de habitantes do Sul da Bahia\u201d.<\/p>\n","protected":false},"excerpt":{"rendered":"<p>Uma comiss\u00e3o ser\u00e1 anunciada pelas institui\u00e7\u00f5es envolvidas. A Universidade Federal do Sul da Bahia (UFSB)&#8230;<\/p>\n","protected":false},"author":1,"featured_media":6018,"comment_status":"open","ping_status":"open","sticky":false,"template":"","format":"standard","meta":{"footnotes":""},"categories":[18,11,5],"tags":[238,2129,2130,352,823],"yoast_head":"<!-- This site is optimized with the Yoast SEO plugin v21.7 - https:\/\/yoast.com\/wordpress\/plugins\/seo\/ -->\n<title>UESC, UFSB e AMURC discutem cria\u00e7\u00e3o da Regi\u00e3o Metropolitana do Sul da Bahia e desafios ambientais - Cacau News<\/title>\n<meta name=\"robots\" content=\"index, follow, max-snippet:-1, max-image-preview:large, max-video-preview:-1\" \/>\n<link rel=\"canonical\" href=\"https:\/\/cacaunews.com\/?p=6020\" \/>\n<meta property=\"og:locale\" content=\"pt_BR\" \/>\n<meta property=\"og:type\" content=\"article\" \/>\n<meta property=\"og:title\" content=\"UESC, UFSB e AMURC discutem cria\u00e7\u00e3o da Regi\u00e3o Metropolitana do Sul da Bahia e desafios ambientais - Cacau News\" \/>\n<meta property=\"og:description\" content=\"Uma comiss\u00e3o ser\u00e1 anunciada pelas institui\u00e7\u00f5es envolvidas. A Universidade Federal do Sul da Bahia (UFSB)...\" \/>\n<meta property=\"og:url\" content=\"https:\/\/cacaunews.com\/?p=6020\" \/>\n<meta property=\"og:site_name\" content=\"Cacau News\" \/>\n<meta property=\"article:published_time\" content=\"2025-03-13T16:30:14+00:00\" \/>\n<meta property=\"og:image\" content=\"https:\/\/cacaunews.com\/wp-content\/uploads\/2025\/03\/IMG-20250313-WA0107-scaled.jpg\" \/>\n\t<meta property=\"og:image:width\" content=\"2560\" \/>\n\t<meta property=\"og:image:height\" content=\"1706\" \/>\n\t<meta property=\"og:image:type\" content=\"image\/jpeg\" \/>\n<meta name=\"author\" content=\"Reda\u00e7\u00e3o Cacau News\" \/>\n<meta name=\"twitter:card\" content=\"summary_large_image\" \/>\n<meta name=\"twitter:label1\" content=\"Escrito por\" \/>\n\t<meta name=\"twitter:data1\" content=\"Reda\u00e7\u00e3o Cacau News\" \/>\n\t<meta name=\"twitter:label2\" content=\"Est. tempo de leitura\" \/>\n\t<meta name=\"twitter:data2\" content=\"3 minutos\" \/>\n<script type=\"application\/ld+json\" class=\"yoast-schema-graph\">{\"@context\":\"https:\/\/schema.org\",\"@graph\":[{\"@type\":\"Article\",\"@id\":\"https:\/\/cacaunews.com\/?p=6020#article\",\"isPartOf\":{\"@id\":\"https:\/\/cacaunews.com\/?p=6020\"},\"author\":{\"name\":\"Reda\u00e7\u00e3o Cacau News\",\"@id\":\"https:\/\/cacaunews.com\/#\/schema\/person\/ea69703103e606ad347ccd64bd72ef79\"},\"headline\":\"UESC, UFSB e AMURC discutem cria\u00e7\u00e3o da Regi\u00e3o Metropolitana do Sul da Bahia e desafios ambientais\",\"datePublished\":\"2025-03-13T16:30:14+00:00\",\"dateModified\":\"2025-03-13T16:30:14+00:00\",\"mainEntityOfPage\":{\"@id\":\"https:\/\/cacaunews.com\/?p=6020\"},\"wordCount\":674,\"commentCount\":0,\"publisher\":{\"@id\":\"https:\/\/cacaunews.com\/#organization\"},\"keywords\":[\"AMURC\",\"discuss\u00e3o\",\"regi\u00e3o metropolitana\",\"UESC\",\"UFSB\"],\"articleSection\":[\"cidades\",\"Jornalismo\",\"Politica\"],\"inLanguage\":\"pt-BR\",\"potentialAction\":[{\"@type\":\"CommentAction\",\"name\":\"Comment\",\"target\":[\"https:\/\/cacaunews.com\/?p=6020#respond\"]}]},{\"@type\":\"WebPage\",\"@id\":\"https:\/\/cacaunews.com\/?p=6020\",\"url\":\"https:\/\/cacaunews.com\/?p=6020\",\"name\":\"UESC, UFSB e AMURC discutem cria\u00e7\u00e3o da Regi\u00e3o Metropolitana do Sul da Bahia e desafios ambientais - Cacau News\",\"isPartOf\":{\"@id\":\"https:\/\/cacaunews.com\/#website\"},\"datePublished\":\"2025-03-13T16:30:14+00:00\",\"dateModified\":\"2025-03-13T16:30:14+00:00\",\"breadcrumb\":{\"@id\":\"https:\/\/cacaunews.com\/?p=6020#breadcrumb\"},\"inLanguage\":\"pt-BR\",\"potentialAction\":[{\"@type\":\"ReadAction\",\"target\":[\"https:\/\/cacaunews.com\/?p=6020\"]}]},{\"@type\":\"BreadcrumbList\",\"@id\":\"https:\/\/cacaunews.com\/?p=6020#breadcrumb\",\"itemListElement\":[{\"@type\":\"ListItem\",\"position\":1,\"name\":\"In\u00edcio\",\"item\":\"https:\/\/cacaunews.com\/\"},{\"@type\":\"ListItem\",\"position\":2,\"name\":\"UESC, UFSB e AMURC discutem cria\u00e7\u00e3o da Regi\u00e3o Metropolitana do Sul da Bahia e desafios ambientais\"}]},{\"@type\":\"WebSite\",\"@id\":\"https:\/\/cacaunews.com\/#website\",\"url\":\"https:\/\/cacaunews.com\/\",\"name\":\"Cacau News\",\"description\":\"A Informa\u00e7\u00e3o que voc\u00ea precisa!\",\"publisher\":{\"@id\":\"https:\/\/cacaunews.com\/#organization\"},\"potentialAction\":[{\"@type\":\"SearchAction\",\"target\":{\"@type\":\"EntryPoint\",\"urlTemplate\":\"https:\/\/cacaunews.com\/?s={search_term_string}\"},\"query-input\":\"required name=search_term_string\"}],\"inLanguage\":\"pt-BR\"},{\"@type\":\"Organization\",\"@id\":\"https:\/\/cacaunews.com\/#organization\",\"name\":\"Cacau News\",\"url\":\"https:\/\/cacaunews.com\/\",\"logo\":{\"@type\":\"ImageObject\",\"inLanguage\":\"pt-BR\",\"@id\":\"https:\/\/cacaunews.com\/#\/schema\/logo\/image\/\",\"url\":\"https:\/\/cacaunews.com\/wp-content\/uploads\/2025\/01\/cropped-LOGO-NOVA.png\",\"contentUrl\":\"https:\/\/cacaunews.com\/wp-content\/uploads\/2025\/01\/cropped-LOGO-NOVA.png\",\"width\":813,\"height\":813,\"caption\":\"Cacau News\"},\"image\":{\"@id\":\"https:\/\/cacaunews.com\/#\/schema\/logo\/image\/\"},\"sameAs\":[\"https:\/\/www.instagram.com\/cacaunews.online\/\",\"https:\/\/youtube.com\/@cacaunews?si=0VXLnjl08SrWbVG9\"]},{\"@type\":\"Person\",\"@id\":\"https:\/\/cacaunews.com\/#\/schema\/person\/ea69703103e606ad347ccd64bd72ef79\",\"name\":\"Reda\u00e7\u00e3o Cacau News\",\"image\":{\"@type\":\"ImageObject\",\"inLanguage\":\"pt-BR\",\"@id\":\"https:\/\/cacaunews.com\/#\/schema\/person\/image\/\",\"url\":\"https:\/\/secure.gravatar.com\/avatar\/d79227a2a7b6cc42e8d7a8f7c284cd3a?s=96&d=mm&r=g\",\"contentUrl\":\"https:\/\/secure.gravatar.com\/avatar\/d79227a2a7b6cc42e8d7a8f7c284cd3a?s=96&d=mm&r=g\",\"caption\":\"Reda\u00e7\u00e3o Cacau News\"},\"sameAs\":[\"https:\/\/cacaunews.com\"],\"url\":\"https:\/\/cacaunews.com\/?author=1\"}]}<\/script>\n<!-- \/ Yoast SEO plugin. -->","yoast_head_json":{"title":"UESC, UFSB e AMURC discutem cria\u00e7\u00e3o da Regi\u00e3o Metropolitana do Sul da Bahia e desafios ambientais - Cacau News","robots":{"index":"index","follow":"follow","max-snippet":"max-snippet:-1","max-image-preview":"max-image-preview:large","max-video-preview":"max-video-preview:-1"},"canonical":"https:\/\/cacaunews.com\/?p=6020","og_locale":"pt_BR","og_type":"article","og_title":"UESC, UFSB e AMURC discutem cria\u00e7\u00e3o da Regi\u00e3o Metropolitana do Sul da Bahia e desafios ambientais - Cacau News","og_description":"Uma comiss\u00e3o ser\u00e1 anunciada pelas institui\u00e7\u00f5es envolvidas. A Universidade Federal do Sul da Bahia (UFSB)...","og_url":"https:\/\/cacaunews.com\/?p=6020","og_site_name":"Cacau News","article_published_time":"2025-03-13T16:30:14+00:00","og_image":[{"width":2560,"height":1706,"url":"https:\/\/cacaunews.com\/wp-content\/uploads\/2025\/03\/IMG-20250313-WA0107-scaled.jpg","type":"image\/jpeg"}],"author":"Reda\u00e7\u00e3o Cacau News","twitter_card":"summary_large_image","twitter_misc":{"Escrito por":"Reda\u00e7\u00e3o Cacau News","Est. tempo de leitura":"3 minutos"},"schema":{"@context":"https:\/\/schema.org","@graph":[{"@type":"Article","@id":"https:\/\/cacaunews.com\/?p=6020#article","isPartOf":{"@id":"https:\/\/cacaunews.com\/?p=6020"},"author":{"name":"Reda\u00e7\u00e3o Cacau News","@id":"https:\/\/cacaunews.com\/#\/schema\/person\/ea69703103e606ad347ccd64bd72ef79"},"headline":"UESC, UFSB e AMURC discutem cria\u00e7\u00e3o da Regi\u00e3o Metropolitana do Sul da Bahia e desafios ambientais","datePublished":"2025-03-13T16:30:14+00:00","dateModified":"2025-03-13T16:30:14+00:00","mainEntityOfPage":{"@id":"https:\/\/cacaunews.com\/?p=6020"},"wordCount":674,"commentCount":0,"publisher":{"@id":"https:\/\/cacaunews.com\/#organization"},"keywords":["AMURC","discuss\u00e3o","regi\u00e3o metropolitana","UESC","UFSB"],"articleSection":["cidades","Jornalismo","Politica"],"inLanguage":"pt-BR","potentialAction":[{"@type":"CommentAction","name":"Comment","target":["https:\/\/cacaunews.com\/?p=6020#respond"]}]},{"@type":"WebPage","@id":"https:\/\/cacaunews.com\/?p=6020","url":"https:\/\/cacaunews.com\/?p=6020","name":"UESC, UFSB e AMURC discutem cria\u00e7\u00e3o da Regi\u00e3o Metropolitana do Sul da Bahia e desafios ambientais - Cacau News","isPartOf":{"@id":"https:\/\/cacaunews.com\/#website"},"datePublished":"2025-03-13T16:30:14+00:00","dateModified":"2025-03-13T16:30:14+00:00","breadcrumb":{"@id":"https:\/\/cacaunews.com\/?p=6020#breadcrumb"},"inLanguage":"pt-BR","potentialAction":[{"@type":"ReadAction","target":["https:\/\/cacaunews.com\/?p=6020"]}]},{"@type":"BreadcrumbList","@id":"https:\/\/cacaunews.com\/?p=6020#breadcrumb","itemListElement":[{"@type":"ListItem","position":1,"name":"In\u00edcio","item":"https:\/\/cacaunews.com\/"},{"@type":"ListItem","position":2,"name":"UESC, UFSB e AMURC discutem cria\u00e7\u00e3o da Regi\u00e3o Metropolitana do Sul da Bahia e desafios ambientais"}]},{"@type":"WebSite","@id":"https:\/\/cacaunews.com\/#website","url":"https:\/\/cacaunews.com\/","name":"Cacau News","description":"A Informa\u00e7\u00e3o que voc\u00ea precisa!","publisher":{"@id":"https:\/\/cacaunews.com\/#organization"},"potentialAction":[{"@type":"SearchAction","target":{"@type":"EntryPoint","urlTemplate":"https:\/\/cacaunews.com\/?s={search_term_string}"},"query-input":"required name=search_term_string"}],"inLanguage":"pt-BR"},{"@type":"Organization","@id":"https:\/\/cacaunews.com\/#organization","name":"Cacau News","url":"https:\/\/cacaunews.com\/","logo":{"@type":"ImageObject","inLanguage":"pt-BR","@id":"https:\/\/cacaunews.com\/#\/schema\/logo\/image\/","url":"https:\/\/cacaunews.com\/wp-content\/uploads\/2025\/01\/cropped-LOGO-NOVA.png","contentUrl":"https:\/\/cacaunews.com\/wp-content\/uploads\/2025\/01\/cropped-LOGO-NOVA.png","width":813,"height":813,"caption":"Cacau News"},"image":{"@id":"https:\/\/cacaunews.com\/#\/schema\/logo\/image\/"},"sameAs":["https:\/\/www.instagram.com\/cacaunews.online\/","https:\/\/youtube.com\/@cacaunews?si=0VXLnjl08SrWbVG9"]},{"@type":"Person","@id":"https:\/\/cacaunews.com\/#\/schema\/person\/ea69703103e606ad347ccd64bd72ef79","name":"Reda\u00e7\u00e3o Cacau News","image":{"@type":"ImageObject","inLanguage":"pt-BR","@id":"https:\/\/cacaunews.com\/#\/schema\/person\/image\/","url":"https:\/\/secure.gravatar.com\/avatar\/d79227a2a7b6cc42e8d7a8f7c284cd3a?s=96&d=mm&r=g","contentUrl":"https:\/\/secure.gravatar.com\/avatar\/d79227a2a7b6cc42e8d7a8f7c284cd3a?s=96&d=mm&r=g","caption":"Reda\u00e7\u00e3o Cacau News"},"sameAs":["https:\/\/cacaunews.com"],"url":"https:\/\/cacaunews.com\/?author=1"}]}},"jetpack_sharing_enabled":true,"jetpack_featured_media_url":"https:\/\/cacaunews.com\/wp-content\/uploads\/2025\/03\/IMG-20250313-WA0107-scaled.jpg","_links":{"self":[{"href":"https:\/\/cacaunews.com\/index.php?rest_route=\/wp\/v2\/posts\/6020"}],"collection":[{"href":"https:\/\/cacaunews.com\/index.php?rest_route=\/wp\/v2\/posts"}],"about":[{"href":"https:\/\/cacaunews.com\/index.php?rest_route=\/wp\/v2\/types\/post"}],"author":[{"embeddable":true,"href":"https:\/\/cacaunews.com\/index.php?rest_route=\/wp\/v2\/users\/1"}],"replies":[{"embeddable":true,"href":"https:\/\/cacaunews.com\/index.php?rest_route=%2Fwp%2Fv2%2Fcomments&post=6020"}],"version-history":[{"count":0,"href":"https:\/\/cacaunews.com\/index.php?rest_route=\/wp\/v2\/posts\/6020\/revisions"}],"wp:featuredmedia":[{"embeddable":true,"href":"https:\/\/cacaunews.com\/index.php?rest_route=\/wp\/v2\/media\/6018"}],"wp:attachment":[{"href":"https:\/\/cacaunews.com\/index.php?rest_route=%2Fwp%2Fv2%2Fmedia&parent=6020"}],"wp:term":[{"taxonomy":"category","embeddable":true,"href":"https:\/\/cacaunews.com\/index.php?rest_route=%2Fwp%2Fv2%2Fcategories&post=6020"},{"taxonomy":"post_tag","embeddable":true,"href":"https:\/\/cacaunews.com\/index.php?rest_route=%2Fwp%2Fv2%2Ftags&post=6020"}],"curies":[{"name":"wp","href":"https:\/\/api.w.org\/{rel}","templated":true}]}}