{"id":6040,"date":"2025-03-15T14:00:30","date_gmt":"2025-03-15T14:00:30","guid":{"rendered":"https:\/\/cacaunews.com\/?p=6040"},"modified":"2025-03-15T15:09:46","modified_gmt":"2025-03-15T15:09:46","slug":"presidente-da-amurc-elder-fontes-participa-de-reuniao-com-empresarios-e-o-governador-para-discutir-desenvolvimento-economico-do-sul-da-bahia","status":"publish","type":"post","link":"https:\/\/cacaunews.com\/?p=6040","title":{"rendered":"Presidente da AMURC, Elder Fontes, participa de reuni\u00e3o com empres\u00e1rios e o governador para discutir desenvolvimento econ\u00f4mico do sul da Bahia."},"content":{"rendered":"\n<p>Na tarde desta sexta-feira (15), o presidente da Associa\u00e7\u00e3o dos Munic\u00edpios do Sul, Extremo Sul e Sudoeste da Bahia (AMURC) e prefeito de Itaj\u00fa do Col\u00f4nia, Elder Fontes, esteve presente em uma importante reuni\u00e3o com empres\u00e1rios e o governador Jer\u00f4nimo Rodrigues, realizada na Associa\u00e7\u00e3o Atl\u00e9tica Banco do Brasil (AABB), em Itabuna. O encontro teve como objetivo debater estrat\u00e9gias e iniciativas para impulsionar o desenvolvimento econ\u00f4mico da regi\u00e3o.<br><br>Entre as pautas discutidas, um dos destaques foi a cria\u00e7\u00e3o da Regi\u00e3o Metropolitana do Sul da Bahia, uma proposta amplamente defendida pela AMURC. Segundo Elder Fontes, a formaliza\u00e7\u00e3o dessa regi\u00e3o pode fortalecer os munic\u00edpios ao ampliar investimentos, fomentar a infraestrutura e melhorar a presta\u00e7\u00e3o de servi\u00e7os p\u00fablicos de forma integrada.<\/p>\n\n\n\n<figure class=\"wp-block-image size-large\"><img fetchpriority=\"high\" decoding=\"async\" width=\"1024\" height=\"768\" src=\"https:\/\/cacaunews.com\/wp-content\/uploads\/2025\/03\/img-20250315-wa00686485712365164712180-1024x768.jpg\" alt=\"\" class=\"wp-image-6039\" srcset=\"https:\/\/cacaunews.com\/wp-content\/uploads\/2025\/03\/img-20250315-wa00686485712365164712180-1024x768.jpg 1024w, https:\/\/cacaunews.com\/wp-content\/uploads\/2025\/03\/img-20250315-wa00686485712365164712180-300x225.jpg 300w, https:\/\/cacaunews.com\/wp-content\/uploads\/2025\/03\/img-20250315-wa00686485712365164712180-768x576.jpg 768w, https:\/\/cacaunews.com\/wp-content\/uploads\/2025\/03\/img-20250315-wa00686485712365164712180-1536x1152.jpg 1536w, https:\/\/cacaunews.com\/wp-content\/uploads\/2025\/03\/img-20250315-wa00686485712365164712180.jpg 1600w\" sizes=\"(max-width: 1024px) 100vw, 1024px\" \/><\/figure>\n\n\n\n<p><br>\u201cA cria\u00e7\u00e3o da Regi\u00e3o Metropolitana do Sul da Bahia \u00e9 fundamental para garantir mais desenvolvimento e oportunidades para nossos munic\u00edpios. Esse avan\u00e7o permitir\u00e1 uma maior capta\u00e7\u00e3o de recursos e planejamento estrat\u00e9gico conjunto, beneficiando toda a popula\u00e7\u00e3o\u201d, destacou o presidente da AMURC.<br><br>Al\u00e9m disso, a reuni\u00e3o tamb\u00e9m abordou temas como incentivos para o setor produtivo, melhorias na log\u00edstica regional e novas pol\u00edticas de fomento \u00e0 economia local. O governador Jer\u00f4nimo Rodrigues refor\u00e7ou o compromisso do Estado em trabalhar junto aos munic\u00edpios e ao setor empresarial para promover o crescimento sustent\u00e1vel da regi\u00e3o.<br><br>A participa\u00e7\u00e3o da AMURC refor\u00e7a o papel da entidade na defesa dos interesses dos munic\u00edpios do sul da Bahia, buscando solu\u00e7\u00f5es que impulsionem o progresso e o bem-estar da popula\u00e7\u00e3o.<\/p>\n","protected":false},"excerpt":{"rendered":"<p>Na tarde desta sexta-feira (15), o presidente da Associa\u00e7\u00e3o dos Munic\u00edpios do Sul, Extremo Sul&#8230;<\/p>\n","protected":false},"author":1,"featured_media":6038,"comment_status":"open","ping_status":"open","sticky":false,"template":"","format":"standard","meta":{"footnotes":""},"categories":[18,11,5],"tags":[238,2026,2135,731,1450],"yoast_head":"<!-- This site is optimized with the Yoast SEO plugin v21.7 - https:\/\/yoast.com\/wordpress\/plugins\/seo\/ -->\n<title>Presidente da AMURC, Elder Fontes, participa de reuni\u00e3o com empres\u00e1rios e o governador para discutir desenvolvimento econ\u00f4mico do sul da Bahia. - Cacau News<\/title>\n<meta name=\"robots\" content=\"index, follow, max-snippet:-1, max-image-preview:large, max-video-preview:-1\" \/>\n<link rel=\"canonical\" href=\"https:\/\/cacaunews.com\/?p=6040\" \/>\n<meta property=\"og:locale\" content=\"pt_BR\" \/>\n<meta property=\"og:type\" content=\"article\" \/>\n<meta property=\"og:title\" content=\"Presidente da AMURC, Elder Fontes, participa de reuni\u00e3o com empres\u00e1rios e o governador para discutir desenvolvimento econ\u00f4mico do sul da Bahia. - Cacau News\" \/>\n<meta property=\"og:description\" content=\"Na tarde desta sexta-feira (15), o presidente da Associa\u00e7\u00e3o dos Munic\u00edpios do Sul, Extremo Sul...\" \/>\n<meta property=\"og:url\" content=\"https:\/\/cacaunews.com\/?p=6040\" \/>\n<meta property=\"og:site_name\" content=\"Cacau News\" \/>\n<meta property=\"article:published_time\" content=\"2025-03-15T14:00:30+00:00\" \/>\n<meta property=\"article:modified_time\" content=\"2025-03-15T15:09:46+00:00\" \/>\n<meta property=\"og:image\" content=\"https:\/\/cacaunews.com\/wp-content\/uploads\/2025\/03\/IMG-20250315-WA0065.jpg\" \/>\n\t<meta property=\"og:image:width\" content=\"1600\" \/>\n\t<meta property=\"og:image:height\" content=\"913\" \/>\n\t<meta property=\"og:image:type\" content=\"image\/jpeg\" \/>\n<meta name=\"author\" content=\"Reda\u00e7\u00e3o Cacau News\" \/>\n<meta name=\"twitter:card\" content=\"summary_large_image\" \/>\n<meta name=\"twitter:label1\" content=\"Escrito por\" \/>\n\t<meta name=\"twitter:data1\" content=\"Reda\u00e7\u00e3o Cacau News\" \/>\n\t<meta name=\"twitter:label2\" content=\"Est. tempo de leitura\" \/>\n\t<meta name=\"twitter:data2\" content=\"1 minuto\" \/>\n<script type=\"application\/ld+json\" class=\"yoast-schema-graph\">{\"@context\":\"https:\/\/schema.org\",\"@graph\":[{\"@type\":\"Article\",\"@id\":\"https:\/\/cacaunews.com\/?p=6040#article\",\"isPartOf\":{\"@id\":\"https:\/\/cacaunews.com\/?p=6040\"},\"author\":{\"name\":\"Reda\u00e7\u00e3o Cacau News\",\"@id\":\"https:\/\/cacaunews.com\/#\/schema\/person\/ea69703103e606ad347ccd64bd72ef79\"},\"headline\":\"Presidente da AMURC, Elder Fontes, participa de reuni\u00e3o com empres\u00e1rios e o governador para discutir desenvolvimento econ\u00f4mico do sul da Bahia.\",\"datePublished\":\"2025-03-15T14:00:30+00:00\",\"dateModified\":\"2025-03-15T15:09:46+00:00\",\"mainEntityOfPage\":{\"@id\":\"https:\/\/cacaunews.com\/?p=6040\"},\"wordCount\":300,\"commentCount\":0,\"publisher\":{\"@id\":\"https:\/\/cacaunews.com\/#organization\"},\"keywords\":[\"AMURC\",\"Elder Fontes\",\"empres\u00e1rios\",\"reuni\u00e3o\",\"sul Bahia\"],\"articleSection\":[\"cidades\",\"Jornalismo\",\"Politica\"],\"inLanguage\":\"pt-BR\",\"potentialAction\":[{\"@type\":\"CommentAction\",\"name\":\"Comment\",\"target\":[\"https:\/\/cacaunews.com\/?p=6040#respond\"]}]},{\"@type\":\"WebPage\",\"@id\":\"https:\/\/cacaunews.com\/?p=6040\",\"url\":\"https:\/\/cacaunews.com\/?p=6040\",\"name\":\"Presidente da AMURC, Elder Fontes, participa de reuni\u00e3o com empres\u00e1rios e o governador para discutir desenvolvimento econ\u00f4mico do sul da Bahia. - Cacau News\",\"isPartOf\":{\"@id\":\"https:\/\/cacaunews.com\/#website\"},\"datePublished\":\"2025-03-15T14:00:30+00:00\",\"dateModified\":\"2025-03-15T15:09:46+00:00\",\"breadcrumb\":{\"@id\":\"https:\/\/cacaunews.com\/?p=6040#breadcrumb\"},\"inLanguage\":\"pt-BR\",\"potentialAction\":[{\"@type\":\"ReadAction\",\"target\":[\"https:\/\/cacaunews.com\/?p=6040\"]}]},{\"@type\":\"BreadcrumbList\",\"@id\":\"https:\/\/cacaunews.com\/?p=6040#breadcrumb\",\"itemListElement\":[{\"@type\":\"ListItem\",\"position\":1,\"name\":\"In\u00edcio\",\"item\":\"https:\/\/cacaunews.com\/\"},{\"@type\":\"ListItem\",\"position\":2,\"name\":\"Presidente da AMURC, Elder Fontes, participa de reuni\u00e3o com empres\u00e1rios e o governador para discutir desenvolvimento econ\u00f4mico do sul da Bahia.\"}]},{\"@type\":\"WebSite\",\"@id\":\"https:\/\/cacaunews.com\/#website\",\"url\":\"https:\/\/cacaunews.com\/\",\"name\":\"Cacau News\",\"description\":\"A Informa\u00e7\u00e3o que voc\u00ea precisa!\",\"publisher\":{\"@id\":\"https:\/\/cacaunews.com\/#organization\"},\"potentialAction\":[{\"@type\":\"SearchAction\",\"target\":{\"@type\":\"EntryPoint\",\"urlTemplate\":\"https:\/\/cacaunews.com\/?s={search_term_string}\"},\"query-input\":\"required name=search_term_string\"}],\"inLanguage\":\"pt-BR\"},{\"@type\":\"Organization\",\"@id\":\"https:\/\/cacaunews.com\/#organization\",\"name\":\"Cacau News\",\"url\":\"https:\/\/cacaunews.com\/\",\"logo\":{\"@type\":\"ImageObject\",\"inLanguage\":\"pt-BR\",\"@id\":\"https:\/\/cacaunews.com\/#\/schema\/logo\/image\/\",\"url\":\"https:\/\/cacaunews.com\/wp-content\/uploads\/2025\/01\/cropped-LOGO-NOVA.png\",\"contentUrl\":\"https:\/\/cacaunews.com\/wp-content\/uploads\/2025\/01\/cropped-LOGO-NOVA.png\",\"width\":813,\"height\":813,\"caption\":\"Cacau News\"},\"image\":{\"@id\":\"https:\/\/cacaunews.com\/#\/schema\/logo\/image\/\"},\"sameAs\":[\"https:\/\/www.instagram.com\/cacaunews.online\/\",\"https:\/\/youtube.com\/@cacaunews?si=0VXLnjl08SrWbVG9\"]},{\"@type\":\"Person\",\"@id\":\"https:\/\/cacaunews.com\/#\/schema\/person\/ea69703103e606ad347ccd64bd72ef79\",\"name\":\"Reda\u00e7\u00e3o Cacau News\",\"image\":{\"@type\":\"ImageObject\",\"inLanguage\":\"pt-BR\",\"@id\":\"https:\/\/cacaunews.com\/#\/schema\/person\/image\/\",\"url\":\"https:\/\/secure.gravatar.com\/avatar\/d79227a2a7b6cc42e8d7a8f7c284cd3a?s=96&d=mm&r=g\",\"contentUrl\":\"https:\/\/secure.gravatar.com\/avatar\/d79227a2a7b6cc42e8d7a8f7c284cd3a?s=96&d=mm&r=g\",\"caption\":\"Reda\u00e7\u00e3o Cacau News\"},\"sameAs\":[\"https:\/\/cacaunews.com\"],\"url\":\"https:\/\/cacaunews.com\/?author=1\"}]}<\/script>\n<!-- \/ Yoast SEO plugin. -->","yoast_head_json":{"title":"Presidente da AMURC, Elder Fontes, participa de reuni\u00e3o com empres\u00e1rios e o governador para discutir desenvolvimento econ\u00f4mico do sul da Bahia. - Cacau News","robots":{"index":"index","follow":"follow","max-snippet":"max-snippet:-1","max-image-preview":"max-image-preview:large","max-video-preview":"max-video-preview:-1"},"canonical":"https:\/\/cacaunews.com\/?p=6040","og_locale":"pt_BR","og_type":"article","og_title":"Presidente da AMURC, Elder Fontes, participa de reuni\u00e3o com empres\u00e1rios e o governador para discutir desenvolvimento econ\u00f4mico do sul da Bahia. - Cacau News","og_description":"Na tarde desta sexta-feira (15), o presidente da Associa\u00e7\u00e3o dos Munic\u00edpios do Sul, Extremo Sul...","og_url":"https:\/\/cacaunews.com\/?p=6040","og_site_name":"Cacau News","article_published_time":"2025-03-15T14:00:30+00:00","article_modified_time":"2025-03-15T15:09:46+00:00","og_image":[{"width":1600,"height":913,"url":"https:\/\/cacaunews.com\/wp-content\/uploads\/2025\/03\/IMG-20250315-WA0065.jpg","type":"image\/jpeg"}],"author":"Reda\u00e7\u00e3o Cacau News","twitter_card":"summary_large_image","twitter_misc":{"Escrito por":"Reda\u00e7\u00e3o Cacau News","Est. tempo de leitura":"1 minuto"},"schema":{"@context":"https:\/\/schema.org","@graph":[{"@type":"Article","@id":"https:\/\/cacaunews.com\/?p=6040#article","isPartOf":{"@id":"https:\/\/cacaunews.com\/?p=6040"},"author":{"name":"Reda\u00e7\u00e3o Cacau News","@id":"https:\/\/cacaunews.com\/#\/schema\/person\/ea69703103e606ad347ccd64bd72ef79"},"headline":"Presidente da AMURC, Elder Fontes, participa de reuni\u00e3o com empres\u00e1rios e o governador para discutir desenvolvimento econ\u00f4mico do sul da Bahia.","datePublished":"2025-03-15T14:00:30+00:00","dateModified":"2025-03-15T15:09:46+00:00","mainEntityOfPage":{"@id":"https:\/\/cacaunews.com\/?p=6040"},"wordCount":300,"commentCount":0,"publisher":{"@id":"https:\/\/cacaunews.com\/#organization"},"keywords":["AMURC","Elder Fontes","empres\u00e1rios","reuni\u00e3o","sul Bahia"],"articleSection":["cidades","Jornalismo","Politica"],"inLanguage":"pt-BR","potentialAction":[{"@type":"CommentAction","name":"Comment","target":["https:\/\/cacaunews.com\/?p=6040#respond"]}]},{"@type":"WebPage","@id":"https:\/\/cacaunews.com\/?p=6040","url":"https:\/\/cacaunews.com\/?p=6040","name":"Presidente da AMURC, Elder Fontes, participa de reuni\u00e3o com empres\u00e1rios e o governador para discutir desenvolvimento econ\u00f4mico do sul da Bahia. - Cacau News","isPartOf":{"@id":"https:\/\/cacaunews.com\/#website"},"datePublished":"2025-03-15T14:00:30+00:00","dateModified":"2025-03-15T15:09:46+00:00","breadcrumb":{"@id":"https:\/\/cacaunews.com\/?p=6040#breadcrumb"},"inLanguage":"pt-BR","potentialAction":[{"@type":"ReadAction","target":["https:\/\/cacaunews.com\/?p=6040"]}]},{"@type":"BreadcrumbList","@id":"https:\/\/cacaunews.com\/?p=6040#breadcrumb","itemListElement":[{"@type":"ListItem","position":1,"name":"In\u00edcio","item":"https:\/\/cacaunews.com\/"},{"@type":"ListItem","position":2,"name":"Presidente da AMURC, Elder Fontes, participa de reuni\u00e3o com empres\u00e1rios e o governador para discutir desenvolvimento econ\u00f4mico do sul da Bahia."}]},{"@type":"WebSite","@id":"https:\/\/cacaunews.com\/#website","url":"https:\/\/cacaunews.com\/","name":"Cacau News","description":"A Informa\u00e7\u00e3o que voc\u00ea precisa!","publisher":{"@id":"https:\/\/cacaunews.com\/#organization"},"potentialAction":[{"@type":"SearchAction","target":{"@type":"EntryPoint","urlTemplate":"https:\/\/cacaunews.com\/?s={search_term_string}"},"query-input":"required name=search_term_string"}],"inLanguage":"pt-BR"},{"@type":"Organization","@id":"https:\/\/cacaunews.com\/#organization","name":"Cacau News","url":"https:\/\/cacaunews.com\/","logo":{"@type":"ImageObject","inLanguage":"pt-BR","@id":"https:\/\/cacaunews.com\/#\/schema\/logo\/image\/","url":"https:\/\/cacaunews.com\/wp-content\/uploads\/2025\/01\/cropped-LOGO-NOVA.png","contentUrl":"https:\/\/cacaunews.com\/wp-content\/uploads\/2025\/01\/cropped-LOGO-NOVA.png","width":813,"height":813,"caption":"Cacau News"},"image":{"@id":"https:\/\/cacaunews.com\/#\/schema\/logo\/image\/"},"sameAs":["https:\/\/www.instagram.com\/cacaunews.online\/","https:\/\/youtube.com\/@cacaunews?si=0VXLnjl08SrWbVG9"]},{"@type":"Person","@id":"https:\/\/cacaunews.com\/#\/schema\/person\/ea69703103e606ad347ccd64bd72ef79","name":"Reda\u00e7\u00e3o Cacau News","image":{"@type":"ImageObject","inLanguage":"pt-BR","@id":"https:\/\/cacaunews.com\/#\/schema\/person\/image\/","url":"https:\/\/secure.gravatar.com\/avatar\/d79227a2a7b6cc42e8d7a8f7c284cd3a?s=96&d=mm&r=g","contentUrl":"https:\/\/secure.gravatar.com\/avatar\/d79227a2a7b6cc42e8d7a8f7c284cd3a?s=96&d=mm&r=g","caption":"Reda\u00e7\u00e3o Cacau News"},"sameAs":["https:\/\/cacaunews.com"],"url":"https:\/\/cacaunews.com\/?author=1"}]}},"jetpack_sharing_enabled":true,"jetpack_featured_media_url":"https:\/\/cacaunews.com\/wp-content\/uploads\/2025\/03\/IMG-20250315-WA0065.jpg","_links":{"self":[{"href":"https:\/\/cacaunews.com\/index.php?rest_route=\/wp\/v2\/posts\/6040"}],"collection":[{"href":"https:\/\/cacaunews.com\/index.php?rest_route=\/wp\/v2\/posts"}],"about":[{"href":"https:\/\/cacaunews.com\/index.php?rest_route=\/wp\/v2\/types\/post"}],"author":[{"embeddable":true,"href":"https:\/\/cacaunews.com\/index.php?rest_route=\/wp\/v2\/users\/1"}],"replies":[{"embeddable":true,"href":"https:\/\/cacaunews.com\/index.php?rest_route=%2Fwp%2Fv2%2Fcomments&post=6040"}],"version-history":[{"count":1,"href":"https:\/\/cacaunews.com\/index.php?rest_route=\/wp\/v2\/posts\/6040\/revisions"}],"predecessor-version":[{"id":6041,"href":"https:\/\/cacaunews.com\/index.php?rest_route=\/wp\/v2\/posts\/6040\/revisions\/6041"}],"wp:featuredmedia":[{"embeddable":true,"href":"https:\/\/cacaunews.com\/index.php?rest_route=\/wp\/v2\/media\/6038"}],"wp:attachment":[{"href":"https:\/\/cacaunews.com\/index.php?rest_route=%2Fwp%2Fv2%2Fmedia&parent=6040"}],"wp:term":[{"taxonomy":"category","embeddable":true,"href":"https:\/\/cacaunews.com\/index.php?rest_route=%2Fwp%2Fv2%2Fcategories&post=6040"},{"taxonomy":"post_tag","embeddable":true,"href":"https:\/\/cacaunews.com\/index.php?rest_route=%2Fwp%2Fv2%2Ftags&post=6040"}],"curies":[{"name":"wp","href":"https:\/\/api.w.org\/{rel}","templated":true}]}}