{"id":6110,"date":"2025-03-24T19:00:48","date_gmt":"2025-03-24T19:00:48","guid":{"rendered":"https:\/\/cacaunews.com\/?p=6110"},"modified":"2025-03-24T19:00:48","modified_gmt":"2025-03-24T19:00:48","slug":"itabuna-ministerio-publico-da-parecer-favoravel-a-saida-de-aposentados","status":"publish","type":"post","link":"https:\/\/cacaunews.com\/?p=6110","title":{"rendered":"Itabuna: Minist\u00e9rio P\u00fablico d\u00e1 parecer favor\u00e1vel \u00e0 sa\u00edda de aposentados."},"content":{"rendered":"\n<p>O Minist\u00e9rio P\u00fablico do Estado da Bahia (MP-BA) manifestou-se favor\u00e1vel ao recurso do Munic\u00edpio de Itabuna no processo que trata da sa\u00edda de servidores aposentados do quadro funcional da administra\u00e7\u00e3o municipal. Em parecer emitido nesta segunda-feira (24), a Procuradoria-Geral de Justi\u00e7a refor\u00e7ou o entendimento da liminar concedida anteriormente pela presidente do Tribunal de Justi\u00e7a da Bahia (TJ-BA), que j\u00e1 havia determinado a suspens\u00e3o dos efeitos da decis\u00e3o de primeira inst\u00e2ncia que mantinha os aposentados nos cargos.<br><br>O parecer do MP aponta que a perman\u00eancia dos aposentados no servi\u00e7o p\u00fablico, sem a devida previs\u00e3o legal, gera grave les\u00e3o \u00e0 ordem e \u00e0 economia p\u00fablicas. O \u00f3rg\u00e3o baseia sua manifesta\u00e7\u00e3o no artigo 37, \u00a7 14, da Constitui\u00e7\u00e3o Federal e na tese fixada pelo Supremo Tribunal Federal (STF) no Tema 1150 de repercuss\u00e3o geral, que pro\u00edbe a reintegra\u00e7\u00e3o ou perman\u00eancia de servidores aposentados pelo Regime Geral de Previd\u00eancia Social (RGPS) no mesmo cargo.<br><br>Al\u00e9m disso, o MP-BA destacou que a manuten\u00e7\u00e3o dos aposentados no quadro funcional resulta em \u00f4nus excessivo aos cofres p\u00fablicos, pois implicaria no pagamento simult\u00e2neo de proventos de aposentadoria e sal\u00e1rios para as mesmas fun\u00e7\u00f5es. A situa\u00e7\u00e3o, segundo o parecer, compromete a responsabilidade fiscal do munic\u00edpio e inviabiliza a efetiva\u00e7\u00e3o dos servidores aprovados no \u00faltimo concurso p\u00fablico.<br><br>Vale ressaltar que o Sindicato do Magist\u00e9rio Municipal P\u00fablico de Itabuna (SIMPI), um dos requerentes da a\u00e7\u00e3o original, n\u00e3o apresentou recurso contra a decis\u00e3o liminar que determinou a sa\u00edda dos aposentados, tendo inclusive perdido o prazo para tal.<br><br>Embora o processo ainda aguarde julgamento definitivo, o parecer do MP representa mais um avan\u00e7o na posi\u00e7\u00e3o favor\u00e1vel ao Munic\u00edpio de Itabuna e refor\u00e7a a decis\u00e3o liminar j\u00e1 concedida pelo TJ-BA.<\/p>\n\n\n\n<p><a href=\"https:\/\/itabuna.ba.gov.br\/wp-content\/uploads\/2025\/03\/8005525-35.2025.8.05.0000-1742831794689-1166970-pje-8005525_35.2025.8.05.0000-mpba.-pgj.-parecer-.pdf\" target=\"_blank\" rel=\"noreferrer noopener\">Leia decis\u00e3o na \u00edntegra.<\/a><\/p>\n","protected":false},"excerpt":{"rendered":"<p>O Minist\u00e9rio P\u00fablico do Estado da Bahia (MP-BA) manifestou-se favor\u00e1vel ao recurso do Munic\u00edpio de&#8230;<\/p>\n","protected":false},"author":1,"featured_media":5196,"comment_status":"open","ping_status":"open","sticky":false,"template":"","format":"standard","meta":{"footnotes":""},"categories":[18,11,5],"tags":[1902,2145,2165,27,1286,2164],"yoast_head":"<!-- This site is optimized with the Yoast SEO plugin v21.7 - https:\/\/yoast.com\/wordpress\/plugins\/seo\/ -->\n<title>Itabuna: Minist\u00e9rio P\u00fablico d\u00e1 parecer favor\u00e1vel \u00e0 sa\u00edda de aposentados. - Cacau News<\/title>\n<meta name=\"robots\" content=\"index, follow, max-snippet:-1, max-image-preview:large, max-video-preview:-1\" \/>\n<link rel=\"canonical\" href=\"https:\/\/cacaunews.com\/?p=6110\" \/>\n<meta property=\"og:locale\" content=\"pt_BR\" \/>\n<meta property=\"og:type\" content=\"article\" \/>\n<meta property=\"og:title\" content=\"Itabuna: Minist\u00e9rio P\u00fablico d\u00e1 parecer favor\u00e1vel \u00e0 sa\u00edda de aposentados. - Cacau News\" \/>\n<meta property=\"og:description\" content=\"O Minist\u00e9rio P\u00fablico do Estado da Bahia (MP-BA) manifestou-se favor\u00e1vel ao recurso do Munic\u00edpio de...\" \/>\n<meta property=\"og:url\" content=\"https:\/\/cacaunews.com\/?p=6110\" \/>\n<meta property=\"og:site_name\" content=\"Cacau News\" \/>\n<meta property=\"article:published_time\" content=\"2025-03-24T19:00:48+00:00\" \/>\n<meta name=\"author\" content=\"Reda\u00e7\u00e3o Cacau News\" \/>\n<meta name=\"twitter:card\" content=\"summary_large_image\" \/>\n<meta name=\"twitter:label1\" content=\"Escrito por\" \/>\n\t<meta name=\"twitter:data1\" content=\"Reda\u00e7\u00e3o Cacau News\" \/>\n\t<meta name=\"twitter:label2\" content=\"Est. tempo de leitura\" \/>\n\t<meta name=\"twitter:data2\" content=\"2 minutos\" \/>\n<script type=\"application\/ld+json\" class=\"yoast-schema-graph\">{\"@context\":\"https:\/\/schema.org\",\"@graph\":[{\"@type\":\"Article\",\"@id\":\"https:\/\/cacaunews.com\/?p=6110#article\",\"isPartOf\":{\"@id\":\"https:\/\/cacaunews.com\/?p=6110\"},\"author\":{\"name\":\"Reda\u00e7\u00e3o Cacau News\",\"@id\":\"https:\/\/cacaunews.com\/#\/schema\/person\/ea69703103e606ad347ccd64bd72ef79\"},\"headline\":\"Itabuna: Minist\u00e9rio P\u00fablico d\u00e1 parecer favor\u00e1vel \u00e0 sa\u00edda de aposentados.\",\"datePublished\":\"2025-03-24T19:00:48+00:00\",\"dateModified\":\"2025-03-24T19:00:48+00:00\",\"mainEntityOfPage\":{\"@id\":\"https:\/\/cacaunews.com\/?p=6110\"},\"wordCount\":335,\"commentCount\":0,\"publisher\":{\"@id\":\"https:\/\/cacaunews.com\/#organization\"},\"keywords\":[\"aposentados\",\"demiss\u00f5es\",\"favor\u00e1vel\",\"itabuna\",\"mp-ba\",\"parecer\"],\"articleSection\":[\"cidades\",\"Jornalismo\",\"Politica\"],\"inLanguage\":\"pt-BR\",\"potentialAction\":[{\"@type\":\"CommentAction\",\"name\":\"Comment\",\"target\":[\"https:\/\/cacaunews.com\/?p=6110#respond\"]}]},{\"@type\":\"WebPage\",\"@id\":\"https:\/\/cacaunews.com\/?p=6110\",\"url\":\"https:\/\/cacaunews.com\/?p=6110\",\"name\":\"Itabuna: Minist\u00e9rio P\u00fablico d\u00e1 parecer favor\u00e1vel \u00e0 sa\u00edda de aposentados. - Cacau News\",\"isPartOf\":{\"@id\":\"https:\/\/cacaunews.com\/#website\"},\"datePublished\":\"2025-03-24T19:00:48+00:00\",\"dateModified\":\"2025-03-24T19:00:48+00:00\",\"breadcrumb\":{\"@id\":\"https:\/\/cacaunews.com\/?p=6110#breadcrumb\"},\"inLanguage\":\"pt-BR\",\"potentialAction\":[{\"@type\":\"ReadAction\",\"target\":[\"https:\/\/cacaunews.com\/?p=6110\"]}]},{\"@type\":\"BreadcrumbList\",\"@id\":\"https:\/\/cacaunews.com\/?p=6110#breadcrumb\",\"itemListElement\":[{\"@type\":\"ListItem\",\"position\":1,\"name\":\"In\u00edcio\",\"item\":\"https:\/\/cacaunews.com\/\"},{\"@type\":\"ListItem\",\"position\":2,\"name\":\"Itabuna: Minist\u00e9rio P\u00fablico d\u00e1 parecer favor\u00e1vel \u00e0 sa\u00edda de aposentados.\"}]},{\"@type\":\"WebSite\",\"@id\":\"https:\/\/cacaunews.com\/#website\",\"url\":\"https:\/\/cacaunews.com\/\",\"name\":\"Cacau News\",\"description\":\"A Informa\u00e7\u00e3o que voc\u00ea precisa!\",\"publisher\":{\"@id\":\"https:\/\/cacaunews.com\/#organization\"},\"potentialAction\":[{\"@type\":\"SearchAction\",\"target\":{\"@type\":\"EntryPoint\",\"urlTemplate\":\"https:\/\/cacaunews.com\/?s={search_term_string}\"},\"query-input\":\"required name=search_term_string\"}],\"inLanguage\":\"pt-BR\"},{\"@type\":\"Organization\",\"@id\":\"https:\/\/cacaunews.com\/#organization\",\"name\":\"Cacau News\",\"url\":\"https:\/\/cacaunews.com\/\",\"logo\":{\"@type\":\"ImageObject\",\"inLanguage\":\"pt-BR\",\"@id\":\"https:\/\/cacaunews.com\/#\/schema\/logo\/image\/\",\"url\":\"https:\/\/cacaunews.com\/wp-content\/uploads\/2025\/01\/cropped-LOGO-NOVA.png\",\"contentUrl\":\"https:\/\/cacaunews.com\/wp-content\/uploads\/2025\/01\/cropped-LOGO-NOVA.png\",\"width\":813,\"height\":813,\"caption\":\"Cacau News\"},\"image\":{\"@id\":\"https:\/\/cacaunews.com\/#\/schema\/logo\/image\/\"},\"sameAs\":[\"https:\/\/www.instagram.com\/cacaunews.online\/\",\"https:\/\/youtube.com\/@cacaunews?si=0VXLnjl08SrWbVG9\"]},{\"@type\":\"Person\",\"@id\":\"https:\/\/cacaunews.com\/#\/schema\/person\/ea69703103e606ad347ccd64bd72ef79\",\"name\":\"Reda\u00e7\u00e3o Cacau News\",\"image\":{\"@type\":\"ImageObject\",\"inLanguage\":\"pt-BR\",\"@id\":\"https:\/\/cacaunews.com\/#\/schema\/person\/image\/\",\"url\":\"https:\/\/secure.gravatar.com\/avatar\/d79227a2a7b6cc42e8d7a8f7c284cd3a?s=96&d=mm&r=g\",\"contentUrl\":\"https:\/\/secure.gravatar.com\/avatar\/d79227a2a7b6cc42e8d7a8f7c284cd3a?s=96&d=mm&r=g\",\"caption\":\"Reda\u00e7\u00e3o Cacau News\"},\"sameAs\":[\"https:\/\/cacaunews.com\"],\"url\":\"https:\/\/cacaunews.com\/?author=1\"}]}<\/script>\n<!-- \/ Yoast SEO plugin. -->","yoast_head_json":{"title":"Itabuna: Minist\u00e9rio P\u00fablico d\u00e1 parecer favor\u00e1vel \u00e0 sa\u00edda de aposentados. - Cacau News","robots":{"index":"index","follow":"follow","max-snippet":"max-snippet:-1","max-image-preview":"max-image-preview:large","max-video-preview":"max-video-preview:-1"},"canonical":"https:\/\/cacaunews.com\/?p=6110","og_locale":"pt_BR","og_type":"article","og_title":"Itabuna: Minist\u00e9rio P\u00fablico d\u00e1 parecer favor\u00e1vel \u00e0 sa\u00edda de aposentados. - Cacau News","og_description":"O Minist\u00e9rio P\u00fablico do Estado da Bahia (MP-BA) manifestou-se favor\u00e1vel ao recurso do Munic\u00edpio de...","og_url":"https:\/\/cacaunews.com\/?p=6110","og_site_name":"Cacau News","article_published_time":"2025-03-24T19:00:48+00:00","author":"Reda\u00e7\u00e3o Cacau News","twitter_card":"summary_large_image","twitter_misc":{"Escrito por":"Reda\u00e7\u00e3o Cacau News","Est. tempo de leitura":"2 minutos"},"schema":{"@context":"https:\/\/schema.org","@graph":[{"@type":"Article","@id":"https:\/\/cacaunews.com\/?p=6110#article","isPartOf":{"@id":"https:\/\/cacaunews.com\/?p=6110"},"author":{"name":"Reda\u00e7\u00e3o Cacau News","@id":"https:\/\/cacaunews.com\/#\/schema\/person\/ea69703103e606ad347ccd64bd72ef79"},"headline":"Itabuna: Minist\u00e9rio P\u00fablico d\u00e1 parecer favor\u00e1vel \u00e0 sa\u00edda de aposentados.","datePublished":"2025-03-24T19:00:48+00:00","dateModified":"2025-03-24T19:00:48+00:00","mainEntityOfPage":{"@id":"https:\/\/cacaunews.com\/?p=6110"},"wordCount":335,"commentCount":0,"publisher":{"@id":"https:\/\/cacaunews.com\/#organization"},"keywords":["aposentados","demiss\u00f5es","favor\u00e1vel","itabuna","mp-ba","parecer"],"articleSection":["cidades","Jornalismo","Politica"],"inLanguage":"pt-BR","potentialAction":[{"@type":"CommentAction","name":"Comment","target":["https:\/\/cacaunews.com\/?p=6110#respond"]}]},{"@type":"WebPage","@id":"https:\/\/cacaunews.com\/?p=6110","url":"https:\/\/cacaunews.com\/?p=6110","name":"Itabuna: Minist\u00e9rio P\u00fablico d\u00e1 parecer favor\u00e1vel \u00e0 sa\u00edda de aposentados. - Cacau News","isPartOf":{"@id":"https:\/\/cacaunews.com\/#website"},"datePublished":"2025-03-24T19:00:48+00:00","dateModified":"2025-03-24T19:00:48+00:00","breadcrumb":{"@id":"https:\/\/cacaunews.com\/?p=6110#breadcrumb"},"inLanguage":"pt-BR","potentialAction":[{"@type":"ReadAction","target":["https:\/\/cacaunews.com\/?p=6110"]}]},{"@type":"BreadcrumbList","@id":"https:\/\/cacaunews.com\/?p=6110#breadcrumb","itemListElement":[{"@type":"ListItem","position":1,"name":"In\u00edcio","item":"https:\/\/cacaunews.com\/"},{"@type":"ListItem","position":2,"name":"Itabuna: Minist\u00e9rio P\u00fablico d\u00e1 parecer favor\u00e1vel \u00e0 sa\u00edda de aposentados."}]},{"@type":"WebSite","@id":"https:\/\/cacaunews.com\/#website","url":"https:\/\/cacaunews.com\/","name":"Cacau News","description":"A Informa\u00e7\u00e3o que voc\u00ea precisa!","publisher":{"@id":"https:\/\/cacaunews.com\/#organization"},"potentialAction":[{"@type":"SearchAction","target":{"@type":"EntryPoint","urlTemplate":"https:\/\/cacaunews.com\/?s={search_term_string}"},"query-input":"required name=search_term_string"}],"inLanguage":"pt-BR"},{"@type":"Organization","@id":"https:\/\/cacaunews.com\/#organization","name":"Cacau News","url":"https:\/\/cacaunews.com\/","logo":{"@type":"ImageObject","inLanguage":"pt-BR","@id":"https:\/\/cacaunews.com\/#\/schema\/logo\/image\/","url":"https:\/\/cacaunews.com\/wp-content\/uploads\/2025\/01\/cropped-LOGO-NOVA.png","contentUrl":"https:\/\/cacaunews.com\/wp-content\/uploads\/2025\/01\/cropped-LOGO-NOVA.png","width":813,"height":813,"caption":"Cacau News"},"image":{"@id":"https:\/\/cacaunews.com\/#\/schema\/logo\/image\/"},"sameAs":["https:\/\/www.instagram.com\/cacaunews.online\/","https:\/\/youtube.com\/@cacaunews?si=0VXLnjl08SrWbVG9"]},{"@type":"Person","@id":"https:\/\/cacaunews.com\/#\/schema\/person\/ea69703103e606ad347ccd64bd72ef79","name":"Reda\u00e7\u00e3o Cacau News","image":{"@type":"ImageObject","inLanguage":"pt-BR","@id":"https:\/\/cacaunews.com\/#\/schema\/person\/image\/","url":"https:\/\/secure.gravatar.com\/avatar\/d79227a2a7b6cc42e8d7a8f7c284cd3a?s=96&d=mm&r=g","contentUrl":"https:\/\/secure.gravatar.com\/avatar\/d79227a2a7b6cc42e8d7a8f7c284cd3a?s=96&d=mm&r=g","caption":"Reda\u00e7\u00e3o Cacau News"},"sameAs":["https:\/\/cacaunews.com"],"url":"https:\/\/cacaunews.com\/?author=1"}]}},"jetpack_sharing_enabled":true,"jetpack_featured_media_url":"https:\/\/cacaunews.com\/wp-content\/uploads\/2024\/11\/images-2024-11-28T185832.388.jpeg","_links":{"self":[{"href":"https:\/\/cacaunews.com\/index.php?rest_route=\/wp\/v2\/posts\/6110"}],"collection":[{"href":"https:\/\/cacaunews.com\/index.php?rest_route=\/wp\/v2\/posts"}],"about":[{"href":"https:\/\/cacaunews.com\/index.php?rest_route=\/wp\/v2\/types\/post"}],"author":[{"embeddable":true,"href":"https:\/\/cacaunews.com\/index.php?rest_route=\/wp\/v2\/users\/1"}],"replies":[{"embeddable":true,"href":"https:\/\/cacaunews.com\/index.php?rest_route=%2Fwp%2Fv2%2Fcomments&post=6110"}],"version-history":[{"count":0,"href":"https:\/\/cacaunews.com\/index.php?rest_route=\/wp\/v2\/posts\/6110\/revisions"}],"wp:featuredmedia":[{"embeddable":true,"href":"https:\/\/cacaunews.com\/index.php?rest_route=\/wp\/v2\/media\/5196"}],"wp:attachment":[{"href":"https:\/\/cacaunews.com\/index.php?rest_route=%2Fwp%2Fv2%2Fmedia&parent=6110"}],"wp:term":[{"taxonomy":"category","embeddable":true,"href":"https:\/\/cacaunews.com\/index.php?rest_route=%2Fwp%2Fv2%2Fcategories&post=6110"},{"taxonomy":"post_tag","embeddable":true,"href":"https:\/\/cacaunews.com\/index.php?rest_route=%2Fwp%2Fv2%2Ftags&post=6110"}],"curies":[{"name":"wp","href":"https:\/\/api.w.org\/{rel}","templated":true}]}}