{"id":6124,"date":"2025-03-26T09:30:00","date_gmt":"2025-03-26T09:30:00","guid":{"rendered":"https:\/\/cacaunews.com\/?p=6124"},"modified":"2025-03-26T09:30:00","modified_gmt":"2025-03-26T09:30:00","slug":"marcone-amaral-aplaude-reeleicao-de-ednaldo-rodrigues-na-cbf","status":"publish","type":"post","link":"https:\/\/cacaunews.com\/?p=6124","title":{"rendered":"Marcone Amaral aplaude reelei\u00e7\u00e3o de Ednaldo Rodrigues na CBF."},"content":{"rendered":"\n<p>O deputado Marcone Amaral (PSD) apresentou, na Assembleia Legislativa, uma mo\u00e7\u00e3o de congratula\u00e7\u00f5es pela reelei\u00e7\u00e3o do presidente da Confedera\u00e7\u00e3o Brasileira de Futebol (CBF), Ednaldo Rodrigues, ocorrida por aclama\u00e7\u00e3o na tarde do dia 24 de mar\u00e7o de 2025. Por meio do documento, o parlamentar destacou a atua\u00e7\u00e3o do gestor e afirmou que sua recondu\u00e7\u00e3o foi um reconhecimento ao trabalho realizado \u00e0 frente da entidade.<br><br>\u201cAo presidente Ednaldo Rodrigues pela sua reelei\u00e7\u00e3o e por sua dedica\u00e7\u00e3o ao desenvolvimento do futebol brasileiro, ressaltando a representatividade do Estado da Bahia \u00e0 frente de uma das maiores entidades de futebol do mundo\u201d, afirmou.<br><br>Conforme consta na mo\u00e7\u00e3o, a trajet\u00f3ria de Ednaldo Rodrigues no futebol brasileiro inclui sua atua\u00e7\u00e3o como jogador amador nas d\u00e9cadas de 1970 e 1980, e sua forma\u00e7\u00e3o em ci\u00eancias cont\u00e1beis pela Faculdade Visconde de Cairu, em 1991. Para Marcone Amaral, a contribui\u00e7\u00e3o de Ednaldo \u00e9 significativa ao esporte, tendo sido presidente da Liga Conquistense de Desportos Terrestres e diretor do Departamento do Interior da Federa\u00e7\u00e3o Bahiana de Futebol (FBF) entre 1992 e 2000, al\u00e9m de ser reeleito presidente da FBF entre 2001 e 2018. Al\u00e9m disso, Ednaldo Rodrigues foi vice-presidente da CBF de 2018 at\u00e9 2021 e assumiu interinamente a entidade entre 2021 e 2022.<br><br>Na mo\u00e7\u00e3o de congratula\u00e7\u00f5es, o deputado tamb\u00e9m parabenizou o presidente da Federa\u00e7\u00e3o Bahiana de Futebol, Ricardo Lima, que se tornou um dos oito vice-presidentes da CBF, destacando-o como um dos principais presidentes de federa\u00e7\u00f5es do pa\u00eds.<\/p>\n","protected":false},"excerpt":{"rendered":"<p>O deputado Marcone Amaral (PSD) apresentou, na Assembleia Legislativa, uma mo\u00e7\u00e3o de congratula\u00e7\u00f5es pela reelei\u00e7\u00e3o&#8230;<\/p>\n","protected":false},"author":1,"featured_media":6123,"comment_status":"open","ping_status":"open","sticky":false,"template":"","format":"standard","meta":{"footnotes":""},"categories":[14,11,5],"tags":[2169,2171,62,2170,1922],"yoast_head":"<!-- This site is optimized with the Yoast SEO plugin v21.7 - https:\/\/yoast.com\/wordpress\/plugins\/seo\/ -->\n<title>Marcone Amaral aplaude reelei\u00e7\u00e3o de Ednaldo Rodrigues na CBF. - Cacau News<\/title>\n<meta name=\"robots\" content=\"index, follow, max-snippet:-1, max-image-preview:large, max-video-preview:-1\" \/>\n<link rel=\"canonical\" href=\"https:\/\/cacaunews.com\/?p=6124\" \/>\n<meta property=\"og:locale\" content=\"pt_BR\" \/>\n<meta property=\"og:type\" content=\"article\" \/>\n<meta property=\"og:title\" content=\"Marcone Amaral aplaude reelei\u00e7\u00e3o de Ednaldo Rodrigues na CBF. - Cacau News\" \/>\n<meta property=\"og:description\" content=\"O deputado Marcone Amaral (PSD) apresentou, na Assembleia Legislativa, uma mo\u00e7\u00e3o de congratula\u00e7\u00f5es pela reelei\u00e7\u00e3o...\" \/>\n<meta property=\"og:url\" content=\"https:\/\/cacaunews.com\/?p=6124\" \/>\n<meta property=\"og:site_name\" content=\"Cacau News\" \/>\n<meta property=\"article:published_time\" content=\"2025-03-26T09:30:00+00:00\" \/>\n<meta property=\"og:image\" content=\"https:\/\/cacaunews.com\/wp-content\/uploads\/2025\/03\/63930-901467-2025-03-25-13-30-35.jpg\" \/>\n\t<meta property=\"og:image:width\" content=\"951\" \/>\n\t<meta property=\"og:image:height\" content=\"535\" \/>\n\t<meta property=\"og:image:type\" content=\"image\/jpeg\" \/>\n<meta name=\"author\" content=\"Reda\u00e7\u00e3o Cacau News\" \/>\n<meta name=\"twitter:card\" content=\"summary_large_image\" \/>\n<meta name=\"twitter:label1\" content=\"Escrito por\" \/>\n\t<meta name=\"twitter:data1\" content=\"Reda\u00e7\u00e3o Cacau News\" \/>\n\t<meta name=\"twitter:label2\" content=\"Est. tempo de leitura\" \/>\n\t<meta name=\"twitter:data2\" content=\"1 minuto\" \/>\n<script type=\"application\/ld+json\" class=\"yoast-schema-graph\">{\"@context\":\"https:\/\/schema.org\",\"@graph\":[{\"@type\":\"Article\",\"@id\":\"https:\/\/cacaunews.com\/?p=6124#article\",\"isPartOf\":{\"@id\":\"https:\/\/cacaunews.com\/?p=6124\"},\"author\":{\"name\":\"Reda\u00e7\u00e3o Cacau News\",\"@id\":\"https:\/\/cacaunews.com\/#\/schema\/person\/ea69703103e606ad347ccd64bd72ef79\"},\"headline\":\"Marcone Amaral aplaude reelei\u00e7\u00e3o de Ednaldo Rodrigues na CBF.\",\"datePublished\":\"2025-03-26T09:30:00+00:00\",\"dateModified\":\"2025-03-26T09:30:00+00:00\",\"mainEntityOfPage\":{\"@id\":\"https:\/\/cacaunews.com\/?p=6124\"},\"wordCount\":260,\"commentCount\":0,\"publisher\":{\"@id\":\"https:\/\/cacaunews.com\/#organization\"},\"keywords\":[\"aplausos\",\"CBF\",\"deputado\",\"Ednaldo Rodrigues\",\"Marcone Amaral\"],\"articleSection\":[\"Esporte\",\"Jornalismo\",\"Politica\"],\"inLanguage\":\"pt-BR\",\"potentialAction\":[{\"@type\":\"CommentAction\",\"name\":\"Comment\",\"target\":[\"https:\/\/cacaunews.com\/?p=6124#respond\"]}]},{\"@type\":\"WebPage\",\"@id\":\"https:\/\/cacaunews.com\/?p=6124\",\"url\":\"https:\/\/cacaunews.com\/?p=6124\",\"name\":\"Marcone Amaral aplaude reelei\u00e7\u00e3o de Ednaldo Rodrigues na CBF. - Cacau News\",\"isPartOf\":{\"@id\":\"https:\/\/cacaunews.com\/#website\"},\"datePublished\":\"2025-03-26T09:30:00+00:00\",\"dateModified\":\"2025-03-26T09:30:00+00:00\",\"breadcrumb\":{\"@id\":\"https:\/\/cacaunews.com\/?p=6124#breadcrumb\"},\"inLanguage\":\"pt-BR\",\"potentialAction\":[{\"@type\":\"ReadAction\",\"target\":[\"https:\/\/cacaunews.com\/?p=6124\"]}]},{\"@type\":\"BreadcrumbList\",\"@id\":\"https:\/\/cacaunews.com\/?p=6124#breadcrumb\",\"itemListElement\":[{\"@type\":\"ListItem\",\"position\":1,\"name\":\"In\u00edcio\",\"item\":\"https:\/\/cacaunews.com\/\"},{\"@type\":\"ListItem\",\"position\":2,\"name\":\"Marcone Amaral aplaude reelei\u00e7\u00e3o de Ednaldo Rodrigues na CBF.\"}]},{\"@type\":\"WebSite\",\"@id\":\"https:\/\/cacaunews.com\/#website\",\"url\":\"https:\/\/cacaunews.com\/\",\"name\":\"Cacau News\",\"description\":\"A Informa\u00e7\u00e3o que voc\u00ea precisa!\",\"publisher\":{\"@id\":\"https:\/\/cacaunews.com\/#organization\"},\"potentialAction\":[{\"@type\":\"SearchAction\",\"target\":{\"@type\":\"EntryPoint\",\"urlTemplate\":\"https:\/\/cacaunews.com\/?s={search_term_string}\"},\"query-input\":\"required name=search_term_string\"}],\"inLanguage\":\"pt-BR\"},{\"@type\":\"Organization\",\"@id\":\"https:\/\/cacaunews.com\/#organization\",\"name\":\"Cacau News\",\"url\":\"https:\/\/cacaunews.com\/\",\"logo\":{\"@type\":\"ImageObject\",\"inLanguage\":\"pt-BR\",\"@id\":\"https:\/\/cacaunews.com\/#\/schema\/logo\/image\/\",\"url\":\"https:\/\/cacaunews.com\/wp-content\/uploads\/2025\/01\/cropped-LOGO-NOVA.png\",\"contentUrl\":\"https:\/\/cacaunews.com\/wp-content\/uploads\/2025\/01\/cropped-LOGO-NOVA.png\",\"width\":813,\"height\":813,\"caption\":\"Cacau News\"},\"image\":{\"@id\":\"https:\/\/cacaunews.com\/#\/schema\/logo\/image\/\"},\"sameAs\":[\"https:\/\/www.instagram.com\/cacaunews.online\/\",\"https:\/\/youtube.com\/@cacaunews?si=0VXLnjl08SrWbVG9\"]},{\"@type\":\"Person\",\"@id\":\"https:\/\/cacaunews.com\/#\/schema\/person\/ea69703103e606ad347ccd64bd72ef79\",\"name\":\"Reda\u00e7\u00e3o Cacau News\",\"image\":{\"@type\":\"ImageObject\",\"inLanguage\":\"pt-BR\",\"@id\":\"https:\/\/cacaunews.com\/#\/schema\/person\/image\/\",\"url\":\"https:\/\/secure.gravatar.com\/avatar\/d79227a2a7b6cc42e8d7a8f7c284cd3a?s=96&d=mm&r=g\",\"contentUrl\":\"https:\/\/secure.gravatar.com\/avatar\/d79227a2a7b6cc42e8d7a8f7c284cd3a?s=96&d=mm&r=g\",\"caption\":\"Reda\u00e7\u00e3o Cacau News\"},\"sameAs\":[\"https:\/\/cacaunews.com\"],\"url\":\"https:\/\/cacaunews.com\/?author=1\"}]}<\/script>\n<!-- \/ Yoast SEO plugin. -->","yoast_head_json":{"title":"Marcone Amaral aplaude reelei\u00e7\u00e3o de Ednaldo Rodrigues na CBF. - Cacau News","robots":{"index":"index","follow":"follow","max-snippet":"max-snippet:-1","max-image-preview":"max-image-preview:large","max-video-preview":"max-video-preview:-1"},"canonical":"https:\/\/cacaunews.com\/?p=6124","og_locale":"pt_BR","og_type":"article","og_title":"Marcone Amaral aplaude reelei\u00e7\u00e3o de Ednaldo Rodrigues na CBF. - Cacau News","og_description":"O deputado Marcone Amaral (PSD) apresentou, na Assembleia Legislativa, uma mo\u00e7\u00e3o de congratula\u00e7\u00f5es pela reelei\u00e7\u00e3o...","og_url":"https:\/\/cacaunews.com\/?p=6124","og_site_name":"Cacau News","article_published_time":"2025-03-26T09:30:00+00:00","og_image":[{"width":951,"height":535,"url":"https:\/\/cacaunews.com\/wp-content\/uploads\/2025\/03\/63930-901467-2025-03-25-13-30-35.jpg","type":"image\/jpeg"}],"author":"Reda\u00e7\u00e3o Cacau News","twitter_card":"summary_large_image","twitter_misc":{"Escrito por":"Reda\u00e7\u00e3o Cacau News","Est. tempo de leitura":"1 minuto"},"schema":{"@context":"https:\/\/schema.org","@graph":[{"@type":"Article","@id":"https:\/\/cacaunews.com\/?p=6124#article","isPartOf":{"@id":"https:\/\/cacaunews.com\/?p=6124"},"author":{"name":"Reda\u00e7\u00e3o Cacau News","@id":"https:\/\/cacaunews.com\/#\/schema\/person\/ea69703103e606ad347ccd64bd72ef79"},"headline":"Marcone Amaral aplaude reelei\u00e7\u00e3o de Ednaldo Rodrigues na CBF.","datePublished":"2025-03-26T09:30:00+00:00","dateModified":"2025-03-26T09:30:00+00:00","mainEntityOfPage":{"@id":"https:\/\/cacaunews.com\/?p=6124"},"wordCount":260,"commentCount":0,"publisher":{"@id":"https:\/\/cacaunews.com\/#organization"},"keywords":["aplausos","CBF","deputado","Ednaldo Rodrigues","Marcone Amaral"],"articleSection":["Esporte","Jornalismo","Politica"],"inLanguage":"pt-BR","potentialAction":[{"@type":"CommentAction","name":"Comment","target":["https:\/\/cacaunews.com\/?p=6124#respond"]}]},{"@type":"WebPage","@id":"https:\/\/cacaunews.com\/?p=6124","url":"https:\/\/cacaunews.com\/?p=6124","name":"Marcone Amaral aplaude reelei\u00e7\u00e3o de Ednaldo Rodrigues na CBF. - Cacau News","isPartOf":{"@id":"https:\/\/cacaunews.com\/#website"},"datePublished":"2025-03-26T09:30:00+00:00","dateModified":"2025-03-26T09:30:00+00:00","breadcrumb":{"@id":"https:\/\/cacaunews.com\/?p=6124#breadcrumb"},"inLanguage":"pt-BR","potentialAction":[{"@type":"ReadAction","target":["https:\/\/cacaunews.com\/?p=6124"]}]},{"@type":"BreadcrumbList","@id":"https:\/\/cacaunews.com\/?p=6124#breadcrumb","itemListElement":[{"@type":"ListItem","position":1,"name":"In\u00edcio","item":"https:\/\/cacaunews.com\/"},{"@type":"ListItem","position":2,"name":"Marcone Amaral aplaude reelei\u00e7\u00e3o de Ednaldo Rodrigues na CBF."}]},{"@type":"WebSite","@id":"https:\/\/cacaunews.com\/#website","url":"https:\/\/cacaunews.com\/","name":"Cacau News","description":"A Informa\u00e7\u00e3o que voc\u00ea precisa!","publisher":{"@id":"https:\/\/cacaunews.com\/#organization"},"potentialAction":[{"@type":"SearchAction","target":{"@type":"EntryPoint","urlTemplate":"https:\/\/cacaunews.com\/?s={search_term_string}"},"query-input":"required name=search_term_string"}],"inLanguage":"pt-BR"},{"@type":"Organization","@id":"https:\/\/cacaunews.com\/#organization","name":"Cacau News","url":"https:\/\/cacaunews.com\/","logo":{"@type":"ImageObject","inLanguage":"pt-BR","@id":"https:\/\/cacaunews.com\/#\/schema\/logo\/image\/","url":"https:\/\/cacaunews.com\/wp-content\/uploads\/2025\/01\/cropped-LOGO-NOVA.png","contentUrl":"https:\/\/cacaunews.com\/wp-content\/uploads\/2025\/01\/cropped-LOGO-NOVA.png","width":813,"height":813,"caption":"Cacau News"},"image":{"@id":"https:\/\/cacaunews.com\/#\/schema\/logo\/image\/"},"sameAs":["https:\/\/www.instagram.com\/cacaunews.online\/","https:\/\/youtube.com\/@cacaunews?si=0VXLnjl08SrWbVG9"]},{"@type":"Person","@id":"https:\/\/cacaunews.com\/#\/schema\/person\/ea69703103e606ad347ccd64bd72ef79","name":"Reda\u00e7\u00e3o Cacau News","image":{"@type":"ImageObject","inLanguage":"pt-BR","@id":"https:\/\/cacaunews.com\/#\/schema\/person\/image\/","url":"https:\/\/secure.gravatar.com\/avatar\/d79227a2a7b6cc42e8d7a8f7c284cd3a?s=96&d=mm&r=g","contentUrl":"https:\/\/secure.gravatar.com\/avatar\/d79227a2a7b6cc42e8d7a8f7c284cd3a?s=96&d=mm&r=g","caption":"Reda\u00e7\u00e3o Cacau News"},"sameAs":["https:\/\/cacaunews.com"],"url":"https:\/\/cacaunews.com\/?author=1"}]}},"jetpack_sharing_enabled":true,"jetpack_featured_media_url":"https:\/\/cacaunews.com\/wp-content\/uploads\/2025\/03\/63930-901467-2025-03-25-13-30-35.jpg","_links":{"self":[{"href":"https:\/\/cacaunews.com\/index.php?rest_route=\/wp\/v2\/posts\/6124"}],"collection":[{"href":"https:\/\/cacaunews.com\/index.php?rest_route=\/wp\/v2\/posts"}],"about":[{"href":"https:\/\/cacaunews.com\/index.php?rest_route=\/wp\/v2\/types\/post"}],"author":[{"embeddable":true,"href":"https:\/\/cacaunews.com\/index.php?rest_route=\/wp\/v2\/users\/1"}],"replies":[{"embeddable":true,"href":"https:\/\/cacaunews.com\/index.php?rest_route=%2Fwp%2Fv2%2Fcomments&post=6124"}],"version-history":[{"count":0,"href":"https:\/\/cacaunews.com\/index.php?rest_route=\/wp\/v2\/posts\/6124\/revisions"}],"wp:featuredmedia":[{"embeddable":true,"href":"https:\/\/cacaunews.com\/index.php?rest_route=\/wp\/v2\/media\/6123"}],"wp:attachment":[{"href":"https:\/\/cacaunews.com\/index.php?rest_route=%2Fwp%2Fv2%2Fmedia&parent=6124"}],"wp:term":[{"taxonomy":"category","embeddable":true,"href":"https:\/\/cacaunews.com\/index.php?rest_route=%2Fwp%2Fv2%2Fcategories&post=6124"},{"taxonomy":"post_tag","embeddable":true,"href":"https:\/\/cacaunews.com\/index.php?rest_route=%2Fwp%2Fv2%2Ftags&post=6124"}],"curies":[{"name":"wp","href":"https:\/\/api.w.org\/{rel}","templated":true}]}}