{"id":6126,"date":"2025-03-26T16:00:13","date_gmt":"2025-03-26T16:00:13","guid":{"rendered":"https:\/\/cacaunews.com\/?p=6126"},"modified":"2025-03-26T16:47:19","modified_gmt":"2025-03-26T16:47:19","slug":"unidades-da-pm-passam-por-primeira-por-mudanca-apos-chegada-de-novo-comandante-geral","status":"publish","type":"post","link":"https:\/\/cacaunews.com\/?p=6126","title":{"rendered":"Unidades da PM passam por primeira por mudan\u00e7a ap\u00f3s chegada de novo comandante-geral."},"content":{"rendered":"\n<p>Dois dias ap\u00f3s o governado Jer\u00f4nimo Rodrigues anunciar o novo comandante-geral da Pol\u00edcia Militar da Bahia (PMBA), a corpora\u00e7\u00e3o publicou na edi\u00e7\u00e3o do Di\u00e1rio Oficial do Estado (DOE) as primeiras mudan\u00e7as em diferentes unidades da corpora\u00e7\u00e3o.<br><br>As exonera\u00e7\u00f5es e nomea\u00e7\u00f5es ocorreram em Companhias Independentes da Pol\u00edcia Militar (CIPMs), Batalh\u00f5es da PM (BPM), al\u00e9m de departamentos e Rondesps. Mais de 20 mudan\u00e7as foram feitas sob o comando do coronel Ant\u00f4nio Magalh\u00e3es, rec\u00e9m-promovido ao cargo de comandante-geral da PM. <\/p>\n\n\n\n<p>Dentre as unidades que tiveram modifica\u00e7\u00f5es est\u00e3o: a 50\u00aa CIPM (Sete de Abril), 29\u00aa CIPM (Seabra), 40\u00aa CIPM (Nordeste de Amaralina), 19\u00aa CIPM (Paripe), 28\u00aa CIPM (Ibotirama), 6\u00ba BPM (Senhor do Bonfim), 15\u00ba BPM (Itabuna), 19\u00ba BPM (Jequi\u00e9),\u00a0 11\u00ba BPM (Itaberaba), 16\u00ba BPM (Serrinha), 8\u00ba BPM (Porto Seguro), Rondesp Leste (Feira de Santana), Rondesp Central (Salvador), Base Comunit\u00e1ria de Seguran\u00e7a (BCS\/Fazenda Coutos). <\/p>\n\n\n\n<p>Completam a rela\u00e7\u00e3o o Batalh\u00e3o de Policiamento Tur\u00edstico (Bptur), Batalh\u00e3o de Policiamento Escolar, Departamento de Moderniza\u00e7\u00e3o e Tecnologia, <br>Comando de Policiamento da Regi\u00e3o da Chapada, Comando de Opera\u00e7\u00f5es Policiais Militares,\u00a0 Instituto de Ensino e Pesquisa (IEP), Batalh\u00e3o de Refor\u00e7o<br>Operacional (BRO), Batalh\u00e3o de Policiamento Escolar,\u00a0 Centro de Forma\u00e7\u00e3o e Aperfei\u00e7oamento de Pra\u00e7as (CFAP). <\/p>\n\n\n\n<p><strong>Com Informa\u00e7\u00f5es BNews.<\/strong><\/p>\n","protected":false},"excerpt":{"rendered":"<p>Dois dias ap\u00f3s o governado Jer\u00f4nimo Rodrigues anunciar o novo comandante-geral da Pol\u00edcia Militar da&#8230;<\/p>\n","protected":false},"author":1,"featured_media":6125,"comment_status":"open","ping_status":"open","sticky":false,"template":"","format":"standard","meta":{"footnotes":""},"categories":[18,11,1988],"tags":[39,83,1413,511],"yoast_head":"<!-- This site is optimized with the Yoast SEO plugin v21.7 - https:\/\/yoast.com\/wordpress\/plugins\/seo\/ -->\n<title>Unidades da PM passam por primeira por mudan\u00e7a ap\u00f3s chegada de novo comandante-geral. - Cacau News<\/title>\n<meta name=\"robots\" content=\"index, follow, max-snippet:-1, max-image-preview:large, max-video-preview:-1\" \/>\n<link rel=\"canonical\" href=\"https:\/\/cacaunews.com\/?p=6126\" \/>\n<meta property=\"og:locale\" content=\"pt_BR\" \/>\n<meta property=\"og:type\" content=\"article\" \/>\n<meta property=\"og:title\" content=\"Unidades da PM passam por primeira por mudan\u00e7a ap\u00f3s chegada de novo comandante-geral. - Cacau News\" \/>\n<meta property=\"og:description\" content=\"Dois dias ap\u00f3s o governado Jer\u00f4nimo Rodrigues anunciar o novo comandante-geral da Pol\u00edcia Militar da...\" \/>\n<meta property=\"og:url\" content=\"https:\/\/cacaunews.com\/?p=6126\" \/>\n<meta property=\"og:site_name\" content=\"Cacau News\" \/>\n<meta property=\"article:published_time\" content=\"2025-03-26T16:00:13+00:00\" \/>\n<meta property=\"article:modified_time\" content=\"2025-03-26T16:47:19+00:00\" \/>\n<meta property=\"og:image\" content=\"https:\/\/cacaunews.com\/wp-content\/uploads\/2025\/03\/pm_-alberto_maraux_widemd.jpg\" \/>\n\t<meta property=\"og:image:width\" content=\"551\" \/>\n\t<meta property=\"og:image:height\" content=\"309\" \/>\n\t<meta property=\"og:image:type\" content=\"image\/jpeg\" \/>\n<meta name=\"author\" content=\"Reda\u00e7\u00e3o Cacau News\" \/>\n<meta name=\"twitter:card\" content=\"summary_large_image\" \/>\n<meta name=\"twitter:label1\" content=\"Escrito por\" \/>\n\t<meta name=\"twitter:data1\" content=\"Reda\u00e7\u00e3o Cacau News\" \/>\n\t<meta name=\"twitter:label2\" content=\"Est. tempo de leitura\" \/>\n\t<meta name=\"twitter:data2\" content=\"1 minuto\" \/>\n<script type=\"application\/ld+json\" class=\"yoast-schema-graph\">{\"@context\":\"https:\/\/schema.org\",\"@graph\":[{\"@type\":\"Article\",\"@id\":\"https:\/\/cacaunews.com\/?p=6126#article\",\"isPartOf\":{\"@id\":\"https:\/\/cacaunews.com\/?p=6126\"},\"author\":{\"name\":\"Reda\u00e7\u00e3o Cacau News\",\"@id\":\"https:\/\/cacaunews.com\/#\/schema\/person\/ea69703103e606ad347ccd64bd72ef79\"},\"headline\":\"Unidades da PM passam por primeira por mudan\u00e7a ap\u00f3s chegada de novo comandante-geral.\",\"datePublished\":\"2025-03-26T16:00:13+00:00\",\"dateModified\":\"2025-03-26T16:47:19+00:00\",\"mainEntityOfPage\":{\"@id\":\"https:\/\/cacaunews.com\/?p=6126\"},\"wordCount\":233,\"commentCount\":0,\"publisher\":{\"@id\":\"https:\/\/cacaunews.com\/#organization\"},\"keywords\":[\"bahia\",\"mudan\u00e7as\",\"PM BA\",\"seguran\u00e7a\"],\"articleSection\":[\"cidades\",\"Jornalismo\",\"Pol\u00edcia\"],\"inLanguage\":\"pt-BR\",\"potentialAction\":[{\"@type\":\"CommentAction\",\"name\":\"Comment\",\"target\":[\"https:\/\/cacaunews.com\/?p=6126#respond\"]}]},{\"@type\":\"WebPage\",\"@id\":\"https:\/\/cacaunews.com\/?p=6126\",\"url\":\"https:\/\/cacaunews.com\/?p=6126\",\"name\":\"Unidades da PM passam por primeira por mudan\u00e7a ap\u00f3s chegada de novo comandante-geral. - Cacau News\",\"isPartOf\":{\"@id\":\"https:\/\/cacaunews.com\/#website\"},\"datePublished\":\"2025-03-26T16:00:13+00:00\",\"dateModified\":\"2025-03-26T16:47:19+00:00\",\"breadcrumb\":{\"@id\":\"https:\/\/cacaunews.com\/?p=6126#breadcrumb\"},\"inLanguage\":\"pt-BR\",\"potentialAction\":[{\"@type\":\"ReadAction\",\"target\":[\"https:\/\/cacaunews.com\/?p=6126\"]}]},{\"@type\":\"BreadcrumbList\",\"@id\":\"https:\/\/cacaunews.com\/?p=6126#breadcrumb\",\"itemListElement\":[{\"@type\":\"ListItem\",\"position\":1,\"name\":\"In\u00edcio\",\"item\":\"https:\/\/cacaunews.com\/\"},{\"@type\":\"ListItem\",\"position\":2,\"name\":\"Unidades da PM passam por primeira por mudan\u00e7a ap\u00f3s chegada de novo comandante-geral.\"}]},{\"@type\":\"WebSite\",\"@id\":\"https:\/\/cacaunews.com\/#website\",\"url\":\"https:\/\/cacaunews.com\/\",\"name\":\"Cacau News\",\"description\":\"A Informa\u00e7\u00e3o que voc\u00ea precisa!\",\"publisher\":{\"@id\":\"https:\/\/cacaunews.com\/#organization\"},\"potentialAction\":[{\"@type\":\"SearchAction\",\"target\":{\"@type\":\"EntryPoint\",\"urlTemplate\":\"https:\/\/cacaunews.com\/?s={search_term_string}\"},\"query-input\":\"required name=search_term_string\"}],\"inLanguage\":\"pt-BR\"},{\"@type\":\"Organization\",\"@id\":\"https:\/\/cacaunews.com\/#organization\",\"name\":\"Cacau News\",\"url\":\"https:\/\/cacaunews.com\/\",\"logo\":{\"@type\":\"ImageObject\",\"inLanguage\":\"pt-BR\",\"@id\":\"https:\/\/cacaunews.com\/#\/schema\/logo\/image\/\",\"url\":\"https:\/\/cacaunews.com\/wp-content\/uploads\/2025\/01\/cropped-LOGO-NOVA.png\",\"contentUrl\":\"https:\/\/cacaunews.com\/wp-content\/uploads\/2025\/01\/cropped-LOGO-NOVA.png\",\"width\":813,\"height\":813,\"caption\":\"Cacau News\"},\"image\":{\"@id\":\"https:\/\/cacaunews.com\/#\/schema\/logo\/image\/\"},\"sameAs\":[\"https:\/\/www.instagram.com\/cacaunews.online\/\",\"https:\/\/youtube.com\/@cacaunews?si=0VXLnjl08SrWbVG9\"]},{\"@type\":\"Person\",\"@id\":\"https:\/\/cacaunews.com\/#\/schema\/person\/ea69703103e606ad347ccd64bd72ef79\",\"name\":\"Reda\u00e7\u00e3o Cacau News\",\"image\":{\"@type\":\"ImageObject\",\"inLanguage\":\"pt-BR\",\"@id\":\"https:\/\/cacaunews.com\/#\/schema\/person\/image\/\",\"url\":\"https:\/\/secure.gravatar.com\/avatar\/d79227a2a7b6cc42e8d7a8f7c284cd3a?s=96&d=mm&r=g\",\"contentUrl\":\"https:\/\/secure.gravatar.com\/avatar\/d79227a2a7b6cc42e8d7a8f7c284cd3a?s=96&d=mm&r=g\",\"caption\":\"Reda\u00e7\u00e3o Cacau News\"},\"sameAs\":[\"https:\/\/cacaunews.com\"],\"url\":\"https:\/\/cacaunews.com\/?author=1\"}]}<\/script>\n<!-- \/ Yoast SEO plugin. -->","yoast_head_json":{"title":"Unidades da PM passam por primeira por mudan\u00e7a ap\u00f3s chegada de novo comandante-geral. - Cacau News","robots":{"index":"index","follow":"follow","max-snippet":"max-snippet:-1","max-image-preview":"max-image-preview:large","max-video-preview":"max-video-preview:-1"},"canonical":"https:\/\/cacaunews.com\/?p=6126","og_locale":"pt_BR","og_type":"article","og_title":"Unidades da PM passam por primeira por mudan\u00e7a ap\u00f3s chegada de novo comandante-geral. - Cacau News","og_description":"Dois dias ap\u00f3s o governado Jer\u00f4nimo Rodrigues anunciar o novo comandante-geral da Pol\u00edcia Militar da...","og_url":"https:\/\/cacaunews.com\/?p=6126","og_site_name":"Cacau News","article_published_time":"2025-03-26T16:00:13+00:00","article_modified_time":"2025-03-26T16:47:19+00:00","og_image":[{"width":551,"height":309,"url":"https:\/\/cacaunews.com\/wp-content\/uploads\/2025\/03\/pm_-alberto_maraux_widemd.jpg","type":"image\/jpeg"}],"author":"Reda\u00e7\u00e3o Cacau News","twitter_card":"summary_large_image","twitter_misc":{"Escrito por":"Reda\u00e7\u00e3o Cacau News","Est. tempo de leitura":"1 minuto"},"schema":{"@context":"https:\/\/schema.org","@graph":[{"@type":"Article","@id":"https:\/\/cacaunews.com\/?p=6126#article","isPartOf":{"@id":"https:\/\/cacaunews.com\/?p=6126"},"author":{"name":"Reda\u00e7\u00e3o Cacau News","@id":"https:\/\/cacaunews.com\/#\/schema\/person\/ea69703103e606ad347ccd64bd72ef79"},"headline":"Unidades da PM passam por primeira por mudan\u00e7a ap\u00f3s chegada de novo comandante-geral.","datePublished":"2025-03-26T16:00:13+00:00","dateModified":"2025-03-26T16:47:19+00:00","mainEntityOfPage":{"@id":"https:\/\/cacaunews.com\/?p=6126"},"wordCount":233,"commentCount":0,"publisher":{"@id":"https:\/\/cacaunews.com\/#organization"},"keywords":["bahia","mudan\u00e7as","PM BA","seguran\u00e7a"],"articleSection":["cidades","Jornalismo","Pol\u00edcia"],"inLanguage":"pt-BR","potentialAction":[{"@type":"CommentAction","name":"Comment","target":["https:\/\/cacaunews.com\/?p=6126#respond"]}]},{"@type":"WebPage","@id":"https:\/\/cacaunews.com\/?p=6126","url":"https:\/\/cacaunews.com\/?p=6126","name":"Unidades da PM passam por primeira por mudan\u00e7a ap\u00f3s chegada de novo comandante-geral. - Cacau News","isPartOf":{"@id":"https:\/\/cacaunews.com\/#website"},"datePublished":"2025-03-26T16:00:13+00:00","dateModified":"2025-03-26T16:47:19+00:00","breadcrumb":{"@id":"https:\/\/cacaunews.com\/?p=6126#breadcrumb"},"inLanguage":"pt-BR","potentialAction":[{"@type":"ReadAction","target":["https:\/\/cacaunews.com\/?p=6126"]}]},{"@type":"BreadcrumbList","@id":"https:\/\/cacaunews.com\/?p=6126#breadcrumb","itemListElement":[{"@type":"ListItem","position":1,"name":"In\u00edcio","item":"https:\/\/cacaunews.com\/"},{"@type":"ListItem","position":2,"name":"Unidades da PM passam por primeira por mudan\u00e7a ap\u00f3s chegada de novo comandante-geral."}]},{"@type":"WebSite","@id":"https:\/\/cacaunews.com\/#website","url":"https:\/\/cacaunews.com\/","name":"Cacau News","description":"A Informa\u00e7\u00e3o que voc\u00ea precisa!","publisher":{"@id":"https:\/\/cacaunews.com\/#organization"},"potentialAction":[{"@type":"SearchAction","target":{"@type":"EntryPoint","urlTemplate":"https:\/\/cacaunews.com\/?s={search_term_string}"},"query-input":"required name=search_term_string"}],"inLanguage":"pt-BR"},{"@type":"Organization","@id":"https:\/\/cacaunews.com\/#organization","name":"Cacau News","url":"https:\/\/cacaunews.com\/","logo":{"@type":"ImageObject","inLanguage":"pt-BR","@id":"https:\/\/cacaunews.com\/#\/schema\/logo\/image\/","url":"https:\/\/cacaunews.com\/wp-content\/uploads\/2025\/01\/cropped-LOGO-NOVA.png","contentUrl":"https:\/\/cacaunews.com\/wp-content\/uploads\/2025\/01\/cropped-LOGO-NOVA.png","width":813,"height":813,"caption":"Cacau News"},"image":{"@id":"https:\/\/cacaunews.com\/#\/schema\/logo\/image\/"},"sameAs":["https:\/\/www.instagram.com\/cacaunews.online\/","https:\/\/youtube.com\/@cacaunews?si=0VXLnjl08SrWbVG9"]},{"@type":"Person","@id":"https:\/\/cacaunews.com\/#\/schema\/person\/ea69703103e606ad347ccd64bd72ef79","name":"Reda\u00e7\u00e3o Cacau News","image":{"@type":"ImageObject","inLanguage":"pt-BR","@id":"https:\/\/cacaunews.com\/#\/schema\/person\/image\/","url":"https:\/\/secure.gravatar.com\/avatar\/d79227a2a7b6cc42e8d7a8f7c284cd3a?s=96&d=mm&r=g","contentUrl":"https:\/\/secure.gravatar.com\/avatar\/d79227a2a7b6cc42e8d7a8f7c284cd3a?s=96&d=mm&r=g","caption":"Reda\u00e7\u00e3o Cacau News"},"sameAs":["https:\/\/cacaunews.com"],"url":"https:\/\/cacaunews.com\/?author=1"}]}},"jetpack_sharing_enabled":true,"jetpack_featured_media_url":"https:\/\/cacaunews.com\/wp-content\/uploads\/2025\/03\/pm_-alberto_maraux_widemd.jpg","_links":{"self":[{"href":"https:\/\/cacaunews.com\/index.php?rest_route=\/wp\/v2\/posts\/6126"}],"collection":[{"href":"https:\/\/cacaunews.com\/index.php?rest_route=\/wp\/v2\/posts"}],"about":[{"href":"https:\/\/cacaunews.com\/index.php?rest_route=\/wp\/v2\/types\/post"}],"author":[{"embeddable":true,"href":"https:\/\/cacaunews.com\/index.php?rest_route=\/wp\/v2\/users\/1"}],"replies":[{"embeddable":true,"href":"https:\/\/cacaunews.com\/index.php?rest_route=%2Fwp%2Fv2%2Fcomments&post=6126"}],"version-history":[{"count":1,"href":"https:\/\/cacaunews.com\/index.php?rest_route=\/wp\/v2\/posts\/6126\/revisions"}],"predecessor-version":[{"id":6127,"href":"https:\/\/cacaunews.com\/index.php?rest_route=\/wp\/v2\/posts\/6126\/revisions\/6127"}],"wp:featuredmedia":[{"embeddable":true,"href":"https:\/\/cacaunews.com\/index.php?rest_route=\/wp\/v2\/media\/6125"}],"wp:attachment":[{"href":"https:\/\/cacaunews.com\/index.php?rest_route=%2Fwp%2Fv2%2Fmedia&parent=6126"}],"wp:term":[{"taxonomy":"category","embeddable":true,"href":"https:\/\/cacaunews.com\/index.php?rest_route=%2Fwp%2Fv2%2Fcategories&post=6126"},{"taxonomy":"post_tag","embeddable":true,"href":"https:\/\/cacaunews.com\/index.php?rest_route=%2Fwp%2Fv2%2Ftags&post=6126"}],"curies":[{"name":"wp","href":"https:\/\/api.w.org\/{rel}","templated":true}]}}