{"id":6134,"date":"2025-03-26T20:00:49","date_gmt":"2025-03-26T20:00:49","guid":{"rendered":"https:\/\/cacaunews.com\/?p=6134"},"modified":"2025-03-26T20:00:49","modified_gmt":"2025-03-26T20:00:49","slug":"fotografo-flavio-alvarenga-expoe-album-na-expoimage-maior-feira-de-fotografia-da-america-latina","status":"publish","type":"post","link":"https:\/\/cacaunews.com\/?p=6134","title":{"rendered":"Fot\u00f3grafo Fl\u00e1vio Alvarenga exp\u00f5e \u00e1lbum na ExpoImage, maior feira de fotografia da Am\u00e9rica Latina."},"content":{"rendered":"\n<p>A fotografia baiana brilhou na ExpoImage 2025, maior feira da Am\u00e9rica Latina para fot\u00f3grafos e cineastas, realizada nos dias 25 e 26 de mar\u00e7o, no Centro de Conven\u00e7\u00f5es Frei Caneca, em S\u00e3o Paulo. O evento, que re\u00fane mais de 30 expositores e os principais nomes do setor, contou com a presen\u00e7a do fot\u00f3grafo Fl\u00e1vio Alvarenga, natural de Guanambi e radicado em Itabuna, um dos profissionais mais premiados da regi\u00e3o.<br><br>Reconhecido por sua sensibilidade ao capturar momentos e narrar hist\u00f3rias por meio das imagens, Fl\u00e1vio Alvarenga teve um de seus \u00e1lbuns expostos a convite da DreambooksPro, uma das maiores empresas de \u00e1lbuns fotogr\u00e1ficos do mundo, com sede em Portugal e filial no Brasil.<br><br>&#8220;Que alegria ver meu \u00e1lbum exposto pela melhor empresa de \u00e1lbuns do Brasil na ExpoImage! Obrigado pelo carinho, @dreambookspro &#8220;, comemorou Fl\u00e1vio em suas redes sociais.<\/p>\n\n\n\n<figure class=\"wp-block-image size-large\"><img fetchpriority=\"high\" decoding=\"async\" width=\"798\" height=\"1024\" src=\"https:\/\/cacaunews.com\/wp-content\/uploads\/2025\/03\/img-20250326-wa04464993187508996055707-798x1024.jpg\" alt=\"\" class=\"wp-image-6132\" srcset=\"https:\/\/cacaunews.com\/wp-content\/uploads\/2025\/03\/img-20250326-wa04464993187508996055707-798x1024.jpg 798w, https:\/\/cacaunews.com\/wp-content\/uploads\/2025\/03\/img-20250326-wa04464993187508996055707-234x300.jpg 234w, https:\/\/cacaunews.com\/wp-content\/uploads\/2025\/03\/img-20250326-wa04464993187508996055707-768x985.jpg 768w, https:\/\/cacaunews.com\/wp-content\/uploads\/2025\/03\/img-20250326-wa04464993187508996055707-1197x1536.jpg 1197w, https:\/\/cacaunews.com\/wp-content\/uploads\/2025\/03\/img-20250326-wa04464993187508996055707-1024x1314.jpg 1024w, https:\/\/cacaunews.com\/wp-content\/uploads\/2025\/03\/img-20250326-wa04464993187508996055707.jpg 1559w\" sizes=\"(max-width: 798px) 100vw, 798px\" \/><\/figure>\n\n\n\n<p>Com um curr\u00edculo de peso, Fl\u00e1vio Alvarenga soma mais de 300 pr\u00eamios nacionais e internacionais, sendo reconhecido por associa\u00e7\u00f5es renomadas como Fearless, Inspiration e FineArt. Ele j\u00e1 foi indicado como fot\u00f3grafo revela\u00e7\u00e3o pela Inspiration Photographers (2016) e melhor fot\u00f3grafo do ano em 2020 e 2021. Al\u00e9m disso, conquistou o pr\u00eamio Photos\u00edntese por dois anos consecutivos (2017 e 2018) e palestrou no Wedding Brasil, maior congresso de fotografia da Am\u00e9rica Latina.<br><br>A ExpoImage n\u00e3o \u00e9 apenas uma vitrine para talentos da fotografia, mas tamb\u00e9m um espa\u00e7o de aprendizado e networking. Al\u00e9m da exposi\u00e7\u00e3o de \u00e1lbuns e equipamentos de ponta, o evento conta com palestras de grandes nomes do mercado, como Jo\u00e3o Mena, Ju Kneipp e Michele Gouveia.<br><br>O talento e a trajet\u00f3ria de Fl\u00e1vio Alvarenga refor\u00e7am o potencial dos fot\u00f3grafos brasileiros no cen\u00e1rio internacional, provando que a fotografia vai al\u00e9m do clique: \u00e9 arte, emo\u00e7\u00e3o e uma forma poderosa de contar hist\u00f3rias.<\/p>\n","protected":false},"excerpt":{"rendered":"<p>A fotografia baiana brilhou na ExpoImage 2025, maior feira da Am\u00e9rica Latina para fot\u00f3grafos e&#8230;<\/p>\n","protected":false},"author":1,"featured_media":6133,"comment_status":"open","ping_status":"open","sticky":false,"template":"","format":"standard","meta":{"footnotes":""},"categories":[18,4,11],"tags":[793,2176,975,2175,27],"yoast_head":"<!-- This site is optimized with the Yoast SEO plugin v21.7 - https:\/\/yoast.com\/wordpress\/plugins\/seo\/ -->\n<title>Fot\u00f3grafo Fl\u00e1vio Alvarenga exp\u00f5e \u00e1lbum na ExpoImage, maior feira de fotografia da Am\u00e9rica Latina. - Cacau News<\/title>\n<meta name=\"robots\" content=\"index, follow, max-snippet:-1, max-image-preview:large, max-video-preview:-1\" \/>\n<link rel=\"canonical\" href=\"https:\/\/cacaunews.com\/?p=6134\" \/>\n<meta property=\"og:locale\" content=\"pt_BR\" \/>\n<meta property=\"og:type\" content=\"article\" \/>\n<meta property=\"og:title\" content=\"Fot\u00f3grafo Fl\u00e1vio Alvarenga exp\u00f5e \u00e1lbum na ExpoImage, maior feira de fotografia da Am\u00e9rica Latina. - Cacau News\" \/>\n<meta property=\"og:description\" content=\"A fotografia baiana brilhou na ExpoImage 2025, maior feira da Am\u00e9rica Latina para fot\u00f3grafos e...\" \/>\n<meta property=\"og:url\" content=\"https:\/\/cacaunews.com\/?p=6134\" \/>\n<meta property=\"og:site_name\" content=\"Cacau News\" \/>\n<meta property=\"article:published_time\" content=\"2025-03-26T20:00:49+00:00\" \/>\n<meta property=\"og:image\" content=\"https:\/\/cacaunews.com\/wp-content\/uploads\/2025\/03\/img-20250326-wa04464993187508996055707-798x1024.jpg\" \/>\n<meta name=\"author\" content=\"Reda\u00e7\u00e3o Cacau News\" \/>\n<meta name=\"twitter:card\" content=\"summary_large_image\" \/>\n<meta name=\"twitter:label1\" content=\"Escrito por\" \/>\n\t<meta name=\"twitter:data1\" content=\"Reda\u00e7\u00e3o Cacau News\" \/>\n\t<meta name=\"twitter:label2\" content=\"Est. tempo de leitura\" \/>\n\t<meta name=\"twitter:data2\" content=\"2 minutos\" \/>\n<script type=\"application\/ld+json\" class=\"yoast-schema-graph\">{\"@context\":\"https:\/\/schema.org\",\"@graph\":[{\"@type\":\"Article\",\"@id\":\"https:\/\/cacaunews.com\/?p=6134#article\",\"isPartOf\":{\"@id\":\"https:\/\/cacaunews.com\/?p=6134\"},\"author\":{\"name\":\"Reda\u00e7\u00e3o Cacau News\",\"@id\":\"https:\/\/cacaunews.com\/#\/schema\/person\/ea69703103e606ad347ccd64bd72ef79\"},\"headline\":\"Fot\u00f3grafo Fl\u00e1vio Alvarenga exp\u00f5e \u00e1lbum na ExpoImage, maior feira de fotografia da Am\u00e9rica Latina.\",\"datePublished\":\"2025-03-26T20:00:49+00:00\",\"dateModified\":\"2025-03-26T20:00:49+00:00\",\"mainEntityOfPage\":{\"@id\":\"https:\/\/cacaunews.com\/?p=6134\"},\"wordCount\":333,\"commentCount\":0,\"publisher\":{\"@id\":\"https:\/\/cacaunews.com\/#organization\"},\"keywords\":[\"exposi\u00e7\u00e3o\",\"Fl\u00e1vio alvarenga\",\"fotografia\",\"fot\u00f3grafo\",\"itabuna\"],\"articleSection\":[\"cidades\",\"Internet\",\"Jornalismo\"],\"inLanguage\":\"pt-BR\",\"potentialAction\":[{\"@type\":\"CommentAction\",\"name\":\"Comment\",\"target\":[\"https:\/\/cacaunews.com\/?p=6134#respond\"]}]},{\"@type\":\"WebPage\",\"@id\":\"https:\/\/cacaunews.com\/?p=6134\",\"url\":\"https:\/\/cacaunews.com\/?p=6134\",\"name\":\"Fot\u00f3grafo Fl\u00e1vio Alvarenga exp\u00f5e \u00e1lbum na ExpoImage, maior feira de fotografia da Am\u00e9rica Latina. - Cacau News\",\"isPartOf\":{\"@id\":\"https:\/\/cacaunews.com\/#website\"},\"datePublished\":\"2025-03-26T20:00:49+00:00\",\"dateModified\":\"2025-03-26T20:00:49+00:00\",\"breadcrumb\":{\"@id\":\"https:\/\/cacaunews.com\/?p=6134#breadcrumb\"},\"inLanguage\":\"pt-BR\",\"potentialAction\":[{\"@type\":\"ReadAction\",\"target\":[\"https:\/\/cacaunews.com\/?p=6134\"]}]},{\"@type\":\"BreadcrumbList\",\"@id\":\"https:\/\/cacaunews.com\/?p=6134#breadcrumb\",\"itemListElement\":[{\"@type\":\"ListItem\",\"position\":1,\"name\":\"In\u00edcio\",\"item\":\"https:\/\/cacaunews.com\/\"},{\"@type\":\"ListItem\",\"position\":2,\"name\":\"Fot\u00f3grafo Fl\u00e1vio Alvarenga exp\u00f5e \u00e1lbum na ExpoImage, maior feira de fotografia da Am\u00e9rica Latina.\"}]},{\"@type\":\"WebSite\",\"@id\":\"https:\/\/cacaunews.com\/#website\",\"url\":\"https:\/\/cacaunews.com\/\",\"name\":\"Cacau News\",\"description\":\"A Informa\u00e7\u00e3o que voc\u00ea precisa!\",\"publisher\":{\"@id\":\"https:\/\/cacaunews.com\/#organization\"},\"potentialAction\":[{\"@type\":\"SearchAction\",\"target\":{\"@type\":\"EntryPoint\",\"urlTemplate\":\"https:\/\/cacaunews.com\/?s={search_term_string}\"},\"query-input\":\"required name=search_term_string\"}],\"inLanguage\":\"pt-BR\"},{\"@type\":\"Organization\",\"@id\":\"https:\/\/cacaunews.com\/#organization\",\"name\":\"Cacau News\",\"url\":\"https:\/\/cacaunews.com\/\",\"logo\":{\"@type\":\"ImageObject\",\"inLanguage\":\"pt-BR\",\"@id\":\"https:\/\/cacaunews.com\/#\/schema\/logo\/image\/\",\"url\":\"https:\/\/cacaunews.com\/wp-content\/uploads\/2025\/01\/cropped-LOGO-NOVA.png\",\"contentUrl\":\"https:\/\/cacaunews.com\/wp-content\/uploads\/2025\/01\/cropped-LOGO-NOVA.png\",\"width\":813,\"height\":813,\"caption\":\"Cacau News\"},\"image\":{\"@id\":\"https:\/\/cacaunews.com\/#\/schema\/logo\/image\/\"},\"sameAs\":[\"https:\/\/www.instagram.com\/cacaunews.online\/\",\"https:\/\/youtube.com\/@cacaunews?si=0VXLnjl08SrWbVG9\"]},{\"@type\":\"Person\",\"@id\":\"https:\/\/cacaunews.com\/#\/schema\/person\/ea69703103e606ad347ccd64bd72ef79\",\"name\":\"Reda\u00e7\u00e3o Cacau News\",\"image\":{\"@type\":\"ImageObject\",\"inLanguage\":\"pt-BR\",\"@id\":\"https:\/\/cacaunews.com\/#\/schema\/person\/image\/\",\"url\":\"https:\/\/secure.gravatar.com\/avatar\/d79227a2a7b6cc42e8d7a8f7c284cd3a?s=96&d=mm&r=g\",\"contentUrl\":\"https:\/\/secure.gravatar.com\/avatar\/d79227a2a7b6cc42e8d7a8f7c284cd3a?s=96&d=mm&r=g\",\"caption\":\"Reda\u00e7\u00e3o Cacau News\"},\"sameAs\":[\"https:\/\/cacaunews.com\"],\"url\":\"https:\/\/cacaunews.com\/?author=1\"}]}<\/script>\n<!-- \/ Yoast SEO plugin. -->","yoast_head_json":{"title":"Fot\u00f3grafo Fl\u00e1vio Alvarenga exp\u00f5e \u00e1lbum na ExpoImage, maior feira de fotografia da Am\u00e9rica Latina. - Cacau News","robots":{"index":"index","follow":"follow","max-snippet":"max-snippet:-1","max-image-preview":"max-image-preview:large","max-video-preview":"max-video-preview:-1"},"canonical":"https:\/\/cacaunews.com\/?p=6134","og_locale":"pt_BR","og_type":"article","og_title":"Fot\u00f3grafo Fl\u00e1vio Alvarenga exp\u00f5e \u00e1lbum na ExpoImage, maior feira de fotografia da Am\u00e9rica Latina. - Cacau News","og_description":"A fotografia baiana brilhou na ExpoImage 2025, maior feira da Am\u00e9rica Latina para fot\u00f3grafos e...","og_url":"https:\/\/cacaunews.com\/?p=6134","og_site_name":"Cacau News","article_published_time":"2025-03-26T20:00:49+00:00","og_image":[{"url":"https:\/\/cacaunews.com\/wp-content\/uploads\/2025\/03\/img-20250326-wa04464993187508996055707-798x1024.jpg"}],"author":"Reda\u00e7\u00e3o Cacau News","twitter_card":"summary_large_image","twitter_misc":{"Escrito por":"Reda\u00e7\u00e3o Cacau News","Est. tempo de leitura":"2 minutos"},"schema":{"@context":"https:\/\/schema.org","@graph":[{"@type":"Article","@id":"https:\/\/cacaunews.com\/?p=6134#article","isPartOf":{"@id":"https:\/\/cacaunews.com\/?p=6134"},"author":{"name":"Reda\u00e7\u00e3o Cacau News","@id":"https:\/\/cacaunews.com\/#\/schema\/person\/ea69703103e606ad347ccd64bd72ef79"},"headline":"Fot\u00f3grafo Fl\u00e1vio Alvarenga exp\u00f5e \u00e1lbum na ExpoImage, maior feira de fotografia da Am\u00e9rica Latina.","datePublished":"2025-03-26T20:00:49+00:00","dateModified":"2025-03-26T20:00:49+00:00","mainEntityOfPage":{"@id":"https:\/\/cacaunews.com\/?p=6134"},"wordCount":333,"commentCount":0,"publisher":{"@id":"https:\/\/cacaunews.com\/#organization"},"keywords":["exposi\u00e7\u00e3o","Fl\u00e1vio alvarenga","fotografia","fot\u00f3grafo","itabuna"],"articleSection":["cidades","Internet","Jornalismo"],"inLanguage":"pt-BR","potentialAction":[{"@type":"CommentAction","name":"Comment","target":["https:\/\/cacaunews.com\/?p=6134#respond"]}]},{"@type":"WebPage","@id":"https:\/\/cacaunews.com\/?p=6134","url":"https:\/\/cacaunews.com\/?p=6134","name":"Fot\u00f3grafo Fl\u00e1vio Alvarenga exp\u00f5e \u00e1lbum na ExpoImage, maior feira de fotografia da Am\u00e9rica Latina. - Cacau News","isPartOf":{"@id":"https:\/\/cacaunews.com\/#website"},"datePublished":"2025-03-26T20:00:49+00:00","dateModified":"2025-03-26T20:00:49+00:00","breadcrumb":{"@id":"https:\/\/cacaunews.com\/?p=6134#breadcrumb"},"inLanguage":"pt-BR","potentialAction":[{"@type":"ReadAction","target":["https:\/\/cacaunews.com\/?p=6134"]}]},{"@type":"BreadcrumbList","@id":"https:\/\/cacaunews.com\/?p=6134#breadcrumb","itemListElement":[{"@type":"ListItem","position":1,"name":"In\u00edcio","item":"https:\/\/cacaunews.com\/"},{"@type":"ListItem","position":2,"name":"Fot\u00f3grafo Fl\u00e1vio Alvarenga exp\u00f5e \u00e1lbum na ExpoImage, maior feira de fotografia da Am\u00e9rica Latina."}]},{"@type":"WebSite","@id":"https:\/\/cacaunews.com\/#website","url":"https:\/\/cacaunews.com\/","name":"Cacau News","description":"A Informa\u00e7\u00e3o que voc\u00ea precisa!","publisher":{"@id":"https:\/\/cacaunews.com\/#organization"},"potentialAction":[{"@type":"SearchAction","target":{"@type":"EntryPoint","urlTemplate":"https:\/\/cacaunews.com\/?s={search_term_string}"},"query-input":"required name=search_term_string"}],"inLanguage":"pt-BR"},{"@type":"Organization","@id":"https:\/\/cacaunews.com\/#organization","name":"Cacau News","url":"https:\/\/cacaunews.com\/","logo":{"@type":"ImageObject","inLanguage":"pt-BR","@id":"https:\/\/cacaunews.com\/#\/schema\/logo\/image\/","url":"https:\/\/cacaunews.com\/wp-content\/uploads\/2025\/01\/cropped-LOGO-NOVA.png","contentUrl":"https:\/\/cacaunews.com\/wp-content\/uploads\/2025\/01\/cropped-LOGO-NOVA.png","width":813,"height":813,"caption":"Cacau News"},"image":{"@id":"https:\/\/cacaunews.com\/#\/schema\/logo\/image\/"},"sameAs":["https:\/\/www.instagram.com\/cacaunews.online\/","https:\/\/youtube.com\/@cacaunews?si=0VXLnjl08SrWbVG9"]},{"@type":"Person","@id":"https:\/\/cacaunews.com\/#\/schema\/person\/ea69703103e606ad347ccd64bd72ef79","name":"Reda\u00e7\u00e3o Cacau News","image":{"@type":"ImageObject","inLanguage":"pt-BR","@id":"https:\/\/cacaunews.com\/#\/schema\/person\/image\/","url":"https:\/\/secure.gravatar.com\/avatar\/d79227a2a7b6cc42e8d7a8f7c284cd3a?s=96&d=mm&r=g","contentUrl":"https:\/\/secure.gravatar.com\/avatar\/d79227a2a7b6cc42e8d7a8f7c284cd3a?s=96&d=mm&r=g","caption":"Reda\u00e7\u00e3o Cacau News"},"sameAs":["https:\/\/cacaunews.com"],"url":"https:\/\/cacaunews.com\/?author=1"}]}},"jetpack_sharing_enabled":true,"jetpack_featured_media_url":"https:\/\/cacaunews.com\/wp-content\/uploads\/2025\/03\/image_editor_output_image-1532571351-1743058674371-scaled.jpg","_links":{"self":[{"href":"https:\/\/cacaunews.com\/index.php?rest_route=\/wp\/v2\/posts\/6134"}],"collection":[{"href":"https:\/\/cacaunews.com\/index.php?rest_route=\/wp\/v2\/posts"}],"about":[{"href":"https:\/\/cacaunews.com\/index.php?rest_route=\/wp\/v2\/types\/post"}],"author":[{"embeddable":true,"href":"https:\/\/cacaunews.com\/index.php?rest_route=\/wp\/v2\/users\/1"}],"replies":[{"embeddable":true,"href":"https:\/\/cacaunews.com\/index.php?rest_route=%2Fwp%2Fv2%2Fcomments&post=6134"}],"version-history":[{"count":0,"href":"https:\/\/cacaunews.com\/index.php?rest_route=\/wp\/v2\/posts\/6134\/revisions"}],"wp:featuredmedia":[{"embeddable":true,"href":"https:\/\/cacaunews.com\/index.php?rest_route=\/wp\/v2\/media\/6133"}],"wp:attachment":[{"href":"https:\/\/cacaunews.com\/index.php?rest_route=%2Fwp%2Fv2%2Fmedia&parent=6134"}],"wp:term":[{"taxonomy":"category","embeddable":true,"href":"https:\/\/cacaunews.com\/index.php?rest_route=%2Fwp%2Fv2%2Fcategories&post=6134"},{"taxonomy":"post_tag","embeddable":true,"href":"https:\/\/cacaunews.com\/index.php?rest_route=%2Fwp%2Fv2%2Ftags&post=6134"}],"curies":[{"name":"wp","href":"https:\/\/api.w.org\/{rel}","templated":true}]}}