{"id":6151,"date":"2025-03-31T11:19:57","date_gmt":"2025-03-31T11:19:57","guid":{"rendered":"https:\/\/cacaunews.com\/?p=6151"},"modified":"2025-03-31T11:29:02","modified_gmt":"2025-03-31T11:29:02","slug":"uesc-e-governo-da-bahia-firmam-parceria-coma-prefeitura-de-ilheus-para-implantacao-da-transformacao-digital","status":"publish","type":"post","link":"https:\/\/cacaunews.com\/?p=6151","title":{"rendered":"Uesc e Governo da Bahia firmam parceria coma Prefeitura de Ilh\u00e9us para implanta\u00e7\u00e3o da transforma\u00e7\u00e3o digital."},"content":{"rendered":"\n<p><em>A Uesc atuar\u00e1 na elabora\u00e7\u00e3o de estudos e assessoria t\u00e9cnica para viabilizar a implanta\u00e7\u00e3o das solu\u00e7\u00f5es digitais no munic\u00edpio.<\/em><br><br>Um termo de ades\u00e3o ao projeto de municipaliza\u00e7\u00e3o da transforma\u00e7\u00e3o digital, foi assinado, na sala de reuni\u00f5es do gabinete do prefeito de Ilh\u00e9us, em parceria com o Governo do Estado da Bahia e o Governo Municipal. O evento contou com a presen\u00e7a de representantes da Universidade Estadual de Santa Cruz (UESC), que atuar\u00e1 como parceira na iniciativa, da Secretaria de Administra\u00e7\u00e3o do Estado da Bahia (SAEB) e da Prefeitura de Ilh\u00e9us.<\/p>\n\n\n\n<p>O reitor da Uesc, Alessandro Fernandes \u201ca ades\u00e3o da Prefeitura de Ilh\u00e9us ao projeto representa um marco na moderniza\u00e7\u00e3o da gest\u00e3o municipal, promovendo maior transpar\u00eancia, efici\u00eancia e seguran\u00e7a na tramita\u00e7\u00e3o de documentos e processos administrativos. A iniciativa possibilitar\u00e1 a digitaliza\u00e7\u00e3o de servi\u00e7os p\u00fablicos, reduzindo burocracias e oferecendo mais celeridade no atendimento \u00e0 popula\u00e7\u00e3o.\u201d<br><br>Acrescenta ainda \u201cque Uesc desempenhar\u00e1 um papel fundamental no suporte t\u00e9cnico, cient\u00edfico e administrativo da implanta\u00e7\u00e3o do Sistema Eletr\u00f4nico de Informa\u00e7\u00f5es (SEI) no munic\u00edpio. A institui\u00e7\u00e3o oferecer\u00e1 capacita\u00e7\u00e3o e suporte aos servidores municipais, garantindo uma transi\u00e7\u00e3o eficiente para o novo sistema digital.\u201d<br><br>Para o prefeito Valderico J\u00fanior \u201co projeto Cidades Digitais, do qual Ilh\u00e9us agora faz parte, busca integrar tecnologias de informa\u00e7\u00e3o e comunica\u00e7\u00e3o para otimizar os servi\u00e7os p\u00fablicos, promover a inclus\u00e3o digital e ampliar a transpar\u00eancia na gest\u00e3o p\u00fablica. A Uesc atuar\u00e1 na elabora\u00e7\u00e3o de estudos e na presta\u00e7\u00e3o de assessoria t\u00e9cnica para viabilizar a efetiva implanta\u00e7\u00e3o das solu\u00e7\u00f5es digitais no munic\u00edpio.\u201d<\/p>\n\n\n\n<figure class=\"wp-block-gallery has-nested-images columns-default is-cropped wp-block-gallery-1 is-layout-flex wp-block-gallery-is-layout-flex\">\n<figure class=\"wp-block-image size-large\"><img fetchpriority=\"high\" decoding=\"async\" width=\"768\" height=\"1024\" data-id=\"6149\" src=\"https:\/\/cacaunews.com\/wp-content\/uploads\/2025\/03\/img_52612381968811371465320-768x1024.jpg\" alt=\"\" class=\"wp-image-6149\" srcset=\"https:\/\/cacaunews.com\/wp-content\/uploads\/2025\/03\/img_52612381968811371465320-768x1024.jpg 768w, https:\/\/cacaunews.com\/wp-content\/uploads\/2025\/03\/img_52612381968811371465320-225x300.jpg 225w, https:\/\/cacaunews.com\/wp-content\/uploads\/2025\/03\/img_52612381968811371465320-1152x1536.jpg 1152w, https:\/\/cacaunews.com\/wp-content\/uploads\/2025\/03\/img_52612381968811371465320-1024x1365.jpg 1024w, https:\/\/cacaunews.com\/wp-content\/uploads\/2025\/03\/img_52612381968811371465320.jpg 1512w\" sizes=\"(max-width: 768px) 100vw, 768px\" \/><\/figure>\n\n\n\n<figure class=\"wp-block-image size-large\"><img decoding=\"async\" width=\"1024\" height=\"768\" data-id=\"6150\" src=\"https:\/\/cacaunews.com\/wp-content\/uploads\/2025\/03\/img_52646292882183938299161-1024x768.jpg\" alt=\"\" class=\"wp-image-6150\" srcset=\"https:\/\/cacaunews.com\/wp-content\/uploads\/2025\/03\/img_52646292882183938299161-1024x768.jpg 1024w, https:\/\/cacaunews.com\/wp-content\/uploads\/2025\/03\/img_52646292882183938299161-300x225.jpg 300w, https:\/\/cacaunews.com\/wp-content\/uploads\/2025\/03\/img_52646292882183938299161-768x576.jpg 768w, https:\/\/cacaunews.com\/wp-content\/uploads\/2025\/03\/img_52646292882183938299161-1536x1152.jpg 1536w, https:\/\/cacaunews.com\/wp-content\/uploads\/2025\/03\/img_52646292882183938299161.jpg 2000w\" sizes=\"(max-width: 1024px) 100vw, 1024px\" \/><\/figure>\n<figcaption class=\"blocks-gallery-caption wp-element-caption\">Fotos: ASCOM\/UESC.<\/figcaption><\/figure>\n\n\n\n<p>Estiveram presentes no evento os representantes da Saeb Anderson Vasconcelos, Antoniel Pinheiro, Anderson Barbosa e M\u00e1rcio Souza. Pela Prefeitura de Ilh\u00e9us, participaram o prefeito Valderico Junior, a vice-prefeita Vanessa Gedeon, al\u00e9m de secret\u00e1rios e assessores municipais. Representando a Uesc, estiveram, al\u00e9m do reitor, o vice-reitor Maur\u00edcio Moreau, o pr\u00f3-reitor de Extens\u00e3o Omar Santos Costa, o professor Jauberth W. Abijaude gerente da Unidade de Desenvolvimento Organizacional da Uesc, o t\u00e9cnico Emanoel Souza.<\/p>\n\n\n\n<p>O termo foi assinado por Anderson Vasconcelos, representando a SAEB, pelo reitor da Uesc, Alessandro Fernandes, e pelo prefeito de Ilh\u00e9us, Valderico Junior, consolidando um compromisso conjunto para a moderniza\u00e7\u00e3o administrativa do munic\u00edpio.<\/p>\n\n\n\n<p><\/p>\n","protected":false},"excerpt":{"rendered":"<p>A Uesc atuar\u00e1 na elabora\u00e7\u00e3o de estudos e assessoria t\u00e9cnica para viabilizar a implanta\u00e7\u00e3o das&#8230;<\/p>\n","protected":false},"author":1,"featured_media":6148,"comment_status":"open","ping_status":"open","sticky":false,"template":"","format":"standard","meta":{"footnotes":""},"categories":[18,4,11],"tags":[37,361,2182,352],"yoast_head":"<!-- This site is optimized with the Yoast SEO plugin v21.7 - https:\/\/yoast.com\/wordpress\/plugins\/seo\/ -->\n<title>Uesc e Governo da Bahia firmam parceria coma Prefeitura de Ilh\u00e9us para implanta\u00e7\u00e3o da transforma\u00e7\u00e3o digital. - Cacau News<\/title>\n<meta name=\"robots\" content=\"index, follow, max-snippet:-1, max-image-preview:large, max-video-preview:-1\" \/>\n<link rel=\"canonical\" href=\"https:\/\/cacaunews.com\/?p=6151\" \/>\n<meta property=\"og:locale\" content=\"pt_BR\" \/>\n<meta property=\"og:type\" content=\"article\" \/>\n<meta property=\"og:title\" content=\"Uesc e Governo da Bahia firmam parceria coma Prefeitura de Ilh\u00e9us para implanta\u00e7\u00e3o da transforma\u00e7\u00e3o digital. - Cacau News\" \/>\n<meta property=\"og:description\" content=\"A Uesc atuar\u00e1 na elabora\u00e7\u00e3o de estudos e assessoria t\u00e9cnica para viabilizar a implanta\u00e7\u00e3o das...\" \/>\n<meta property=\"og:url\" content=\"https:\/\/cacaunews.com\/?p=6151\" \/>\n<meta property=\"og:site_name\" content=\"Cacau News\" \/>\n<meta property=\"article:published_time\" content=\"2025-03-31T11:19:57+00:00\" \/>\n<meta property=\"article:modified_time\" content=\"2025-03-31T11:29:02+00:00\" \/>\n<meta property=\"og:image\" content=\"https:\/\/cacaunews.com\/wp-content\/uploads\/2025\/03\/ReitorAlessandro2CPrefeitoValdericoSaebAnderson-scaled.jpg\" \/>\n\t<meta property=\"og:image:width\" content=\"2560\" \/>\n\t<meta property=\"og:image:height\" content=\"1920\" \/>\n\t<meta property=\"og:image:type\" content=\"image\/jpeg\" \/>\n<meta name=\"author\" content=\"Reda\u00e7\u00e3o Cacau News\" \/>\n<meta name=\"twitter:card\" content=\"summary_large_image\" \/>\n<meta name=\"twitter:label1\" content=\"Escrito por\" \/>\n\t<meta name=\"twitter:data1\" content=\"Reda\u00e7\u00e3o Cacau News\" \/>\n\t<meta name=\"twitter:label2\" content=\"Est. tempo de leitura\" \/>\n\t<meta name=\"twitter:data2\" content=\"2 minutos\" \/>\n<script type=\"application\/ld+json\" class=\"yoast-schema-graph\">{\"@context\":\"https:\/\/schema.org\",\"@graph\":[{\"@type\":\"Article\",\"@id\":\"https:\/\/cacaunews.com\/?p=6151#article\",\"isPartOf\":{\"@id\":\"https:\/\/cacaunews.com\/?p=6151\"},\"author\":{\"name\":\"Reda\u00e7\u00e3o Cacau News\",\"@id\":\"https:\/\/cacaunews.com\/#\/schema\/person\/ea69703103e606ad347ccd64bd72ef79\"},\"headline\":\"Uesc e Governo da Bahia firmam parceria coma Prefeitura de Ilh\u00e9us para implanta\u00e7\u00e3o da transforma\u00e7\u00e3o digital.\",\"datePublished\":\"2025-03-31T11:19:57+00:00\",\"dateModified\":\"2025-03-31T11:29:02+00:00\",\"mainEntityOfPage\":{\"@id\":\"https:\/\/cacaunews.com\/?p=6151\"},\"wordCount\":433,\"commentCount\":0,\"publisher\":{\"@id\":\"https:\/\/cacaunews.com\/#organization\"},\"keywords\":[\"ilheus\",\"parceria\",\"transforma\u00e7\u00e3o digital\",\"UESC\"],\"articleSection\":[\"cidades\",\"Internet\",\"Jornalismo\"],\"inLanguage\":\"pt-BR\",\"potentialAction\":[{\"@type\":\"CommentAction\",\"name\":\"Comment\",\"target\":[\"https:\/\/cacaunews.com\/?p=6151#respond\"]}]},{\"@type\":\"WebPage\",\"@id\":\"https:\/\/cacaunews.com\/?p=6151\",\"url\":\"https:\/\/cacaunews.com\/?p=6151\",\"name\":\"Uesc e Governo da Bahia firmam parceria coma Prefeitura de Ilh\u00e9us para implanta\u00e7\u00e3o da transforma\u00e7\u00e3o digital. - Cacau News\",\"isPartOf\":{\"@id\":\"https:\/\/cacaunews.com\/#website\"},\"datePublished\":\"2025-03-31T11:19:57+00:00\",\"dateModified\":\"2025-03-31T11:29:02+00:00\",\"breadcrumb\":{\"@id\":\"https:\/\/cacaunews.com\/?p=6151#breadcrumb\"},\"inLanguage\":\"pt-BR\",\"potentialAction\":[{\"@type\":\"ReadAction\",\"target\":[\"https:\/\/cacaunews.com\/?p=6151\"]}]},{\"@type\":\"BreadcrumbList\",\"@id\":\"https:\/\/cacaunews.com\/?p=6151#breadcrumb\",\"itemListElement\":[{\"@type\":\"ListItem\",\"position\":1,\"name\":\"In\u00edcio\",\"item\":\"https:\/\/cacaunews.com\/\"},{\"@type\":\"ListItem\",\"position\":2,\"name\":\"Uesc e Governo da Bahia firmam parceria coma Prefeitura de Ilh\u00e9us para implanta\u00e7\u00e3o da transforma\u00e7\u00e3o digital.\"}]},{\"@type\":\"WebSite\",\"@id\":\"https:\/\/cacaunews.com\/#website\",\"url\":\"https:\/\/cacaunews.com\/\",\"name\":\"Cacau News\",\"description\":\"A Informa\u00e7\u00e3o que voc\u00ea precisa!\",\"publisher\":{\"@id\":\"https:\/\/cacaunews.com\/#organization\"},\"potentialAction\":[{\"@type\":\"SearchAction\",\"target\":{\"@type\":\"EntryPoint\",\"urlTemplate\":\"https:\/\/cacaunews.com\/?s={search_term_string}\"},\"query-input\":\"required name=search_term_string\"}],\"inLanguage\":\"pt-BR\"},{\"@type\":\"Organization\",\"@id\":\"https:\/\/cacaunews.com\/#organization\",\"name\":\"Cacau News\",\"url\":\"https:\/\/cacaunews.com\/\",\"logo\":{\"@type\":\"ImageObject\",\"inLanguage\":\"pt-BR\",\"@id\":\"https:\/\/cacaunews.com\/#\/schema\/logo\/image\/\",\"url\":\"https:\/\/cacaunews.com\/wp-content\/uploads\/2025\/01\/cropped-LOGO-NOVA.png\",\"contentUrl\":\"https:\/\/cacaunews.com\/wp-content\/uploads\/2025\/01\/cropped-LOGO-NOVA.png\",\"width\":813,\"height\":813,\"caption\":\"Cacau News\"},\"image\":{\"@id\":\"https:\/\/cacaunews.com\/#\/schema\/logo\/image\/\"},\"sameAs\":[\"https:\/\/www.instagram.com\/cacaunews.online\/\",\"https:\/\/youtube.com\/@cacaunews?si=0VXLnjl08SrWbVG9\"]},{\"@type\":\"Person\",\"@id\":\"https:\/\/cacaunews.com\/#\/schema\/person\/ea69703103e606ad347ccd64bd72ef79\",\"name\":\"Reda\u00e7\u00e3o Cacau News\",\"image\":{\"@type\":\"ImageObject\",\"inLanguage\":\"pt-BR\",\"@id\":\"https:\/\/cacaunews.com\/#\/schema\/person\/image\/\",\"url\":\"https:\/\/secure.gravatar.com\/avatar\/d79227a2a7b6cc42e8d7a8f7c284cd3a?s=96&d=mm&r=g\",\"contentUrl\":\"https:\/\/secure.gravatar.com\/avatar\/d79227a2a7b6cc42e8d7a8f7c284cd3a?s=96&d=mm&r=g\",\"caption\":\"Reda\u00e7\u00e3o Cacau News\"},\"sameAs\":[\"https:\/\/cacaunews.com\"],\"url\":\"https:\/\/cacaunews.com\/?author=1\"}]}<\/script>\n<!-- \/ Yoast SEO plugin. -->","yoast_head_json":{"title":"Uesc e Governo da Bahia firmam parceria coma Prefeitura de Ilh\u00e9us para implanta\u00e7\u00e3o da transforma\u00e7\u00e3o digital. - Cacau News","robots":{"index":"index","follow":"follow","max-snippet":"max-snippet:-1","max-image-preview":"max-image-preview:large","max-video-preview":"max-video-preview:-1"},"canonical":"https:\/\/cacaunews.com\/?p=6151","og_locale":"pt_BR","og_type":"article","og_title":"Uesc e Governo da Bahia firmam parceria coma Prefeitura de Ilh\u00e9us para implanta\u00e7\u00e3o da transforma\u00e7\u00e3o digital. - Cacau News","og_description":"A Uesc atuar\u00e1 na elabora\u00e7\u00e3o de estudos e assessoria t\u00e9cnica para viabilizar a implanta\u00e7\u00e3o das...","og_url":"https:\/\/cacaunews.com\/?p=6151","og_site_name":"Cacau News","article_published_time":"2025-03-31T11:19:57+00:00","article_modified_time":"2025-03-31T11:29:02+00:00","og_image":[{"width":2560,"height":1920,"url":"https:\/\/cacaunews.com\/wp-content\/uploads\/2025\/03\/ReitorAlessandro2CPrefeitoValdericoSaebAnderson-scaled.jpg","type":"image\/jpeg"}],"author":"Reda\u00e7\u00e3o Cacau News","twitter_card":"summary_large_image","twitter_misc":{"Escrito por":"Reda\u00e7\u00e3o Cacau News","Est. tempo de leitura":"2 minutos"},"schema":{"@context":"https:\/\/schema.org","@graph":[{"@type":"Article","@id":"https:\/\/cacaunews.com\/?p=6151#article","isPartOf":{"@id":"https:\/\/cacaunews.com\/?p=6151"},"author":{"name":"Reda\u00e7\u00e3o Cacau News","@id":"https:\/\/cacaunews.com\/#\/schema\/person\/ea69703103e606ad347ccd64bd72ef79"},"headline":"Uesc e Governo da Bahia firmam parceria coma Prefeitura de Ilh\u00e9us para implanta\u00e7\u00e3o da transforma\u00e7\u00e3o digital.","datePublished":"2025-03-31T11:19:57+00:00","dateModified":"2025-03-31T11:29:02+00:00","mainEntityOfPage":{"@id":"https:\/\/cacaunews.com\/?p=6151"},"wordCount":433,"commentCount":0,"publisher":{"@id":"https:\/\/cacaunews.com\/#organization"},"keywords":["ilheus","parceria","transforma\u00e7\u00e3o digital","UESC"],"articleSection":["cidades","Internet","Jornalismo"],"inLanguage":"pt-BR","potentialAction":[{"@type":"CommentAction","name":"Comment","target":["https:\/\/cacaunews.com\/?p=6151#respond"]}]},{"@type":"WebPage","@id":"https:\/\/cacaunews.com\/?p=6151","url":"https:\/\/cacaunews.com\/?p=6151","name":"Uesc e Governo da Bahia firmam parceria coma Prefeitura de Ilh\u00e9us para implanta\u00e7\u00e3o da transforma\u00e7\u00e3o digital. - Cacau News","isPartOf":{"@id":"https:\/\/cacaunews.com\/#website"},"datePublished":"2025-03-31T11:19:57+00:00","dateModified":"2025-03-31T11:29:02+00:00","breadcrumb":{"@id":"https:\/\/cacaunews.com\/?p=6151#breadcrumb"},"inLanguage":"pt-BR","potentialAction":[{"@type":"ReadAction","target":["https:\/\/cacaunews.com\/?p=6151"]}]},{"@type":"BreadcrumbList","@id":"https:\/\/cacaunews.com\/?p=6151#breadcrumb","itemListElement":[{"@type":"ListItem","position":1,"name":"In\u00edcio","item":"https:\/\/cacaunews.com\/"},{"@type":"ListItem","position":2,"name":"Uesc e Governo da Bahia firmam parceria coma Prefeitura de Ilh\u00e9us para implanta\u00e7\u00e3o da transforma\u00e7\u00e3o digital."}]},{"@type":"WebSite","@id":"https:\/\/cacaunews.com\/#website","url":"https:\/\/cacaunews.com\/","name":"Cacau News","description":"A Informa\u00e7\u00e3o que voc\u00ea precisa!","publisher":{"@id":"https:\/\/cacaunews.com\/#organization"},"potentialAction":[{"@type":"SearchAction","target":{"@type":"EntryPoint","urlTemplate":"https:\/\/cacaunews.com\/?s={search_term_string}"},"query-input":"required name=search_term_string"}],"inLanguage":"pt-BR"},{"@type":"Organization","@id":"https:\/\/cacaunews.com\/#organization","name":"Cacau News","url":"https:\/\/cacaunews.com\/","logo":{"@type":"ImageObject","inLanguage":"pt-BR","@id":"https:\/\/cacaunews.com\/#\/schema\/logo\/image\/","url":"https:\/\/cacaunews.com\/wp-content\/uploads\/2025\/01\/cropped-LOGO-NOVA.png","contentUrl":"https:\/\/cacaunews.com\/wp-content\/uploads\/2025\/01\/cropped-LOGO-NOVA.png","width":813,"height":813,"caption":"Cacau News"},"image":{"@id":"https:\/\/cacaunews.com\/#\/schema\/logo\/image\/"},"sameAs":["https:\/\/www.instagram.com\/cacaunews.online\/","https:\/\/youtube.com\/@cacaunews?si=0VXLnjl08SrWbVG9"]},{"@type":"Person","@id":"https:\/\/cacaunews.com\/#\/schema\/person\/ea69703103e606ad347ccd64bd72ef79","name":"Reda\u00e7\u00e3o Cacau News","image":{"@type":"ImageObject","inLanguage":"pt-BR","@id":"https:\/\/cacaunews.com\/#\/schema\/person\/image\/","url":"https:\/\/secure.gravatar.com\/avatar\/d79227a2a7b6cc42e8d7a8f7c284cd3a?s=96&d=mm&r=g","contentUrl":"https:\/\/secure.gravatar.com\/avatar\/d79227a2a7b6cc42e8d7a8f7c284cd3a?s=96&d=mm&r=g","caption":"Reda\u00e7\u00e3o Cacau News"},"sameAs":["https:\/\/cacaunews.com"],"url":"https:\/\/cacaunews.com\/?author=1"}]}},"jetpack_sharing_enabled":true,"jetpack_featured_media_url":"https:\/\/cacaunews.com\/wp-content\/uploads\/2025\/03\/ReitorAlessandro2CPrefeitoValdericoSaebAnderson-scaled.jpg","_links":{"self":[{"href":"https:\/\/cacaunews.com\/index.php?rest_route=\/wp\/v2\/posts\/6151"}],"collection":[{"href":"https:\/\/cacaunews.com\/index.php?rest_route=\/wp\/v2\/posts"}],"about":[{"href":"https:\/\/cacaunews.com\/index.php?rest_route=\/wp\/v2\/types\/post"}],"author":[{"embeddable":true,"href":"https:\/\/cacaunews.com\/index.php?rest_route=\/wp\/v2\/users\/1"}],"replies":[{"embeddable":true,"href":"https:\/\/cacaunews.com\/index.php?rest_route=%2Fwp%2Fv2%2Fcomments&post=6151"}],"version-history":[{"count":1,"href":"https:\/\/cacaunews.com\/index.php?rest_route=\/wp\/v2\/posts\/6151\/revisions"}],"predecessor-version":[{"id":6152,"href":"https:\/\/cacaunews.com\/index.php?rest_route=\/wp\/v2\/posts\/6151\/revisions\/6152"}],"wp:featuredmedia":[{"embeddable":true,"href":"https:\/\/cacaunews.com\/index.php?rest_route=\/wp\/v2\/media\/6148"}],"wp:attachment":[{"href":"https:\/\/cacaunews.com\/index.php?rest_route=%2Fwp%2Fv2%2Fmedia&parent=6151"}],"wp:term":[{"taxonomy":"category","embeddable":true,"href":"https:\/\/cacaunews.com\/index.php?rest_route=%2Fwp%2Fv2%2Fcategories&post=6151"},{"taxonomy":"post_tag","embeddable":true,"href":"https:\/\/cacaunews.com\/index.php?rest_route=%2Fwp%2Fv2%2Ftags&post=6151"}],"curies":[{"name":"wp","href":"https:\/\/api.w.org\/{rel}","templated":true}]}}