{"id":6192,"date":"2025-04-05T15:00:19","date_gmt":"2025-04-05T15:00:19","guid":{"rendered":"https:\/\/cacaunews.com\/?p=6192"},"modified":"2025-04-05T15:00:21","modified_gmt":"2025-04-05T15:00:21","slug":"dom-jailton-e-empossado-bispo-da-diocese-de-itabuna-neste-sabado-05","status":"publish","type":"post","link":"https:\/\/cacaunews.com\/?p=6192","title":{"rendered":"Dom Jailton \u00e9 empossado Bispo da Diocese de Itabuna neste s\u00e1bado (05)."},"content":{"rendered":"\n<p>Acontecer\u00e1 as 17 horas deste s\u00e1bado (05) a posse do bispo cat\u00f3lico Dom Jailton de Oliveira Lino, o mesmo ser\u00e1 o sexto sacerdote a frente da Diocese de Itabuna.<\/p>\n\n\n\n<p>Dom Jailton chega a Itabuna ap\u00f3s 7 anos a frente da Diocese de Texeira de Freitas e ap\u00f3s o pedido de ren\u00fancia de seu antecessor, Dom Carlos Alberto ser aceito pelo Papa Francisco.<\/p>\n\n\n\n<p>A cerim\u00f4nia de posse iniciar\u00e1 as 17 horas na Catedral de S\u00e3o Jos\u00e9. \u00c9 grande expectativa de p\u00fablico, inclusive com participa\u00e7\u00e3o do governador do Estado Jer\u00f4nimo Rodrigues.<\/p>\n\n\n\n<p><strong>Quem \u00e9 Dom Jailton? <\/strong><\/p>\n\n\n\n<p>Dom Jailton \u00e9 baiano, natural de Feira de Santana\/BA. \u00c9 formado em Filosofia e Teologia pela Pontif\u00edcia Universidade Cat\u00f3lica do Rio Grande do Sul (PUC-RS) e Mestre em Psicologia pela Universidade do Rio dos Sinos (UNISINOS), de Porto Alegre. <\/p>\n\n\n\n<p>Recebeu a ordena\u00e7\u00e3o sacerdotal em 17 de dezembro de 1988, em Feira de Santana <br>(BA). Faz parte da Congrega\u00e7\u00e3o dos Pobres Servos da Divina Provid\u00eancia PSDP. Na congrega\u00e7\u00e3o exerceu o apostolado como vice provincial e mestre dos novi\u00e7os; delegado-provincial e ec\u00f4nomo provincial, ambos em Porto Alegre (RS).<\/p>\n\n\n\n<p><br>Em 15 de novembro de 2017, foi nomeado Bispo de Teixeira de Freitas-Caravelas, tomando posse no dia como 4\u00ba bispo no dia 09 de fevereiro de 2018, onde exerceu seu pastoreio nessa diocese por quase 8 anos. <\/p>\n\n\n\n<p>No dia 30 de outubro de 2024 foi nomeado como <br>Administrador Apost\u00f3lico da Diocese de Itabuna, exercendo sua miss\u00e3o nas duas dioceses.No <br>dia 25 de fevereiro de 2025 a Nunciatura Apost\u00f3lica no Brasil anunciou a decis\u00e3o do Papa Francisco em nomear dom Jailton de Oliveira Lino, PSDP, como Bispo titular da diocese de Itabuna.<\/p>\n\n\n\n<p>Dom Jailton governar\u00e1 uma diocese com 35 par\u00f3quias, d\u00edvida em tr\u00eas Foranias, a Centro, a Norte e a Sul, espalhadas por 19 munic\u00edpios, sendo eles: Itabuna, Buerarema, S\u00e3o Jos\u00e9 da Vit\u00f3ria, Jussari, Arataca, Camac\u00e3, Pau Brasil, Mascote\/S\u00e3o Jo\u00e3o do Paraiso, Santa Luzia, Una, Canavieiras, Potiragu\u00e1, Itoror\u00f3\/Rio do Meio, Firmino Alves, Santa Cruz da Vit\u00f3ria, Itaj\u00fa do Col\u00f4nia, Floresta Azul, Ibicara\u00ed e Itap\u00e9. A abrang\u00eancia populacional \u00e9 de cerca de 500 mil habitantes, sendo que desses, aproximadamente 222 mil se declaram cat\u00f3licos. Para colaborar na miss\u00e3o dom Jailton conta com 32 padres diocesanos, 8 padres religiosos.<\/p>\n","protected":false},"excerpt":{"rendered":"<p>Acontecer\u00e1 as 17 horas deste s\u00e1bado (05) a posse do bispo cat\u00f3lico Dom Jailton de&#8230;<\/p>\n","protected":false},"author":1,"featured_media":6191,"comment_status":"open","ping_status":"open","sticky":false,"template":"","format":"standard","meta":{"footnotes":""},"categories":[18,11],"tags":[2098,2197,27,144],"yoast_head":"<!-- This site is optimized with the Yoast SEO plugin v21.7 - https:\/\/yoast.com\/wordpress\/plugins\/seo\/ -->\n<title>Dom Jailton \u00e9 empossado Bispo da Diocese de Itabuna neste s\u00e1bado (05). - Cacau News<\/title>\n<meta name=\"robots\" content=\"index, follow, max-snippet:-1, max-image-preview:large, max-video-preview:-1\" \/>\n<link rel=\"canonical\" href=\"https:\/\/cacaunews.com\/?p=6192\" \/>\n<meta property=\"og:locale\" content=\"pt_BR\" \/>\n<meta property=\"og:type\" content=\"article\" \/>\n<meta property=\"og:title\" content=\"Dom Jailton \u00e9 empossado Bispo da Diocese de Itabuna neste s\u00e1bado (05). - Cacau News\" \/>\n<meta property=\"og:description\" content=\"Acontecer\u00e1 as 17 horas deste s\u00e1bado (05) a posse do bispo cat\u00f3lico Dom Jailton de...\" \/>\n<meta property=\"og:url\" content=\"https:\/\/cacaunews.com\/?p=6192\" \/>\n<meta property=\"og:site_name\" content=\"Cacau News\" \/>\n<meta property=\"article:published_time\" content=\"2025-04-05T15:00:19+00:00\" \/>\n<meta property=\"article:modified_time\" content=\"2025-04-05T15:00:21+00:00\" \/>\n<meta property=\"og:image\" content=\"https:\/\/cacaunews.com\/wp-content\/uploads\/2025\/04\/IMG_20250405_101314-scaled.jpg\" \/>\n\t<meta property=\"og:image:width\" content=\"2560\" \/>\n\t<meta property=\"og:image:height\" content=\"1152\" \/>\n\t<meta property=\"og:image:type\" content=\"image\/jpeg\" \/>\n<meta name=\"author\" content=\"Reda\u00e7\u00e3o Cacau News\" \/>\n<meta name=\"twitter:card\" content=\"summary_large_image\" \/>\n<meta name=\"twitter:label1\" content=\"Escrito por\" \/>\n\t<meta name=\"twitter:data1\" content=\"Reda\u00e7\u00e3o Cacau News\" \/>\n\t<meta name=\"twitter:label2\" content=\"Est. tempo de leitura\" \/>\n\t<meta name=\"twitter:data2\" content=\"2 minutos\" \/>\n<script type=\"application\/ld+json\" class=\"yoast-schema-graph\">{\"@context\":\"https:\/\/schema.org\",\"@graph\":[{\"@type\":\"Article\",\"@id\":\"https:\/\/cacaunews.com\/?p=6192#article\",\"isPartOf\":{\"@id\":\"https:\/\/cacaunews.com\/?p=6192\"},\"author\":{\"name\":\"Reda\u00e7\u00e3o Cacau News\",\"@id\":\"https:\/\/cacaunews.com\/#\/schema\/person\/ea69703103e606ad347ccd64bd72ef79\"},\"headline\":\"Dom Jailton \u00e9 empossado Bispo da Diocese de Itabuna neste s\u00e1bado (05).\",\"datePublished\":\"2025-04-05T15:00:19+00:00\",\"dateModified\":\"2025-04-05T15:00:21+00:00\",\"mainEntityOfPage\":{\"@id\":\"https:\/\/cacaunews.com\/?p=6192\"},\"wordCount\":388,\"commentCount\":0,\"publisher\":{\"@id\":\"https:\/\/cacaunews.com\/#organization\"},\"keywords\":[\"bispo\",\"dom jailton\",\"itabuna\",\"posse\"],\"articleSection\":[\"cidades\",\"Jornalismo\"],\"inLanguage\":\"pt-BR\",\"potentialAction\":[{\"@type\":\"CommentAction\",\"name\":\"Comment\",\"target\":[\"https:\/\/cacaunews.com\/?p=6192#respond\"]}]},{\"@type\":\"WebPage\",\"@id\":\"https:\/\/cacaunews.com\/?p=6192\",\"url\":\"https:\/\/cacaunews.com\/?p=6192\",\"name\":\"Dom Jailton \u00e9 empossado Bispo da Diocese de Itabuna neste s\u00e1bado (05). - Cacau News\",\"isPartOf\":{\"@id\":\"https:\/\/cacaunews.com\/#website\"},\"datePublished\":\"2025-04-05T15:00:19+00:00\",\"dateModified\":\"2025-04-05T15:00:21+00:00\",\"breadcrumb\":{\"@id\":\"https:\/\/cacaunews.com\/?p=6192#breadcrumb\"},\"inLanguage\":\"pt-BR\",\"potentialAction\":[{\"@type\":\"ReadAction\",\"target\":[\"https:\/\/cacaunews.com\/?p=6192\"]}]},{\"@type\":\"BreadcrumbList\",\"@id\":\"https:\/\/cacaunews.com\/?p=6192#breadcrumb\",\"itemListElement\":[{\"@type\":\"ListItem\",\"position\":1,\"name\":\"In\u00edcio\",\"item\":\"https:\/\/cacaunews.com\/\"},{\"@type\":\"ListItem\",\"position\":2,\"name\":\"Dom Jailton \u00e9 empossado Bispo da Diocese de Itabuna neste s\u00e1bado (05).\"}]},{\"@type\":\"WebSite\",\"@id\":\"https:\/\/cacaunews.com\/#website\",\"url\":\"https:\/\/cacaunews.com\/\",\"name\":\"Cacau News\",\"description\":\"A Informa\u00e7\u00e3o que voc\u00ea precisa!\",\"publisher\":{\"@id\":\"https:\/\/cacaunews.com\/#organization\"},\"potentialAction\":[{\"@type\":\"SearchAction\",\"target\":{\"@type\":\"EntryPoint\",\"urlTemplate\":\"https:\/\/cacaunews.com\/?s={search_term_string}\"},\"query-input\":\"required name=search_term_string\"}],\"inLanguage\":\"pt-BR\"},{\"@type\":\"Organization\",\"@id\":\"https:\/\/cacaunews.com\/#organization\",\"name\":\"Cacau News\",\"url\":\"https:\/\/cacaunews.com\/\",\"logo\":{\"@type\":\"ImageObject\",\"inLanguage\":\"pt-BR\",\"@id\":\"https:\/\/cacaunews.com\/#\/schema\/logo\/image\/\",\"url\":\"https:\/\/cacaunews.com\/wp-content\/uploads\/2025\/01\/cropped-LOGO-NOVA.png\",\"contentUrl\":\"https:\/\/cacaunews.com\/wp-content\/uploads\/2025\/01\/cropped-LOGO-NOVA.png\",\"width\":813,\"height\":813,\"caption\":\"Cacau News\"},\"image\":{\"@id\":\"https:\/\/cacaunews.com\/#\/schema\/logo\/image\/\"},\"sameAs\":[\"https:\/\/www.instagram.com\/cacaunews.online\/\",\"https:\/\/youtube.com\/@cacaunews?si=0VXLnjl08SrWbVG9\"]},{\"@type\":\"Person\",\"@id\":\"https:\/\/cacaunews.com\/#\/schema\/person\/ea69703103e606ad347ccd64bd72ef79\",\"name\":\"Reda\u00e7\u00e3o Cacau News\",\"image\":{\"@type\":\"ImageObject\",\"inLanguage\":\"pt-BR\",\"@id\":\"https:\/\/cacaunews.com\/#\/schema\/person\/image\/\",\"url\":\"https:\/\/secure.gravatar.com\/avatar\/d79227a2a7b6cc42e8d7a8f7c284cd3a?s=96&d=mm&r=g\",\"contentUrl\":\"https:\/\/secure.gravatar.com\/avatar\/d79227a2a7b6cc42e8d7a8f7c284cd3a?s=96&d=mm&r=g\",\"caption\":\"Reda\u00e7\u00e3o Cacau News\"},\"sameAs\":[\"https:\/\/cacaunews.com\"],\"url\":\"https:\/\/cacaunews.com\/?author=1\"}]}<\/script>\n<!-- \/ Yoast SEO plugin. -->","yoast_head_json":{"title":"Dom Jailton \u00e9 empossado Bispo da Diocese de Itabuna neste s\u00e1bado (05). - Cacau News","robots":{"index":"index","follow":"follow","max-snippet":"max-snippet:-1","max-image-preview":"max-image-preview:large","max-video-preview":"max-video-preview:-1"},"canonical":"https:\/\/cacaunews.com\/?p=6192","og_locale":"pt_BR","og_type":"article","og_title":"Dom Jailton \u00e9 empossado Bispo da Diocese de Itabuna neste s\u00e1bado (05). - Cacau News","og_description":"Acontecer\u00e1 as 17 horas deste s\u00e1bado (05) a posse do bispo cat\u00f3lico Dom Jailton de...","og_url":"https:\/\/cacaunews.com\/?p=6192","og_site_name":"Cacau News","article_published_time":"2025-04-05T15:00:19+00:00","article_modified_time":"2025-04-05T15:00:21+00:00","og_image":[{"width":2560,"height":1152,"url":"https:\/\/cacaunews.com\/wp-content\/uploads\/2025\/04\/IMG_20250405_101314-scaled.jpg","type":"image\/jpeg"}],"author":"Reda\u00e7\u00e3o Cacau News","twitter_card":"summary_large_image","twitter_misc":{"Escrito por":"Reda\u00e7\u00e3o Cacau News","Est. tempo de leitura":"2 minutos"},"schema":{"@context":"https:\/\/schema.org","@graph":[{"@type":"Article","@id":"https:\/\/cacaunews.com\/?p=6192#article","isPartOf":{"@id":"https:\/\/cacaunews.com\/?p=6192"},"author":{"name":"Reda\u00e7\u00e3o Cacau News","@id":"https:\/\/cacaunews.com\/#\/schema\/person\/ea69703103e606ad347ccd64bd72ef79"},"headline":"Dom Jailton \u00e9 empossado Bispo da Diocese de Itabuna neste s\u00e1bado (05).","datePublished":"2025-04-05T15:00:19+00:00","dateModified":"2025-04-05T15:00:21+00:00","mainEntityOfPage":{"@id":"https:\/\/cacaunews.com\/?p=6192"},"wordCount":388,"commentCount":0,"publisher":{"@id":"https:\/\/cacaunews.com\/#organization"},"keywords":["bispo","dom jailton","itabuna","posse"],"articleSection":["cidades","Jornalismo"],"inLanguage":"pt-BR","potentialAction":[{"@type":"CommentAction","name":"Comment","target":["https:\/\/cacaunews.com\/?p=6192#respond"]}]},{"@type":"WebPage","@id":"https:\/\/cacaunews.com\/?p=6192","url":"https:\/\/cacaunews.com\/?p=6192","name":"Dom Jailton \u00e9 empossado Bispo da Diocese de Itabuna neste s\u00e1bado (05). - Cacau News","isPartOf":{"@id":"https:\/\/cacaunews.com\/#website"},"datePublished":"2025-04-05T15:00:19+00:00","dateModified":"2025-04-05T15:00:21+00:00","breadcrumb":{"@id":"https:\/\/cacaunews.com\/?p=6192#breadcrumb"},"inLanguage":"pt-BR","potentialAction":[{"@type":"ReadAction","target":["https:\/\/cacaunews.com\/?p=6192"]}]},{"@type":"BreadcrumbList","@id":"https:\/\/cacaunews.com\/?p=6192#breadcrumb","itemListElement":[{"@type":"ListItem","position":1,"name":"In\u00edcio","item":"https:\/\/cacaunews.com\/"},{"@type":"ListItem","position":2,"name":"Dom Jailton \u00e9 empossado Bispo da Diocese de Itabuna neste s\u00e1bado (05)."}]},{"@type":"WebSite","@id":"https:\/\/cacaunews.com\/#website","url":"https:\/\/cacaunews.com\/","name":"Cacau News","description":"A Informa\u00e7\u00e3o que voc\u00ea precisa!","publisher":{"@id":"https:\/\/cacaunews.com\/#organization"},"potentialAction":[{"@type":"SearchAction","target":{"@type":"EntryPoint","urlTemplate":"https:\/\/cacaunews.com\/?s={search_term_string}"},"query-input":"required name=search_term_string"}],"inLanguage":"pt-BR"},{"@type":"Organization","@id":"https:\/\/cacaunews.com\/#organization","name":"Cacau News","url":"https:\/\/cacaunews.com\/","logo":{"@type":"ImageObject","inLanguage":"pt-BR","@id":"https:\/\/cacaunews.com\/#\/schema\/logo\/image\/","url":"https:\/\/cacaunews.com\/wp-content\/uploads\/2025\/01\/cropped-LOGO-NOVA.png","contentUrl":"https:\/\/cacaunews.com\/wp-content\/uploads\/2025\/01\/cropped-LOGO-NOVA.png","width":813,"height":813,"caption":"Cacau News"},"image":{"@id":"https:\/\/cacaunews.com\/#\/schema\/logo\/image\/"},"sameAs":["https:\/\/www.instagram.com\/cacaunews.online\/","https:\/\/youtube.com\/@cacaunews?si=0VXLnjl08SrWbVG9"]},{"@type":"Person","@id":"https:\/\/cacaunews.com\/#\/schema\/person\/ea69703103e606ad347ccd64bd72ef79","name":"Reda\u00e7\u00e3o Cacau News","image":{"@type":"ImageObject","inLanguage":"pt-BR","@id":"https:\/\/cacaunews.com\/#\/schema\/person\/image\/","url":"https:\/\/secure.gravatar.com\/avatar\/d79227a2a7b6cc42e8d7a8f7c284cd3a?s=96&d=mm&r=g","contentUrl":"https:\/\/secure.gravatar.com\/avatar\/d79227a2a7b6cc42e8d7a8f7c284cd3a?s=96&d=mm&r=g","caption":"Reda\u00e7\u00e3o Cacau News"},"sameAs":["https:\/\/cacaunews.com"],"url":"https:\/\/cacaunews.com\/?author=1"}]}},"jetpack_sharing_enabled":true,"jetpack_featured_media_url":"https:\/\/cacaunews.com\/wp-content\/uploads\/2025\/04\/IMG_20250405_101314-scaled.jpg","_links":{"self":[{"href":"https:\/\/cacaunews.com\/index.php?rest_route=\/wp\/v2\/posts\/6192"}],"collection":[{"href":"https:\/\/cacaunews.com\/index.php?rest_route=\/wp\/v2\/posts"}],"about":[{"href":"https:\/\/cacaunews.com\/index.php?rest_route=\/wp\/v2\/types\/post"}],"author":[{"embeddable":true,"href":"https:\/\/cacaunews.com\/index.php?rest_route=\/wp\/v2\/users\/1"}],"replies":[{"embeddable":true,"href":"https:\/\/cacaunews.com\/index.php?rest_route=%2Fwp%2Fv2%2Fcomments&post=6192"}],"version-history":[{"count":1,"href":"https:\/\/cacaunews.com\/index.php?rest_route=\/wp\/v2\/posts\/6192\/revisions"}],"predecessor-version":[{"id":6193,"href":"https:\/\/cacaunews.com\/index.php?rest_route=\/wp\/v2\/posts\/6192\/revisions\/6193"}],"wp:featuredmedia":[{"embeddable":true,"href":"https:\/\/cacaunews.com\/index.php?rest_route=\/wp\/v2\/media\/6191"}],"wp:attachment":[{"href":"https:\/\/cacaunews.com\/index.php?rest_route=%2Fwp%2Fv2%2Fmedia&parent=6192"}],"wp:term":[{"taxonomy":"category","embeddable":true,"href":"https:\/\/cacaunews.com\/index.php?rest_route=%2Fwp%2Fv2%2Fcategories&post=6192"},{"taxonomy":"post_tag","embeddable":true,"href":"https:\/\/cacaunews.com\/index.php?rest_route=%2Fwp%2Fv2%2Ftags&post=6192"}],"curies":[{"name":"wp","href":"https:\/\/api.w.org\/{rel}","templated":true}]}}