{"id":6217,"date":"2025-04-08T12:00:20","date_gmt":"2025-04-08T12:00:20","guid":{"rendered":"https:\/\/cacaunews.com\/?p=6217"},"modified":"2025-04-08T12:53:33","modified_gmt":"2025-04-08T12:53:33","slug":"camara-de-vereadores-homenageia-jornalistas-de-itabuna-pelo-seu-dia","status":"publish","type":"post","link":"https:\/\/cacaunews.com\/?p=6217","title":{"rendered":"C\u00e2mara de Vereadores homenageia jornalistas de Itabuna pelo seu dia."},"content":{"rendered":"\n<p>O Dia do Jornalista foi celebrado na noite desta segunda-feira (07) na C\u00e2mara de Vereadores de Itabuna com uma homenagem oferecida pelo vereador Eldon \u00d4rea a tr\u00eas profissionais de destaque na cidade. Receberam uma placa em reconhecimento pelo trabalho desempenhado, o jornalista Roger Sarmento, rep\u00f3rter e apresentador da Tv Santa Cruz (representado pela esposa, Larissa Sarmento); Oziel Arag\u00e3o, \u00e2ncora do Programa Conex\u00e3o Morena da Morena FM e criador de conte\u00fado digital da OziTv; e Renato Santiago, rep\u00f3rter da Record Tv Cabr\u00e1lia. <\/p>\n\n\n\n<figure class=\"wp-block-image size-large\"><img fetchpriority=\"high\" decoding=\"async\" width=\"1024\" height=\"482\" src=\"https:\/\/cacaunews.com\/wp-content\/uploads\/2025\/04\/img-20250408-wa0047180918616218419436-1024x482.jpg\" alt=\"\" class=\"wp-image-6216\" srcset=\"https:\/\/cacaunews.com\/wp-content\/uploads\/2025\/04\/img-20250408-wa0047180918616218419436-1024x482.jpg 1024w, https:\/\/cacaunews.com\/wp-content\/uploads\/2025\/04\/img-20250408-wa0047180918616218419436-300x141.jpg 300w, https:\/\/cacaunews.com\/wp-content\/uploads\/2025\/04\/img-20250408-wa0047180918616218419436-768x361.jpg 768w, https:\/\/cacaunews.com\/wp-content\/uploads\/2025\/04\/img-20250408-wa0047180918616218419436.jpg 1280w\" sizes=\"(max-width: 1024px) 100vw, 1024px\" \/><figcaption class=\"wp-element-caption\">Foto: Pedro Augusto\/ ASCOM &#8211; CMI.<\/figcaption><\/figure>\n\n\n\n<p>No in\u00edcio da sess\u00e3o especial, uma ora\u00e7\u00e3o foi dedicada \u00e0 jornalista Wanda Chase, falecida no \u00faltimo dia 03 em Salvador. Al\u00e9m dos homenageados, fizeram parte da mesa os jornalistas Paulo Lima, Andreyver Lima e Lav\u00ednia Sizinio. \u201cDecidi fazer essa homenagem em reconhecimento ao trabalho desses profissionais que, com muita coragem, compromisso, \u00e9tica e paix\u00e3o, se dedicam a informar a sociedade itabunense\u201d, explicou o vereador.<\/p>\n\n\n\n<p><\/p>\n","protected":false},"excerpt":{"rendered":"<p>O Dia do Jornalista foi celebrado na noite desta segunda-feira (07) na C\u00e2mara de Vereadores&#8230;<\/p>\n","protected":false},"author":1,"featured_media":6215,"comment_status":"open","ping_status":"open","sticky":false,"template":"","format":"standard","meta":{"footnotes":""},"categories":[18,11,5],"tags":[551,27,2203,412],"yoast_head":"<!-- This site is optimized with the Yoast SEO plugin v21.7 - https:\/\/yoast.com\/wordpress\/plugins\/seo\/ -->\n<title>C\u00e2mara de Vereadores homenageia jornalistas de Itabuna pelo seu dia. - Cacau News<\/title>\n<meta name=\"robots\" content=\"index, follow, max-snippet:-1, max-image-preview:large, max-video-preview:-1\" \/>\n<link rel=\"canonical\" href=\"https:\/\/cacaunews.com\/?p=6217\" \/>\n<meta property=\"og:locale\" content=\"pt_BR\" \/>\n<meta property=\"og:type\" content=\"article\" \/>\n<meta property=\"og:title\" content=\"C\u00e2mara de Vereadores homenageia jornalistas de Itabuna pelo seu dia. - Cacau News\" \/>\n<meta property=\"og:description\" content=\"O Dia do Jornalista foi celebrado na noite desta segunda-feira (07) na C\u00e2mara de Vereadores...\" \/>\n<meta property=\"og:url\" content=\"https:\/\/cacaunews.com\/?p=6217\" \/>\n<meta property=\"og:site_name\" content=\"Cacau News\" \/>\n<meta property=\"article:published_time\" content=\"2025-04-08T12:00:20+00:00\" \/>\n<meta property=\"article:modified_time\" content=\"2025-04-08T12:53:33+00:00\" \/>\n<meta property=\"og:image\" content=\"https:\/\/cacaunews.com\/wp-content\/uploads\/2025\/04\/IMG-20250408-WA0046.jpg\" \/>\n\t<meta property=\"og:image:width\" content=\"1280\" \/>\n\t<meta property=\"og:image:height\" content=\"718\" \/>\n\t<meta property=\"og:image:type\" content=\"image\/jpeg\" \/>\n<meta name=\"author\" content=\"Reda\u00e7\u00e3o Cacau News\" \/>\n<meta name=\"twitter:card\" content=\"summary_large_image\" \/>\n<meta name=\"twitter:label1\" content=\"Escrito por\" \/>\n\t<meta name=\"twitter:data1\" content=\"Reda\u00e7\u00e3o Cacau News\" \/>\n\t<meta name=\"twitter:label2\" content=\"Est. tempo de leitura\" \/>\n\t<meta name=\"twitter:data2\" content=\"1 minuto\" \/>\n<script type=\"application\/ld+json\" class=\"yoast-schema-graph\">{\"@context\":\"https:\/\/schema.org\",\"@graph\":[{\"@type\":\"Article\",\"@id\":\"https:\/\/cacaunews.com\/?p=6217#article\",\"isPartOf\":{\"@id\":\"https:\/\/cacaunews.com\/?p=6217\"},\"author\":{\"name\":\"Reda\u00e7\u00e3o Cacau News\",\"@id\":\"https:\/\/cacaunews.com\/#\/schema\/person\/ea69703103e606ad347ccd64bd72ef79\"},\"headline\":\"C\u00e2mara de Vereadores homenageia jornalistas de Itabuna pelo seu dia.\",\"datePublished\":\"2025-04-08T12:00:20+00:00\",\"dateModified\":\"2025-04-08T12:53:33+00:00\",\"mainEntityOfPage\":{\"@id\":\"https:\/\/cacaunews.com\/?p=6217\"},\"wordCount\":173,\"commentCount\":0,\"publisher\":{\"@id\":\"https:\/\/cacaunews.com\/#organization\"},\"keywords\":[\"homenagem\",\"itabuna\",\"jornalistas\",\"sess\u00e3o\"],\"articleSection\":[\"cidades\",\"Jornalismo\",\"Politica\"],\"inLanguage\":\"pt-BR\",\"potentialAction\":[{\"@type\":\"CommentAction\",\"name\":\"Comment\",\"target\":[\"https:\/\/cacaunews.com\/?p=6217#respond\"]}]},{\"@type\":\"WebPage\",\"@id\":\"https:\/\/cacaunews.com\/?p=6217\",\"url\":\"https:\/\/cacaunews.com\/?p=6217\",\"name\":\"C\u00e2mara de Vereadores homenageia jornalistas de Itabuna pelo seu dia. - Cacau News\",\"isPartOf\":{\"@id\":\"https:\/\/cacaunews.com\/#website\"},\"datePublished\":\"2025-04-08T12:00:20+00:00\",\"dateModified\":\"2025-04-08T12:53:33+00:00\",\"breadcrumb\":{\"@id\":\"https:\/\/cacaunews.com\/?p=6217#breadcrumb\"},\"inLanguage\":\"pt-BR\",\"potentialAction\":[{\"@type\":\"ReadAction\",\"target\":[\"https:\/\/cacaunews.com\/?p=6217\"]}]},{\"@type\":\"BreadcrumbList\",\"@id\":\"https:\/\/cacaunews.com\/?p=6217#breadcrumb\",\"itemListElement\":[{\"@type\":\"ListItem\",\"position\":1,\"name\":\"In\u00edcio\",\"item\":\"https:\/\/cacaunews.com\/\"},{\"@type\":\"ListItem\",\"position\":2,\"name\":\"C\u00e2mara de Vereadores homenageia jornalistas de Itabuna pelo seu dia.\"}]},{\"@type\":\"WebSite\",\"@id\":\"https:\/\/cacaunews.com\/#website\",\"url\":\"https:\/\/cacaunews.com\/\",\"name\":\"Cacau News\",\"description\":\"A Informa\u00e7\u00e3o que voc\u00ea precisa!\",\"publisher\":{\"@id\":\"https:\/\/cacaunews.com\/#organization\"},\"potentialAction\":[{\"@type\":\"SearchAction\",\"target\":{\"@type\":\"EntryPoint\",\"urlTemplate\":\"https:\/\/cacaunews.com\/?s={search_term_string}\"},\"query-input\":\"required name=search_term_string\"}],\"inLanguage\":\"pt-BR\"},{\"@type\":\"Organization\",\"@id\":\"https:\/\/cacaunews.com\/#organization\",\"name\":\"Cacau News\",\"url\":\"https:\/\/cacaunews.com\/\",\"logo\":{\"@type\":\"ImageObject\",\"inLanguage\":\"pt-BR\",\"@id\":\"https:\/\/cacaunews.com\/#\/schema\/logo\/image\/\",\"url\":\"https:\/\/cacaunews.com\/wp-content\/uploads\/2025\/01\/cropped-LOGO-NOVA.png\",\"contentUrl\":\"https:\/\/cacaunews.com\/wp-content\/uploads\/2025\/01\/cropped-LOGO-NOVA.png\",\"width\":813,\"height\":813,\"caption\":\"Cacau News\"},\"image\":{\"@id\":\"https:\/\/cacaunews.com\/#\/schema\/logo\/image\/\"},\"sameAs\":[\"https:\/\/www.instagram.com\/cacaunews.online\/\",\"https:\/\/youtube.com\/@cacaunews?si=0VXLnjl08SrWbVG9\"]},{\"@type\":\"Person\",\"@id\":\"https:\/\/cacaunews.com\/#\/schema\/person\/ea69703103e606ad347ccd64bd72ef79\",\"name\":\"Reda\u00e7\u00e3o Cacau News\",\"image\":{\"@type\":\"ImageObject\",\"inLanguage\":\"pt-BR\",\"@id\":\"https:\/\/cacaunews.com\/#\/schema\/person\/image\/\",\"url\":\"https:\/\/secure.gravatar.com\/avatar\/d79227a2a7b6cc42e8d7a8f7c284cd3a?s=96&d=mm&r=g\",\"contentUrl\":\"https:\/\/secure.gravatar.com\/avatar\/d79227a2a7b6cc42e8d7a8f7c284cd3a?s=96&d=mm&r=g\",\"caption\":\"Reda\u00e7\u00e3o Cacau News\"},\"sameAs\":[\"https:\/\/cacaunews.com\"],\"url\":\"https:\/\/cacaunews.com\/?author=1\"}]}<\/script>\n<!-- \/ Yoast SEO plugin. -->","yoast_head_json":{"title":"C\u00e2mara de Vereadores homenageia jornalistas de Itabuna pelo seu dia. - Cacau News","robots":{"index":"index","follow":"follow","max-snippet":"max-snippet:-1","max-image-preview":"max-image-preview:large","max-video-preview":"max-video-preview:-1"},"canonical":"https:\/\/cacaunews.com\/?p=6217","og_locale":"pt_BR","og_type":"article","og_title":"C\u00e2mara de Vereadores homenageia jornalistas de Itabuna pelo seu dia. - Cacau News","og_description":"O Dia do Jornalista foi celebrado na noite desta segunda-feira (07) na C\u00e2mara de Vereadores...","og_url":"https:\/\/cacaunews.com\/?p=6217","og_site_name":"Cacau News","article_published_time":"2025-04-08T12:00:20+00:00","article_modified_time":"2025-04-08T12:53:33+00:00","og_image":[{"width":1280,"height":718,"url":"https:\/\/cacaunews.com\/wp-content\/uploads\/2025\/04\/IMG-20250408-WA0046.jpg","type":"image\/jpeg"}],"author":"Reda\u00e7\u00e3o Cacau News","twitter_card":"summary_large_image","twitter_misc":{"Escrito por":"Reda\u00e7\u00e3o Cacau News","Est. tempo de leitura":"1 minuto"},"schema":{"@context":"https:\/\/schema.org","@graph":[{"@type":"Article","@id":"https:\/\/cacaunews.com\/?p=6217#article","isPartOf":{"@id":"https:\/\/cacaunews.com\/?p=6217"},"author":{"name":"Reda\u00e7\u00e3o Cacau News","@id":"https:\/\/cacaunews.com\/#\/schema\/person\/ea69703103e606ad347ccd64bd72ef79"},"headline":"C\u00e2mara de Vereadores homenageia jornalistas de Itabuna pelo seu dia.","datePublished":"2025-04-08T12:00:20+00:00","dateModified":"2025-04-08T12:53:33+00:00","mainEntityOfPage":{"@id":"https:\/\/cacaunews.com\/?p=6217"},"wordCount":173,"commentCount":0,"publisher":{"@id":"https:\/\/cacaunews.com\/#organization"},"keywords":["homenagem","itabuna","jornalistas","sess\u00e3o"],"articleSection":["cidades","Jornalismo","Politica"],"inLanguage":"pt-BR","potentialAction":[{"@type":"CommentAction","name":"Comment","target":["https:\/\/cacaunews.com\/?p=6217#respond"]}]},{"@type":"WebPage","@id":"https:\/\/cacaunews.com\/?p=6217","url":"https:\/\/cacaunews.com\/?p=6217","name":"C\u00e2mara de Vereadores homenageia jornalistas de Itabuna pelo seu dia. - Cacau News","isPartOf":{"@id":"https:\/\/cacaunews.com\/#website"},"datePublished":"2025-04-08T12:00:20+00:00","dateModified":"2025-04-08T12:53:33+00:00","breadcrumb":{"@id":"https:\/\/cacaunews.com\/?p=6217#breadcrumb"},"inLanguage":"pt-BR","potentialAction":[{"@type":"ReadAction","target":["https:\/\/cacaunews.com\/?p=6217"]}]},{"@type":"BreadcrumbList","@id":"https:\/\/cacaunews.com\/?p=6217#breadcrumb","itemListElement":[{"@type":"ListItem","position":1,"name":"In\u00edcio","item":"https:\/\/cacaunews.com\/"},{"@type":"ListItem","position":2,"name":"C\u00e2mara de Vereadores homenageia jornalistas de Itabuna pelo seu dia."}]},{"@type":"WebSite","@id":"https:\/\/cacaunews.com\/#website","url":"https:\/\/cacaunews.com\/","name":"Cacau News","description":"A Informa\u00e7\u00e3o que voc\u00ea precisa!","publisher":{"@id":"https:\/\/cacaunews.com\/#organization"},"potentialAction":[{"@type":"SearchAction","target":{"@type":"EntryPoint","urlTemplate":"https:\/\/cacaunews.com\/?s={search_term_string}"},"query-input":"required name=search_term_string"}],"inLanguage":"pt-BR"},{"@type":"Organization","@id":"https:\/\/cacaunews.com\/#organization","name":"Cacau News","url":"https:\/\/cacaunews.com\/","logo":{"@type":"ImageObject","inLanguage":"pt-BR","@id":"https:\/\/cacaunews.com\/#\/schema\/logo\/image\/","url":"https:\/\/cacaunews.com\/wp-content\/uploads\/2025\/01\/cropped-LOGO-NOVA.png","contentUrl":"https:\/\/cacaunews.com\/wp-content\/uploads\/2025\/01\/cropped-LOGO-NOVA.png","width":813,"height":813,"caption":"Cacau News"},"image":{"@id":"https:\/\/cacaunews.com\/#\/schema\/logo\/image\/"},"sameAs":["https:\/\/www.instagram.com\/cacaunews.online\/","https:\/\/youtube.com\/@cacaunews?si=0VXLnjl08SrWbVG9"]},{"@type":"Person","@id":"https:\/\/cacaunews.com\/#\/schema\/person\/ea69703103e606ad347ccd64bd72ef79","name":"Reda\u00e7\u00e3o Cacau News","image":{"@type":"ImageObject","inLanguage":"pt-BR","@id":"https:\/\/cacaunews.com\/#\/schema\/person\/image\/","url":"https:\/\/secure.gravatar.com\/avatar\/d79227a2a7b6cc42e8d7a8f7c284cd3a?s=96&d=mm&r=g","contentUrl":"https:\/\/secure.gravatar.com\/avatar\/d79227a2a7b6cc42e8d7a8f7c284cd3a?s=96&d=mm&r=g","caption":"Reda\u00e7\u00e3o Cacau News"},"sameAs":["https:\/\/cacaunews.com"],"url":"https:\/\/cacaunews.com\/?author=1"}]}},"jetpack_sharing_enabled":true,"jetpack_featured_media_url":"https:\/\/cacaunews.com\/wp-content\/uploads\/2025\/04\/IMG-20250408-WA0046.jpg","_links":{"self":[{"href":"https:\/\/cacaunews.com\/index.php?rest_route=\/wp\/v2\/posts\/6217"}],"collection":[{"href":"https:\/\/cacaunews.com\/index.php?rest_route=\/wp\/v2\/posts"}],"about":[{"href":"https:\/\/cacaunews.com\/index.php?rest_route=\/wp\/v2\/types\/post"}],"author":[{"embeddable":true,"href":"https:\/\/cacaunews.com\/index.php?rest_route=\/wp\/v2\/users\/1"}],"replies":[{"embeddable":true,"href":"https:\/\/cacaunews.com\/index.php?rest_route=%2Fwp%2Fv2%2Fcomments&post=6217"}],"version-history":[{"count":2,"href":"https:\/\/cacaunews.com\/index.php?rest_route=\/wp\/v2\/posts\/6217\/revisions"}],"predecessor-version":[{"id":6221,"href":"https:\/\/cacaunews.com\/index.php?rest_route=\/wp\/v2\/posts\/6217\/revisions\/6221"}],"wp:featuredmedia":[{"embeddable":true,"href":"https:\/\/cacaunews.com\/index.php?rest_route=\/wp\/v2\/media\/6215"}],"wp:attachment":[{"href":"https:\/\/cacaunews.com\/index.php?rest_route=%2Fwp%2Fv2%2Fmedia&parent=6217"}],"wp:term":[{"taxonomy":"category","embeddable":true,"href":"https:\/\/cacaunews.com\/index.php?rest_route=%2Fwp%2Fv2%2Fcategories&post=6217"},{"taxonomy":"post_tag","embeddable":true,"href":"https:\/\/cacaunews.com\/index.php?rest_route=%2Fwp%2Fv2%2Ftags&post=6217"}],"curies":[{"name":"wp","href":"https:\/\/api.w.org\/{rel}","templated":true}]}}