{"id":6224,"date":"2025-04-08T14:00:08","date_gmt":"2025-04-08T14:00:08","guid":{"rendered":"https:\/\/cacaunews.com\/?p=6224"},"modified":"2025-04-08T14:00:08","modified_gmt":"2025-04-08T14:00:08","slug":"ilheus-policia-recupera-itens-furtados-da-casa-de-cultura-jorge-amado","status":"publish","type":"post","link":"https:\/\/cacaunews.com\/?p=6224","title":{"rendered":"Ilh\u00e9us: Pol\u00edcia recupera itens furtados da Casa de Cultura Jorge Amado."},"content":{"rendered":"\n<p>Policiais de Ilh\u00e9us, no Sul, recuperaram os objetos furtados da Casa de Jorge Amado. Um homem foi preso na a\u00e7\u00e3o, que ocorreu na tarde desta segunda-feira (7). Na \u00faltima sexta-feira (4), a entidade foi alvo de um arrombamento e teve parte do acervo levado. Nesta segunda, os policiais recuperaram os itens, como um short estampado azul, uma camisa florida, uma boina cinza, um chap\u00e9u, um rel\u00f3gio e um cinto.<br><br> Segundo a Pol\u00edcia Militar (PM-BA), agentes da 68\u00aa CIPM faziam rondas quando receberam informa\u00e7\u00f5es sobre poss\u00edveis autores do crime e se deslocaram para o local indicado. Na abordagem, um homem apontou o local onde os itens estariam escondidos e os encontraram em um casar\u00e3o abandonado nas proximidades da funda\u00e7\u00e3o.\u00a0 <\/p>\n\n\n\n<p>Com o apoio da Pol\u00edcia Civil, a guarni\u00e7\u00e3o entrou no im\u00f3vel e recuperou diversos pertences levados da institui\u00e7\u00e3o. O material e o suspeito foram levados para a Delegacia de Repress\u00e3o a Furtos e Roubos (DRFR) para a ado\u00e7\u00e3o das medidas legais cab\u00edveis.<\/p>\n\n\n\n<p>Com Informa\u00e7\u00f5es BN.<\/p>\n","protected":false},"excerpt":{"rendered":"<p>Policiais de Ilh\u00e9us, no Sul, recuperaram os objetos furtados da Casa de Jorge Amado. Um&#8230;<\/p>\n","protected":false},"author":1,"featured_media":6223,"comment_status":"open","ping_status":"open","sticky":false,"template":"","format":"standard","meta":{"footnotes":""},"categories":[18,11,1988],"tags":[2208,2207,37,2206,159,2205],"yoast_head":"<!-- This site is optimized with the Yoast SEO plugin v21.7 - https:\/\/yoast.com\/wordpress\/plugins\/seo\/ -->\n<title>Ilh\u00e9us: Pol\u00edcia recupera itens furtados da Casa de Cultura Jorge Amado. - Cacau News<\/title>\n<meta name=\"robots\" content=\"index, follow, max-snippet:-1, max-image-preview:large, max-video-preview:-1\" \/>\n<link rel=\"canonical\" href=\"https:\/\/cacaunews.com\/?p=6224\" \/>\n<meta property=\"og:locale\" content=\"pt_BR\" \/>\n<meta property=\"og:type\" content=\"article\" \/>\n<meta property=\"og:title\" content=\"Ilh\u00e9us: Pol\u00edcia recupera itens furtados da Casa de Cultura Jorge Amado. - Cacau News\" \/>\n<meta property=\"og:description\" content=\"Policiais de Ilh\u00e9us, no Sul, recuperaram os objetos furtados da Casa de Jorge Amado. Um...\" \/>\n<meta property=\"og:url\" content=\"https:\/\/cacaunews.com\/?p=6224\" \/>\n<meta property=\"og:site_name\" content=\"Cacau News\" \/>\n<meta property=\"article:published_time\" content=\"2025-04-08T14:00:08+00:00\" \/>\n<meta name=\"author\" content=\"Reda\u00e7\u00e3o Cacau News\" \/>\n<meta name=\"twitter:card\" content=\"summary_large_image\" \/>\n<meta name=\"twitter:label1\" content=\"Escrito por\" \/>\n\t<meta name=\"twitter:data1\" content=\"Reda\u00e7\u00e3o Cacau News\" \/>\n\t<meta name=\"twitter:label2\" content=\"Est. tempo de leitura\" \/>\n\t<meta name=\"twitter:data2\" content=\"1 minuto\" \/>\n<script type=\"application\/ld+json\" class=\"yoast-schema-graph\">{\"@context\":\"https:\/\/schema.org\",\"@graph\":[{\"@type\":\"Article\",\"@id\":\"https:\/\/cacaunews.com\/?p=6224#article\",\"isPartOf\":{\"@id\":\"https:\/\/cacaunews.com\/?p=6224\"},\"author\":{\"name\":\"Reda\u00e7\u00e3o Cacau News\",\"@id\":\"https:\/\/cacaunews.com\/#\/schema\/person\/ea69703103e606ad347ccd64bd72ef79\"},\"headline\":\"Ilh\u00e9us: Pol\u00edcia recupera itens furtados da Casa de Cultura Jorge Amado.\",\"datePublished\":\"2025-04-08T14:00:08+00:00\",\"dateModified\":\"2025-04-08T14:00:08+00:00\",\"mainEntityOfPage\":{\"@id\":\"https:\/\/cacaunews.com\/?p=6224\"},\"wordCount\":190,\"commentCount\":0,\"publisher\":{\"@id\":\"https:\/\/cacaunews.com\/#organization\"},\"keywords\":[\"casa Jorge Amado\",\"furto\",\"ilheus\",\"itens\",\"pol\u00edcia\",\"recupera\u00e7\u00e3o\"],\"articleSection\":[\"cidades\",\"Jornalismo\",\"Pol\u00edcia\"],\"inLanguage\":\"pt-BR\",\"potentialAction\":[{\"@type\":\"CommentAction\",\"name\":\"Comment\",\"target\":[\"https:\/\/cacaunews.com\/?p=6224#respond\"]}]},{\"@type\":\"WebPage\",\"@id\":\"https:\/\/cacaunews.com\/?p=6224\",\"url\":\"https:\/\/cacaunews.com\/?p=6224\",\"name\":\"Ilh\u00e9us: Pol\u00edcia recupera itens furtados da Casa de Cultura Jorge Amado. - Cacau News\",\"isPartOf\":{\"@id\":\"https:\/\/cacaunews.com\/#website\"},\"datePublished\":\"2025-04-08T14:00:08+00:00\",\"dateModified\":\"2025-04-08T14:00:08+00:00\",\"breadcrumb\":{\"@id\":\"https:\/\/cacaunews.com\/?p=6224#breadcrumb\"},\"inLanguage\":\"pt-BR\",\"potentialAction\":[{\"@type\":\"ReadAction\",\"target\":[\"https:\/\/cacaunews.com\/?p=6224\"]}]},{\"@type\":\"BreadcrumbList\",\"@id\":\"https:\/\/cacaunews.com\/?p=6224#breadcrumb\",\"itemListElement\":[{\"@type\":\"ListItem\",\"position\":1,\"name\":\"In\u00edcio\",\"item\":\"https:\/\/cacaunews.com\/\"},{\"@type\":\"ListItem\",\"position\":2,\"name\":\"Ilh\u00e9us: Pol\u00edcia recupera itens furtados da Casa de Cultura Jorge Amado.\"}]},{\"@type\":\"WebSite\",\"@id\":\"https:\/\/cacaunews.com\/#website\",\"url\":\"https:\/\/cacaunews.com\/\",\"name\":\"Cacau News\",\"description\":\"A Informa\u00e7\u00e3o que voc\u00ea precisa!\",\"publisher\":{\"@id\":\"https:\/\/cacaunews.com\/#organization\"},\"potentialAction\":[{\"@type\":\"SearchAction\",\"target\":{\"@type\":\"EntryPoint\",\"urlTemplate\":\"https:\/\/cacaunews.com\/?s={search_term_string}\"},\"query-input\":\"required name=search_term_string\"}],\"inLanguage\":\"pt-BR\"},{\"@type\":\"Organization\",\"@id\":\"https:\/\/cacaunews.com\/#organization\",\"name\":\"Cacau News\",\"url\":\"https:\/\/cacaunews.com\/\",\"logo\":{\"@type\":\"ImageObject\",\"inLanguage\":\"pt-BR\",\"@id\":\"https:\/\/cacaunews.com\/#\/schema\/logo\/image\/\",\"url\":\"https:\/\/cacaunews.com\/wp-content\/uploads\/2025\/01\/cropped-LOGO-NOVA.png\",\"contentUrl\":\"https:\/\/cacaunews.com\/wp-content\/uploads\/2025\/01\/cropped-LOGO-NOVA.png\",\"width\":813,\"height\":813,\"caption\":\"Cacau News\"},\"image\":{\"@id\":\"https:\/\/cacaunews.com\/#\/schema\/logo\/image\/\"},\"sameAs\":[\"https:\/\/www.instagram.com\/cacaunews.online\/\",\"https:\/\/youtube.com\/@cacaunews?si=0VXLnjl08SrWbVG9\"]},{\"@type\":\"Person\",\"@id\":\"https:\/\/cacaunews.com\/#\/schema\/person\/ea69703103e606ad347ccd64bd72ef79\",\"name\":\"Reda\u00e7\u00e3o Cacau News\",\"image\":{\"@type\":\"ImageObject\",\"inLanguage\":\"pt-BR\",\"@id\":\"https:\/\/cacaunews.com\/#\/schema\/person\/image\/\",\"url\":\"https:\/\/secure.gravatar.com\/avatar\/d79227a2a7b6cc42e8d7a8f7c284cd3a?s=96&d=mm&r=g\",\"contentUrl\":\"https:\/\/secure.gravatar.com\/avatar\/d79227a2a7b6cc42e8d7a8f7c284cd3a?s=96&d=mm&r=g\",\"caption\":\"Reda\u00e7\u00e3o Cacau News\"},\"sameAs\":[\"https:\/\/cacaunews.com\"],\"url\":\"https:\/\/cacaunews.com\/?author=1\"}]}<\/script>\n<!-- \/ Yoast SEO plugin. -->","yoast_head_json":{"title":"Ilh\u00e9us: Pol\u00edcia recupera itens furtados da Casa de Cultura Jorge Amado. - Cacau News","robots":{"index":"index","follow":"follow","max-snippet":"max-snippet:-1","max-image-preview":"max-image-preview:large","max-video-preview":"max-video-preview:-1"},"canonical":"https:\/\/cacaunews.com\/?p=6224","og_locale":"pt_BR","og_type":"article","og_title":"Ilh\u00e9us: Pol\u00edcia recupera itens furtados da Casa de Cultura Jorge Amado. - Cacau News","og_description":"Policiais de Ilh\u00e9us, no Sul, recuperaram os objetos furtados da Casa de Jorge Amado. Um...","og_url":"https:\/\/cacaunews.com\/?p=6224","og_site_name":"Cacau News","article_published_time":"2025-04-08T14:00:08+00:00","author":"Reda\u00e7\u00e3o Cacau News","twitter_card":"summary_large_image","twitter_misc":{"Escrito por":"Reda\u00e7\u00e3o Cacau News","Est. tempo de leitura":"1 minuto"},"schema":{"@context":"https:\/\/schema.org","@graph":[{"@type":"Article","@id":"https:\/\/cacaunews.com\/?p=6224#article","isPartOf":{"@id":"https:\/\/cacaunews.com\/?p=6224"},"author":{"name":"Reda\u00e7\u00e3o Cacau News","@id":"https:\/\/cacaunews.com\/#\/schema\/person\/ea69703103e606ad347ccd64bd72ef79"},"headline":"Ilh\u00e9us: Pol\u00edcia recupera itens furtados da Casa de Cultura Jorge Amado.","datePublished":"2025-04-08T14:00:08+00:00","dateModified":"2025-04-08T14:00:08+00:00","mainEntityOfPage":{"@id":"https:\/\/cacaunews.com\/?p=6224"},"wordCount":190,"commentCount":0,"publisher":{"@id":"https:\/\/cacaunews.com\/#organization"},"keywords":["casa Jorge Amado","furto","ilheus","itens","pol\u00edcia","recupera\u00e7\u00e3o"],"articleSection":["cidades","Jornalismo","Pol\u00edcia"],"inLanguage":"pt-BR","potentialAction":[{"@type":"CommentAction","name":"Comment","target":["https:\/\/cacaunews.com\/?p=6224#respond"]}]},{"@type":"WebPage","@id":"https:\/\/cacaunews.com\/?p=6224","url":"https:\/\/cacaunews.com\/?p=6224","name":"Ilh\u00e9us: Pol\u00edcia recupera itens furtados da Casa de Cultura Jorge Amado. - Cacau News","isPartOf":{"@id":"https:\/\/cacaunews.com\/#website"},"datePublished":"2025-04-08T14:00:08+00:00","dateModified":"2025-04-08T14:00:08+00:00","breadcrumb":{"@id":"https:\/\/cacaunews.com\/?p=6224#breadcrumb"},"inLanguage":"pt-BR","potentialAction":[{"@type":"ReadAction","target":["https:\/\/cacaunews.com\/?p=6224"]}]},{"@type":"BreadcrumbList","@id":"https:\/\/cacaunews.com\/?p=6224#breadcrumb","itemListElement":[{"@type":"ListItem","position":1,"name":"In\u00edcio","item":"https:\/\/cacaunews.com\/"},{"@type":"ListItem","position":2,"name":"Ilh\u00e9us: Pol\u00edcia recupera itens furtados da Casa de Cultura Jorge Amado."}]},{"@type":"WebSite","@id":"https:\/\/cacaunews.com\/#website","url":"https:\/\/cacaunews.com\/","name":"Cacau News","description":"A Informa\u00e7\u00e3o que voc\u00ea precisa!","publisher":{"@id":"https:\/\/cacaunews.com\/#organization"},"potentialAction":[{"@type":"SearchAction","target":{"@type":"EntryPoint","urlTemplate":"https:\/\/cacaunews.com\/?s={search_term_string}"},"query-input":"required name=search_term_string"}],"inLanguage":"pt-BR"},{"@type":"Organization","@id":"https:\/\/cacaunews.com\/#organization","name":"Cacau News","url":"https:\/\/cacaunews.com\/","logo":{"@type":"ImageObject","inLanguage":"pt-BR","@id":"https:\/\/cacaunews.com\/#\/schema\/logo\/image\/","url":"https:\/\/cacaunews.com\/wp-content\/uploads\/2025\/01\/cropped-LOGO-NOVA.png","contentUrl":"https:\/\/cacaunews.com\/wp-content\/uploads\/2025\/01\/cropped-LOGO-NOVA.png","width":813,"height":813,"caption":"Cacau News"},"image":{"@id":"https:\/\/cacaunews.com\/#\/schema\/logo\/image\/"},"sameAs":["https:\/\/www.instagram.com\/cacaunews.online\/","https:\/\/youtube.com\/@cacaunews?si=0VXLnjl08SrWbVG9"]},{"@type":"Person","@id":"https:\/\/cacaunews.com\/#\/schema\/person\/ea69703103e606ad347ccd64bd72ef79","name":"Reda\u00e7\u00e3o Cacau News","image":{"@type":"ImageObject","inLanguage":"pt-BR","@id":"https:\/\/cacaunews.com\/#\/schema\/person\/image\/","url":"https:\/\/secure.gravatar.com\/avatar\/d79227a2a7b6cc42e8d7a8f7c284cd3a?s=96&d=mm&r=g","contentUrl":"https:\/\/secure.gravatar.com\/avatar\/d79227a2a7b6cc42e8d7a8f7c284cd3a?s=96&d=mm&r=g","caption":"Reda\u00e7\u00e3o Cacau News"},"sameAs":["https:\/\/cacaunews.com"],"url":"https:\/\/cacaunews.com\/?author=1"}]}},"jetpack_sharing_enabled":true,"jetpack_featured_media_url":"https:\/\/cacaunews.com\/wp-content\/uploads\/2025\/04\/IMAGEM_NOTICIA_9281829.jpeg","_links":{"self":[{"href":"https:\/\/cacaunews.com\/index.php?rest_route=\/wp\/v2\/posts\/6224"}],"collection":[{"href":"https:\/\/cacaunews.com\/index.php?rest_route=\/wp\/v2\/posts"}],"about":[{"href":"https:\/\/cacaunews.com\/index.php?rest_route=\/wp\/v2\/types\/post"}],"author":[{"embeddable":true,"href":"https:\/\/cacaunews.com\/index.php?rest_route=\/wp\/v2\/users\/1"}],"replies":[{"embeddable":true,"href":"https:\/\/cacaunews.com\/index.php?rest_route=%2Fwp%2Fv2%2Fcomments&post=6224"}],"version-history":[{"count":0,"href":"https:\/\/cacaunews.com\/index.php?rest_route=\/wp\/v2\/posts\/6224\/revisions"}],"wp:featuredmedia":[{"embeddable":true,"href":"https:\/\/cacaunews.com\/index.php?rest_route=\/wp\/v2\/media\/6223"}],"wp:attachment":[{"href":"https:\/\/cacaunews.com\/index.php?rest_route=%2Fwp%2Fv2%2Fmedia&parent=6224"}],"wp:term":[{"taxonomy":"category","embeddable":true,"href":"https:\/\/cacaunews.com\/index.php?rest_route=%2Fwp%2Fv2%2Fcategories&post=6224"},{"taxonomy":"post_tag","embeddable":true,"href":"https:\/\/cacaunews.com\/index.php?rest_route=%2Fwp%2Fv2%2Ftags&post=6224"}],"curies":[{"name":"wp","href":"https:\/\/api.w.org\/{rel}","templated":true}]}}