{"id":6244,"date":"2025-04-14T11:00:44","date_gmt":"2025-04-14T11:00:44","guid":{"rendered":"https:\/\/cacaunews.com\/?p=6244"},"modified":"2025-04-14T11:00:44","modified_gmt":"2025-04-14T11:00:44","slug":"ex-comandante-geral-do-corpo-de-bombeiros-da-bahia-se-aposenta-com-remuneracao-de-r-71-mil-apos-exoneracao","status":"publish","type":"post","link":"https:\/\/cacaunews.com\/?p=6244","title":{"rendered":"Ex-comandante-geral do Corpo de Bombeiros da Bahia se aposenta com remunera\u00e7\u00e3o de R$ 71 mil ap\u00f3s exonera\u00e7\u00e3o."},"content":{"rendered":"\n<p>O ex-comandante-geral do Corpo de Bombeiros da Bahia, coronel Adson Marchesini, foi inclu\u00eddo na reserva remunerada, a aposentadoria da corpora\u00e7\u00e3o. A informa\u00e7\u00e3o foi publicada no Di\u00e1rio Oficial do Estado (DOE) desta sexta-feira (11).<br><br>Segundo o documento, Marchesini receber\u00e1 de R$ 71,5 mil por m\u00eas, ap\u00f3s a soma de todos os fatores levados em considera\u00e7\u00e3o, como tempo de servi\u00e7o e estabilidade econ\u00f4mica.<br><br>A decis\u00e3o \u00e9 de 10 de abril deste ano, 18 dias ap\u00f3s a data da publica\u00e7\u00e3o da exonera\u00e7\u00e3o de Marchesini do cargo que exercia, e a remunera\u00e7\u00e3o passa a valer desde ent\u00e3o. A substitui\u00e7\u00e3o pelo coronel Alo\u00edsio Mascarenhas Fernandes foi anunciada no dia 25 de mar\u00e7o pelo governador Jer\u00f4nimo Rodrigues (PT).<br><br>No dia 2 de abril, o ex-comandante-geral da Pol\u00edcia Militar da Bahia (PM-BA), coronel Paulo Jos\u00e9 Reis de Azevedo Coutinho, tamb\u00e9m foi inclu\u00eddo na reserva remunerada. Ele receber\u00e1 de R$ 64,4 mil por m\u00eas.<br><br>Al\u00e9m do Corpo de Bombeiros, outras tr\u00eas for\u00e7as da Seguran\u00e7a P\u00fablica estadual tiveram mudan\u00e7as de lideran\u00e7a: a Pol\u00edcia Civil (PC), a Pol\u00edcia Militar (PM) e o Departamento de Pol\u00edcia T\u00e9cnica (DPT).<br><br>Os nomes foram divulgados durante uma coletiva de imprensa realizada na sede do Centro de Opera\u00e7\u00f5es Especiais da Pol\u00edcia Civil (COE-PC), localizada no Centro Administrativo da Bahia (CAB), em Salvador, no dia 24 de mar\u00e7o.<br><br>As exonera\u00e7\u00f5es e respectivas nomea\u00e7\u00f5es foram publicadas no Di\u00e1rio Oficial do Estado (DOE) do dia seguinte. Confira a rela\u00e7\u00e3o abaixo:<\/p>\n\n\n\n<p>&#8211; Comandante-geral da PM: Ant\u00f4nio Carlos Silva Magalh\u00e3es substitui Paulo Jos\u00e9 Reis de Azevedo Coutinho.<\/p>\n\n\n\n<p>&#8211; Subcomandante-geral da PM: Ant\u00f4nio Nascimento Lopes substitui Nilton C\u00e9zar Machado Esp\u00edndola<\/p>\n\n\n\n<p>&#8211; Delegado-geral da PC: Andr\u00e9 Augusto de Mendon\u00e7a Viana substitui Helo\u00edsa Campos de Brito<\/p>\n\n\n\n<p>&#8211; Delegada-geral adjunta da PC: M\u00e1rcia Pereira dos Santos substitui Elaine Nogueira da Silva<\/p>\n\n\n\n<p>&#8211; Comandante-geral dos Bombeiros: Alo\u00edsio Mascarenhas Fernandes substitui Adson Marchesine<\/p>\n\n\n\n<p>&#8211; Subcomandante-geral dos Bombeiros: Jos\u00e9 Ant\u00f4nio Reis substitui Jorge Eduardo Piauhy De Ara\u00fajo<\/p>\n\n\n\n<p>&#8211; Diretor-geral do DPT: Osvaldo Silva substitui Ana Cec\u00edlia Cardoso Bandeira<\/p>\n\n\n\n<p><br>&#8211; Diretor-geral adjunto do DPT: Maur\u00edcio Mendes substitui Zidalva de Souza Moraes<\/p>\n\n\n\n<p>Com Informa\u00e7\u00f5es G1.<\/p>\n","protected":false},"excerpt":{"rendered":"<p>O ex-comandante-geral do Corpo de Bombeiros da Bahia, coronel Adson Marchesini, foi inclu\u00eddo na reserva&#8230;<\/p>\n","protected":false},"author":1,"featured_media":6243,"comment_status":"open","ping_status":"open","sticky":false,"template":"","format":"standard","meta":{"footnotes":""},"categories":[4,11],"tags":[2213,2212,39,654],"yoast_head":"<!-- This site is optimized with the Yoast SEO plugin v21.7 - https:\/\/yoast.com\/wordpress\/plugins\/seo\/ -->\n<title>Ex-comandante-geral do Corpo de Bombeiros da Bahia se aposenta com remunera\u00e7\u00e3o de R$ 71 mil ap\u00f3s exonera\u00e7\u00e3o. - Cacau News<\/title>\n<meta name=\"robots\" content=\"index, follow, max-snippet:-1, max-image-preview:large, max-video-preview:-1\" \/>\n<link rel=\"canonical\" href=\"https:\/\/cacaunews.com\/?p=6244\" \/>\n<meta property=\"og:locale\" content=\"pt_BR\" \/>\n<meta property=\"og:type\" content=\"article\" \/>\n<meta property=\"og:title\" content=\"Ex-comandante-geral do Corpo de Bombeiros da Bahia se aposenta com remunera\u00e7\u00e3o de R$ 71 mil ap\u00f3s exonera\u00e7\u00e3o. - Cacau News\" \/>\n<meta property=\"og:description\" content=\"O ex-comandante-geral do Corpo de Bombeiros da Bahia, coronel Adson Marchesini, foi inclu\u00eddo na reserva...\" \/>\n<meta property=\"og:url\" content=\"https:\/\/cacaunews.com\/?p=6244\" \/>\n<meta property=\"og:site_name\" content=\"Cacau News\" \/>\n<meta property=\"article:published_time\" content=\"2025-04-14T11:00:44+00:00\" \/>\n<meta property=\"og:image\" content=\"https:\/\/cacaunews.com\/wp-content\/uploads\/2025\/04\/IMG_3351.jpeg\" \/>\n\t<meta property=\"og:image:width\" content=\"640\" \/>\n\t<meta property=\"og:image:height\" content=\"403\" \/>\n\t<meta property=\"og:image:type\" content=\"image\/jpeg\" \/>\n<meta name=\"author\" content=\"Reda\u00e7\u00e3o Cacau News\" \/>\n<meta name=\"twitter:card\" content=\"summary_large_image\" \/>\n<meta name=\"twitter:label1\" content=\"Escrito por\" \/>\n\t<meta name=\"twitter:data1\" content=\"Reda\u00e7\u00e3o Cacau News\" \/>\n\t<meta name=\"twitter:label2\" content=\"Est. tempo de leitura\" \/>\n\t<meta name=\"twitter:data2\" content=\"2 minutos\" \/>\n<script type=\"application\/ld+json\" class=\"yoast-schema-graph\">{\"@context\":\"https:\/\/schema.org\",\"@graph\":[{\"@type\":\"Article\",\"@id\":\"https:\/\/cacaunews.com\/?p=6244#article\",\"isPartOf\":{\"@id\":\"https:\/\/cacaunews.com\/?p=6244\"},\"author\":{\"name\":\"Reda\u00e7\u00e3o Cacau News\",\"@id\":\"https:\/\/cacaunews.com\/#\/schema\/person\/ea69703103e606ad347ccd64bd72ef79\"},\"headline\":\"Ex-comandante-geral do Corpo de Bombeiros da Bahia se aposenta com remunera\u00e7\u00e3o de R$ 71 mil ap\u00f3s exonera\u00e7\u00e3o.\",\"datePublished\":\"2025-04-14T11:00:44+00:00\",\"dateModified\":\"2025-04-14T11:00:44+00:00\",\"mainEntityOfPage\":{\"@id\":\"https:\/\/cacaunews.com\/?p=6244\"},\"wordCount\":401,\"commentCount\":0,\"publisher\":{\"@id\":\"https:\/\/cacaunews.com\/#organization\"},\"keywords\":[\"Adson Marchesini\",\"aposentadoria\",\"bahia\",\"bombeiros\"],\"articleSection\":[\"Internet\",\"Jornalismo\"],\"inLanguage\":\"pt-BR\",\"potentialAction\":[{\"@type\":\"CommentAction\",\"name\":\"Comment\",\"target\":[\"https:\/\/cacaunews.com\/?p=6244#respond\"]}]},{\"@type\":\"WebPage\",\"@id\":\"https:\/\/cacaunews.com\/?p=6244\",\"url\":\"https:\/\/cacaunews.com\/?p=6244\",\"name\":\"Ex-comandante-geral do Corpo de Bombeiros da Bahia se aposenta com remunera\u00e7\u00e3o de R$ 71 mil ap\u00f3s exonera\u00e7\u00e3o. - Cacau News\",\"isPartOf\":{\"@id\":\"https:\/\/cacaunews.com\/#website\"},\"datePublished\":\"2025-04-14T11:00:44+00:00\",\"dateModified\":\"2025-04-14T11:00:44+00:00\",\"breadcrumb\":{\"@id\":\"https:\/\/cacaunews.com\/?p=6244#breadcrumb\"},\"inLanguage\":\"pt-BR\",\"potentialAction\":[{\"@type\":\"ReadAction\",\"target\":[\"https:\/\/cacaunews.com\/?p=6244\"]}]},{\"@type\":\"BreadcrumbList\",\"@id\":\"https:\/\/cacaunews.com\/?p=6244#breadcrumb\",\"itemListElement\":[{\"@type\":\"ListItem\",\"position\":1,\"name\":\"In\u00edcio\",\"item\":\"https:\/\/cacaunews.com\/\"},{\"@type\":\"ListItem\",\"position\":2,\"name\":\"Ex-comandante-geral do Corpo de Bombeiros da Bahia se aposenta com remunera\u00e7\u00e3o de R$ 71 mil ap\u00f3s exonera\u00e7\u00e3o.\"}]},{\"@type\":\"WebSite\",\"@id\":\"https:\/\/cacaunews.com\/#website\",\"url\":\"https:\/\/cacaunews.com\/\",\"name\":\"Cacau News\",\"description\":\"A Informa\u00e7\u00e3o que voc\u00ea precisa!\",\"publisher\":{\"@id\":\"https:\/\/cacaunews.com\/#organization\"},\"potentialAction\":[{\"@type\":\"SearchAction\",\"target\":{\"@type\":\"EntryPoint\",\"urlTemplate\":\"https:\/\/cacaunews.com\/?s={search_term_string}\"},\"query-input\":\"required name=search_term_string\"}],\"inLanguage\":\"pt-BR\"},{\"@type\":\"Organization\",\"@id\":\"https:\/\/cacaunews.com\/#organization\",\"name\":\"Cacau News\",\"url\":\"https:\/\/cacaunews.com\/\",\"logo\":{\"@type\":\"ImageObject\",\"inLanguage\":\"pt-BR\",\"@id\":\"https:\/\/cacaunews.com\/#\/schema\/logo\/image\/\",\"url\":\"https:\/\/cacaunews.com\/wp-content\/uploads\/2025\/01\/cropped-LOGO-NOVA.png\",\"contentUrl\":\"https:\/\/cacaunews.com\/wp-content\/uploads\/2025\/01\/cropped-LOGO-NOVA.png\",\"width\":813,\"height\":813,\"caption\":\"Cacau News\"},\"image\":{\"@id\":\"https:\/\/cacaunews.com\/#\/schema\/logo\/image\/\"},\"sameAs\":[\"https:\/\/www.instagram.com\/cacaunews.online\/\",\"https:\/\/youtube.com\/@cacaunews?si=0VXLnjl08SrWbVG9\"]},{\"@type\":\"Person\",\"@id\":\"https:\/\/cacaunews.com\/#\/schema\/person\/ea69703103e606ad347ccd64bd72ef79\",\"name\":\"Reda\u00e7\u00e3o Cacau News\",\"image\":{\"@type\":\"ImageObject\",\"inLanguage\":\"pt-BR\",\"@id\":\"https:\/\/cacaunews.com\/#\/schema\/person\/image\/\",\"url\":\"https:\/\/secure.gravatar.com\/avatar\/d79227a2a7b6cc42e8d7a8f7c284cd3a?s=96&d=mm&r=g\",\"contentUrl\":\"https:\/\/secure.gravatar.com\/avatar\/d79227a2a7b6cc42e8d7a8f7c284cd3a?s=96&d=mm&r=g\",\"caption\":\"Reda\u00e7\u00e3o Cacau News\"},\"sameAs\":[\"https:\/\/cacaunews.com\"],\"url\":\"https:\/\/cacaunews.com\/?author=1\"}]}<\/script>\n<!-- \/ Yoast SEO plugin. -->","yoast_head_json":{"title":"Ex-comandante-geral do Corpo de Bombeiros da Bahia se aposenta com remunera\u00e7\u00e3o de R$ 71 mil ap\u00f3s exonera\u00e7\u00e3o. - Cacau News","robots":{"index":"index","follow":"follow","max-snippet":"max-snippet:-1","max-image-preview":"max-image-preview:large","max-video-preview":"max-video-preview:-1"},"canonical":"https:\/\/cacaunews.com\/?p=6244","og_locale":"pt_BR","og_type":"article","og_title":"Ex-comandante-geral do Corpo de Bombeiros da Bahia se aposenta com remunera\u00e7\u00e3o de R$ 71 mil ap\u00f3s exonera\u00e7\u00e3o. - Cacau News","og_description":"O ex-comandante-geral do Corpo de Bombeiros da Bahia, coronel Adson Marchesini, foi inclu\u00eddo na reserva...","og_url":"https:\/\/cacaunews.com\/?p=6244","og_site_name":"Cacau News","article_published_time":"2025-04-14T11:00:44+00:00","og_image":[{"width":640,"height":403,"url":"https:\/\/cacaunews.com\/wp-content\/uploads\/2025\/04\/IMG_3351.jpeg","type":"image\/jpeg"}],"author":"Reda\u00e7\u00e3o Cacau News","twitter_card":"summary_large_image","twitter_misc":{"Escrito por":"Reda\u00e7\u00e3o Cacau News","Est. tempo de leitura":"2 minutos"},"schema":{"@context":"https:\/\/schema.org","@graph":[{"@type":"Article","@id":"https:\/\/cacaunews.com\/?p=6244#article","isPartOf":{"@id":"https:\/\/cacaunews.com\/?p=6244"},"author":{"name":"Reda\u00e7\u00e3o Cacau News","@id":"https:\/\/cacaunews.com\/#\/schema\/person\/ea69703103e606ad347ccd64bd72ef79"},"headline":"Ex-comandante-geral do Corpo de Bombeiros da Bahia se aposenta com remunera\u00e7\u00e3o de R$ 71 mil ap\u00f3s exonera\u00e7\u00e3o.","datePublished":"2025-04-14T11:00:44+00:00","dateModified":"2025-04-14T11:00:44+00:00","mainEntityOfPage":{"@id":"https:\/\/cacaunews.com\/?p=6244"},"wordCount":401,"commentCount":0,"publisher":{"@id":"https:\/\/cacaunews.com\/#organization"},"keywords":["Adson Marchesini","aposentadoria","bahia","bombeiros"],"articleSection":["Internet","Jornalismo"],"inLanguage":"pt-BR","potentialAction":[{"@type":"CommentAction","name":"Comment","target":["https:\/\/cacaunews.com\/?p=6244#respond"]}]},{"@type":"WebPage","@id":"https:\/\/cacaunews.com\/?p=6244","url":"https:\/\/cacaunews.com\/?p=6244","name":"Ex-comandante-geral do Corpo de Bombeiros da Bahia se aposenta com remunera\u00e7\u00e3o de R$ 71 mil ap\u00f3s exonera\u00e7\u00e3o. - Cacau News","isPartOf":{"@id":"https:\/\/cacaunews.com\/#website"},"datePublished":"2025-04-14T11:00:44+00:00","dateModified":"2025-04-14T11:00:44+00:00","breadcrumb":{"@id":"https:\/\/cacaunews.com\/?p=6244#breadcrumb"},"inLanguage":"pt-BR","potentialAction":[{"@type":"ReadAction","target":["https:\/\/cacaunews.com\/?p=6244"]}]},{"@type":"BreadcrumbList","@id":"https:\/\/cacaunews.com\/?p=6244#breadcrumb","itemListElement":[{"@type":"ListItem","position":1,"name":"In\u00edcio","item":"https:\/\/cacaunews.com\/"},{"@type":"ListItem","position":2,"name":"Ex-comandante-geral do Corpo de Bombeiros da Bahia se aposenta com remunera\u00e7\u00e3o de R$ 71 mil ap\u00f3s exonera\u00e7\u00e3o."}]},{"@type":"WebSite","@id":"https:\/\/cacaunews.com\/#website","url":"https:\/\/cacaunews.com\/","name":"Cacau News","description":"A Informa\u00e7\u00e3o que voc\u00ea precisa!","publisher":{"@id":"https:\/\/cacaunews.com\/#organization"},"potentialAction":[{"@type":"SearchAction","target":{"@type":"EntryPoint","urlTemplate":"https:\/\/cacaunews.com\/?s={search_term_string}"},"query-input":"required name=search_term_string"}],"inLanguage":"pt-BR"},{"@type":"Organization","@id":"https:\/\/cacaunews.com\/#organization","name":"Cacau News","url":"https:\/\/cacaunews.com\/","logo":{"@type":"ImageObject","inLanguage":"pt-BR","@id":"https:\/\/cacaunews.com\/#\/schema\/logo\/image\/","url":"https:\/\/cacaunews.com\/wp-content\/uploads\/2025\/01\/cropped-LOGO-NOVA.png","contentUrl":"https:\/\/cacaunews.com\/wp-content\/uploads\/2025\/01\/cropped-LOGO-NOVA.png","width":813,"height":813,"caption":"Cacau News"},"image":{"@id":"https:\/\/cacaunews.com\/#\/schema\/logo\/image\/"},"sameAs":["https:\/\/www.instagram.com\/cacaunews.online\/","https:\/\/youtube.com\/@cacaunews?si=0VXLnjl08SrWbVG9"]},{"@type":"Person","@id":"https:\/\/cacaunews.com\/#\/schema\/person\/ea69703103e606ad347ccd64bd72ef79","name":"Reda\u00e7\u00e3o Cacau News","image":{"@type":"ImageObject","inLanguage":"pt-BR","@id":"https:\/\/cacaunews.com\/#\/schema\/person\/image\/","url":"https:\/\/secure.gravatar.com\/avatar\/d79227a2a7b6cc42e8d7a8f7c284cd3a?s=96&d=mm&r=g","contentUrl":"https:\/\/secure.gravatar.com\/avatar\/d79227a2a7b6cc42e8d7a8f7c284cd3a?s=96&d=mm&r=g","caption":"Reda\u00e7\u00e3o Cacau News"},"sameAs":["https:\/\/cacaunews.com"],"url":"https:\/\/cacaunews.com\/?author=1"}]}},"jetpack_sharing_enabled":true,"jetpack_featured_media_url":"https:\/\/cacaunews.com\/wp-content\/uploads\/2025\/04\/IMG_3351.jpeg","_links":{"self":[{"href":"https:\/\/cacaunews.com\/index.php?rest_route=\/wp\/v2\/posts\/6244"}],"collection":[{"href":"https:\/\/cacaunews.com\/index.php?rest_route=\/wp\/v2\/posts"}],"about":[{"href":"https:\/\/cacaunews.com\/index.php?rest_route=\/wp\/v2\/types\/post"}],"author":[{"embeddable":true,"href":"https:\/\/cacaunews.com\/index.php?rest_route=\/wp\/v2\/users\/1"}],"replies":[{"embeddable":true,"href":"https:\/\/cacaunews.com\/index.php?rest_route=%2Fwp%2Fv2%2Fcomments&post=6244"}],"version-history":[{"count":0,"href":"https:\/\/cacaunews.com\/index.php?rest_route=\/wp\/v2\/posts\/6244\/revisions"}],"wp:featuredmedia":[{"embeddable":true,"href":"https:\/\/cacaunews.com\/index.php?rest_route=\/wp\/v2\/media\/6243"}],"wp:attachment":[{"href":"https:\/\/cacaunews.com\/index.php?rest_route=%2Fwp%2Fv2%2Fmedia&parent=6244"}],"wp:term":[{"taxonomy":"category","embeddable":true,"href":"https:\/\/cacaunews.com\/index.php?rest_route=%2Fwp%2Fv2%2Fcategories&post=6244"},{"taxonomy":"post_tag","embeddable":true,"href":"https:\/\/cacaunews.com\/index.php?rest_route=%2Fwp%2Fv2%2Ftags&post=6244"}],"curies":[{"name":"wp","href":"https:\/\/api.w.org\/{rel}","templated":true}]}}