{"id":6270,"date":"2025-04-17T13:50:45","date_gmt":"2025-04-17T13:50:45","guid":{"rendered":"https:\/\/cacaunews.com\/?p=6270"},"modified":"2025-04-17T21:23:55","modified_gmt":"2025-04-17T21:23:55","slug":"itabuna-mulher-e-presa-acusada-de-furto-qualificado-na-loja-em-que-trabalhava-na-cinquentenario","status":"publish","type":"post","link":"https:\/\/cacaunews.com\/?p=6270","title":{"rendered":"Itabuna: Mulher \u00e9 presa acusada de furto qualificado na loja em que trabalhava na Cinquenten\u00e1rio."},"content":{"rendered":"\n<p>Na tarde desta quarta-feira (16), uma funcion\u00e1ria de uma loja situada na movimentada Avenida Cinquenten\u00e1rio, em Itabuna, foi presa em flagrante sob a acusa\u00e7\u00e3o de furto qualificado. A a\u00e7\u00e3o ocorreu ap\u00f3s os propriet\u00e1rios do estabelecimento 10 e Cia identificarem preju\u00edzos financeiros recorrentes e desconfiarem da conduta de uma das colaboradoras.<\/p>\n\n\n\n<p>Segundo informa\u00e7\u00f5es do Blog Verdinho, as suspeitas surgiram quando os donos notaram que a funcion\u00e1ria levava um estilo de vida considerado incompat\u00edvel com o sal\u00e1rio que recebia. Viagens internacionais, aquisi\u00e7\u00e3o de um carro novo e compra de celulares de \u00faltima gera\u00e7\u00e3o, frequentemente exibidos nas redes sociais, chamaram aten\u00e7\u00e3o. Diante disso, os empres\u00e1rios iniciaram um monitoramento discreto das atividades virtuais da colaboradora.<br><br>Ap\u00f3s a confirma\u00e7\u00e3o das suspeitas, a funcion\u00e1ria foi surpreendida em ato de furto dentro da pr\u00f3pria loja. Detida pelos patr\u00f5es, ela foi encaminhada ao plant\u00e3o da Pol\u00edcia Civil de Itabuna, onde permanece \u00e0 disposi\u00e7\u00e3o da Justi\u00e7a, aguardando os procedimentos legais.<br><br>A Pol\u00edcia Civil informou que ir\u00e1 aprofundar as investiga\u00e7\u00f5es para apurar o valor total do preju\u00edzo e h\u00e1 quanto tempo os furtos vinham sendo cometidos.<\/p>\n\n\n\n<p>Com Informa\u00e7\u00f5es Blog Verdinho.<\/p>\n","protected":false},"excerpt":{"rendered":"<p>Na tarde desta quarta-feira (16), uma funcion\u00e1ria de uma loja situada na movimentada Avenida Cinquenten\u00e1rio,&#8230;<\/p>\n","protected":false},"author":1,"featured_media":6272,"comment_status":"open","ping_status":"open","sticky":false,"template":"","format":"standard","meta":{"footnotes":""},"categories":[18,11,1988],"tags":[1932,2225,2224,27],"yoast_head":"<!-- This site is optimized with the Yoast SEO plugin v21.7 - https:\/\/yoast.com\/wordpress\/plugins\/seo\/ -->\n<title>Itabuna: Mulher \u00e9 presa acusada de furto qualificado na loja em que trabalhava na Cinquenten\u00e1rio. - Cacau News<\/title>\n<meta name=\"robots\" content=\"index, follow, max-snippet:-1, max-image-preview:large, max-video-preview:-1\" \/>\n<link rel=\"canonical\" href=\"https:\/\/cacaunews.com\/?p=6270\" \/>\n<meta property=\"og:locale\" content=\"pt_BR\" \/>\n<meta property=\"og:type\" content=\"article\" \/>\n<meta property=\"og:title\" content=\"Itabuna: Mulher \u00e9 presa acusada de furto qualificado na loja em que trabalhava na Cinquenten\u00e1rio. - Cacau News\" \/>\n<meta property=\"og:description\" content=\"Na tarde desta quarta-feira (16), uma funcion\u00e1ria de uma loja situada na movimentada Avenida Cinquenten\u00e1rio,...\" \/>\n<meta property=\"og:url\" content=\"https:\/\/cacaunews.com\/?p=6270\" \/>\n<meta property=\"og:site_name\" content=\"Cacau News\" \/>\n<meta property=\"article:published_time\" content=\"2025-04-17T13:50:45+00:00\" \/>\n<meta property=\"article:modified_time\" content=\"2025-04-17T21:23:55+00:00\" \/>\n<meta property=\"og:image\" content=\"https:\/\/cacaunews.com\/wp-content\/uploads\/2025\/04\/WhatsAppImage2025-04-17at10.06.4928329.jpeg\" \/>\n\t<meta property=\"og:image:width\" content=\"702\" \/>\n\t<meta property=\"og:image:height\" content=\"526\" \/>\n\t<meta property=\"og:image:type\" content=\"image\/jpeg\" \/>\n<meta name=\"author\" content=\"Reda\u00e7\u00e3o Cacau News\" \/>\n<meta name=\"twitter:card\" content=\"summary_large_image\" \/>\n<meta name=\"twitter:label1\" content=\"Escrito por\" \/>\n\t<meta name=\"twitter:data1\" content=\"Reda\u00e7\u00e3o Cacau News\" \/>\n\t<meta name=\"twitter:label2\" content=\"Est. tempo de leitura\" \/>\n\t<meta name=\"twitter:data2\" content=\"1 minuto\" \/>\n<script type=\"application\/ld+json\" class=\"yoast-schema-graph\">{\"@context\":\"https:\/\/schema.org\",\"@graph\":[{\"@type\":\"Article\",\"@id\":\"https:\/\/cacaunews.com\/?p=6270#article\",\"isPartOf\":{\"@id\":\"https:\/\/cacaunews.com\/?p=6270\"},\"author\":{\"name\":\"Reda\u00e7\u00e3o Cacau News\",\"@id\":\"https:\/\/cacaunews.com\/#\/schema\/person\/ea69703103e606ad347ccd64bd72ef79\"},\"headline\":\"Itabuna: Mulher \u00e9 presa acusada de furto qualificado na loja em que trabalhava na Cinquenten\u00e1rio.\",\"datePublished\":\"2025-04-17T13:50:45+00:00\",\"dateModified\":\"2025-04-17T21:23:55+00:00\",\"mainEntityOfPage\":{\"@id\":\"https:\/\/cacaunews.com\/?p=6270\"},\"wordCount\":220,\"commentCount\":0,\"publisher\":{\"@id\":\"https:\/\/cacaunews.com\/#organization\"},\"keywords\":[\"com\u00e9rcio\",\"funcion\u00e1ria\",\"furto qualificado\",\"itabuna\"],\"articleSection\":[\"cidades\",\"Jornalismo\",\"Pol\u00edcia\"],\"inLanguage\":\"pt-BR\",\"potentialAction\":[{\"@type\":\"CommentAction\",\"name\":\"Comment\",\"target\":[\"https:\/\/cacaunews.com\/?p=6270#respond\"]}]},{\"@type\":\"WebPage\",\"@id\":\"https:\/\/cacaunews.com\/?p=6270\",\"url\":\"https:\/\/cacaunews.com\/?p=6270\",\"name\":\"Itabuna: Mulher \u00e9 presa acusada de furto qualificado na loja em que trabalhava na Cinquenten\u00e1rio. - Cacau News\",\"isPartOf\":{\"@id\":\"https:\/\/cacaunews.com\/#website\"},\"datePublished\":\"2025-04-17T13:50:45+00:00\",\"dateModified\":\"2025-04-17T21:23:55+00:00\",\"breadcrumb\":{\"@id\":\"https:\/\/cacaunews.com\/?p=6270#breadcrumb\"},\"inLanguage\":\"pt-BR\",\"potentialAction\":[{\"@type\":\"ReadAction\",\"target\":[\"https:\/\/cacaunews.com\/?p=6270\"]}]},{\"@type\":\"BreadcrumbList\",\"@id\":\"https:\/\/cacaunews.com\/?p=6270#breadcrumb\",\"itemListElement\":[{\"@type\":\"ListItem\",\"position\":1,\"name\":\"In\u00edcio\",\"item\":\"https:\/\/cacaunews.com\/\"},{\"@type\":\"ListItem\",\"position\":2,\"name\":\"Itabuna: Mulher \u00e9 presa acusada de furto qualificado na loja em que trabalhava na Cinquenten\u00e1rio.\"}]},{\"@type\":\"WebSite\",\"@id\":\"https:\/\/cacaunews.com\/#website\",\"url\":\"https:\/\/cacaunews.com\/\",\"name\":\"Cacau News\",\"description\":\"A Informa\u00e7\u00e3o que voc\u00ea precisa!\",\"publisher\":{\"@id\":\"https:\/\/cacaunews.com\/#organization\"},\"potentialAction\":[{\"@type\":\"SearchAction\",\"target\":{\"@type\":\"EntryPoint\",\"urlTemplate\":\"https:\/\/cacaunews.com\/?s={search_term_string}\"},\"query-input\":\"required name=search_term_string\"}],\"inLanguage\":\"pt-BR\"},{\"@type\":\"Organization\",\"@id\":\"https:\/\/cacaunews.com\/#organization\",\"name\":\"Cacau News\",\"url\":\"https:\/\/cacaunews.com\/\",\"logo\":{\"@type\":\"ImageObject\",\"inLanguage\":\"pt-BR\",\"@id\":\"https:\/\/cacaunews.com\/#\/schema\/logo\/image\/\",\"url\":\"https:\/\/cacaunews.com\/wp-content\/uploads\/2025\/01\/cropped-LOGO-NOVA.png\",\"contentUrl\":\"https:\/\/cacaunews.com\/wp-content\/uploads\/2025\/01\/cropped-LOGO-NOVA.png\",\"width\":813,\"height\":813,\"caption\":\"Cacau News\"},\"image\":{\"@id\":\"https:\/\/cacaunews.com\/#\/schema\/logo\/image\/\"},\"sameAs\":[\"https:\/\/www.instagram.com\/cacaunews.online\/\",\"https:\/\/youtube.com\/@cacaunews?si=0VXLnjl08SrWbVG9\"]},{\"@type\":\"Person\",\"@id\":\"https:\/\/cacaunews.com\/#\/schema\/person\/ea69703103e606ad347ccd64bd72ef79\",\"name\":\"Reda\u00e7\u00e3o Cacau News\",\"image\":{\"@type\":\"ImageObject\",\"inLanguage\":\"pt-BR\",\"@id\":\"https:\/\/cacaunews.com\/#\/schema\/person\/image\/\",\"url\":\"https:\/\/secure.gravatar.com\/avatar\/d79227a2a7b6cc42e8d7a8f7c284cd3a?s=96&d=mm&r=g\",\"contentUrl\":\"https:\/\/secure.gravatar.com\/avatar\/d79227a2a7b6cc42e8d7a8f7c284cd3a?s=96&d=mm&r=g\",\"caption\":\"Reda\u00e7\u00e3o Cacau News\"},\"sameAs\":[\"https:\/\/cacaunews.com\"],\"url\":\"https:\/\/cacaunews.com\/?author=1\"}]}<\/script>\n<!-- \/ Yoast SEO plugin. -->","yoast_head_json":{"title":"Itabuna: Mulher \u00e9 presa acusada de furto qualificado na loja em que trabalhava na Cinquenten\u00e1rio. - Cacau News","robots":{"index":"index","follow":"follow","max-snippet":"max-snippet:-1","max-image-preview":"max-image-preview:large","max-video-preview":"max-video-preview:-1"},"canonical":"https:\/\/cacaunews.com\/?p=6270","og_locale":"pt_BR","og_type":"article","og_title":"Itabuna: Mulher \u00e9 presa acusada de furto qualificado na loja em que trabalhava na Cinquenten\u00e1rio. - Cacau News","og_description":"Na tarde desta quarta-feira (16), uma funcion\u00e1ria de uma loja situada na movimentada Avenida Cinquenten\u00e1rio,...","og_url":"https:\/\/cacaunews.com\/?p=6270","og_site_name":"Cacau News","article_published_time":"2025-04-17T13:50:45+00:00","article_modified_time":"2025-04-17T21:23:55+00:00","og_image":[{"width":702,"height":526,"url":"https:\/\/cacaunews.com\/wp-content\/uploads\/2025\/04\/WhatsAppImage2025-04-17at10.06.4928329.jpeg","type":"image\/jpeg"}],"author":"Reda\u00e7\u00e3o Cacau News","twitter_card":"summary_large_image","twitter_misc":{"Escrito por":"Reda\u00e7\u00e3o Cacau News","Est. tempo de leitura":"1 minuto"},"schema":{"@context":"https:\/\/schema.org","@graph":[{"@type":"Article","@id":"https:\/\/cacaunews.com\/?p=6270#article","isPartOf":{"@id":"https:\/\/cacaunews.com\/?p=6270"},"author":{"name":"Reda\u00e7\u00e3o Cacau News","@id":"https:\/\/cacaunews.com\/#\/schema\/person\/ea69703103e606ad347ccd64bd72ef79"},"headline":"Itabuna: Mulher \u00e9 presa acusada de furto qualificado na loja em que trabalhava na Cinquenten\u00e1rio.","datePublished":"2025-04-17T13:50:45+00:00","dateModified":"2025-04-17T21:23:55+00:00","mainEntityOfPage":{"@id":"https:\/\/cacaunews.com\/?p=6270"},"wordCount":220,"commentCount":0,"publisher":{"@id":"https:\/\/cacaunews.com\/#organization"},"keywords":["com\u00e9rcio","funcion\u00e1ria","furto qualificado","itabuna"],"articleSection":["cidades","Jornalismo","Pol\u00edcia"],"inLanguage":"pt-BR","potentialAction":[{"@type":"CommentAction","name":"Comment","target":["https:\/\/cacaunews.com\/?p=6270#respond"]}]},{"@type":"WebPage","@id":"https:\/\/cacaunews.com\/?p=6270","url":"https:\/\/cacaunews.com\/?p=6270","name":"Itabuna: Mulher \u00e9 presa acusada de furto qualificado na loja em que trabalhava na Cinquenten\u00e1rio. - Cacau News","isPartOf":{"@id":"https:\/\/cacaunews.com\/#website"},"datePublished":"2025-04-17T13:50:45+00:00","dateModified":"2025-04-17T21:23:55+00:00","breadcrumb":{"@id":"https:\/\/cacaunews.com\/?p=6270#breadcrumb"},"inLanguage":"pt-BR","potentialAction":[{"@type":"ReadAction","target":["https:\/\/cacaunews.com\/?p=6270"]}]},{"@type":"BreadcrumbList","@id":"https:\/\/cacaunews.com\/?p=6270#breadcrumb","itemListElement":[{"@type":"ListItem","position":1,"name":"In\u00edcio","item":"https:\/\/cacaunews.com\/"},{"@type":"ListItem","position":2,"name":"Itabuna: Mulher \u00e9 presa acusada de furto qualificado na loja em que trabalhava na Cinquenten\u00e1rio."}]},{"@type":"WebSite","@id":"https:\/\/cacaunews.com\/#website","url":"https:\/\/cacaunews.com\/","name":"Cacau News","description":"A Informa\u00e7\u00e3o que voc\u00ea precisa!","publisher":{"@id":"https:\/\/cacaunews.com\/#organization"},"potentialAction":[{"@type":"SearchAction","target":{"@type":"EntryPoint","urlTemplate":"https:\/\/cacaunews.com\/?s={search_term_string}"},"query-input":"required name=search_term_string"}],"inLanguage":"pt-BR"},{"@type":"Organization","@id":"https:\/\/cacaunews.com\/#organization","name":"Cacau News","url":"https:\/\/cacaunews.com\/","logo":{"@type":"ImageObject","inLanguage":"pt-BR","@id":"https:\/\/cacaunews.com\/#\/schema\/logo\/image\/","url":"https:\/\/cacaunews.com\/wp-content\/uploads\/2025\/01\/cropped-LOGO-NOVA.png","contentUrl":"https:\/\/cacaunews.com\/wp-content\/uploads\/2025\/01\/cropped-LOGO-NOVA.png","width":813,"height":813,"caption":"Cacau News"},"image":{"@id":"https:\/\/cacaunews.com\/#\/schema\/logo\/image\/"},"sameAs":["https:\/\/www.instagram.com\/cacaunews.online\/","https:\/\/youtube.com\/@cacaunews?si=0VXLnjl08SrWbVG9"]},{"@type":"Person","@id":"https:\/\/cacaunews.com\/#\/schema\/person\/ea69703103e606ad347ccd64bd72ef79","name":"Reda\u00e7\u00e3o Cacau News","image":{"@type":"ImageObject","inLanguage":"pt-BR","@id":"https:\/\/cacaunews.com\/#\/schema\/person\/image\/","url":"https:\/\/secure.gravatar.com\/avatar\/d79227a2a7b6cc42e8d7a8f7c284cd3a?s=96&d=mm&r=g","contentUrl":"https:\/\/secure.gravatar.com\/avatar\/d79227a2a7b6cc42e8d7a8f7c284cd3a?s=96&d=mm&r=g","caption":"Reda\u00e7\u00e3o Cacau News"},"sameAs":["https:\/\/cacaunews.com"],"url":"https:\/\/cacaunews.com\/?author=1"}]}},"jetpack_sharing_enabled":true,"jetpack_featured_media_url":"https:\/\/cacaunews.com\/wp-content\/uploads\/2025\/04\/IMG_20250417_182502.jpg","_links":{"self":[{"href":"https:\/\/cacaunews.com\/index.php?rest_route=\/wp\/v2\/posts\/6270"}],"collection":[{"href":"https:\/\/cacaunews.com\/index.php?rest_route=\/wp\/v2\/posts"}],"about":[{"href":"https:\/\/cacaunews.com\/index.php?rest_route=\/wp\/v2\/types\/post"}],"author":[{"embeddable":true,"href":"https:\/\/cacaunews.com\/index.php?rest_route=\/wp\/v2\/users\/1"}],"replies":[{"embeddable":true,"href":"https:\/\/cacaunews.com\/index.php?rest_route=%2Fwp%2Fv2%2Fcomments&post=6270"}],"version-history":[{"count":1,"href":"https:\/\/cacaunews.com\/index.php?rest_route=\/wp\/v2\/posts\/6270\/revisions"}],"predecessor-version":[{"id":6271,"href":"https:\/\/cacaunews.com\/index.php?rest_route=\/wp\/v2\/posts\/6270\/revisions\/6271"}],"wp:featuredmedia":[{"embeddable":true,"href":"https:\/\/cacaunews.com\/index.php?rest_route=\/wp\/v2\/media\/6272"}],"wp:attachment":[{"href":"https:\/\/cacaunews.com\/index.php?rest_route=%2Fwp%2Fv2%2Fmedia&parent=6270"}],"wp:term":[{"taxonomy":"category","embeddable":true,"href":"https:\/\/cacaunews.com\/index.php?rest_route=%2Fwp%2Fv2%2Fcategories&post=6270"},{"taxonomy":"post_tag","embeddable":true,"href":"https:\/\/cacaunews.com\/index.php?rest_route=%2Fwp%2Fv2%2Ftags&post=6270"}],"curies":[{"name":"wp","href":"https:\/\/api.w.org\/{rel}","templated":true}]}}