{"id":628,"date":"2023-01-16T20:55:32","date_gmt":"2023-01-16T20:55:32","guid":{"rendered":"https:\/\/cacaunews.com\/?p=628"},"modified":"2023-01-16T20:55:34","modified_gmt":"2023-01-16T20:55:34","slug":"itabuna-prefeito-assina-decreto-que-reestrutura-procuradoria-geral-do-municipio","status":"publish","type":"post","link":"https:\/\/cacaunews.com\/?p=628","title":{"rendered":"Itabuna: Prefeito assina decreto que reestrutura Procuradoria-Geral do Munic\u00edpio."},"content":{"rendered":"\n<p>Durante encontro na manh\u00e3 desta sexta-feira, dia 13, em seu gabinete, o prefeito de Itabuna, Augusto Castro (PSD), assinou decreto que reestrutura a Procuradoria-Geral do Munic\u00edpio, com a nomea\u00e7\u00e3o dos primeiros procuradores de carreira.<br><br>O reenquadramento de tr\u00eas advogados no cargo de procurador e a admiss\u00e3o de procuradores concursados tamb\u00e9m integram o decreto, como determina a Lei Org\u00e2nica do Munic\u00edpio de Itabuna (LOMI).<br><br>O procurador-geral do munic\u00edpio, \u00c1lvaro Luiz Ferreira, informou que a Lei n\u00ba 2.610, de 7 de dezembro de 2022, que regulamenta a estrutura da Procuradoria-Geral, j\u00e1 tinha sido sancionada no final do ano passado pelo prefeito Augusto Castro com a cria\u00e7\u00e3o de cargos de provimento efetivo al\u00e9m de comissionados. A san\u00e7\u00e3o, depois da aprova\u00e7\u00e3o de projeto pela C\u00e2mara de Vereadores, atendeu a antigo pleito.<\/p>\n\n\n\n<figure class=\"wp-block-image size-large\"><img fetchpriority=\"high\" decoding=\"async\" width=\"1024\" height=\"133\" src=\"https:\/\/cacaunews.com\/wp-content\/uploads\/2022\/12\/Divulgue-conosco-1024x133.png\" alt=\"\" class=\"wp-image-178\" srcset=\"https:\/\/cacaunews.com\/wp-content\/uploads\/2022\/12\/Divulgue-conosco-1024x133.png 1024w, https:\/\/cacaunews.com\/wp-content\/uploads\/2022\/12\/Divulgue-conosco-300x39.png 300w, https:\/\/cacaunews.com\/wp-content\/uploads\/2022\/12\/Divulgue-conosco-768x100.png 768w, https:\/\/cacaunews.com\/wp-content\/uploads\/2022\/12\/Divulgue-conosco-1536x200.png 1536w, https:\/\/cacaunews.com\/wp-content\/uploads\/2022\/12\/Divulgue-conosco.png 1920w\" sizes=\"(max-width: 1024px) 100vw, 1024px\" \/><\/figure>\n\n\n\n<p><br><br>\u201cNa reuni\u00e3o desta sexta-feira, as nomea\u00e7\u00f5es foram convertidas em cargos efetivos para os tr\u00eas primeiros procuradores de carreira do munic\u00edpio de Itabuna, num passo importante dado pelo prefeito Augusto Castro, para a efetiva\u00e7\u00e3o das a\u00e7\u00f5es da Procuradoria, com base na Lei Org\u00e2nica do Munic\u00edpio\u201d, destacou, o \u00c1lvaro Luiz Ferreira.<br><br>O secret\u00e1rio de Governo, Jos\u00e9 Alberto de Lima Filho, explicou que a reestrutura\u00e7\u00e3o da Procuradoria- Geral foi efetivada para atender a uma necessidade e diante da realiza\u00e7\u00e3o do concurso p\u00fablico que a Prefeitura vai realizar ainda este ano para o preenchimento de mais de cerca de 700 vagas no servi\u00e7o p\u00fablico. O processo licitat\u00f3rio para contrata\u00e7\u00e3o de empresa est\u00e1 em andamento.<br><br>Jos\u00e9 Alberto informou ainda que at\u00e9 ent\u00e3o, os atuais procuradores eram nomeados para o cargo de provimento em comiss\u00e3o. Com a reestrutura\u00e7\u00e3o da Procuradoria, ficam criados os cargos de procuradores efetivos e cargos comissionados de Chefia de procuradorias espec\u00edficas.<br><br>Para o secret\u00e1rio de Governo, a reestrutura\u00e7\u00e3o da Procuradoria permite que cumpra sua miss\u00e3o de forma legalizada e cujas fun\u00e7\u00f5es abrangem desde a consultoria at\u00e9 o assessoramento jur\u00eddico e t\u00e9cnico-legislativo do Poder Executivo municipal.<br><br>\u201cA PGM tem a importante miss\u00e3o de orientar a condu\u00e7\u00e3o de processos administrativos e representar o munic\u00edpio nos processos judiciais em todas as inst\u00e2ncias. Assim, ela atende a Administra\u00e7\u00e3o direta e tamb\u00e9m as funda\u00e7\u00f5es\u201d, concluiu o secret\u00e1rio.<br>___________<br>Departamento de Comunica\u00e7\u00e3o Social<br>Prefeitura de Itabuna<\/p>\n","protected":false},"excerpt":{"rendered":"<p>Durante encontro na manh\u00e3 desta sexta-feira, dia 13, em seu gabinete, o prefeito de Itabuna,&#8230;<\/p>\n","protected":false},"author":1,"featured_media":627,"comment_status":"open","ping_status":"open","sticky":false,"template":"","format":"standard","meta":{"footnotes":""},"categories":[18],"tags":[27,190,191],"yoast_head":"<!-- This site is optimized with the Yoast SEO plugin v21.7 - https:\/\/yoast.com\/wordpress\/plugins\/seo\/ -->\n<title>Itabuna: Prefeito assina decreto que reestrutura Procuradoria-Geral do Munic\u00edpio. - Cacau News<\/title>\n<meta name=\"robots\" content=\"index, follow, max-snippet:-1, max-image-preview:large, max-video-preview:-1\" \/>\n<link rel=\"canonical\" href=\"https:\/\/cacaunews.com\/?p=628\" \/>\n<meta property=\"og:locale\" content=\"pt_BR\" \/>\n<meta property=\"og:type\" content=\"article\" \/>\n<meta property=\"og:title\" content=\"Itabuna: Prefeito assina decreto que reestrutura Procuradoria-Geral do Munic\u00edpio. - Cacau News\" \/>\n<meta property=\"og:description\" content=\"Durante encontro na manh\u00e3 desta sexta-feira, dia 13, em seu gabinete, o prefeito de Itabuna,...\" \/>\n<meta property=\"og:url\" content=\"https:\/\/cacaunews.com\/?p=628\" \/>\n<meta property=\"og:site_name\" content=\"Cacau News\" \/>\n<meta property=\"article:published_time\" content=\"2023-01-16T20:55:32+00:00\" \/>\n<meta property=\"article:modified_time\" content=\"2023-01-16T20:55:34+00:00\" \/>\n<meta property=\"og:image\" content=\"https:\/\/cacaunews.com\/wp-content\/uploads\/2023\/01\/dfc69550-ccce-4125-9bee-c38c8be0ad3d.jpg\" \/>\n\t<meta property=\"og:image:width\" content=\"1417\" \/>\n\t<meta property=\"og:image:height\" content=\"946\" \/>\n\t<meta property=\"og:image:type\" content=\"image\/jpeg\" \/>\n<meta name=\"author\" content=\"Reda\u00e7\u00e3o Cacau News\" \/>\n<meta name=\"twitter:card\" content=\"summary_large_image\" \/>\n<meta name=\"twitter:label1\" content=\"Escrito por\" \/>\n\t<meta name=\"twitter:data1\" content=\"Reda\u00e7\u00e3o Cacau News\" \/>\n\t<meta name=\"twitter:label2\" content=\"Est. tempo de leitura\" \/>\n\t<meta name=\"twitter:data2\" content=\"2 minutos\" \/>\n<script type=\"application\/ld+json\" class=\"yoast-schema-graph\">{\"@context\":\"https:\/\/schema.org\",\"@graph\":[{\"@type\":\"Article\",\"@id\":\"https:\/\/cacaunews.com\/?p=628#article\",\"isPartOf\":{\"@id\":\"https:\/\/cacaunews.com\/?p=628\"},\"author\":{\"name\":\"Reda\u00e7\u00e3o Cacau News\",\"@id\":\"https:\/\/cacaunews.com\/#\/schema\/person\/ea69703103e606ad347ccd64bd72ef79\"},\"headline\":\"Itabuna: Prefeito assina decreto que reestrutura Procuradoria-Geral do Munic\u00edpio.\",\"datePublished\":\"2023-01-16T20:55:32+00:00\",\"dateModified\":\"2023-01-16T20:55:34+00:00\",\"mainEntityOfPage\":{\"@id\":\"https:\/\/cacaunews.com\/?p=628\"},\"wordCount\":406,\"commentCount\":0,\"publisher\":{\"@id\":\"https:\/\/cacaunews.com\/#organization\"},\"keywords\":[\"itabuna\",\"procuradoria\",\"reestrutura\u00e7\u00e3o\"],\"articleSection\":[\"cidades\"],\"inLanguage\":\"pt-BR\",\"potentialAction\":[{\"@type\":\"CommentAction\",\"name\":\"Comment\",\"target\":[\"https:\/\/cacaunews.com\/?p=628#respond\"]}]},{\"@type\":\"WebPage\",\"@id\":\"https:\/\/cacaunews.com\/?p=628\",\"url\":\"https:\/\/cacaunews.com\/?p=628\",\"name\":\"Itabuna: Prefeito assina decreto que reestrutura Procuradoria-Geral do Munic\u00edpio. - Cacau News\",\"isPartOf\":{\"@id\":\"https:\/\/cacaunews.com\/#website\"},\"datePublished\":\"2023-01-16T20:55:32+00:00\",\"dateModified\":\"2023-01-16T20:55:34+00:00\",\"breadcrumb\":{\"@id\":\"https:\/\/cacaunews.com\/?p=628#breadcrumb\"},\"inLanguage\":\"pt-BR\",\"potentialAction\":[{\"@type\":\"ReadAction\",\"target\":[\"https:\/\/cacaunews.com\/?p=628\"]}]},{\"@type\":\"BreadcrumbList\",\"@id\":\"https:\/\/cacaunews.com\/?p=628#breadcrumb\",\"itemListElement\":[{\"@type\":\"ListItem\",\"position\":1,\"name\":\"In\u00edcio\",\"item\":\"https:\/\/cacaunews.com\/\"},{\"@type\":\"ListItem\",\"position\":2,\"name\":\"Itabuna: Prefeito assina decreto que reestrutura Procuradoria-Geral do Munic\u00edpio.\"}]},{\"@type\":\"WebSite\",\"@id\":\"https:\/\/cacaunews.com\/#website\",\"url\":\"https:\/\/cacaunews.com\/\",\"name\":\"Cacau News\",\"description\":\"A Informa\u00e7\u00e3o que voc\u00ea precisa!\",\"publisher\":{\"@id\":\"https:\/\/cacaunews.com\/#organization\"},\"potentialAction\":[{\"@type\":\"SearchAction\",\"target\":{\"@type\":\"EntryPoint\",\"urlTemplate\":\"https:\/\/cacaunews.com\/?s={search_term_string}\"},\"query-input\":\"required name=search_term_string\"}],\"inLanguage\":\"pt-BR\"},{\"@type\":\"Organization\",\"@id\":\"https:\/\/cacaunews.com\/#organization\",\"name\":\"Cacau News\",\"url\":\"https:\/\/cacaunews.com\/\",\"logo\":{\"@type\":\"ImageObject\",\"inLanguage\":\"pt-BR\",\"@id\":\"https:\/\/cacaunews.com\/#\/schema\/logo\/image\/\",\"url\":\"https:\/\/cacaunews.com\/wp-content\/uploads\/2025\/01\/cropped-LOGO-NOVA.png\",\"contentUrl\":\"https:\/\/cacaunews.com\/wp-content\/uploads\/2025\/01\/cropped-LOGO-NOVA.png\",\"width\":813,\"height\":813,\"caption\":\"Cacau News\"},\"image\":{\"@id\":\"https:\/\/cacaunews.com\/#\/schema\/logo\/image\/\"},\"sameAs\":[\"https:\/\/www.instagram.com\/cacaunews.online\/\",\"https:\/\/youtube.com\/@cacaunews?si=0VXLnjl08SrWbVG9\"]},{\"@type\":\"Person\",\"@id\":\"https:\/\/cacaunews.com\/#\/schema\/person\/ea69703103e606ad347ccd64bd72ef79\",\"name\":\"Reda\u00e7\u00e3o Cacau News\",\"image\":{\"@type\":\"ImageObject\",\"inLanguage\":\"pt-BR\",\"@id\":\"https:\/\/cacaunews.com\/#\/schema\/person\/image\/\",\"url\":\"https:\/\/secure.gravatar.com\/avatar\/d79227a2a7b6cc42e8d7a8f7c284cd3a?s=96&d=mm&r=g\",\"contentUrl\":\"https:\/\/secure.gravatar.com\/avatar\/d79227a2a7b6cc42e8d7a8f7c284cd3a?s=96&d=mm&r=g\",\"caption\":\"Reda\u00e7\u00e3o Cacau News\"},\"sameAs\":[\"https:\/\/cacaunews.com\"],\"url\":\"https:\/\/cacaunews.com\/?author=1\"}]}<\/script>\n<!-- \/ Yoast SEO plugin. -->","yoast_head_json":{"title":"Itabuna: Prefeito assina decreto que reestrutura Procuradoria-Geral do Munic\u00edpio. - Cacau News","robots":{"index":"index","follow":"follow","max-snippet":"max-snippet:-1","max-image-preview":"max-image-preview:large","max-video-preview":"max-video-preview:-1"},"canonical":"https:\/\/cacaunews.com\/?p=628","og_locale":"pt_BR","og_type":"article","og_title":"Itabuna: Prefeito assina decreto que reestrutura Procuradoria-Geral do Munic\u00edpio. - Cacau News","og_description":"Durante encontro na manh\u00e3 desta sexta-feira, dia 13, em seu gabinete, o prefeito de Itabuna,...","og_url":"https:\/\/cacaunews.com\/?p=628","og_site_name":"Cacau News","article_published_time":"2023-01-16T20:55:32+00:00","article_modified_time":"2023-01-16T20:55:34+00:00","og_image":[{"width":1417,"height":946,"url":"https:\/\/cacaunews.com\/wp-content\/uploads\/2023\/01\/dfc69550-ccce-4125-9bee-c38c8be0ad3d.jpg","type":"image\/jpeg"}],"author":"Reda\u00e7\u00e3o Cacau News","twitter_card":"summary_large_image","twitter_misc":{"Escrito por":"Reda\u00e7\u00e3o Cacau News","Est. tempo de leitura":"2 minutos"},"schema":{"@context":"https:\/\/schema.org","@graph":[{"@type":"Article","@id":"https:\/\/cacaunews.com\/?p=628#article","isPartOf":{"@id":"https:\/\/cacaunews.com\/?p=628"},"author":{"name":"Reda\u00e7\u00e3o Cacau News","@id":"https:\/\/cacaunews.com\/#\/schema\/person\/ea69703103e606ad347ccd64bd72ef79"},"headline":"Itabuna: Prefeito assina decreto que reestrutura Procuradoria-Geral do Munic\u00edpio.","datePublished":"2023-01-16T20:55:32+00:00","dateModified":"2023-01-16T20:55:34+00:00","mainEntityOfPage":{"@id":"https:\/\/cacaunews.com\/?p=628"},"wordCount":406,"commentCount":0,"publisher":{"@id":"https:\/\/cacaunews.com\/#organization"},"keywords":["itabuna","procuradoria","reestrutura\u00e7\u00e3o"],"articleSection":["cidades"],"inLanguage":"pt-BR","potentialAction":[{"@type":"CommentAction","name":"Comment","target":["https:\/\/cacaunews.com\/?p=628#respond"]}]},{"@type":"WebPage","@id":"https:\/\/cacaunews.com\/?p=628","url":"https:\/\/cacaunews.com\/?p=628","name":"Itabuna: Prefeito assina decreto que reestrutura Procuradoria-Geral do Munic\u00edpio. - Cacau News","isPartOf":{"@id":"https:\/\/cacaunews.com\/#website"},"datePublished":"2023-01-16T20:55:32+00:00","dateModified":"2023-01-16T20:55:34+00:00","breadcrumb":{"@id":"https:\/\/cacaunews.com\/?p=628#breadcrumb"},"inLanguage":"pt-BR","potentialAction":[{"@type":"ReadAction","target":["https:\/\/cacaunews.com\/?p=628"]}]},{"@type":"BreadcrumbList","@id":"https:\/\/cacaunews.com\/?p=628#breadcrumb","itemListElement":[{"@type":"ListItem","position":1,"name":"In\u00edcio","item":"https:\/\/cacaunews.com\/"},{"@type":"ListItem","position":2,"name":"Itabuna: Prefeito assina decreto que reestrutura Procuradoria-Geral do Munic\u00edpio."}]},{"@type":"WebSite","@id":"https:\/\/cacaunews.com\/#website","url":"https:\/\/cacaunews.com\/","name":"Cacau News","description":"A Informa\u00e7\u00e3o que voc\u00ea precisa!","publisher":{"@id":"https:\/\/cacaunews.com\/#organization"},"potentialAction":[{"@type":"SearchAction","target":{"@type":"EntryPoint","urlTemplate":"https:\/\/cacaunews.com\/?s={search_term_string}"},"query-input":"required name=search_term_string"}],"inLanguage":"pt-BR"},{"@type":"Organization","@id":"https:\/\/cacaunews.com\/#organization","name":"Cacau News","url":"https:\/\/cacaunews.com\/","logo":{"@type":"ImageObject","inLanguage":"pt-BR","@id":"https:\/\/cacaunews.com\/#\/schema\/logo\/image\/","url":"https:\/\/cacaunews.com\/wp-content\/uploads\/2025\/01\/cropped-LOGO-NOVA.png","contentUrl":"https:\/\/cacaunews.com\/wp-content\/uploads\/2025\/01\/cropped-LOGO-NOVA.png","width":813,"height":813,"caption":"Cacau News"},"image":{"@id":"https:\/\/cacaunews.com\/#\/schema\/logo\/image\/"},"sameAs":["https:\/\/www.instagram.com\/cacaunews.online\/","https:\/\/youtube.com\/@cacaunews?si=0VXLnjl08SrWbVG9"]},{"@type":"Person","@id":"https:\/\/cacaunews.com\/#\/schema\/person\/ea69703103e606ad347ccd64bd72ef79","name":"Reda\u00e7\u00e3o Cacau News","image":{"@type":"ImageObject","inLanguage":"pt-BR","@id":"https:\/\/cacaunews.com\/#\/schema\/person\/image\/","url":"https:\/\/secure.gravatar.com\/avatar\/d79227a2a7b6cc42e8d7a8f7c284cd3a?s=96&d=mm&r=g","contentUrl":"https:\/\/secure.gravatar.com\/avatar\/d79227a2a7b6cc42e8d7a8f7c284cd3a?s=96&d=mm&r=g","caption":"Reda\u00e7\u00e3o Cacau News"},"sameAs":["https:\/\/cacaunews.com"],"url":"https:\/\/cacaunews.com\/?author=1"}]}},"jetpack_sharing_enabled":true,"jetpack_featured_media_url":"https:\/\/cacaunews.com\/wp-content\/uploads\/2023\/01\/dfc69550-ccce-4125-9bee-c38c8be0ad3d.jpg","_links":{"self":[{"href":"https:\/\/cacaunews.com\/index.php?rest_route=\/wp\/v2\/posts\/628"}],"collection":[{"href":"https:\/\/cacaunews.com\/index.php?rest_route=\/wp\/v2\/posts"}],"about":[{"href":"https:\/\/cacaunews.com\/index.php?rest_route=\/wp\/v2\/types\/post"}],"author":[{"embeddable":true,"href":"https:\/\/cacaunews.com\/index.php?rest_route=\/wp\/v2\/users\/1"}],"replies":[{"embeddable":true,"href":"https:\/\/cacaunews.com\/index.php?rest_route=%2Fwp%2Fv2%2Fcomments&post=628"}],"version-history":[{"count":1,"href":"https:\/\/cacaunews.com\/index.php?rest_route=\/wp\/v2\/posts\/628\/revisions"}],"predecessor-version":[{"id":633,"href":"https:\/\/cacaunews.com\/index.php?rest_route=\/wp\/v2\/posts\/628\/revisions\/633"}],"wp:featuredmedia":[{"embeddable":true,"href":"https:\/\/cacaunews.com\/index.php?rest_route=\/wp\/v2\/media\/627"}],"wp:attachment":[{"href":"https:\/\/cacaunews.com\/index.php?rest_route=%2Fwp%2Fv2%2Fmedia&parent=628"}],"wp:term":[{"taxonomy":"category","embeddable":true,"href":"https:\/\/cacaunews.com\/index.php?rest_route=%2Fwp%2Fv2%2Fcategories&post=628"},{"taxonomy":"post_tag","embeddable":true,"href":"https:\/\/cacaunews.com\/index.php?rest_route=%2Fwp%2Fv2%2Ftags&post=628"}],"curies":[{"name":"wp","href":"https:\/\/api.w.org\/{rel}","templated":true}]}}