{"id":6291,"date":"2025-04-23T15:00:27","date_gmt":"2025-04-23T15:00:27","guid":{"rendered":"https:\/\/cacaunews.com\/?p=6291"},"modified":"2025-04-23T15:45:24","modified_gmt":"2025-04-23T15:45:24","slug":"igreja-evangelica-cidade-imafe-em-itabuna-comemora-seu-primeiro-ano-com-uma-semana-de-celebracoes","status":"publish","type":"post","link":"https:\/\/cacaunews.com\/?p=6291","title":{"rendered":"Igreja Evang\u00e9lica Cidade IMAFE, em Itabuna, comemora seu primeiro ano com uma semana de celebra\u00e7\u00f5es."},"content":{"rendered":"\n<p>A Igreja Miss\u00e3o Apost\u00f3lica da F\u00e9 em Itabuna \u2013 Cidade IMAFE \u2013 pastoreada pelos pastores Isaias Abreu <br>e Janaina Franco, celebra neste m\u00eas de abril um marco hist\u00f3rico para sua comunidade, seu primeiro anivers\u00e1rio no munic\u00edpio sul baiano.<br><\/p>\n\n\n\n<p>Com sede nacional em S\u00e3o Paulo, presidida pelos pastores Adson e Alba Belo, a igreja cresce a <br>cada dia movida pela paix\u00e3o de levar o Evangelho aos cora\u00e7\u00f5es. <\/p>\n\n\n\n<p>Em comemora\u00e7\u00e3o a data a igreja celebrar\u00e1 com uma s\u00e9rie de encontros em que ser\u00e1 unido louvor, palavra e\u00a0 adora\u00e7\u00e3o. A festa de anivers\u00e1rio acontecer\u00e1 junto com a confer\u00eancia \u201cAqui N\u00e3o Entra Santo\u201d, baseada no texto b\u00edblico de Lucas 5:32, ressaltando que Cristo veio chamar pecadores ao arrependimento e demonstrar seu amor incondicional.<\/p>\n\n\n\n<figure class=\"wp-block-image size-large\"><img fetchpriority=\"high\" decoding=\"async\" width=\"576\" height=\"1024\" src=\"https:\/\/cacaunews.com\/wp-content\/uploads\/2025\/04\/cardgeral041119346403148255020-576x1024.jpg\" alt=\"\" class=\"wp-image-6290\" srcset=\"https:\/\/cacaunews.com\/wp-content\/uploads\/2025\/04\/cardgeral041119346403148255020-576x1024.jpg 576w, https:\/\/cacaunews.com\/wp-content\/uploads\/2025\/04\/cardgeral041119346403148255020-169x300.jpg 169w, https:\/\/cacaunews.com\/wp-content\/uploads\/2025\/04\/cardgeral041119346403148255020-768x1365.jpg 768w, https:\/\/cacaunews.com\/wp-content\/uploads\/2025\/04\/cardgeral041119346403148255020-864x1536.jpg 864w, https:\/\/cacaunews.com\/wp-content\/uploads\/2025\/04\/cardgeral041119346403148255020-1024x1820.jpg 1024w, https:\/\/cacaunews.com\/wp-content\/uploads\/2025\/04\/cardgeral041119346403148255020.jpg 1080w\" sizes=\"(max-width: 576px) 100vw, 576px\" \/><\/figure>\n\n\n\n<p>Confira os dias e hor\u00e1rios de celebra\u00e7\u00e3o:<\/p>\n\n\n\n<p><br><strong>23 de abril (quarta-feira), \u00e0s 19h<\/strong><\/p>\n\n\n\n<p>A festa come\u00e7a com um culto vibrante de adora\u00e7\u00e3o:<br>Na quarta-feira, 23 de abril, \u00e0s 19h00, teremos a participa\u00e7\u00e3o da Mission\u00e1ria Rayane; do cantor Misael Felipe; e do minist\u00e9rio Central Adora\u00e7\u00e3o, grupo de louvor da igreja local.<\/p>\n\n\n\n<p><br><strong>25 de abril (sexta-feira), \u00e0s 19h<\/strong><\/p>\n\n\n\n<p>A celebra\u00e7\u00e3o prossegue com louvor e palavra:<br>Na sexta-feira, 25 de abril, \u00e0s 19h00, voltam ao palco o Central Adora\u00e7\u00e3o, o presb\u00edtero Ruan Felipe, da <br>Igreja Shekinah em Ilh\u00e9us, e o pastor Wanderson \u00c1lvaro, auxiliar do presidente Adson Belo e autor do <br>livro \u201cFase N\u00e3o \u00e9 Fim\u201d.<\/p>\n\n\n\n<p><br><strong>26 de abril (s\u00e1bado), \u00e0s 16h30<\/strong><\/p>\n\n\n\n<p>No ponto alto da confer\u00eancia \u201cAqui N\u00e3o Entra Santo\u201d:<br>No s\u00e1bado, 26 de abril, \u00e0s 16h30, acontece a confer\u00eancia propriamente dita, com as ministra\u00e7\u00f5es do pastor presidente Adson Belo (SP), do pastor Wanderson \u00c1lvaro, da dupla Pitte &amp; Fran (vinda da sede em S\u00e3o Paulo) al\u00e9mda cantora Stella Laura, cuja voz potente tem impactado vidas em todo o Brasil.<\/p>\n\n\n\n<p><br><strong>27 de abril (domingo), \u00e0s 18h<\/strong><br><br>No domingo, 27 de abril, \u00e0s 18h00, a celebra\u00e7\u00e3o acontecer\u00e1 com o pastor Adson Belo, a dupla Pitte &amp; Fran e o Central Adora\u00e7\u00e3o em mais um momento de adora\u00e7\u00e3o e clamor.<\/p>\n\n\n\n<p><br><strong>30 de abril (quarta-feira), \u00e0s 19h<\/strong><\/p>\n\n\n\n<p><br>Por fim, na quarta-feira, 30 de abril, \u00e0s 19h00, acontecer\u00e1&nbsp; o encerramento e a\u00e7\u00e3o de gra\u00e7as, um momento de gratid\u00e3o e celebra\u00e7\u00e3o em fam\u00edlia pelo mover de Deus neste primeiro ano.<br><br>A Igreja Cidade IMAFE fica situada \u00e0 Rua D, 118, Jardim Grapi\u00fana, Itabuna\/BA, para mais informa\u00e7\u00f5es:&nbsp; (73) 98133-6228 &#8211; Secretaria da igreja.<\/p>\n","protected":false},"excerpt":{"rendered":"<p>A Igreja Miss\u00e3o Apost\u00f3lica da F\u00e9 em Itabuna \u2013 Cidade IMAFE \u2013 pastoreada pelos pastores&#8230;<\/p>\n","protected":false},"author":1,"featured_media":6289,"comment_status":"open","ping_status":"open","sticky":false,"template":"","format":"standard","meta":{"footnotes":""},"categories":[18,4,11],"tags":[1894,1124,2231,27],"yoast_head":"<!-- This site is optimized with the Yoast SEO plugin v21.7 - https:\/\/yoast.com\/wordpress\/plugins\/seo\/ -->\n<title>Igreja Evang\u00e9lica Cidade IMAFE, em Itabuna, comemora seu primeiro ano com uma semana de celebra\u00e7\u00f5es. - Cacau News<\/title>\n<meta name=\"robots\" content=\"index, follow, max-snippet:-1, max-image-preview:large, max-video-preview:-1\" \/>\n<link rel=\"canonical\" href=\"https:\/\/cacaunews.com\/?p=6291\" \/>\n<meta property=\"og:locale\" content=\"pt_BR\" \/>\n<meta property=\"og:type\" content=\"article\" \/>\n<meta property=\"og:title\" content=\"Igreja Evang\u00e9lica Cidade IMAFE, em Itabuna, comemora seu primeiro ano com uma semana de celebra\u00e7\u00f5es. - Cacau News\" \/>\n<meta property=\"og:description\" content=\"A Igreja Miss\u00e3o Apost\u00f3lica da F\u00e9 em Itabuna \u2013 Cidade IMAFE \u2013 pastoreada pelos pastores...\" \/>\n<meta property=\"og:url\" content=\"https:\/\/cacaunews.com\/?p=6291\" \/>\n<meta property=\"og:site_name\" content=\"Cacau News\" \/>\n<meta property=\"article:published_time\" content=\"2025-04-23T15:00:27+00:00\" \/>\n<meta property=\"article:modified_time\" content=\"2025-04-23T15:45:24+00:00\" \/>\n<meta property=\"og:image\" content=\"https:\/\/cacaunews.com\/wp-content\/uploads\/2025\/04\/image_editor_output_image-1425141615-1745423175285.jpg\" \/>\n\t<meta property=\"og:image:width\" content=\"1067\" \/>\n\t<meta property=\"og:image:height\" content=\"684\" \/>\n\t<meta property=\"og:image:type\" content=\"image\/jpeg\" \/>\n<meta name=\"author\" content=\"Reda\u00e7\u00e3o Cacau News\" \/>\n<meta name=\"twitter:card\" content=\"summary_large_image\" \/>\n<meta name=\"twitter:label1\" content=\"Escrito por\" \/>\n\t<meta name=\"twitter:data1\" content=\"Reda\u00e7\u00e3o Cacau News\" \/>\n\t<meta name=\"twitter:label2\" content=\"Est. tempo de leitura\" \/>\n\t<meta name=\"twitter:data2\" content=\"2 minutos\" \/>\n<script type=\"application\/ld+json\" class=\"yoast-schema-graph\">{\"@context\":\"https:\/\/schema.org\",\"@graph\":[{\"@type\":\"Article\",\"@id\":\"https:\/\/cacaunews.com\/?p=6291#article\",\"isPartOf\":{\"@id\":\"https:\/\/cacaunews.com\/?p=6291\"},\"author\":{\"name\":\"Reda\u00e7\u00e3o Cacau News\",\"@id\":\"https:\/\/cacaunews.com\/#\/schema\/person\/ea69703103e606ad347ccd64bd72ef79\"},\"headline\":\"Igreja Evang\u00e9lica Cidade IMAFE, em Itabuna, comemora seu primeiro ano com uma semana de celebra\u00e7\u00f5es.\",\"datePublished\":\"2025-04-23T15:00:27+00:00\",\"dateModified\":\"2025-04-23T15:45:24+00:00\",\"mainEntityOfPage\":{\"@id\":\"https:\/\/cacaunews.com\/?p=6291\"},\"wordCount\":434,\"commentCount\":0,\"publisher\":{\"@id\":\"https:\/\/cacaunews.com\/#organization\"},\"keywords\":[\"celebra\u00e7\u00e3o\",\"igreja\",\"IMAFE\",\"itabuna\"],\"articleSection\":[\"cidades\",\"Internet\",\"Jornalismo\"],\"inLanguage\":\"pt-BR\",\"potentialAction\":[{\"@type\":\"CommentAction\",\"name\":\"Comment\",\"target\":[\"https:\/\/cacaunews.com\/?p=6291#respond\"]}]},{\"@type\":\"WebPage\",\"@id\":\"https:\/\/cacaunews.com\/?p=6291\",\"url\":\"https:\/\/cacaunews.com\/?p=6291\",\"name\":\"Igreja Evang\u00e9lica Cidade IMAFE, em Itabuna, comemora seu primeiro ano com uma semana de celebra\u00e7\u00f5es. - Cacau News\",\"isPartOf\":{\"@id\":\"https:\/\/cacaunews.com\/#website\"},\"datePublished\":\"2025-04-23T15:00:27+00:00\",\"dateModified\":\"2025-04-23T15:45:24+00:00\",\"breadcrumb\":{\"@id\":\"https:\/\/cacaunews.com\/?p=6291#breadcrumb\"},\"inLanguage\":\"pt-BR\",\"potentialAction\":[{\"@type\":\"ReadAction\",\"target\":[\"https:\/\/cacaunews.com\/?p=6291\"]}]},{\"@type\":\"BreadcrumbList\",\"@id\":\"https:\/\/cacaunews.com\/?p=6291#breadcrumb\",\"itemListElement\":[{\"@type\":\"ListItem\",\"position\":1,\"name\":\"In\u00edcio\",\"item\":\"https:\/\/cacaunews.com\/\"},{\"@type\":\"ListItem\",\"position\":2,\"name\":\"Igreja Evang\u00e9lica Cidade IMAFE, em Itabuna, comemora seu primeiro ano com uma semana de celebra\u00e7\u00f5es.\"}]},{\"@type\":\"WebSite\",\"@id\":\"https:\/\/cacaunews.com\/#website\",\"url\":\"https:\/\/cacaunews.com\/\",\"name\":\"Cacau News\",\"description\":\"A Informa\u00e7\u00e3o que voc\u00ea precisa!\",\"publisher\":{\"@id\":\"https:\/\/cacaunews.com\/#organization\"},\"potentialAction\":[{\"@type\":\"SearchAction\",\"target\":{\"@type\":\"EntryPoint\",\"urlTemplate\":\"https:\/\/cacaunews.com\/?s={search_term_string}\"},\"query-input\":\"required name=search_term_string\"}],\"inLanguage\":\"pt-BR\"},{\"@type\":\"Organization\",\"@id\":\"https:\/\/cacaunews.com\/#organization\",\"name\":\"Cacau News\",\"url\":\"https:\/\/cacaunews.com\/\",\"logo\":{\"@type\":\"ImageObject\",\"inLanguage\":\"pt-BR\",\"@id\":\"https:\/\/cacaunews.com\/#\/schema\/logo\/image\/\",\"url\":\"https:\/\/cacaunews.com\/wp-content\/uploads\/2025\/01\/cropped-LOGO-NOVA.png\",\"contentUrl\":\"https:\/\/cacaunews.com\/wp-content\/uploads\/2025\/01\/cropped-LOGO-NOVA.png\",\"width\":813,\"height\":813,\"caption\":\"Cacau News\"},\"image\":{\"@id\":\"https:\/\/cacaunews.com\/#\/schema\/logo\/image\/\"},\"sameAs\":[\"https:\/\/www.instagram.com\/cacaunews.online\/\",\"https:\/\/youtube.com\/@cacaunews?si=0VXLnjl08SrWbVG9\"]},{\"@type\":\"Person\",\"@id\":\"https:\/\/cacaunews.com\/#\/schema\/person\/ea69703103e606ad347ccd64bd72ef79\",\"name\":\"Reda\u00e7\u00e3o Cacau News\",\"image\":{\"@type\":\"ImageObject\",\"inLanguage\":\"pt-BR\",\"@id\":\"https:\/\/cacaunews.com\/#\/schema\/person\/image\/\",\"url\":\"https:\/\/secure.gravatar.com\/avatar\/d79227a2a7b6cc42e8d7a8f7c284cd3a?s=96&d=mm&r=g\",\"contentUrl\":\"https:\/\/secure.gravatar.com\/avatar\/d79227a2a7b6cc42e8d7a8f7c284cd3a?s=96&d=mm&r=g\",\"caption\":\"Reda\u00e7\u00e3o Cacau News\"},\"sameAs\":[\"https:\/\/cacaunews.com\"],\"url\":\"https:\/\/cacaunews.com\/?author=1\"}]}<\/script>\n<!-- \/ Yoast SEO plugin. -->","yoast_head_json":{"title":"Igreja Evang\u00e9lica Cidade IMAFE, em Itabuna, comemora seu primeiro ano com uma semana de celebra\u00e7\u00f5es. - Cacau News","robots":{"index":"index","follow":"follow","max-snippet":"max-snippet:-1","max-image-preview":"max-image-preview:large","max-video-preview":"max-video-preview:-1"},"canonical":"https:\/\/cacaunews.com\/?p=6291","og_locale":"pt_BR","og_type":"article","og_title":"Igreja Evang\u00e9lica Cidade IMAFE, em Itabuna, comemora seu primeiro ano com uma semana de celebra\u00e7\u00f5es. - Cacau News","og_description":"A Igreja Miss\u00e3o Apost\u00f3lica da F\u00e9 em Itabuna \u2013 Cidade IMAFE \u2013 pastoreada pelos pastores...","og_url":"https:\/\/cacaunews.com\/?p=6291","og_site_name":"Cacau News","article_published_time":"2025-04-23T15:00:27+00:00","article_modified_time":"2025-04-23T15:45:24+00:00","og_image":[{"width":1067,"height":684,"url":"https:\/\/cacaunews.com\/wp-content\/uploads\/2025\/04\/image_editor_output_image-1425141615-1745423175285.jpg","type":"image\/jpeg"}],"author":"Reda\u00e7\u00e3o Cacau News","twitter_card":"summary_large_image","twitter_misc":{"Escrito por":"Reda\u00e7\u00e3o Cacau News","Est. tempo de leitura":"2 minutos"},"schema":{"@context":"https:\/\/schema.org","@graph":[{"@type":"Article","@id":"https:\/\/cacaunews.com\/?p=6291#article","isPartOf":{"@id":"https:\/\/cacaunews.com\/?p=6291"},"author":{"name":"Reda\u00e7\u00e3o Cacau News","@id":"https:\/\/cacaunews.com\/#\/schema\/person\/ea69703103e606ad347ccd64bd72ef79"},"headline":"Igreja Evang\u00e9lica Cidade IMAFE, em Itabuna, comemora seu primeiro ano com uma semana de celebra\u00e7\u00f5es.","datePublished":"2025-04-23T15:00:27+00:00","dateModified":"2025-04-23T15:45:24+00:00","mainEntityOfPage":{"@id":"https:\/\/cacaunews.com\/?p=6291"},"wordCount":434,"commentCount":0,"publisher":{"@id":"https:\/\/cacaunews.com\/#organization"},"keywords":["celebra\u00e7\u00e3o","igreja","IMAFE","itabuna"],"articleSection":["cidades","Internet","Jornalismo"],"inLanguage":"pt-BR","potentialAction":[{"@type":"CommentAction","name":"Comment","target":["https:\/\/cacaunews.com\/?p=6291#respond"]}]},{"@type":"WebPage","@id":"https:\/\/cacaunews.com\/?p=6291","url":"https:\/\/cacaunews.com\/?p=6291","name":"Igreja Evang\u00e9lica Cidade IMAFE, em Itabuna, comemora seu primeiro ano com uma semana de celebra\u00e7\u00f5es. - Cacau News","isPartOf":{"@id":"https:\/\/cacaunews.com\/#website"},"datePublished":"2025-04-23T15:00:27+00:00","dateModified":"2025-04-23T15:45:24+00:00","breadcrumb":{"@id":"https:\/\/cacaunews.com\/?p=6291#breadcrumb"},"inLanguage":"pt-BR","potentialAction":[{"@type":"ReadAction","target":["https:\/\/cacaunews.com\/?p=6291"]}]},{"@type":"BreadcrumbList","@id":"https:\/\/cacaunews.com\/?p=6291#breadcrumb","itemListElement":[{"@type":"ListItem","position":1,"name":"In\u00edcio","item":"https:\/\/cacaunews.com\/"},{"@type":"ListItem","position":2,"name":"Igreja Evang\u00e9lica Cidade IMAFE, em Itabuna, comemora seu primeiro ano com uma semana de celebra\u00e7\u00f5es."}]},{"@type":"WebSite","@id":"https:\/\/cacaunews.com\/#website","url":"https:\/\/cacaunews.com\/","name":"Cacau News","description":"A Informa\u00e7\u00e3o que voc\u00ea precisa!","publisher":{"@id":"https:\/\/cacaunews.com\/#organization"},"potentialAction":[{"@type":"SearchAction","target":{"@type":"EntryPoint","urlTemplate":"https:\/\/cacaunews.com\/?s={search_term_string}"},"query-input":"required name=search_term_string"}],"inLanguage":"pt-BR"},{"@type":"Organization","@id":"https:\/\/cacaunews.com\/#organization","name":"Cacau News","url":"https:\/\/cacaunews.com\/","logo":{"@type":"ImageObject","inLanguage":"pt-BR","@id":"https:\/\/cacaunews.com\/#\/schema\/logo\/image\/","url":"https:\/\/cacaunews.com\/wp-content\/uploads\/2025\/01\/cropped-LOGO-NOVA.png","contentUrl":"https:\/\/cacaunews.com\/wp-content\/uploads\/2025\/01\/cropped-LOGO-NOVA.png","width":813,"height":813,"caption":"Cacau News"},"image":{"@id":"https:\/\/cacaunews.com\/#\/schema\/logo\/image\/"},"sameAs":["https:\/\/www.instagram.com\/cacaunews.online\/","https:\/\/youtube.com\/@cacaunews?si=0VXLnjl08SrWbVG9"]},{"@type":"Person","@id":"https:\/\/cacaunews.com\/#\/schema\/person\/ea69703103e606ad347ccd64bd72ef79","name":"Reda\u00e7\u00e3o Cacau News","image":{"@type":"ImageObject","inLanguage":"pt-BR","@id":"https:\/\/cacaunews.com\/#\/schema\/person\/image\/","url":"https:\/\/secure.gravatar.com\/avatar\/d79227a2a7b6cc42e8d7a8f7c284cd3a?s=96&d=mm&r=g","contentUrl":"https:\/\/secure.gravatar.com\/avatar\/d79227a2a7b6cc42e8d7a8f7c284cd3a?s=96&d=mm&r=g","caption":"Reda\u00e7\u00e3o Cacau News"},"sameAs":["https:\/\/cacaunews.com"],"url":"https:\/\/cacaunews.com\/?author=1"}]}},"jetpack_sharing_enabled":true,"jetpack_featured_media_url":"https:\/\/cacaunews.com\/wp-content\/uploads\/2025\/04\/image_editor_output_image-1425141615-1745423175285.jpg","_links":{"self":[{"href":"https:\/\/cacaunews.com\/index.php?rest_route=\/wp\/v2\/posts\/6291"}],"collection":[{"href":"https:\/\/cacaunews.com\/index.php?rest_route=\/wp\/v2\/posts"}],"about":[{"href":"https:\/\/cacaunews.com\/index.php?rest_route=\/wp\/v2\/types\/post"}],"author":[{"embeddable":true,"href":"https:\/\/cacaunews.com\/index.php?rest_route=\/wp\/v2\/users\/1"}],"replies":[{"embeddable":true,"href":"https:\/\/cacaunews.com\/index.php?rest_route=%2Fwp%2Fv2%2Fcomments&post=6291"}],"version-history":[{"count":1,"href":"https:\/\/cacaunews.com\/index.php?rest_route=\/wp\/v2\/posts\/6291\/revisions"}],"predecessor-version":[{"id":6292,"href":"https:\/\/cacaunews.com\/index.php?rest_route=\/wp\/v2\/posts\/6291\/revisions\/6292"}],"wp:featuredmedia":[{"embeddable":true,"href":"https:\/\/cacaunews.com\/index.php?rest_route=\/wp\/v2\/media\/6289"}],"wp:attachment":[{"href":"https:\/\/cacaunews.com\/index.php?rest_route=%2Fwp%2Fv2%2Fmedia&parent=6291"}],"wp:term":[{"taxonomy":"category","embeddable":true,"href":"https:\/\/cacaunews.com\/index.php?rest_route=%2Fwp%2Fv2%2Fcategories&post=6291"},{"taxonomy":"post_tag","embeddable":true,"href":"https:\/\/cacaunews.com\/index.php?rest_route=%2Fwp%2Fv2%2Ftags&post=6291"}],"curies":[{"name":"wp","href":"https:\/\/api.w.org\/{rel}","templated":true}]}}