{"id":6294,"date":"2025-04-24T11:00:06","date_gmt":"2025-04-24T11:00:06","guid":{"rendered":"https:\/\/cacaunews.com\/?p=6294"},"modified":"2025-04-24T11:10:08","modified_gmt":"2025-04-24T11:10:08","slug":"rompimento-em-entrevista-senador-angelo-coronel-compara-pt-a-nazismo","status":"publish","type":"post","link":"https:\/\/cacaunews.com\/?p=6294","title":{"rendered":"Rompimento? Em entrevista, Senador \u00c2ngelo Coronel compara PT a nazismo."},"content":{"rendered":"\n<p>Durante entrevista \u00e0 r\u00e1dio 95 FM, de Jequi\u00e9, na tarde desta quarta-feira (23), o senador Angelo Coronel (PSD) comparou o Partido dos Trabalhadores ao \u201cnazismo\u201d, questionou a for\u00e7a do governo Jer\u00f4nimo Rodrigues (PT) e voltou a sinalizar com um poss\u00edvel rompimento com o grupo petista.<br><br>Coronel criticou a ideia de o PT preencher todas as vagas da chapa majorit\u00e1ria baiana em\u202f2026, comparando a sigla a \u201cnazistas\u201d que queriam dominar e impor uma \u201cra\u00e7a pura\u201d. Segundo ele, a gest\u00e3o Jer\u00f4nimo n\u00e3o \u00e9 \u201cessa coca-cola\u201d para o PT ter a inten\u00e7\u00e3o de emplacar tr\u00eas nomes na composi\u00e7\u00e3o do pr\u00f3ximo ano.<br><br>\u201cAntigamente, os alem\u00e3es, os nazistas, Hitler queria sempre manter uma ra\u00e7a pura. Sem nenhuma conota\u00e7\u00e3o ao extremo passado, mas inadmiss\u00edvel o PT, de quatro (vagas na chapa majorit\u00e1ria), ele querer tr\u00eas. E, se o MDB se abrir, ele quer fazer at\u00e9 quatro cargos da chapa. Isso \u00e9 inadmiss\u00edvel. A pol\u00edtica \u00e9 alian\u00e7a. \u00c9 a arte de somar e ningu\u00e9m pense que a situa\u00e7\u00e3o est\u00e1 assim essa cola-cola, essa bondade toda para ter essa pot\u00eancia de querer achar que pode fazer uma chapa completa s\u00f3 com um partido\u201d, disse Coronel.<br><br>Coronel ainda reafirmou que, se o PSD ficar fora da chapa, pode haver um rompimento. De acordo com ele, \u201ca alian\u00e7a sempre tem um prazo de validade\u201d. \u201cO PSD n\u00e3o concorda com isso (do PT ter tr\u00eas nomes na chapa). N\u00f3s somos aliados e a alian\u00e7a sempre tem um prazo de validade. Se o grupo que est\u00e1 dominando a Bahia, est\u00e1 com o poder, achar que deve excluir o PSD da chapa, Angelo Coronel, vamos sentar com o diret\u00f3rio estadual e nacional para ver qual o rumo que vamos tomar\u201d, acrescentou.<br><br>O senador Jaques Wagner (PT) e o presidente do PT na Bahia, \u00c9den Valadares, t\u00eam defendido que a chapa majorit\u00e1ria do governo seja composta por Jer\u00f4nimo, pelo ministro da Casa Civil, Rui Costa (PT), e pelo pr\u00f3prio Wagner.<\/p>\n\n\n\n<p>Com Informa\u00e7\u00f5es Pol\u00edtica Livre.<\/p>\n","protected":false},"excerpt":{"rendered":"<p>Durante entrevista \u00e0 r\u00e1dio 95 FM, de Jequi\u00e9, na tarde desta quarta-feira (23), o senador&#8230;<\/p>\n","protected":false},"author":1,"featured_media":6293,"comment_status":"open","ping_status":"open","sticky":false,"template":"","format":"standard","meta":{"footnotes":""},"categories":[11,5],"tags":[2232,39,26,1818,295],"yoast_head":"<!-- This site is optimized with the Yoast SEO plugin v21.7 - https:\/\/yoast.com\/wordpress\/plugins\/seo\/ -->\n<title>Rompimento? Em entrevista, Senador \u00c2ngelo Coronel compara PT a nazismo. - Cacau News<\/title>\n<meta name=\"robots\" content=\"index, follow, max-snippet:-1, max-image-preview:large, max-video-preview:-1\" \/>\n<link rel=\"canonical\" href=\"https:\/\/cacaunews.com\/?p=6294\" \/>\n<meta property=\"og:locale\" content=\"pt_BR\" \/>\n<meta property=\"og:type\" content=\"article\" \/>\n<meta property=\"og:title\" content=\"Rompimento? Em entrevista, Senador \u00c2ngelo Coronel compara PT a nazismo. - Cacau News\" \/>\n<meta property=\"og:description\" content=\"Durante entrevista \u00e0 r\u00e1dio 95 FM, de Jequi\u00e9, na tarde desta quarta-feira (23), o senador...\" \/>\n<meta property=\"og:url\" content=\"https:\/\/cacaunews.com\/?p=6294\" \/>\n<meta property=\"og:site_name\" content=\"Cacau News\" \/>\n<meta property=\"article:published_time\" content=\"2025-04-24T11:00:06+00:00\" \/>\n<meta property=\"article:modified_time\" content=\"2025-04-24T11:10:08+00:00\" \/>\n<meta property=\"og:image\" content=\"https:\/\/cacaunews.com\/wp-content\/uploads\/2025\/04\/IMG_20250423_225723.jpg\" \/>\n\t<meta property=\"og:image:width\" content=\"959\" \/>\n\t<meta property=\"og:image:height\" content=\"757\" \/>\n\t<meta property=\"og:image:type\" content=\"image\/jpeg\" \/>\n<meta name=\"author\" content=\"Reda\u00e7\u00e3o Cacau News\" \/>\n<meta name=\"twitter:card\" content=\"summary_large_image\" \/>\n<meta name=\"twitter:label1\" content=\"Escrito por\" \/>\n\t<meta name=\"twitter:data1\" content=\"Reda\u00e7\u00e3o Cacau News\" \/>\n\t<meta name=\"twitter:label2\" content=\"Est. tempo de leitura\" \/>\n\t<meta name=\"twitter:data2\" content=\"2 minutos\" \/>\n<script type=\"application\/ld+json\" class=\"yoast-schema-graph\">{\"@context\":\"https:\/\/schema.org\",\"@graph\":[{\"@type\":\"Article\",\"@id\":\"https:\/\/cacaunews.com\/?p=6294#article\",\"isPartOf\":{\"@id\":\"https:\/\/cacaunews.com\/?p=6294\"},\"author\":{\"name\":\"Reda\u00e7\u00e3o Cacau News\",\"@id\":\"https:\/\/cacaunews.com\/#\/schema\/person\/ea69703103e606ad347ccd64bd72ef79\"},\"headline\":\"Rompimento? Em entrevista, Senador \u00c2ngelo Coronel compara PT a nazismo.\",\"datePublished\":\"2025-04-24T11:00:06+00:00\",\"dateModified\":\"2025-04-24T11:10:08+00:00\",\"mainEntityOfPage\":{\"@id\":\"https:\/\/cacaunews.com\/?p=6294\"},\"wordCount\":360,\"commentCount\":0,\"publisher\":{\"@id\":\"https:\/\/cacaunews.com\/#organization\"},\"keywords\":[\"Angelo Coronel\",\"bahia\",\"politica\",\"PSD\",\"PT\"],\"articleSection\":[\"Jornalismo\",\"Politica\"],\"inLanguage\":\"pt-BR\",\"potentialAction\":[{\"@type\":\"CommentAction\",\"name\":\"Comment\",\"target\":[\"https:\/\/cacaunews.com\/?p=6294#respond\"]}]},{\"@type\":\"WebPage\",\"@id\":\"https:\/\/cacaunews.com\/?p=6294\",\"url\":\"https:\/\/cacaunews.com\/?p=6294\",\"name\":\"Rompimento? Em entrevista, Senador \u00c2ngelo Coronel compara PT a nazismo. - Cacau News\",\"isPartOf\":{\"@id\":\"https:\/\/cacaunews.com\/#website\"},\"datePublished\":\"2025-04-24T11:00:06+00:00\",\"dateModified\":\"2025-04-24T11:10:08+00:00\",\"breadcrumb\":{\"@id\":\"https:\/\/cacaunews.com\/?p=6294#breadcrumb\"},\"inLanguage\":\"pt-BR\",\"potentialAction\":[{\"@type\":\"ReadAction\",\"target\":[\"https:\/\/cacaunews.com\/?p=6294\"]}]},{\"@type\":\"BreadcrumbList\",\"@id\":\"https:\/\/cacaunews.com\/?p=6294#breadcrumb\",\"itemListElement\":[{\"@type\":\"ListItem\",\"position\":1,\"name\":\"In\u00edcio\",\"item\":\"https:\/\/cacaunews.com\/\"},{\"@type\":\"ListItem\",\"position\":2,\"name\":\"Rompimento? Em entrevista, Senador \u00c2ngelo Coronel compara PT a nazismo.\"}]},{\"@type\":\"WebSite\",\"@id\":\"https:\/\/cacaunews.com\/#website\",\"url\":\"https:\/\/cacaunews.com\/\",\"name\":\"Cacau News\",\"description\":\"A Informa\u00e7\u00e3o que voc\u00ea precisa!\",\"publisher\":{\"@id\":\"https:\/\/cacaunews.com\/#organization\"},\"potentialAction\":[{\"@type\":\"SearchAction\",\"target\":{\"@type\":\"EntryPoint\",\"urlTemplate\":\"https:\/\/cacaunews.com\/?s={search_term_string}\"},\"query-input\":\"required name=search_term_string\"}],\"inLanguage\":\"pt-BR\"},{\"@type\":\"Organization\",\"@id\":\"https:\/\/cacaunews.com\/#organization\",\"name\":\"Cacau News\",\"url\":\"https:\/\/cacaunews.com\/\",\"logo\":{\"@type\":\"ImageObject\",\"inLanguage\":\"pt-BR\",\"@id\":\"https:\/\/cacaunews.com\/#\/schema\/logo\/image\/\",\"url\":\"https:\/\/cacaunews.com\/wp-content\/uploads\/2025\/01\/cropped-LOGO-NOVA.png\",\"contentUrl\":\"https:\/\/cacaunews.com\/wp-content\/uploads\/2025\/01\/cropped-LOGO-NOVA.png\",\"width\":813,\"height\":813,\"caption\":\"Cacau News\"},\"image\":{\"@id\":\"https:\/\/cacaunews.com\/#\/schema\/logo\/image\/\"},\"sameAs\":[\"https:\/\/www.instagram.com\/cacaunews.online\/\",\"https:\/\/youtube.com\/@cacaunews?si=0VXLnjl08SrWbVG9\"]},{\"@type\":\"Person\",\"@id\":\"https:\/\/cacaunews.com\/#\/schema\/person\/ea69703103e606ad347ccd64bd72ef79\",\"name\":\"Reda\u00e7\u00e3o Cacau News\",\"image\":{\"@type\":\"ImageObject\",\"inLanguage\":\"pt-BR\",\"@id\":\"https:\/\/cacaunews.com\/#\/schema\/person\/image\/\",\"url\":\"https:\/\/secure.gravatar.com\/avatar\/d79227a2a7b6cc42e8d7a8f7c284cd3a?s=96&d=mm&r=g\",\"contentUrl\":\"https:\/\/secure.gravatar.com\/avatar\/d79227a2a7b6cc42e8d7a8f7c284cd3a?s=96&d=mm&r=g\",\"caption\":\"Reda\u00e7\u00e3o Cacau News\"},\"sameAs\":[\"https:\/\/cacaunews.com\"],\"url\":\"https:\/\/cacaunews.com\/?author=1\"}]}<\/script>\n<!-- \/ Yoast SEO plugin. -->","yoast_head_json":{"title":"Rompimento? Em entrevista, Senador \u00c2ngelo Coronel compara PT a nazismo. - Cacau News","robots":{"index":"index","follow":"follow","max-snippet":"max-snippet:-1","max-image-preview":"max-image-preview:large","max-video-preview":"max-video-preview:-1"},"canonical":"https:\/\/cacaunews.com\/?p=6294","og_locale":"pt_BR","og_type":"article","og_title":"Rompimento? Em entrevista, Senador \u00c2ngelo Coronel compara PT a nazismo. - Cacau News","og_description":"Durante entrevista \u00e0 r\u00e1dio 95 FM, de Jequi\u00e9, na tarde desta quarta-feira (23), o senador...","og_url":"https:\/\/cacaunews.com\/?p=6294","og_site_name":"Cacau News","article_published_time":"2025-04-24T11:00:06+00:00","article_modified_time":"2025-04-24T11:10:08+00:00","og_image":[{"width":959,"height":757,"url":"https:\/\/cacaunews.com\/wp-content\/uploads\/2025\/04\/IMG_20250423_225723.jpg","type":"image\/jpeg"}],"author":"Reda\u00e7\u00e3o Cacau News","twitter_card":"summary_large_image","twitter_misc":{"Escrito por":"Reda\u00e7\u00e3o Cacau News","Est. tempo de leitura":"2 minutos"},"schema":{"@context":"https:\/\/schema.org","@graph":[{"@type":"Article","@id":"https:\/\/cacaunews.com\/?p=6294#article","isPartOf":{"@id":"https:\/\/cacaunews.com\/?p=6294"},"author":{"name":"Reda\u00e7\u00e3o Cacau News","@id":"https:\/\/cacaunews.com\/#\/schema\/person\/ea69703103e606ad347ccd64bd72ef79"},"headline":"Rompimento? Em entrevista, Senador \u00c2ngelo Coronel compara PT a nazismo.","datePublished":"2025-04-24T11:00:06+00:00","dateModified":"2025-04-24T11:10:08+00:00","mainEntityOfPage":{"@id":"https:\/\/cacaunews.com\/?p=6294"},"wordCount":360,"commentCount":0,"publisher":{"@id":"https:\/\/cacaunews.com\/#organization"},"keywords":["Angelo Coronel","bahia","politica","PSD","PT"],"articleSection":["Jornalismo","Politica"],"inLanguage":"pt-BR","potentialAction":[{"@type":"CommentAction","name":"Comment","target":["https:\/\/cacaunews.com\/?p=6294#respond"]}]},{"@type":"WebPage","@id":"https:\/\/cacaunews.com\/?p=6294","url":"https:\/\/cacaunews.com\/?p=6294","name":"Rompimento? Em entrevista, Senador \u00c2ngelo Coronel compara PT a nazismo. - Cacau News","isPartOf":{"@id":"https:\/\/cacaunews.com\/#website"},"datePublished":"2025-04-24T11:00:06+00:00","dateModified":"2025-04-24T11:10:08+00:00","breadcrumb":{"@id":"https:\/\/cacaunews.com\/?p=6294#breadcrumb"},"inLanguage":"pt-BR","potentialAction":[{"@type":"ReadAction","target":["https:\/\/cacaunews.com\/?p=6294"]}]},{"@type":"BreadcrumbList","@id":"https:\/\/cacaunews.com\/?p=6294#breadcrumb","itemListElement":[{"@type":"ListItem","position":1,"name":"In\u00edcio","item":"https:\/\/cacaunews.com\/"},{"@type":"ListItem","position":2,"name":"Rompimento? Em entrevista, Senador \u00c2ngelo Coronel compara PT a nazismo."}]},{"@type":"WebSite","@id":"https:\/\/cacaunews.com\/#website","url":"https:\/\/cacaunews.com\/","name":"Cacau News","description":"A Informa\u00e7\u00e3o que voc\u00ea precisa!","publisher":{"@id":"https:\/\/cacaunews.com\/#organization"},"potentialAction":[{"@type":"SearchAction","target":{"@type":"EntryPoint","urlTemplate":"https:\/\/cacaunews.com\/?s={search_term_string}"},"query-input":"required name=search_term_string"}],"inLanguage":"pt-BR"},{"@type":"Organization","@id":"https:\/\/cacaunews.com\/#organization","name":"Cacau News","url":"https:\/\/cacaunews.com\/","logo":{"@type":"ImageObject","inLanguage":"pt-BR","@id":"https:\/\/cacaunews.com\/#\/schema\/logo\/image\/","url":"https:\/\/cacaunews.com\/wp-content\/uploads\/2025\/01\/cropped-LOGO-NOVA.png","contentUrl":"https:\/\/cacaunews.com\/wp-content\/uploads\/2025\/01\/cropped-LOGO-NOVA.png","width":813,"height":813,"caption":"Cacau News"},"image":{"@id":"https:\/\/cacaunews.com\/#\/schema\/logo\/image\/"},"sameAs":["https:\/\/www.instagram.com\/cacaunews.online\/","https:\/\/youtube.com\/@cacaunews?si=0VXLnjl08SrWbVG9"]},{"@type":"Person","@id":"https:\/\/cacaunews.com\/#\/schema\/person\/ea69703103e606ad347ccd64bd72ef79","name":"Reda\u00e7\u00e3o Cacau News","image":{"@type":"ImageObject","inLanguage":"pt-BR","@id":"https:\/\/cacaunews.com\/#\/schema\/person\/image\/","url":"https:\/\/secure.gravatar.com\/avatar\/d79227a2a7b6cc42e8d7a8f7c284cd3a?s=96&d=mm&r=g","contentUrl":"https:\/\/secure.gravatar.com\/avatar\/d79227a2a7b6cc42e8d7a8f7c284cd3a?s=96&d=mm&r=g","caption":"Reda\u00e7\u00e3o Cacau News"},"sameAs":["https:\/\/cacaunews.com"],"url":"https:\/\/cacaunews.com\/?author=1"}]}},"jetpack_sharing_enabled":true,"jetpack_featured_media_url":"https:\/\/cacaunews.com\/wp-content\/uploads\/2025\/04\/IMG_20250423_225723.jpg","_links":{"self":[{"href":"https:\/\/cacaunews.com\/index.php?rest_route=\/wp\/v2\/posts\/6294"}],"collection":[{"href":"https:\/\/cacaunews.com\/index.php?rest_route=\/wp\/v2\/posts"}],"about":[{"href":"https:\/\/cacaunews.com\/index.php?rest_route=\/wp\/v2\/types\/post"}],"author":[{"embeddable":true,"href":"https:\/\/cacaunews.com\/index.php?rest_route=\/wp\/v2\/users\/1"}],"replies":[{"embeddable":true,"href":"https:\/\/cacaunews.com\/index.php?rest_route=%2Fwp%2Fv2%2Fcomments&post=6294"}],"version-history":[{"count":1,"href":"https:\/\/cacaunews.com\/index.php?rest_route=\/wp\/v2\/posts\/6294\/revisions"}],"predecessor-version":[{"id":6295,"href":"https:\/\/cacaunews.com\/index.php?rest_route=\/wp\/v2\/posts\/6294\/revisions\/6295"}],"wp:featuredmedia":[{"embeddable":true,"href":"https:\/\/cacaunews.com\/index.php?rest_route=\/wp\/v2\/media\/6293"}],"wp:attachment":[{"href":"https:\/\/cacaunews.com\/index.php?rest_route=%2Fwp%2Fv2%2Fmedia&parent=6294"}],"wp:term":[{"taxonomy":"category","embeddable":true,"href":"https:\/\/cacaunews.com\/index.php?rest_route=%2Fwp%2Fv2%2Fcategories&post=6294"},{"taxonomy":"post_tag","embeddable":true,"href":"https:\/\/cacaunews.com\/index.php?rest_route=%2Fwp%2Fv2%2Ftags&post=6294"}],"curies":[{"name":"wp","href":"https:\/\/api.w.org\/{rel}","templated":true}]}}