{"id":6333,"date":"2025-05-08T16:28:12","date_gmt":"2025-05-08T16:28:12","guid":{"rendered":"https:\/\/cacaunews.com\/?p=6333"},"modified":"2025-05-08T16:28:12","modified_gmt":"2025-05-08T16:28:12","slug":"habemus-papam-fumaca-branca-anuncia-que-novo-papa-foi-escolhido","status":"publish","type":"post","link":"https:\/\/cacaunews.com\/?p=6333","title":{"rendered":"&#8216;Habemus Papam&#8217;: fuma\u00e7a branca anuncia que novo papa foi escolhido."},"content":{"rendered":"\n<p>Um novo papa foi escolhido no Vaticano hoje. \u00c0s 13h08 (em Bras\u00edlia), uma fuma\u00e7a branca subiu nas chamin\u00e9s da capela Sistina, indicando ao mundo que a Igreja Cat\u00f3lica Apost\u00f3lica Romana j\u00e1 possui um novo l\u00edder, ap\u00f3s quatro escrut\u00ednios.<\/p>\n\n\n\n<p>Identidade e nacionalidade do 267\u00ba papa ainda n\u00e3o foram reveladas.\u00a0Nas pr\u00f3ximas horas, o cardeal protodi\u00e1cono, Dominique Mamberti, aparecer\u00e1 na sacada da Bas\u00edlica de S\u00e3o Pedro e anunciar\u00e1, com detalhes, o &#8220;Habemus Papam!&#8221; (&#8216;temos um papa&#8217;, em latim).<\/p>\n\n\n\n<p>Ap\u00f3s o an\u00fancio, o novo pont\u00edfice far\u00e1 sua primeira apari\u00e7\u00e3o como l\u00edder da Igreja Cat\u00f3lica. Na sequ\u00eancia, ele realizar\u00e1 a ben\u00e7\u00e3o &#8220;urbi et orbi&#8221; (\u00e0 cidade e ao mundo) aos fi\u00e9is.<br><br>Sucessor foi definido 17 dias ap\u00f3s a morte do papa Francisco. O 266\u00ba l\u00edder da Igreja Cat\u00f3lica morreu em 21 de abril por AVC e insufici\u00eancia card\u00edaca, aos 88 anos.<br><br>133 cardeais votaram em seu sucessor. Entre os religiosos com menos de 80 anos que estariam aptos a votar, dois ficaram de fora por motivos de sa\u00fade.<\/p>\n\n\n\n<p><strong>Fonte:<\/strong> UOL.<\/p>\n","protected":false},"excerpt":{"rendered":"<p>Um novo papa foi escolhido no Vaticano hoje. \u00c0s 13h08 (em Bras\u00edlia), uma fuma\u00e7a branca&#8230;<\/p>\n","protected":false},"author":1,"featured_media":6332,"comment_status":"open","ping_status":"open","sticky":false,"template":"","format":"standard","meta":{"footnotes":""},"categories":[4,11],"tags":[2247,153,1674,134],"yoast_head":"<!-- This site is optimized with the Yoast SEO plugin v21.7 - https:\/\/yoast.com\/wordpress\/plugins\/seo\/ -->\n<title>&#039;Habemus Papam&#039;: fuma\u00e7a branca anuncia que novo papa foi escolhido. - Cacau News<\/title>\n<meta name=\"robots\" content=\"index, follow, max-snippet:-1, max-image-preview:large, max-video-preview:-1\" \/>\n<link rel=\"canonical\" href=\"https:\/\/cacaunews.com\/?p=6333\" \/>\n<meta property=\"og:locale\" content=\"pt_BR\" \/>\n<meta property=\"og:type\" content=\"article\" \/>\n<meta property=\"og:title\" content=\"&#039;Habemus Papam&#039;: fuma\u00e7a branca anuncia que novo papa foi escolhido. - Cacau News\" \/>\n<meta property=\"og:description\" content=\"Um novo papa foi escolhido no Vaticano hoje. \u00c0s 13h08 (em Bras\u00edlia), uma fuma\u00e7a branca...\" \/>\n<meta property=\"og:url\" content=\"https:\/\/cacaunews.com\/?p=6333\" \/>\n<meta property=\"og:site_name\" content=\"Cacau News\" \/>\n<meta property=\"article:published_time\" content=\"2025-05-08T16:28:12+00:00\" \/>\n<meta name=\"author\" content=\"Reda\u00e7\u00e3o Cacau News\" \/>\n<meta name=\"twitter:card\" content=\"summary_large_image\" \/>\n<meta name=\"twitter:label1\" content=\"Escrito por\" \/>\n\t<meta name=\"twitter:data1\" content=\"Reda\u00e7\u00e3o Cacau News\" \/>\n\t<meta name=\"twitter:label2\" content=\"Est. tempo de leitura\" \/>\n\t<meta name=\"twitter:data2\" content=\"1 minuto\" \/>\n<script type=\"application\/ld+json\" class=\"yoast-schema-graph\">{\"@context\":\"https:\/\/schema.org\",\"@graph\":[{\"@type\":\"Article\",\"@id\":\"https:\/\/cacaunews.com\/?p=6333#article\",\"isPartOf\":{\"@id\":\"https:\/\/cacaunews.com\/?p=6333\"},\"author\":{\"name\":\"Reda\u00e7\u00e3o Cacau News\",\"@id\":\"https:\/\/cacaunews.com\/#\/schema\/person\/ea69703103e606ad347ccd64bd72ef79\"},\"headline\":\"&#8216;Habemus Papam&#8217;: fuma\u00e7a branca anuncia que novo papa foi escolhido.\",\"datePublished\":\"2025-05-08T16:28:12+00:00\",\"dateModified\":\"2025-05-08T16:28:12+00:00\",\"mainEntityOfPage\":{\"@id\":\"https:\/\/cacaunews.com\/?p=6333\"},\"wordCount\":197,\"commentCount\":0,\"publisher\":{\"@id\":\"https:\/\/cacaunews.com\/#organization\"},\"keywords\":[\"escolha\",\"informa\u00e7\u00f5es\",\"mundo\",\"papa\"],\"articleSection\":[\"Internet\",\"Jornalismo\"],\"inLanguage\":\"pt-BR\",\"potentialAction\":[{\"@type\":\"CommentAction\",\"name\":\"Comment\",\"target\":[\"https:\/\/cacaunews.com\/?p=6333#respond\"]}]},{\"@type\":\"WebPage\",\"@id\":\"https:\/\/cacaunews.com\/?p=6333\",\"url\":\"https:\/\/cacaunews.com\/?p=6333\",\"name\":\"'Habemus Papam': fuma\u00e7a branca anuncia que novo papa foi escolhido. - Cacau News\",\"isPartOf\":{\"@id\":\"https:\/\/cacaunews.com\/#website\"},\"datePublished\":\"2025-05-08T16:28:12+00:00\",\"dateModified\":\"2025-05-08T16:28:12+00:00\",\"breadcrumb\":{\"@id\":\"https:\/\/cacaunews.com\/?p=6333#breadcrumb\"},\"inLanguage\":\"pt-BR\",\"potentialAction\":[{\"@type\":\"ReadAction\",\"target\":[\"https:\/\/cacaunews.com\/?p=6333\"]}]},{\"@type\":\"BreadcrumbList\",\"@id\":\"https:\/\/cacaunews.com\/?p=6333#breadcrumb\",\"itemListElement\":[{\"@type\":\"ListItem\",\"position\":1,\"name\":\"In\u00edcio\",\"item\":\"https:\/\/cacaunews.com\/\"},{\"@type\":\"ListItem\",\"position\":2,\"name\":\"&#8216;Habemus Papam&#8217;: fuma\u00e7a branca anuncia que novo papa foi escolhido.\"}]},{\"@type\":\"WebSite\",\"@id\":\"https:\/\/cacaunews.com\/#website\",\"url\":\"https:\/\/cacaunews.com\/\",\"name\":\"Cacau News\",\"description\":\"A Informa\u00e7\u00e3o que voc\u00ea precisa!\",\"publisher\":{\"@id\":\"https:\/\/cacaunews.com\/#organization\"},\"potentialAction\":[{\"@type\":\"SearchAction\",\"target\":{\"@type\":\"EntryPoint\",\"urlTemplate\":\"https:\/\/cacaunews.com\/?s={search_term_string}\"},\"query-input\":\"required name=search_term_string\"}],\"inLanguage\":\"pt-BR\"},{\"@type\":\"Organization\",\"@id\":\"https:\/\/cacaunews.com\/#organization\",\"name\":\"Cacau News\",\"url\":\"https:\/\/cacaunews.com\/\",\"logo\":{\"@type\":\"ImageObject\",\"inLanguage\":\"pt-BR\",\"@id\":\"https:\/\/cacaunews.com\/#\/schema\/logo\/image\/\",\"url\":\"https:\/\/cacaunews.com\/wp-content\/uploads\/2025\/01\/cropped-LOGO-NOVA.png\",\"contentUrl\":\"https:\/\/cacaunews.com\/wp-content\/uploads\/2025\/01\/cropped-LOGO-NOVA.png\",\"width\":813,\"height\":813,\"caption\":\"Cacau News\"},\"image\":{\"@id\":\"https:\/\/cacaunews.com\/#\/schema\/logo\/image\/\"},\"sameAs\":[\"https:\/\/www.instagram.com\/cacaunews.online\/\",\"https:\/\/youtube.com\/@cacaunews?si=0VXLnjl08SrWbVG9\"]},{\"@type\":\"Person\",\"@id\":\"https:\/\/cacaunews.com\/#\/schema\/person\/ea69703103e606ad347ccd64bd72ef79\",\"name\":\"Reda\u00e7\u00e3o Cacau News\",\"image\":{\"@type\":\"ImageObject\",\"inLanguage\":\"pt-BR\",\"@id\":\"https:\/\/cacaunews.com\/#\/schema\/person\/image\/\",\"url\":\"https:\/\/secure.gravatar.com\/avatar\/d79227a2a7b6cc42e8d7a8f7c284cd3a?s=96&d=mm&r=g\",\"contentUrl\":\"https:\/\/secure.gravatar.com\/avatar\/d79227a2a7b6cc42e8d7a8f7c284cd3a?s=96&d=mm&r=g\",\"caption\":\"Reda\u00e7\u00e3o Cacau News\"},\"sameAs\":[\"https:\/\/cacaunews.com\"],\"url\":\"https:\/\/cacaunews.com\/?author=1\"}]}<\/script>\n<!-- \/ Yoast SEO plugin. -->","yoast_head_json":{"title":"'Habemus Papam': fuma\u00e7a branca anuncia que novo papa foi escolhido. - Cacau News","robots":{"index":"index","follow":"follow","max-snippet":"max-snippet:-1","max-image-preview":"max-image-preview:large","max-video-preview":"max-video-preview:-1"},"canonical":"https:\/\/cacaunews.com\/?p=6333","og_locale":"pt_BR","og_type":"article","og_title":"'Habemus Papam': fuma\u00e7a branca anuncia que novo papa foi escolhido. - Cacau News","og_description":"Um novo papa foi escolhido no Vaticano hoje. \u00c0s 13h08 (em Bras\u00edlia), uma fuma\u00e7a branca...","og_url":"https:\/\/cacaunews.com\/?p=6333","og_site_name":"Cacau News","article_published_time":"2025-05-08T16:28:12+00:00","author":"Reda\u00e7\u00e3o Cacau News","twitter_card":"summary_large_image","twitter_misc":{"Escrito por":"Reda\u00e7\u00e3o Cacau News","Est. tempo de leitura":"1 minuto"},"schema":{"@context":"https:\/\/schema.org","@graph":[{"@type":"Article","@id":"https:\/\/cacaunews.com\/?p=6333#article","isPartOf":{"@id":"https:\/\/cacaunews.com\/?p=6333"},"author":{"name":"Reda\u00e7\u00e3o Cacau News","@id":"https:\/\/cacaunews.com\/#\/schema\/person\/ea69703103e606ad347ccd64bd72ef79"},"headline":"&#8216;Habemus Papam&#8217;: fuma\u00e7a branca anuncia que novo papa foi escolhido.","datePublished":"2025-05-08T16:28:12+00:00","dateModified":"2025-05-08T16:28:12+00:00","mainEntityOfPage":{"@id":"https:\/\/cacaunews.com\/?p=6333"},"wordCount":197,"commentCount":0,"publisher":{"@id":"https:\/\/cacaunews.com\/#organization"},"keywords":["escolha","informa\u00e7\u00f5es","mundo","papa"],"articleSection":["Internet","Jornalismo"],"inLanguage":"pt-BR","potentialAction":[{"@type":"CommentAction","name":"Comment","target":["https:\/\/cacaunews.com\/?p=6333#respond"]}]},{"@type":"WebPage","@id":"https:\/\/cacaunews.com\/?p=6333","url":"https:\/\/cacaunews.com\/?p=6333","name":"'Habemus Papam': fuma\u00e7a branca anuncia que novo papa foi escolhido. - Cacau News","isPartOf":{"@id":"https:\/\/cacaunews.com\/#website"},"datePublished":"2025-05-08T16:28:12+00:00","dateModified":"2025-05-08T16:28:12+00:00","breadcrumb":{"@id":"https:\/\/cacaunews.com\/?p=6333#breadcrumb"},"inLanguage":"pt-BR","potentialAction":[{"@type":"ReadAction","target":["https:\/\/cacaunews.com\/?p=6333"]}]},{"@type":"BreadcrumbList","@id":"https:\/\/cacaunews.com\/?p=6333#breadcrumb","itemListElement":[{"@type":"ListItem","position":1,"name":"In\u00edcio","item":"https:\/\/cacaunews.com\/"},{"@type":"ListItem","position":2,"name":"&#8216;Habemus Papam&#8217;: fuma\u00e7a branca anuncia que novo papa foi escolhido."}]},{"@type":"WebSite","@id":"https:\/\/cacaunews.com\/#website","url":"https:\/\/cacaunews.com\/","name":"Cacau News","description":"A Informa\u00e7\u00e3o que voc\u00ea precisa!","publisher":{"@id":"https:\/\/cacaunews.com\/#organization"},"potentialAction":[{"@type":"SearchAction","target":{"@type":"EntryPoint","urlTemplate":"https:\/\/cacaunews.com\/?s={search_term_string}"},"query-input":"required name=search_term_string"}],"inLanguage":"pt-BR"},{"@type":"Organization","@id":"https:\/\/cacaunews.com\/#organization","name":"Cacau News","url":"https:\/\/cacaunews.com\/","logo":{"@type":"ImageObject","inLanguage":"pt-BR","@id":"https:\/\/cacaunews.com\/#\/schema\/logo\/image\/","url":"https:\/\/cacaunews.com\/wp-content\/uploads\/2025\/01\/cropped-LOGO-NOVA.png","contentUrl":"https:\/\/cacaunews.com\/wp-content\/uploads\/2025\/01\/cropped-LOGO-NOVA.png","width":813,"height":813,"caption":"Cacau News"},"image":{"@id":"https:\/\/cacaunews.com\/#\/schema\/logo\/image\/"},"sameAs":["https:\/\/www.instagram.com\/cacaunews.online\/","https:\/\/youtube.com\/@cacaunews?si=0VXLnjl08SrWbVG9"]},{"@type":"Person","@id":"https:\/\/cacaunews.com\/#\/schema\/person\/ea69703103e606ad347ccd64bd72ef79","name":"Reda\u00e7\u00e3o Cacau News","image":{"@type":"ImageObject","inLanguage":"pt-BR","@id":"https:\/\/cacaunews.com\/#\/schema\/person\/image\/","url":"https:\/\/secure.gravatar.com\/avatar\/d79227a2a7b6cc42e8d7a8f7c284cd3a?s=96&d=mm&r=g","contentUrl":"https:\/\/secure.gravatar.com\/avatar\/d79227a2a7b6cc42e8d7a8f7c284cd3a?s=96&d=mm&r=g","caption":"Reda\u00e7\u00e3o Cacau News"},"sameAs":["https:\/\/cacaunews.com"],"url":"https:\/\/cacaunews.com\/?author=1"}]}},"jetpack_sharing_enabled":true,"jetpack_featured_media_url":"https:\/\/cacaunews.com\/wp-content\/uploads\/2025\/05\/IMG_20250508_132935.jpg","_links":{"self":[{"href":"https:\/\/cacaunews.com\/index.php?rest_route=\/wp\/v2\/posts\/6333"}],"collection":[{"href":"https:\/\/cacaunews.com\/index.php?rest_route=\/wp\/v2\/posts"}],"about":[{"href":"https:\/\/cacaunews.com\/index.php?rest_route=\/wp\/v2\/types\/post"}],"author":[{"embeddable":true,"href":"https:\/\/cacaunews.com\/index.php?rest_route=\/wp\/v2\/users\/1"}],"replies":[{"embeddable":true,"href":"https:\/\/cacaunews.com\/index.php?rest_route=%2Fwp%2Fv2%2Fcomments&post=6333"}],"version-history":[{"count":0,"href":"https:\/\/cacaunews.com\/index.php?rest_route=\/wp\/v2\/posts\/6333\/revisions"}],"wp:featuredmedia":[{"embeddable":true,"href":"https:\/\/cacaunews.com\/index.php?rest_route=\/wp\/v2\/media\/6332"}],"wp:attachment":[{"href":"https:\/\/cacaunews.com\/index.php?rest_route=%2Fwp%2Fv2%2Fmedia&parent=6333"}],"wp:term":[{"taxonomy":"category","embeddable":true,"href":"https:\/\/cacaunews.com\/index.php?rest_route=%2Fwp%2Fv2%2Fcategories&post=6333"},{"taxonomy":"post_tag","embeddable":true,"href":"https:\/\/cacaunews.com\/index.php?rest_route=%2Fwp%2Fv2%2Ftags&post=6333"}],"curies":[{"name":"wp","href":"https:\/\/api.w.org\/{rel}","templated":true}]}}