{"id":6387,"date":"2025-05-22T13:10:41","date_gmt":"2025-05-22T13:10:41","guid":{"rendered":"https:\/\/cacaunews.com\/?p=6387"},"modified":"2025-05-22T13:18:37","modified_gmt":"2025-05-22T13:18:37","slug":"fronteiras-95-dos-fuzis-apreendidos-pela-pm-foram-fabricados-no-exterior-revela-estudo","status":"publish","type":"post","link":"https:\/\/cacaunews.com\/?p=6387","title":{"rendered":"Fronteiras: 95% dos fuzis apreendidos pela PM foram fabricados no exterior, revela estudo."},"content":{"rendered":"\n<p>Um estudo realizado pela Subsecretaria de Intelig\u00eancia (SSI) da Secretaria de Estado de Pol\u00edcia Militar do Rio de Janeiro revelou que, dos 638 fuzis apreendidos pela corpora\u00e7\u00e3o ao longo do ano passado,&nbsp; 604 deles foram fabricados no exterior.<br><br>Segundo a PMRJ, o levantamento apontou que a maioria das armas retiradas das m\u00e3os de suspeitos foram fabricadas nos Estados Unidos, de&nbsp; onde foram contrabandeadas 295 unidades da plataforma Colt. &#8220;Por ter licen\u00e7a para ser comercializada em outros pa\u00edses, o armamento da plataforma Colt entra de forma clandestina no Brasil pelas fronteiras de pa\u00edses sulamericanos, como Paraguai, Bol\u00edvia e Col\u00f4mbia&#8221;, destacou a PM, por meio de nota divulgada \u00e0 imprensa<\/p>\n\n\n\n<p>O estudo feito pela SSI revelou, tamb\u00e9m, que muitos fuzis chegaram ao territ\u00f3rio nacional em pe\u00e7as avulsas, tamb\u00e9m compradas nos EUA ao custo de\u00a0 aproximadamente R$ 6 mil, na cota\u00e7\u00e3o atual do d\u00f3lar.<\/p>\n\n\n\n<p>&#8220;Depois de&nbsp; montadas por armeiros, s\u00e3o vendidas \u00e0s fac\u00e7\u00f5es criminosas por cerca de R$ 50 mil. Al\u00e9m dos Estados Unidos, os fuzis apreendidos no ano passado no Rio foram fabricados tamb\u00e9m em outros pa\u00edses, como Israel, Alemanha, \u00c1ustria e Rep\u00fablica Theca. Um levantamento preliminar feito pela SSI, ao analisar a proced\u00eancia dos fuzis apreendidos neste ano de 2025, mostra que 60% foram fabricados nos Estados Unidos, indicando uma tend\u00eancia semelhante \u00e0 constatada no ano passado&#8221;, completou a pol\u00edcia.<\/p>\n","protected":false},"excerpt":{"rendered":"<p>Um estudo realizado pela Subsecretaria de Intelig\u00eancia (SSI) da Secretaria de Estado de Pol\u00edcia Militar&#8230;<\/p>\n","protected":false},"author":1,"featured_media":6386,"comment_status":"open","ping_status":"open","sticky":false,"template":"","format":"standard","meta":{"footnotes":""},"categories":[4,11,1988],"tags":[2269,2267,2268,2270],"yoast_head":"<!-- This site is optimized with the Yoast SEO plugin v21.7 - https:\/\/yoast.com\/wordpress\/plugins\/seo\/ -->\n<title>Fronteiras: 95% dos fuzis apreendidos pela PM foram fabricados no exterior, revela estudo. - Cacau News<\/title>\n<meta name=\"robots\" content=\"index, follow, max-snippet:-1, max-image-preview:large, max-video-preview:-1\" \/>\n<link rel=\"canonical\" href=\"https:\/\/cacaunews.com\/?p=6387\" \/>\n<meta property=\"og:locale\" content=\"pt_BR\" \/>\n<meta property=\"og:type\" content=\"article\" \/>\n<meta property=\"og:title\" content=\"Fronteiras: 95% dos fuzis apreendidos pela PM foram fabricados no exterior, revela estudo. - Cacau News\" \/>\n<meta property=\"og:description\" content=\"Um estudo realizado pela Subsecretaria de Intelig\u00eancia (SSI) da Secretaria de Estado de Pol\u00edcia Militar...\" \/>\n<meta property=\"og:url\" content=\"https:\/\/cacaunews.com\/?p=6387\" \/>\n<meta property=\"og:site_name\" content=\"Cacau News\" \/>\n<meta property=\"article:published_time\" content=\"2025-05-22T13:10:41+00:00\" \/>\n<meta property=\"article:modified_time\" content=\"2025-05-22T13:18:37+00:00\" \/>\n<meta property=\"og:image\" content=\"https:\/\/cacaunews.com\/wp-content\/uploads\/2025\/05\/fuzis_-_alberto_maraux__widemd.webp\" \/>\n\t<meta property=\"og:image:width\" content=\"551\" \/>\n\t<meta property=\"og:image:height\" content=\"309\" \/>\n\t<meta property=\"og:image:type\" content=\"image\/webp\" \/>\n<meta name=\"author\" content=\"Reda\u00e7\u00e3o Cacau News\" \/>\n<meta name=\"twitter:card\" content=\"summary_large_image\" \/>\n<meta name=\"twitter:label1\" content=\"Escrito por\" \/>\n\t<meta name=\"twitter:data1\" content=\"Reda\u00e7\u00e3o Cacau News\" \/>\n\t<meta name=\"twitter:label2\" content=\"Est. tempo de leitura\" \/>\n\t<meta name=\"twitter:data2\" content=\"1 minuto\" \/>\n<script type=\"application\/ld+json\" class=\"yoast-schema-graph\">{\"@context\":\"https:\/\/schema.org\",\"@graph\":[{\"@type\":\"Article\",\"@id\":\"https:\/\/cacaunews.com\/?p=6387#article\",\"isPartOf\":{\"@id\":\"https:\/\/cacaunews.com\/?p=6387\"},\"author\":{\"name\":\"Reda\u00e7\u00e3o Cacau News\",\"@id\":\"https:\/\/cacaunews.com\/#\/schema\/person\/ea69703103e606ad347ccd64bd72ef79\"},\"headline\":\"Fronteiras: 95% dos fuzis apreendidos pela PM foram fabricados no exterior, revela estudo.\",\"datePublished\":\"2025-05-22T13:10:41+00:00\",\"dateModified\":\"2025-05-22T13:18:37+00:00\",\"mainEntityOfPage\":{\"@id\":\"https:\/\/cacaunews.com\/?p=6387\"},\"wordCount\":249,\"commentCount\":0,\"publisher\":{\"@id\":\"https:\/\/cacaunews.com\/#organization\"},\"keywords\":[\"contrabando\",\"fronteiras\",\"fuzis\",\"PM-RJ\"],\"articleSection\":[\"Internet\",\"Jornalismo\",\"Pol\u00edcia\"],\"inLanguage\":\"pt-BR\",\"potentialAction\":[{\"@type\":\"CommentAction\",\"name\":\"Comment\",\"target\":[\"https:\/\/cacaunews.com\/?p=6387#respond\"]}]},{\"@type\":\"WebPage\",\"@id\":\"https:\/\/cacaunews.com\/?p=6387\",\"url\":\"https:\/\/cacaunews.com\/?p=6387\",\"name\":\"Fronteiras: 95% dos fuzis apreendidos pela PM foram fabricados no exterior, revela estudo. - Cacau News\",\"isPartOf\":{\"@id\":\"https:\/\/cacaunews.com\/#website\"},\"datePublished\":\"2025-05-22T13:10:41+00:00\",\"dateModified\":\"2025-05-22T13:18:37+00:00\",\"breadcrumb\":{\"@id\":\"https:\/\/cacaunews.com\/?p=6387#breadcrumb\"},\"inLanguage\":\"pt-BR\",\"potentialAction\":[{\"@type\":\"ReadAction\",\"target\":[\"https:\/\/cacaunews.com\/?p=6387\"]}]},{\"@type\":\"BreadcrumbList\",\"@id\":\"https:\/\/cacaunews.com\/?p=6387#breadcrumb\",\"itemListElement\":[{\"@type\":\"ListItem\",\"position\":1,\"name\":\"In\u00edcio\",\"item\":\"https:\/\/cacaunews.com\/\"},{\"@type\":\"ListItem\",\"position\":2,\"name\":\"Fronteiras: 95% dos fuzis apreendidos pela PM foram fabricados no exterior, revela estudo.\"}]},{\"@type\":\"WebSite\",\"@id\":\"https:\/\/cacaunews.com\/#website\",\"url\":\"https:\/\/cacaunews.com\/\",\"name\":\"Cacau News\",\"description\":\"A Informa\u00e7\u00e3o que voc\u00ea precisa!\",\"publisher\":{\"@id\":\"https:\/\/cacaunews.com\/#organization\"},\"potentialAction\":[{\"@type\":\"SearchAction\",\"target\":{\"@type\":\"EntryPoint\",\"urlTemplate\":\"https:\/\/cacaunews.com\/?s={search_term_string}\"},\"query-input\":\"required name=search_term_string\"}],\"inLanguage\":\"pt-BR\"},{\"@type\":\"Organization\",\"@id\":\"https:\/\/cacaunews.com\/#organization\",\"name\":\"Cacau News\",\"url\":\"https:\/\/cacaunews.com\/\",\"logo\":{\"@type\":\"ImageObject\",\"inLanguage\":\"pt-BR\",\"@id\":\"https:\/\/cacaunews.com\/#\/schema\/logo\/image\/\",\"url\":\"https:\/\/cacaunews.com\/wp-content\/uploads\/2025\/01\/cropped-LOGO-NOVA.png\",\"contentUrl\":\"https:\/\/cacaunews.com\/wp-content\/uploads\/2025\/01\/cropped-LOGO-NOVA.png\",\"width\":813,\"height\":813,\"caption\":\"Cacau News\"},\"image\":{\"@id\":\"https:\/\/cacaunews.com\/#\/schema\/logo\/image\/\"},\"sameAs\":[\"https:\/\/www.instagram.com\/cacaunews.online\/\",\"https:\/\/youtube.com\/@cacaunews?si=0VXLnjl08SrWbVG9\"]},{\"@type\":\"Person\",\"@id\":\"https:\/\/cacaunews.com\/#\/schema\/person\/ea69703103e606ad347ccd64bd72ef79\",\"name\":\"Reda\u00e7\u00e3o Cacau News\",\"image\":{\"@type\":\"ImageObject\",\"inLanguage\":\"pt-BR\",\"@id\":\"https:\/\/cacaunews.com\/#\/schema\/person\/image\/\",\"url\":\"https:\/\/secure.gravatar.com\/avatar\/d79227a2a7b6cc42e8d7a8f7c284cd3a?s=96&d=mm&r=g\",\"contentUrl\":\"https:\/\/secure.gravatar.com\/avatar\/d79227a2a7b6cc42e8d7a8f7c284cd3a?s=96&d=mm&r=g\",\"caption\":\"Reda\u00e7\u00e3o Cacau News\"},\"sameAs\":[\"https:\/\/cacaunews.com\"],\"url\":\"https:\/\/cacaunews.com\/?author=1\"}]}<\/script>\n<!-- \/ Yoast SEO plugin. -->","yoast_head_json":{"title":"Fronteiras: 95% dos fuzis apreendidos pela PM foram fabricados no exterior, revela estudo. - Cacau News","robots":{"index":"index","follow":"follow","max-snippet":"max-snippet:-1","max-image-preview":"max-image-preview:large","max-video-preview":"max-video-preview:-1"},"canonical":"https:\/\/cacaunews.com\/?p=6387","og_locale":"pt_BR","og_type":"article","og_title":"Fronteiras: 95% dos fuzis apreendidos pela PM foram fabricados no exterior, revela estudo. - Cacau News","og_description":"Um estudo realizado pela Subsecretaria de Intelig\u00eancia (SSI) da Secretaria de Estado de Pol\u00edcia Militar...","og_url":"https:\/\/cacaunews.com\/?p=6387","og_site_name":"Cacau News","article_published_time":"2025-05-22T13:10:41+00:00","article_modified_time":"2025-05-22T13:18:37+00:00","og_image":[{"width":551,"height":309,"url":"https:\/\/cacaunews.com\/wp-content\/uploads\/2025\/05\/fuzis_-_alberto_maraux__widemd.webp","type":"image\/webp"}],"author":"Reda\u00e7\u00e3o Cacau News","twitter_card":"summary_large_image","twitter_misc":{"Escrito por":"Reda\u00e7\u00e3o Cacau News","Est. tempo de leitura":"1 minuto"},"schema":{"@context":"https:\/\/schema.org","@graph":[{"@type":"Article","@id":"https:\/\/cacaunews.com\/?p=6387#article","isPartOf":{"@id":"https:\/\/cacaunews.com\/?p=6387"},"author":{"name":"Reda\u00e7\u00e3o Cacau News","@id":"https:\/\/cacaunews.com\/#\/schema\/person\/ea69703103e606ad347ccd64bd72ef79"},"headline":"Fronteiras: 95% dos fuzis apreendidos pela PM foram fabricados no exterior, revela estudo.","datePublished":"2025-05-22T13:10:41+00:00","dateModified":"2025-05-22T13:18:37+00:00","mainEntityOfPage":{"@id":"https:\/\/cacaunews.com\/?p=6387"},"wordCount":249,"commentCount":0,"publisher":{"@id":"https:\/\/cacaunews.com\/#organization"},"keywords":["contrabando","fronteiras","fuzis","PM-RJ"],"articleSection":["Internet","Jornalismo","Pol\u00edcia"],"inLanguage":"pt-BR","potentialAction":[{"@type":"CommentAction","name":"Comment","target":["https:\/\/cacaunews.com\/?p=6387#respond"]}]},{"@type":"WebPage","@id":"https:\/\/cacaunews.com\/?p=6387","url":"https:\/\/cacaunews.com\/?p=6387","name":"Fronteiras: 95% dos fuzis apreendidos pela PM foram fabricados no exterior, revela estudo. - Cacau News","isPartOf":{"@id":"https:\/\/cacaunews.com\/#website"},"datePublished":"2025-05-22T13:10:41+00:00","dateModified":"2025-05-22T13:18:37+00:00","breadcrumb":{"@id":"https:\/\/cacaunews.com\/?p=6387#breadcrumb"},"inLanguage":"pt-BR","potentialAction":[{"@type":"ReadAction","target":["https:\/\/cacaunews.com\/?p=6387"]}]},{"@type":"BreadcrumbList","@id":"https:\/\/cacaunews.com\/?p=6387#breadcrumb","itemListElement":[{"@type":"ListItem","position":1,"name":"In\u00edcio","item":"https:\/\/cacaunews.com\/"},{"@type":"ListItem","position":2,"name":"Fronteiras: 95% dos fuzis apreendidos pela PM foram fabricados no exterior, revela estudo."}]},{"@type":"WebSite","@id":"https:\/\/cacaunews.com\/#website","url":"https:\/\/cacaunews.com\/","name":"Cacau News","description":"A Informa\u00e7\u00e3o que voc\u00ea precisa!","publisher":{"@id":"https:\/\/cacaunews.com\/#organization"},"potentialAction":[{"@type":"SearchAction","target":{"@type":"EntryPoint","urlTemplate":"https:\/\/cacaunews.com\/?s={search_term_string}"},"query-input":"required name=search_term_string"}],"inLanguage":"pt-BR"},{"@type":"Organization","@id":"https:\/\/cacaunews.com\/#organization","name":"Cacau News","url":"https:\/\/cacaunews.com\/","logo":{"@type":"ImageObject","inLanguage":"pt-BR","@id":"https:\/\/cacaunews.com\/#\/schema\/logo\/image\/","url":"https:\/\/cacaunews.com\/wp-content\/uploads\/2025\/01\/cropped-LOGO-NOVA.png","contentUrl":"https:\/\/cacaunews.com\/wp-content\/uploads\/2025\/01\/cropped-LOGO-NOVA.png","width":813,"height":813,"caption":"Cacau News"},"image":{"@id":"https:\/\/cacaunews.com\/#\/schema\/logo\/image\/"},"sameAs":["https:\/\/www.instagram.com\/cacaunews.online\/","https:\/\/youtube.com\/@cacaunews?si=0VXLnjl08SrWbVG9"]},{"@type":"Person","@id":"https:\/\/cacaunews.com\/#\/schema\/person\/ea69703103e606ad347ccd64bd72ef79","name":"Reda\u00e7\u00e3o Cacau News","image":{"@type":"ImageObject","inLanguage":"pt-BR","@id":"https:\/\/cacaunews.com\/#\/schema\/person\/image\/","url":"https:\/\/secure.gravatar.com\/avatar\/d79227a2a7b6cc42e8d7a8f7c284cd3a?s=96&d=mm&r=g","contentUrl":"https:\/\/secure.gravatar.com\/avatar\/d79227a2a7b6cc42e8d7a8f7c284cd3a?s=96&d=mm&r=g","caption":"Reda\u00e7\u00e3o Cacau News"},"sameAs":["https:\/\/cacaunews.com"],"url":"https:\/\/cacaunews.com\/?author=1"}]}},"jetpack_sharing_enabled":true,"jetpack_featured_media_url":"https:\/\/cacaunews.com\/wp-content\/uploads\/2025\/05\/fuzis_-_alberto_maraux__widemd.webp","_links":{"self":[{"href":"https:\/\/cacaunews.com\/index.php?rest_route=\/wp\/v2\/posts\/6387"}],"collection":[{"href":"https:\/\/cacaunews.com\/index.php?rest_route=\/wp\/v2\/posts"}],"about":[{"href":"https:\/\/cacaunews.com\/index.php?rest_route=\/wp\/v2\/types\/post"}],"author":[{"embeddable":true,"href":"https:\/\/cacaunews.com\/index.php?rest_route=\/wp\/v2\/users\/1"}],"replies":[{"embeddable":true,"href":"https:\/\/cacaunews.com\/index.php?rest_route=%2Fwp%2Fv2%2Fcomments&post=6387"}],"version-history":[{"count":1,"href":"https:\/\/cacaunews.com\/index.php?rest_route=\/wp\/v2\/posts\/6387\/revisions"}],"predecessor-version":[{"id":6388,"href":"https:\/\/cacaunews.com\/index.php?rest_route=\/wp\/v2\/posts\/6387\/revisions\/6388"}],"wp:featuredmedia":[{"embeddable":true,"href":"https:\/\/cacaunews.com\/index.php?rest_route=\/wp\/v2\/media\/6386"}],"wp:attachment":[{"href":"https:\/\/cacaunews.com\/index.php?rest_route=%2Fwp%2Fv2%2Fmedia&parent=6387"}],"wp:term":[{"taxonomy":"category","embeddable":true,"href":"https:\/\/cacaunews.com\/index.php?rest_route=%2Fwp%2Fv2%2Fcategories&post=6387"},{"taxonomy":"post_tag","embeddable":true,"href":"https:\/\/cacaunews.com\/index.php?rest_route=%2Fwp%2Fv2%2Ftags&post=6387"}],"curies":[{"name":"wp","href":"https:\/\/api.w.org\/{rel}","templated":true}]}}