{"id":6391,"date":"2025-05-22T12:00:00","date_gmt":"2025-05-22T12:00:00","guid":{"rendered":"https:\/\/cacaunews.com\/?p=6391"},"modified":"2025-05-22T13:24:55","modified_gmt":"2025-05-22T13:24:55","slug":"com-exposicoes-em-ilheus-e-itabuna-semana-de-museus-conta-a-historia-regional-e-atrai-publico-recorde","status":"publish","type":"post","link":"https:\/\/cacaunews.com\/?p=6391","title":{"rendered":"Com Exposi\u00e7\u00f5es em Ilh\u00e9us e Itabuna, semana de museus conta a hist\u00f3ria regional e atrai p\u00fablico recorde."},"content":{"rendered":"\n<p><em>Semana de Museus promove exposi\u00e7\u00f5es em Ilh\u00e9us e Itabuna at\u00e9 27 de maio<\/em>.<\/p>\n\n\n\n<p> A 23\u00aa Semana de Museus est\u00e1 movimentando os espa\u00e7os culturais de Ilh\u00e9us e Itabuna com uma s\u00e9rie de exposi\u00e7\u00f5es abertas ao p\u00fablico at\u00e9 o dia 27 de maio. A iniciativa, organizada pela Rede Uesc de Museus com apoio do Centro de Cultura Teos\u00f3polis (CCT), celebra o papel dos museus na preserva\u00e7\u00e3o da mem\u00f3ria e na forma\u00e7\u00e3o cultural da popula\u00e7\u00e3o.<br><br>Em Itabuna, o Centro Cultural Teos\u00f3polis, localizado na Rua Professor Vieira Lima, 298, Pra\u00e7a dos Eucaliptos, bairro da Concei\u00e7\u00e3o, exibe a mostra \u201cPra\u00e7a Olinto Leone, Marco Inicial da Cidade de Itabuna\u201d, que destaca a import\u00e2ncia hist\u00f3rica de um dos principais espa\u00e7os p\u00fablicos do munic\u00edpio.<br><br>No Centro de Documenta\u00e7\u00e3o (Cedoc) da Universidade Estadual de Santa Cruz est\u00e1 em cartaz a exposi\u00e7\u00e3o \u201cA Batalha do Sequeiro do Espinho\u201d, que aborda epis\u00f3dios marcantes da hist\u00f3ria regional.<br><br>Em Ilh\u00e9us, o Museu do Cacau na Rua Eust\u00e1quio Bastos, centro da cidade,\u00a0\u00a0 homenageia o centen\u00e1rio de nascimento do escritor grapi\u00fana Euclides Neto com a mostra \u201cEuclides Neto \u2013 Um Esp\u00edrito Livre (1925\u20132025)\u201d. De volta a Itabuna, o Museu Am\u00e9lia Amado, no Complexo da A\u00e7\u00e3o Fraternal de Itabuna(AFI), exibe a exposi\u00e7\u00e3o \u201cItabuna: 115 Anos de Folia\u201d, celebrando a cultura popular e as tradi\u00e7\u00f5es festivas da cidade.<\/p>\n\n\n\n<figure class=\"wp-block-image size-large\"><img fetchpriority=\"high\" decoding=\"async\" width=\"1024\" height=\"461\" src=\"https:\/\/cacaunews.com\/wp-content\/uploads\/2025\/05\/1000666035221614316822588821-1024x461.jpg\" alt=\"\" class=\"wp-image-6389\" srcset=\"https:\/\/cacaunews.com\/wp-content\/uploads\/2025\/05\/1000666035221614316822588821-1024x461.jpg 1024w, https:\/\/cacaunews.com\/wp-content\/uploads\/2025\/05\/1000666035221614316822588821-300x135.jpg 300w, https:\/\/cacaunews.com\/wp-content\/uploads\/2025\/05\/1000666035221614316822588821-768x346.jpg 768w, https:\/\/cacaunews.com\/wp-content\/uploads\/2025\/05\/1000666035221614316822588821.jpg 1280w\" sizes=\"(max-width: 1024px) 100vw, 1024px\" \/><\/figure>\n\n\n\n<p>A programa\u00e7\u00e3o tamb\u00e9m incluiu palestras ministradas por historiadores e autores de livros, que ocorrem ao longo da semana nos diversos espa\u00e7os culturais participantes. Estudantes da rede p\u00fablica e privada t\u00eam visitado as exposi\u00e7\u00f5es, fortalecendo a aproxima\u00e7\u00e3o entre ambiente escolar e o patrim\u00f4nio hist\u00f3rico.<br><br>A professora Janete Macedo, uma das coordenadoras do evento, comemorou a participa\u00e7\u00e3o popular. \u201cA ades\u00e3o do p\u00fablico e o interesse dos estudantes mostram o quanto iniciativas como esta s\u00e3o fundamentais para valorizar nossa hist\u00f3ria\u201d, afirmou.<\/p>\n","protected":false},"excerpt":{"rendered":"<p>Semana de Museus promove exposi\u00e7\u00f5es em Ilh\u00e9us e Itabuna at\u00e9 27 de maio. A 23\u00aa&#8230;<\/p>\n","protected":false},"author":1,"featured_media":6390,"comment_status":"open","ping_status":"open","sticky":false,"template":"","format":"standard","meta":{"footnotes":""},"categories":[18,31,11],"tags":[34,1776,37,27,2271],"yoast_head":"<!-- This site is optimized with the Yoast SEO plugin v21.7 - https:\/\/yoast.com\/wordpress\/plugins\/seo\/ -->\n<title>Com Exposi\u00e7\u00f5es em Ilh\u00e9us e Itabuna, semana de museus conta a hist\u00f3ria regional e atrai p\u00fablico recorde. - Cacau News<\/title>\n<meta name=\"robots\" content=\"index, follow, max-snippet:-1, max-image-preview:large, max-video-preview:-1\" \/>\n<link rel=\"canonical\" href=\"https:\/\/cacaunews.com\/?p=6391\" \/>\n<meta property=\"og:locale\" content=\"pt_BR\" \/>\n<meta property=\"og:type\" content=\"article\" \/>\n<meta property=\"og:title\" content=\"Com Exposi\u00e7\u00f5es em Ilh\u00e9us e Itabuna, semana de museus conta a hist\u00f3ria regional e atrai p\u00fablico recorde. - Cacau News\" \/>\n<meta property=\"og:description\" content=\"Semana de Museus promove exposi\u00e7\u00f5es em Ilh\u00e9us e Itabuna at\u00e9 27 de maio. A 23\u00aa...\" \/>\n<meta property=\"og:url\" content=\"https:\/\/cacaunews.com\/?p=6391\" \/>\n<meta property=\"og:site_name\" content=\"Cacau News\" \/>\n<meta property=\"article:published_time\" content=\"2025-05-22T12:00:00+00:00\" \/>\n<meta property=\"article:modified_time\" content=\"2025-05-22T13:24:55+00:00\" \/>\n<meta property=\"og:image\" content=\"https:\/\/cacaunews.com\/wp-content\/uploads\/2025\/05\/1000666036.jpg\" \/>\n\t<meta property=\"og:image:width\" content=\"1600\" \/>\n\t<meta property=\"og:image:height\" content=\"1204\" \/>\n\t<meta property=\"og:image:type\" content=\"image\/jpeg\" \/>\n<meta name=\"author\" content=\"Reda\u00e7\u00e3o Cacau News\" \/>\n<meta name=\"twitter:card\" content=\"summary_large_image\" \/>\n<meta name=\"twitter:label1\" content=\"Escrito por\" \/>\n\t<meta name=\"twitter:data1\" content=\"Reda\u00e7\u00e3o Cacau News\" \/>\n\t<meta name=\"twitter:label2\" content=\"Est. tempo de leitura\" \/>\n\t<meta name=\"twitter:data2\" content=\"2 minutos\" \/>\n<script type=\"application\/ld+json\" class=\"yoast-schema-graph\">{\"@context\":\"https:\/\/schema.org\",\"@graph\":[{\"@type\":\"Article\",\"@id\":\"https:\/\/cacaunews.com\/?p=6391#article\",\"isPartOf\":{\"@id\":\"https:\/\/cacaunews.com\/?p=6391\"},\"author\":{\"name\":\"Reda\u00e7\u00e3o Cacau News\",\"@id\":\"https:\/\/cacaunews.com\/#\/schema\/person\/ea69703103e606ad347ccd64bd72ef79\"},\"headline\":\"Com Exposi\u00e7\u00f5es em Ilh\u00e9us e Itabuna, semana de museus conta a hist\u00f3ria regional e atrai p\u00fablico recorde.\",\"datePublished\":\"2025-05-22T12:00:00+00:00\",\"dateModified\":\"2025-05-22T13:24:55+00:00\",\"mainEntityOfPage\":{\"@id\":\"https:\/\/cacaunews.com\/?p=6391\"},\"wordCount\":352,\"commentCount\":0,\"publisher\":{\"@id\":\"https:\/\/cacaunews.com\/#organization\"},\"keywords\":[\"cultura\",\"hist\u00f3ria\",\"ilheus\",\"itabuna\",\"museus\"],\"articleSection\":[\"cidades\",\"Cultura\",\"Jornalismo\"],\"inLanguage\":\"pt-BR\",\"potentialAction\":[{\"@type\":\"CommentAction\",\"name\":\"Comment\",\"target\":[\"https:\/\/cacaunews.com\/?p=6391#respond\"]}]},{\"@type\":\"WebPage\",\"@id\":\"https:\/\/cacaunews.com\/?p=6391\",\"url\":\"https:\/\/cacaunews.com\/?p=6391\",\"name\":\"Com Exposi\u00e7\u00f5es em Ilh\u00e9us e Itabuna, semana de museus conta a hist\u00f3ria regional e atrai p\u00fablico recorde. - Cacau News\",\"isPartOf\":{\"@id\":\"https:\/\/cacaunews.com\/#website\"},\"datePublished\":\"2025-05-22T12:00:00+00:00\",\"dateModified\":\"2025-05-22T13:24:55+00:00\",\"breadcrumb\":{\"@id\":\"https:\/\/cacaunews.com\/?p=6391#breadcrumb\"},\"inLanguage\":\"pt-BR\",\"potentialAction\":[{\"@type\":\"ReadAction\",\"target\":[\"https:\/\/cacaunews.com\/?p=6391\"]}]},{\"@type\":\"BreadcrumbList\",\"@id\":\"https:\/\/cacaunews.com\/?p=6391#breadcrumb\",\"itemListElement\":[{\"@type\":\"ListItem\",\"position\":1,\"name\":\"In\u00edcio\",\"item\":\"https:\/\/cacaunews.com\/\"},{\"@type\":\"ListItem\",\"position\":2,\"name\":\"Com Exposi\u00e7\u00f5es em Ilh\u00e9us e Itabuna, semana de museus conta a hist\u00f3ria regional e atrai p\u00fablico recorde.\"}]},{\"@type\":\"WebSite\",\"@id\":\"https:\/\/cacaunews.com\/#website\",\"url\":\"https:\/\/cacaunews.com\/\",\"name\":\"Cacau News\",\"description\":\"A Informa\u00e7\u00e3o que voc\u00ea precisa!\",\"publisher\":{\"@id\":\"https:\/\/cacaunews.com\/#organization\"},\"potentialAction\":[{\"@type\":\"SearchAction\",\"target\":{\"@type\":\"EntryPoint\",\"urlTemplate\":\"https:\/\/cacaunews.com\/?s={search_term_string}\"},\"query-input\":\"required name=search_term_string\"}],\"inLanguage\":\"pt-BR\"},{\"@type\":\"Organization\",\"@id\":\"https:\/\/cacaunews.com\/#organization\",\"name\":\"Cacau News\",\"url\":\"https:\/\/cacaunews.com\/\",\"logo\":{\"@type\":\"ImageObject\",\"inLanguage\":\"pt-BR\",\"@id\":\"https:\/\/cacaunews.com\/#\/schema\/logo\/image\/\",\"url\":\"https:\/\/cacaunews.com\/wp-content\/uploads\/2025\/01\/cropped-LOGO-NOVA.png\",\"contentUrl\":\"https:\/\/cacaunews.com\/wp-content\/uploads\/2025\/01\/cropped-LOGO-NOVA.png\",\"width\":813,\"height\":813,\"caption\":\"Cacau News\"},\"image\":{\"@id\":\"https:\/\/cacaunews.com\/#\/schema\/logo\/image\/\"},\"sameAs\":[\"https:\/\/www.instagram.com\/cacaunews.online\/\",\"https:\/\/youtube.com\/@cacaunews?si=0VXLnjl08SrWbVG9\"]},{\"@type\":\"Person\",\"@id\":\"https:\/\/cacaunews.com\/#\/schema\/person\/ea69703103e606ad347ccd64bd72ef79\",\"name\":\"Reda\u00e7\u00e3o Cacau News\",\"image\":{\"@type\":\"ImageObject\",\"inLanguage\":\"pt-BR\",\"@id\":\"https:\/\/cacaunews.com\/#\/schema\/person\/image\/\",\"url\":\"https:\/\/secure.gravatar.com\/avatar\/d79227a2a7b6cc42e8d7a8f7c284cd3a?s=96&d=mm&r=g\",\"contentUrl\":\"https:\/\/secure.gravatar.com\/avatar\/d79227a2a7b6cc42e8d7a8f7c284cd3a?s=96&d=mm&r=g\",\"caption\":\"Reda\u00e7\u00e3o Cacau News\"},\"sameAs\":[\"https:\/\/cacaunews.com\"],\"url\":\"https:\/\/cacaunews.com\/?author=1\"}]}<\/script>\n<!-- \/ Yoast SEO plugin. -->","yoast_head_json":{"title":"Com Exposi\u00e7\u00f5es em Ilh\u00e9us e Itabuna, semana de museus conta a hist\u00f3ria regional e atrai p\u00fablico recorde. - Cacau News","robots":{"index":"index","follow":"follow","max-snippet":"max-snippet:-1","max-image-preview":"max-image-preview:large","max-video-preview":"max-video-preview:-1"},"canonical":"https:\/\/cacaunews.com\/?p=6391","og_locale":"pt_BR","og_type":"article","og_title":"Com Exposi\u00e7\u00f5es em Ilh\u00e9us e Itabuna, semana de museus conta a hist\u00f3ria regional e atrai p\u00fablico recorde. - Cacau News","og_description":"Semana de Museus promove exposi\u00e7\u00f5es em Ilh\u00e9us e Itabuna at\u00e9 27 de maio. A 23\u00aa...","og_url":"https:\/\/cacaunews.com\/?p=6391","og_site_name":"Cacau News","article_published_time":"2025-05-22T12:00:00+00:00","article_modified_time":"2025-05-22T13:24:55+00:00","og_image":[{"width":1600,"height":1204,"url":"https:\/\/cacaunews.com\/wp-content\/uploads\/2025\/05\/1000666036.jpg","type":"image\/jpeg"}],"author":"Reda\u00e7\u00e3o Cacau News","twitter_card":"summary_large_image","twitter_misc":{"Escrito por":"Reda\u00e7\u00e3o Cacau News","Est. tempo de leitura":"2 minutos"},"schema":{"@context":"https:\/\/schema.org","@graph":[{"@type":"Article","@id":"https:\/\/cacaunews.com\/?p=6391#article","isPartOf":{"@id":"https:\/\/cacaunews.com\/?p=6391"},"author":{"name":"Reda\u00e7\u00e3o Cacau News","@id":"https:\/\/cacaunews.com\/#\/schema\/person\/ea69703103e606ad347ccd64bd72ef79"},"headline":"Com Exposi\u00e7\u00f5es em Ilh\u00e9us e Itabuna, semana de museus conta a hist\u00f3ria regional e atrai p\u00fablico recorde.","datePublished":"2025-05-22T12:00:00+00:00","dateModified":"2025-05-22T13:24:55+00:00","mainEntityOfPage":{"@id":"https:\/\/cacaunews.com\/?p=6391"},"wordCount":352,"commentCount":0,"publisher":{"@id":"https:\/\/cacaunews.com\/#organization"},"keywords":["cultura","hist\u00f3ria","ilheus","itabuna","museus"],"articleSection":["cidades","Cultura","Jornalismo"],"inLanguage":"pt-BR","potentialAction":[{"@type":"CommentAction","name":"Comment","target":["https:\/\/cacaunews.com\/?p=6391#respond"]}]},{"@type":"WebPage","@id":"https:\/\/cacaunews.com\/?p=6391","url":"https:\/\/cacaunews.com\/?p=6391","name":"Com Exposi\u00e7\u00f5es em Ilh\u00e9us e Itabuna, semana de museus conta a hist\u00f3ria regional e atrai p\u00fablico recorde. - Cacau News","isPartOf":{"@id":"https:\/\/cacaunews.com\/#website"},"datePublished":"2025-05-22T12:00:00+00:00","dateModified":"2025-05-22T13:24:55+00:00","breadcrumb":{"@id":"https:\/\/cacaunews.com\/?p=6391#breadcrumb"},"inLanguage":"pt-BR","potentialAction":[{"@type":"ReadAction","target":["https:\/\/cacaunews.com\/?p=6391"]}]},{"@type":"BreadcrumbList","@id":"https:\/\/cacaunews.com\/?p=6391#breadcrumb","itemListElement":[{"@type":"ListItem","position":1,"name":"In\u00edcio","item":"https:\/\/cacaunews.com\/"},{"@type":"ListItem","position":2,"name":"Com Exposi\u00e7\u00f5es em Ilh\u00e9us e Itabuna, semana de museus conta a hist\u00f3ria regional e atrai p\u00fablico recorde."}]},{"@type":"WebSite","@id":"https:\/\/cacaunews.com\/#website","url":"https:\/\/cacaunews.com\/","name":"Cacau News","description":"A Informa\u00e7\u00e3o que voc\u00ea precisa!","publisher":{"@id":"https:\/\/cacaunews.com\/#organization"},"potentialAction":[{"@type":"SearchAction","target":{"@type":"EntryPoint","urlTemplate":"https:\/\/cacaunews.com\/?s={search_term_string}"},"query-input":"required name=search_term_string"}],"inLanguage":"pt-BR"},{"@type":"Organization","@id":"https:\/\/cacaunews.com\/#organization","name":"Cacau News","url":"https:\/\/cacaunews.com\/","logo":{"@type":"ImageObject","inLanguage":"pt-BR","@id":"https:\/\/cacaunews.com\/#\/schema\/logo\/image\/","url":"https:\/\/cacaunews.com\/wp-content\/uploads\/2025\/01\/cropped-LOGO-NOVA.png","contentUrl":"https:\/\/cacaunews.com\/wp-content\/uploads\/2025\/01\/cropped-LOGO-NOVA.png","width":813,"height":813,"caption":"Cacau News"},"image":{"@id":"https:\/\/cacaunews.com\/#\/schema\/logo\/image\/"},"sameAs":["https:\/\/www.instagram.com\/cacaunews.online\/","https:\/\/youtube.com\/@cacaunews?si=0VXLnjl08SrWbVG9"]},{"@type":"Person","@id":"https:\/\/cacaunews.com\/#\/schema\/person\/ea69703103e606ad347ccd64bd72ef79","name":"Reda\u00e7\u00e3o Cacau News","image":{"@type":"ImageObject","inLanguage":"pt-BR","@id":"https:\/\/cacaunews.com\/#\/schema\/person\/image\/","url":"https:\/\/secure.gravatar.com\/avatar\/d79227a2a7b6cc42e8d7a8f7c284cd3a?s=96&d=mm&r=g","contentUrl":"https:\/\/secure.gravatar.com\/avatar\/d79227a2a7b6cc42e8d7a8f7c284cd3a?s=96&d=mm&r=g","caption":"Reda\u00e7\u00e3o Cacau News"},"sameAs":["https:\/\/cacaunews.com"],"url":"https:\/\/cacaunews.com\/?author=1"}]}},"jetpack_sharing_enabled":true,"jetpack_featured_media_url":"https:\/\/cacaunews.com\/wp-content\/uploads\/2025\/05\/1000666036.jpg","_links":{"self":[{"href":"https:\/\/cacaunews.com\/index.php?rest_route=\/wp\/v2\/posts\/6391"}],"collection":[{"href":"https:\/\/cacaunews.com\/index.php?rest_route=\/wp\/v2\/posts"}],"about":[{"href":"https:\/\/cacaunews.com\/index.php?rest_route=\/wp\/v2\/types\/post"}],"author":[{"embeddable":true,"href":"https:\/\/cacaunews.com\/index.php?rest_route=\/wp\/v2\/users\/1"}],"replies":[{"embeddable":true,"href":"https:\/\/cacaunews.com\/index.php?rest_route=%2Fwp%2Fv2%2Fcomments&post=6391"}],"version-history":[{"count":1,"href":"https:\/\/cacaunews.com\/index.php?rest_route=\/wp\/v2\/posts\/6391\/revisions"}],"predecessor-version":[{"id":6392,"href":"https:\/\/cacaunews.com\/index.php?rest_route=\/wp\/v2\/posts\/6391\/revisions\/6392"}],"wp:featuredmedia":[{"embeddable":true,"href":"https:\/\/cacaunews.com\/index.php?rest_route=\/wp\/v2\/media\/6390"}],"wp:attachment":[{"href":"https:\/\/cacaunews.com\/index.php?rest_route=%2Fwp%2Fv2%2Fmedia&parent=6391"}],"wp:term":[{"taxonomy":"category","embeddable":true,"href":"https:\/\/cacaunews.com\/index.php?rest_route=%2Fwp%2Fv2%2Fcategories&post=6391"},{"taxonomy":"post_tag","embeddable":true,"href":"https:\/\/cacaunews.com\/index.php?rest_route=%2Fwp%2Fv2%2Ftags&post=6391"}],"curies":[{"name":"wp","href":"https:\/\/api.w.org\/{rel}","templated":true}]}}