{"id":6418,"date":"2025-05-23T10:00:14","date_gmt":"2025-05-23T10:00:14","guid":{"rendered":"https:\/\/cacaunews.com\/?p=6418"},"modified":"2025-05-23T10:00:14","modified_gmt":"2025-05-23T10:00:14","slug":"ilheus-wanessa-gedeon-assume-interinamente-a-prefeitura-enquanto-valderico-junior-viaja-em-missao","status":"publish","type":"post","link":"https:\/\/cacaunews.com\/?p=6418","title":{"rendered":"Ilh\u00e9us: Wanessa Gedeon assume interinamente a prefeitura, enquanto Valderico J\u00fanior viaja em miss\u00e3o."},"content":{"rendered":"\n<p>Em um momento hist\u00f3rico para o munic\u00edpio de Ilh\u00e9us, a vice-prefeita Wanessa Gedeon assume interinamente o comando da Prefeitura, tornando-se a primeira mulher a governar a cidade em seus 490 anos de hist\u00f3ria.<br><br>A transi\u00e7\u00e3o tempor\u00e1ria de cargo ocorre enquanto o prefeito Valderico Junior cumpre uma agenda oficial na China, onde participa de uma miss\u00e3o estrat\u00e9gica com o objetivo de atrair investimentos e estabelecer parcerias que impulsionem o desenvolvimento econ\u00f4mico e social de Ilh\u00e9us.<br><br>Em v\u00eddeo publicado nas redes sociais, o prefeito destacou a import\u00e2ncia da viagem:<br><br>&#8220;Estou indo \u00e0 China, em uma viagem oficial, a convite dos chineses, com o objetivo de apresentar Ilh\u00e9us como uma terra f\u00e9rtil, cheia de oportunidades e com um povo forte e trabalhador. Essa miss\u00e3o tem como prop\u00f3sito atrair investimentos que tragam benef\u00edcios diretos para nossa cidade e para o nosso povo.&#8221;<br><br>Valderico Junior tamb\u00e9m ressaltou a confian\u00e7a na vice-prefeita:<br><br>&#8220;Viajo com tranquilidade, pois deixo Ilh\u00e9us em boas m\u00e3os. Nossa vice-prefeita \u00e9 uma gestora competente, preparada e comprometida com o desenvolvimento do nosso munic\u00edpio. Tenho certeza de que ela dar\u00e1 continuidade ao trabalho com responsabilidade e dedica\u00e7\u00e3o.&#8221;<br><br>&#8220;Jogue duro, minha co-prefeita. At\u00e9 breve!&#8221;, concluiu.<br><br>A posse interina de Wanessa Gedeon representa n\u00e3o apenas um marco institucional, mas tamb\u00e9m um avan\u00e7o simb\u00f3lico na luta por mais representatividade feminina na pol\u00edtica local.<br><br>Comprometida com os desafios da gest\u00e3o, a prefeita em exerc\u00edcio seguir\u00e1 conduzindo os projetos e pol\u00edticas p\u00fablicas em andamento, com foco na melhoria da qualidade de vida da popula\u00e7\u00e3o ilheense.<\/p>\n","protected":false},"excerpt":{"rendered":"<p>Em um momento hist\u00f3rico para o munic\u00edpio de Ilh\u00e9us, a vice-prefeita Wanessa Gedeon assume interinamente&#8230;<\/p>\n","protected":false},"author":1,"featured_media":6417,"comment_status":"open","ping_status":"open","sticky":false,"template":"","format":"standard","meta":{"footnotes":""},"categories":[18,11,5],"tags":[1776,2280,37,1003,245,2279],"yoast_head":"<!-- This site is optimized with the Yoast SEO plugin v21.7 - https:\/\/yoast.com\/wordpress\/plugins\/seo\/ -->\n<title>Ilh\u00e9us: Wanessa Gedeon assume interinamente a prefeitura, enquanto Valderico J\u00fanior viaja em miss\u00e3o. - Cacau News<\/title>\n<meta name=\"robots\" content=\"index, follow, max-snippet:-1, max-image-preview:large, max-video-preview:-1\" \/>\n<link rel=\"canonical\" href=\"https:\/\/cacaunews.com\/?p=6418\" \/>\n<meta property=\"og:locale\" content=\"pt_BR\" \/>\n<meta property=\"og:type\" content=\"article\" \/>\n<meta property=\"og:title\" content=\"Ilh\u00e9us: Wanessa Gedeon assume interinamente a prefeitura, enquanto Valderico J\u00fanior viaja em miss\u00e3o. - Cacau News\" \/>\n<meta property=\"og:description\" content=\"Em um momento hist\u00f3rico para o munic\u00edpio de Ilh\u00e9us, a vice-prefeita Wanessa Gedeon assume interinamente...\" \/>\n<meta property=\"og:url\" content=\"https:\/\/cacaunews.com\/?p=6418\" \/>\n<meta property=\"og:site_name\" content=\"Cacau News\" \/>\n<meta property=\"article:published_time\" content=\"2025-05-23T10:00:14+00:00\" \/>\n<meta property=\"og:image\" content=\"https:\/\/cacaunews.com\/wp-content\/uploads\/2025\/05\/IMG_20250523_002838.jpg\" \/>\n\t<meta property=\"og:image:width\" content=\"1080\" \/>\n\t<meta property=\"og:image:height\" content=\"882\" \/>\n\t<meta property=\"og:image:type\" content=\"image\/jpeg\" \/>\n<meta name=\"author\" content=\"Reda\u00e7\u00e3o Cacau News\" \/>\n<meta name=\"twitter:card\" content=\"summary_large_image\" \/>\n<meta name=\"twitter:label1\" content=\"Escrito por\" \/>\n\t<meta name=\"twitter:data1\" content=\"Reda\u00e7\u00e3o Cacau News\" \/>\n\t<meta name=\"twitter:label2\" content=\"Est. tempo de leitura\" \/>\n\t<meta name=\"twitter:data2\" content=\"1 minuto\" \/>\n<script type=\"application\/ld+json\" class=\"yoast-schema-graph\">{\"@context\":\"https:\/\/schema.org\",\"@graph\":[{\"@type\":\"Article\",\"@id\":\"https:\/\/cacaunews.com\/?p=6418#article\",\"isPartOf\":{\"@id\":\"https:\/\/cacaunews.com\/?p=6418\"},\"author\":{\"name\":\"Reda\u00e7\u00e3o Cacau News\",\"@id\":\"https:\/\/cacaunews.com\/#\/schema\/person\/ea69703103e606ad347ccd64bd72ef79\"},\"headline\":\"Ilh\u00e9us: Wanessa Gedeon assume interinamente a prefeitura, enquanto Valderico J\u00fanior viaja em miss\u00e3o.\",\"datePublished\":\"2025-05-23T10:00:14+00:00\",\"dateModified\":\"2025-05-23T10:00:14+00:00\",\"mainEntityOfPage\":{\"@id\":\"https:\/\/cacaunews.com\/?p=6418\"},\"wordCount\":292,\"commentCount\":0,\"publisher\":{\"@id\":\"https:\/\/cacaunews.com\/#organization\"},\"keywords\":[\"hist\u00f3ria\",\"hist\u00f3rico\",\"ilheus\",\"prefeita\",\"prefeitura\",\"Wanessa Gedeon\"],\"articleSection\":[\"cidades\",\"Jornalismo\",\"Politica\"],\"inLanguage\":\"pt-BR\",\"potentialAction\":[{\"@type\":\"CommentAction\",\"name\":\"Comment\",\"target\":[\"https:\/\/cacaunews.com\/?p=6418#respond\"]}]},{\"@type\":\"WebPage\",\"@id\":\"https:\/\/cacaunews.com\/?p=6418\",\"url\":\"https:\/\/cacaunews.com\/?p=6418\",\"name\":\"Ilh\u00e9us: Wanessa Gedeon assume interinamente a prefeitura, enquanto Valderico J\u00fanior viaja em miss\u00e3o. - Cacau News\",\"isPartOf\":{\"@id\":\"https:\/\/cacaunews.com\/#website\"},\"datePublished\":\"2025-05-23T10:00:14+00:00\",\"dateModified\":\"2025-05-23T10:00:14+00:00\",\"breadcrumb\":{\"@id\":\"https:\/\/cacaunews.com\/?p=6418#breadcrumb\"},\"inLanguage\":\"pt-BR\",\"potentialAction\":[{\"@type\":\"ReadAction\",\"target\":[\"https:\/\/cacaunews.com\/?p=6418\"]}]},{\"@type\":\"BreadcrumbList\",\"@id\":\"https:\/\/cacaunews.com\/?p=6418#breadcrumb\",\"itemListElement\":[{\"@type\":\"ListItem\",\"position\":1,\"name\":\"In\u00edcio\",\"item\":\"https:\/\/cacaunews.com\/\"},{\"@type\":\"ListItem\",\"position\":2,\"name\":\"Ilh\u00e9us: Wanessa Gedeon assume interinamente a prefeitura, enquanto Valderico J\u00fanior viaja em miss\u00e3o.\"}]},{\"@type\":\"WebSite\",\"@id\":\"https:\/\/cacaunews.com\/#website\",\"url\":\"https:\/\/cacaunews.com\/\",\"name\":\"Cacau News\",\"description\":\"A Informa\u00e7\u00e3o que voc\u00ea precisa!\",\"publisher\":{\"@id\":\"https:\/\/cacaunews.com\/#organization\"},\"potentialAction\":[{\"@type\":\"SearchAction\",\"target\":{\"@type\":\"EntryPoint\",\"urlTemplate\":\"https:\/\/cacaunews.com\/?s={search_term_string}\"},\"query-input\":\"required name=search_term_string\"}],\"inLanguage\":\"pt-BR\"},{\"@type\":\"Organization\",\"@id\":\"https:\/\/cacaunews.com\/#organization\",\"name\":\"Cacau News\",\"url\":\"https:\/\/cacaunews.com\/\",\"logo\":{\"@type\":\"ImageObject\",\"inLanguage\":\"pt-BR\",\"@id\":\"https:\/\/cacaunews.com\/#\/schema\/logo\/image\/\",\"url\":\"https:\/\/cacaunews.com\/wp-content\/uploads\/2025\/01\/cropped-LOGO-NOVA.png\",\"contentUrl\":\"https:\/\/cacaunews.com\/wp-content\/uploads\/2025\/01\/cropped-LOGO-NOVA.png\",\"width\":813,\"height\":813,\"caption\":\"Cacau News\"},\"image\":{\"@id\":\"https:\/\/cacaunews.com\/#\/schema\/logo\/image\/\"},\"sameAs\":[\"https:\/\/www.instagram.com\/cacaunews.online\/\",\"https:\/\/youtube.com\/@cacaunews?si=0VXLnjl08SrWbVG9\"]},{\"@type\":\"Person\",\"@id\":\"https:\/\/cacaunews.com\/#\/schema\/person\/ea69703103e606ad347ccd64bd72ef79\",\"name\":\"Reda\u00e7\u00e3o Cacau News\",\"image\":{\"@type\":\"ImageObject\",\"inLanguage\":\"pt-BR\",\"@id\":\"https:\/\/cacaunews.com\/#\/schema\/person\/image\/\",\"url\":\"https:\/\/secure.gravatar.com\/avatar\/d79227a2a7b6cc42e8d7a8f7c284cd3a?s=96&d=mm&r=g\",\"contentUrl\":\"https:\/\/secure.gravatar.com\/avatar\/d79227a2a7b6cc42e8d7a8f7c284cd3a?s=96&d=mm&r=g\",\"caption\":\"Reda\u00e7\u00e3o Cacau News\"},\"sameAs\":[\"https:\/\/cacaunews.com\"],\"url\":\"https:\/\/cacaunews.com\/?author=1\"}]}<\/script>\n<!-- \/ Yoast SEO plugin. -->","yoast_head_json":{"title":"Ilh\u00e9us: Wanessa Gedeon assume interinamente a prefeitura, enquanto Valderico J\u00fanior viaja em miss\u00e3o. - Cacau News","robots":{"index":"index","follow":"follow","max-snippet":"max-snippet:-1","max-image-preview":"max-image-preview:large","max-video-preview":"max-video-preview:-1"},"canonical":"https:\/\/cacaunews.com\/?p=6418","og_locale":"pt_BR","og_type":"article","og_title":"Ilh\u00e9us: Wanessa Gedeon assume interinamente a prefeitura, enquanto Valderico J\u00fanior viaja em miss\u00e3o. - Cacau News","og_description":"Em um momento hist\u00f3rico para o munic\u00edpio de Ilh\u00e9us, a vice-prefeita Wanessa Gedeon assume interinamente...","og_url":"https:\/\/cacaunews.com\/?p=6418","og_site_name":"Cacau News","article_published_time":"2025-05-23T10:00:14+00:00","og_image":[{"width":1080,"height":882,"url":"https:\/\/cacaunews.com\/wp-content\/uploads\/2025\/05\/IMG_20250523_002838.jpg","type":"image\/jpeg"}],"author":"Reda\u00e7\u00e3o Cacau News","twitter_card":"summary_large_image","twitter_misc":{"Escrito por":"Reda\u00e7\u00e3o Cacau News","Est. tempo de leitura":"1 minuto"},"schema":{"@context":"https:\/\/schema.org","@graph":[{"@type":"Article","@id":"https:\/\/cacaunews.com\/?p=6418#article","isPartOf":{"@id":"https:\/\/cacaunews.com\/?p=6418"},"author":{"name":"Reda\u00e7\u00e3o Cacau News","@id":"https:\/\/cacaunews.com\/#\/schema\/person\/ea69703103e606ad347ccd64bd72ef79"},"headline":"Ilh\u00e9us: Wanessa Gedeon assume interinamente a prefeitura, enquanto Valderico J\u00fanior viaja em miss\u00e3o.","datePublished":"2025-05-23T10:00:14+00:00","dateModified":"2025-05-23T10:00:14+00:00","mainEntityOfPage":{"@id":"https:\/\/cacaunews.com\/?p=6418"},"wordCount":292,"commentCount":0,"publisher":{"@id":"https:\/\/cacaunews.com\/#organization"},"keywords":["hist\u00f3ria","hist\u00f3rico","ilheus","prefeita","prefeitura","Wanessa Gedeon"],"articleSection":["cidades","Jornalismo","Politica"],"inLanguage":"pt-BR","potentialAction":[{"@type":"CommentAction","name":"Comment","target":["https:\/\/cacaunews.com\/?p=6418#respond"]}]},{"@type":"WebPage","@id":"https:\/\/cacaunews.com\/?p=6418","url":"https:\/\/cacaunews.com\/?p=6418","name":"Ilh\u00e9us: Wanessa Gedeon assume interinamente a prefeitura, enquanto Valderico J\u00fanior viaja em miss\u00e3o. - Cacau News","isPartOf":{"@id":"https:\/\/cacaunews.com\/#website"},"datePublished":"2025-05-23T10:00:14+00:00","dateModified":"2025-05-23T10:00:14+00:00","breadcrumb":{"@id":"https:\/\/cacaunews.com\/?p=6418#breadcrumb"},"inLanguage":"pt-BR","potentialAction":[{"@type":"ReadAction","target":["https:\/\/cacaunews.com\/?p=6418"]}]},{"@type":"BreadcrumbList","@id":"https:\/\/cacaunews.com\/?p=6418#breadcrumb","itemListElement":[{"@type":"ListItem","position":1,"name":"In\u00edcio","item":"https:\/\/cacaunews.com\/"},{"@type":"ListItem","position":2,"name":"Ilh\u00e9us: Wanessa Gedeon assume interinamente a prefeitura, enquanto Valderico J\u00fanior viaja em miss\u00e3o."}]},{"@type":"WebSite","@id":"https:\/\/cacaunews.com\/#website","url":"https:\/\/cacaunews.com\/","name":"Cacau News","description":"A Informa\u00e7\u00e3o que voc\u00ea precisa!","publisher":{"@id":"https:\/\/cacaunews.com\/#organization"},"potentialAction":[{"@type":"SearchAction","target":{"@type":"EntryPoint","urlTemplate":"https:\/\/cacaunews.com\/?s={search_term_string}"},"query-input":"required name=search_term_string"}],"inLanguage":"pt-BR"},{"@type":"Organization","@id":"https:\/\/cacaunews.com\/#organization","name":"Cacau News","url":"https:\/\/cacaunews.com\/","logo":{"@type":"ImageObject","inLanguage":"pt-BR","@id":"https:\/\/cacaunews.com\/#\/schema\/logo\/image\/","url":"https:\/\/cacaunews.com\/wp-content\/uploads\/2025\/01\/cropped-LOGO-NOVA.png","contentUrl":"https:\/\/cacaunews.com\/wp-content\/uploads\/2025\/01\/cropped-LOGO-NOVA.png","width":813,"height":813,"caption":"Cacau News"},"image":{"@id":"https:\/\/cacaunews.com\/#\/schema\/logo\/image\/"},"sameAs":["https:\/\/www.instagram.com\/cacaunews.online\/","https:\/\/youtube.com\/@cacaunews?si=0VXLnjl08SrWbVG9"]},{"@type":"Person","@id":"https:\/\/cacaunews.com\/#\/schema\/person\/ea69703103e606ad347ccd64bd72ef79","name":"Reda\u00e7\u00e3o Cacau News","image":{"@type":"ImageObject","inLanguage":"pt-BR","@id":"https:\/\/cacaunews.com\/#\/schema\/person\/image\/","url":"https:\/\/secure.gravatar.com\/avatar\/d79227a2a7b6cc42e8d7a8f7c284cd3a?s=96&d=mm&r=g","contentUrl":"https:\/\/secure.gravatar.com\/avatar\/d79227a2a7b6cc42e8d7a8f7c284cd3a?s=96&d=mm&r=g","caption":"Reda\u00e7\u00e3o Cacau News"},"sameAs":["https:\/\/cacaunews.com"],"url":"https:\/\/cacaunews.com\/?author=1"}]}},"jetpack_sharing_enabled":true,"jetpack_featured_media_url":"https:\/\/cacaunews.com\/wp-content\/uploads\/2025\/05\/IMG_20250523_002838.jpg","_links":{"self":[{"href":"https:\/\/cacaunews.com\/index.php?rest_route=\/wp\/v2\/posts\/6418"}],"collection":[{"href":"https:\/\/cacaunews.com\/index.php?rest_route=\/wp\/v2\/posts"}],"about":[{"href":"https:\/\/cacaunews.com\/index.php?rest_route=\/wp\/v2\/types\/post"}],"author":[{"embeddable":true,"href":"https:\/\/cacaunews.com\/index.php?rest_route=\/wp\/v2\/users\/1"}],"replies":[{"embeddable":true,"href":"https:\/\/cacaunews.com\/index.php?rest_route=%2Fwp%2Fv2%2Fcomments&post=6418"}],"version-history":[{"count":0,"href":"https:\/\/cacaunews.com\/index.php?rest_route=\/wp\/v2\/posts\/6418\/revisions"}],"wp:featuredmedia":[{"embeddable":true,"href":"https:\/\/cacaunews.com\/index.php?rest_route=\/wp\/v2\/media\/6417"}],"wp:attachment":[{"href":"https:\/\/cacaunews.com\/index.php?rest_route=%2Fwp%2Fv2%2Fmedia&parent=6418"}],"wp:term":[{"taxonomy":"category","embeddable":true,"href":"https:\/\/cacaunews.com\/index.php?rest_route=%2Fwp%2Fv2%2Fcategories&post=6418"},{"taxonomy":"post_tag","embeddable":true,"href":"https:\/\/cacaunews.com\/index.php?rest_route=%2Fwp%2Fv2%2Ftags&post=6418"}],"curies":[{"name":"wp","href":"https:\/\/api.w.org\/{rel}","templated":true}]}}