{"id":6438,"date":"2025-05-27T02:00:05","date_gmt":"2025-05-27T02:00:05","guid":{"rendered":"https:\/\/cacaunews.com\/?p=6438"},"modified":"2025-05-27T02:00:05","modified_gmt":"2025-05-27T02:00:05","slug":"ilheus-comissao-de-etica-da-camara-de-vereadores-acata-denuncia-e-recomenda-afastamento-de-vereador","status":"publish","type":"post","link":"https:\/\/cacaunews.com\/?p=6438","title":{"rendered":"Ilh\u00e9us: Comiss\u00e3o de \u00c9tica da C\u00e2mara&nbsp; de Vereadores acata denuncia e recomenda afastamento de vereador."},"content":{"rendered":"\n<p>Comiss\u00e3o de \u00c9tica e Decoro Parlamentar da C\u00e2mara Municipal de Ilh\u00e9us decidiu, de forma un\u00e2nime, aceitar a den\u00fancia contra o vereador Tandick Resende de Moraes Junior. A queixa foi apresentada pelo vereador Vinicius Rodrigues de Alc\u00e2ntara Silva, que acusa seu colega de comportamento impr\u00f3prio durante uma sess\u00e3o legislativa.<br><br>Essa \u00e9 a primeira de duas den\u00fancias que est\u00e3o em andamento na Comiss\u00e3o de \u00c9tica contra Tandick. A segunda foi registrada pelo juiz Alex Vinicius, titular da 1\u00aa Vara da Fazenda P\u00fablica de Ilh\u00e9us, e, conforme apurado, possui uma base argumentativa mais consistente.<br><br>O colegiado, composto pelo presidente Mesaque Barboza Soares, pelo vice-presidente Nerval Nascimento Reis e pelo membro Josemar Ferreira Cardoso, considerou v\u00e1lidas as acusa\u00e7\u00f5es de que o vereador teria feito declara\u00e7\u00f5es ofensivas e amea\u00e7adoras no plen\u00e1rio em 29 de abril deste ano.<br><br>De acordo com a den\u00fancia, Tandick Resende, no exerc\u00edcio do cargo de Secret\u00e1rio da Mesa Diretora, teria lan\u00e7ado acusa\u00e7\u00f5es graves contra Vinicius Rodrigues, incluindo suspeitas sobre poss\u00edveis irregularidades em uma organiza\u00e7\u00e3o n\u00e3o governamental vinculada ao denunciante.<br><br>O relator Nerval Nascimento Reis embasou sua decis\u00e3o no C\u00f3digo de \u00c9tica do Legislativo Municipal, ressaltando a necessidade do afastamento imediato do parlamentar, tanto de seu mandato quanto da fun\u00e7\u00e3o na Mesa Diretora. A medida \u00e9 de car\u00e1ter preventivo e permanecer\u00e1 v\u00e1lida at\u00e9 a finaliza\u00e7\u00e3o do processo.<br><br>Se as acusa\u00e7\u00f5es forem confirmadas, o vereador poder\u00e1 ser punido com san\u00e7\u00f5es que v\u00e3o desde uma suspens\u00e3o tempor\u00e1ria at\u00e9 a cassa\u00e7\u00e3o do mandato. O caso seguir\u00e1 agora para an\u00e1lise e delibera\u00e7\u00e3o do plen\u00e1rio da C\u00e2mara, onde ser\u00e1 decidido de forma definitiva.<br><br>O epis\u00f3dio tem provocado discuss\u00f5es sobre os limites da conduta dos parlamentares e o uso respons\u00e1vel da tribuna. A C\u00e2mara Municipal garantiu que todo o procedimento ser\u00e1 conduzido com respeito ao direito de ampla defesa.<br><br>Acompanhe os pr\u00f3ximos desdobramentos desta apura\u00e7\u00e3o, que poder\u00e1 impactar significativamente o cen\u00e1rio pol\u00edtico de Ilh\u00e9us.<\/p>\n","protected":false},"excerpt":{"rendered":"<p>Comiss\u00e3o de \u00c9tica e Decoro Parlamentar da C\u00e2mara Municipal de Ilh\u00e9us decidiu, de forma un\u00e2nime,&#8230;<\/p>\n","protected":false},"author":1,"featured_media":6437,"comment_status":"open","ping_status":"open","sticky":false,"template":"","format":"standard","meta":{"footnotes":""},"categories":[18,11,5],"tags":[407,2288,1324,37,26,1588],"yoast_head":"<!-- This site is optimized with the Yoast SEO plugin v21.7 - https:\/\/yoast.com\/wordpress\/plugins\/seo\/ -->\n<title>Ilh\u00e9us: Comiss\u00e3o de \u00c9tica da C\u00e2mara&nbsp; de Vereadores acata denuncia e recomenda afastamento de vereador. - Cacau News<\/title>\n<meta name=\"robots\" content=\"index, follow, max-snippet:-1, max-image-preview:large, max-video-preview:-1\" \/>\n<link rel=\"canonical\" href=\"https:\/\/cacaunews.com\/?p=6438\" \/>\n<meta property=\"og:locale\" content=\"pt_BR\" \/>\n<meta property=\"og:type\" content=\"article\" \/>\n<meta property=\"og:title\" content=\"Ilh\u00e9us: Comiss\u00e3o de \u00c9tica da C\u00e2mara&nbsp; de Vereadores acata denuncia e recomenda afastamento de vereador. - Cacau News\" \/>\n<meta property=\"og:description\" content=\"Comiss\u00e3o de \u00c9tica e Decoro Parlamentar da C\u00e2mara Municipal de Ilh\u00e9us decidiu, de forma un\u00e2nime,...\" \/>\n<meta property=\"og:url\" content=\"https:\/\/cacaunews.com\/?p=6438\" \/>\n<meta property=\"og:site_name\" content=\"Cacau News\" \/>\n<meta property=\"article:published_time\" content=\"2025-05-27T02:00:05+00:00\" \/>\n<meta name=\"author\" content=\"Reda\u00e7\u00e3o Cacau News\" \/>\n<meta name=\"twitter:card\" content=\"summary_large_image\" \/>\n<meta name=\"twitter:label1\" content=\"Escrito por\" \/>\n\t<meta name=\"twitter:data1\" content=\"Reda\u00e7\u00e3o Cacau News\" \/>\n\t<meta name=\"twitter:label2\" content=\"Est. tempo de leitura\" \/>\n\t<meta name=\"twitter:data2\" content=\"2 minutos\" \/>\n<script type=\"application\/ld+json\" class=\"yoast-schema-graph\">{\"@context\":\"https:\/\/schema.org\",\"@graph\":[{\"@type\":\"Article\",\"@id\":\"https:\/\/cacaunews.com\/?p=6438#article\",\"isPartOf\":{\"@id\":\"https:\/\/cacaunews.com\/?p=6438\"},\"author\":{\"name\":\"Reda\u00e7\u00e3o Cacau News\",\"@id\":\"https:\/\/cacaunews.com\/#\/schema\/person\/ea69703103e606ad347ccd64bd72ef79\"},\"headline\":\"Ilh\u00e9us: Comiss\u00e3o de \u00c9tica da C\u00e2mara&nbsp; de Vereadores acata denuncia e recomenda afastamento de vereador.\",\"datePublished\":\"2025-05-27T02:00:05+00:00\",\"dateModified\":\"2025-05-27T02:00:05+00:00\",\"mainEntityOfPage\":{\"@id\":\"https:\/\/cacaunews.com\/?p=6438\"},\"wordCount\":372,\"commentCount\":0,\"publisher\":{\"@id\":\"https:\/\/cacaunews.com\/#organization\"},\"keywords\":[\"afastamento\",\"comiss\u00e3o de \u00e9tica\",\"Dr. Tandick\",\"ilheus\",\"politica\",\"recomenda\u00e7\u00e3o\"],\"articleSection\":[\"cidades\",\"Jornalismo\",\"Politica\"],\"inLanguage\":\"pt-BR\",\"potentialAction\":[{\"@type\":\"CommentAction\",\"name\":\"Comment\",\"target\":[\"https:\/\/cacaunews.com\/?p=6438#respond\"]}]},{\"@type\":\"WebPage\",\"@id\":\"https:\/\/cacaunews.com\/?p=6438\",\"url\":\"https:\/\/cacaunews.com\/?p=6438\",\"name\":\"Ilh\u00e9us: Comiss\u00e3o de \u00c9tica da C\u00e2mara&nbsp; de Vereadores acata denuncia e recomenda afastamento de vereador. - Cacau News\",\"isPartOf\":{\"@id\":\"https:\/\/cacaunews.com\/#website\"},\"datePublished\":\"2025-05-27T02:00:05+00:00\",\"dateModified\":\"2025-05-27T02:00:05+00:00\",\"breadcrumb\":{\"@id\":\"https:\/\/cacaunews.com\/?p=6438#breadcrumb\"},\"inLanguage\":\"pt-BR\",\"potentialAction\":[{\"@type\":\"ReadAction\",\"target\":[\"https:\/\/cacaunews.com\/?p=6438\"]}]},{\"@type\":\"BreadcrumbList\",\"@id\":\"https:\/\/cacaunews.com\/?p=6438#breadcrumb\",\"itemListElement\":[{\"@type\":\"ListItem\",\"position\":1,\"name\":\"In\u00edcio\",\"item\":\"https:\/\/cacaunews.com\/\"},{\"@type\":\"ListItem\",\"position\":2,\"name\":\"Ilh\u00e9us: Comiss\u00e3o de \u00c9tica da C\u00e2mara&nbsp; de Vereadores acata denuncia e recomenda afastamento de vereador.\"}]},{\"@type\":\"WebSite\",\"@id\":\"https:\/\/cacaunews.com\/#website\",\"url\":\"https:\/\/cacaunews.com\/\",\"name\":\"Cacau News\",\"description\":\"A Informa\u00e7\u00e3o que voc\u00ea precisa!\",\"publisher\":{\"@id\":\"https:\/\/cacaunews.com\/#organization\"},\"potentialAction\":[{\"@type\":\"SearchAction\",\"target\":{\"@type\":\"EntryPoint\",\"urlTemplate\":\"https:\/\/cacaunews.com\/?s={search_term_string}\"},\"query-input\":\"required name=search_term_string\"}],\"inLanguage\":\"pt-BR\"},{\"@type\":\"Organization\",\"@id\":\"https:\/\/cacaunews.com\/#organization\",\"name\":\"Cacau News\",\"url\":\"https:\/\/cacaunews.com\/\",\"logo\":{\"@type\":\"ImageObject\",\"inLanguage\":\"pt-BR\",\"@id\":\"https:\/\/cacaunews.com\/#\/schema\/logo\/image\/\",\"url\":\"https:\/\/cacaunews.com\/wp-content\/uploads\/2025\/01\/cropped-LOGO-NOVA.png\",\"contentUrl\":\"https:\/\/cacaunews.com\/wp-content\/uploads\/2025\/01\/cropped-LOGO-NOVA.png\",\"width\":813,\"height\":813,\"caption\":\"Cacau News\"},\"image\":{\"@id\":\"https:\/\/cacaunews.com\/#\/schema\/logo\/image\/\"},\"sameAs\":[\"https:\/\/www.instagram.com\/cacaunews.online\/\",\"https:\/\/youtube.com\/@cacaunews?si=0VXLnjl08SrWbVG9\"]},{\"@type\":\"Person\",\"@id\":\"https:\/\/cacaunews.com\/#\/schema\/person\/ea69703103e606ad347ccd64bd72ef79\",\"name\":\"Reda\u00e7\u00e3o Cacau News\",\"image\":{\"@type\":\"ImageObject\",\"inLanguage\":\"pt-BR\",\"@id\":\"https:\/\/cacaunews.com\/#\/schema\/person\/image\/\",\"url\":\"https:\/\/secure.gravatar.com\/avatar\/d79227a2a7b6cc42e8d7a8f7c284cd3a?s=96&d=mm&r=g\",\"contentUrl\":\"https:\/\/secure.gravatar.com\/avatar\/d79227a2a7b6cc42e8d7a8f7c284cd3a?s=96&d=mm&r=g\",\"caption\":\"Reda\u00e7\u00e3o Cacau News\"},\"sameAs\":[\"https:\/\/cacaunews.com\"],\"url\":\"https:\/\/cacaunews.com\/?author=1\"}]}<\/script>\n<!-- \/ Yoast SEO plugin. -->","yoast_head_json":{"title":"Ilh\u00e9us: Comiss\u00e3o de \u00c9tica da C\u00e2mara&nbsp; de Vereadores acata denuncia e recomenda afastamento de vereador. - Cacau News","robots":{"index":"index","follow":"follow","max-snippet":"max-snippet:-1","max-image-preview":"max-image-preview:large","max-video-preview":"max-video-preview:-1"},"canonical":"https:\/\/cacaunews.com\/?p=6438","og_locale":"pt_BR","og_type":"article","og_title":"Ilh\u00e9us: Comiss\u00e3o de \u00c9tica da C\u00e2mara&nbsp; de Vereadores acata denuncia e recomenda afastamento de vereador. - Cacau News","og_description":"Comiss\u00e3o de \u00c9tica e Decoro Parlamentar da C\u00e2mara Municipal de Ilh\u00e9us decidiu, de forma un\u00e2nime,...","og_url":"https:\/\/cacaunews.com\/?p=6438","og_site_name":"Cacau News","article_published_time":"2025-05-27T02:00:05+00:00","author":"Reda\u00e7\u00e3o Cacau News","twitter_card":"summary_large_image","twitter_misc":{"Escrito por":"Reda\u00e7\u00e3o Cacau News","Est. tempo de leitura":"2 minutos"},"schema":{"@context":"https:\/\/schema.org","@graph":[{"@type":"Article","@id":"https:\/\/cacaunews.com\/?p=6438#article","isPartOf":{"@id":"https:\/\/cacaunews.com\/?p=6438"},"author":{"name":"Reda\u00e7\u00e3o Cacau News","@id":"https:\/\/cacaunews.com\/#\/schema\/person\/ea69703103e606ad347ccd64bd72ef79"},"headline":"Ilh\u00e9us: Comiss\u00e3o de \u00c9tica da C\u00e2mara&nbsp; de Vereadores acata denuncia e recomenda afastamento de vereador.","datePublished":"2025-05-27T02:00:05+00:00","dateModified":"2025-05-27T02:00:05+00:00","mainEntityOfPage":{"@id":"https:\/\/cacaunews.com\/?p=6438"},"wordCount":372,"commentCount":0,"publisher":{"@id":"https:\/\/cacaunews.com\/#organization"},"keywords":["afastamento","comiss\u00e3o de \u00e9tica","Dr. Tandick","ilheus","politica","recomenda\u00e7\u00e3o"],"articleSection":["cidades","Jornalismo","Politica"],"inLanguage":"pt-BR","potentialAction":[{"@type":"CommentAction","name":"Comment","target":["https:\/\/cacaunews.com\/?p=6438#respond"]}]},{"@type":"WebPage","@id":"https:\/\/cacaunews.com\/?p=6438","url":"https:\/\/cacaunews.com\/?p=6438","name":"Ilh\u00e9us: Comiss\u00e3o de \u00c9tica da C\u00e2mara&nbsp; de Vereadores acata denuncia e recomenda afastamento de vereador. - Cacau News","isPartOf":{"@id":"https:\/\/cacaunews.com\/#website"},"datePublished":"2025-05-27T02:00:05+00:00","dateModified":"2025-05-27T02:00:05+00:00","breadcrumb":{"@id":"https:\/\/cacaunews.com\/?p=6438#breadcrumb"},"inLanguage":"pt-BR","potentialAction":[{"@type":"ReadAction","target":["https:\/\/cacaunews.com\/?p=6438"]}]},{"@type":"BreadcrumbList","@id":"https:\/\/cacaunews.com\/?p=6438#breadcrumb","itemListElement":[{"@type":"ListItem","position":1,"name":"In\u00edcio","item":"https:\/\/cacaunews.com\/"},{"@type":"ListItem","position":2,"name":"Ilh\u00e9us: Comiss\u00e3o de \u00c9tica da C\u00e2mara&nbsp; de Vereadores acata denuncia e recomenda afastamento de vereador."}]},{"@type":"WebSite","@id":"https:\/\/cacaunews.com\/#website","url":"https:\/\/cacaunews.com\/","name":"Cacau News","description":"A Informa\u00e7\u00e3o que voc\u00ea precisa!","publisher":{"@id":"https:\/\/cacaunews.com\/#organization"},"potentialAction":[{"@type":"SearchAction","target":{"@type":"EntryPoint","urlTemplate":"https:\/\/cacaunews.com\/?s={search_term_string}"},"query-input":"required name=search_term_string"}],"inLanguage":"pt-BR"},{"@type":"Organization","@id":"https:\/\/cacaunews.com\/#organization","name":"Cacau News","url":"https:\/\/cacaunews.com\/","logo":{"@type":"ImageObject","inLanguage":"pt-BR","@id":"https:\/\/cacaunews.com\/#\/schema\/logo\/image\/","url":"https:\/\/cacaunews.com\/wp-content\/uploads\/2025\/01\/cropped-LOGO-NOVA.png","contentUrl":"https:\/\/cacaunews.com\/wp-content\/uploads\/2025\/01\/cropped-LOGO-NOVA.png","width":813,"height":813,"caption":"Cacau News"},"image":{"@id":"https:\/\/cacaunews.com\/#\/schema\/logo\/image\/"},"sameAs":["https:\/\/www.instagram.com\/cacaunews.online\/","https:\/\/youtube.com\/@cacaunews?si=0VXLnjl08SrWbVG9"]},{"@type":"Person","@id":"https:\/\/cacaunews.com\/#\/schema\/person\/ea69703103e606ad347ccd64bd72ef79","name":"Reda\u00e7\u00e3o Cacau News","image":{"@type":"ImageObject","inLanguage":"pt-BR","@id":"https:\/\/cacaunews.com\/#\/schema\/person\/image\/","url":"https:\/\/secure.gravatar.com\/avatar\/d79227a2a7b6cc42e8d7a8f7c284cd3a?s=96&d=mm&r=g","contentUrl":"https:\/\/secure.gravatar.com\/avatar\/d79227a2a7b6cc42e8d7a8f7c284cd3a?s=96&d=mm&r=g","caption":"Reda\u00e7\u00e3o Cacau News"},"sameAs":["https:\/\/cacaunews.com"],"url":"https:\/\/cacaunews.com\/?author=1"}]}},"jetpack_sharing_enabled":true,"jetpack_featured_media_url":"https:\/\/cacaunews.com\/wp-content\/uploads\/2025\/05\/OIP.webp","_links":{"self":[{"href":"https:\/\/cacaunews.com\/index.php?rest_route=\/wp\/v2\/posts\/6438"}],"collection":[{"href":"https:\/\/cacaunews.com\/index.php?rest_route=\/wp\/v2\/posts"}],"about":[{"href":"https:\/\/cacaunews.com\/index.php?rest_route=\/wp\/v2\/types\/post"}],"author":[{"embeddable":true,"href":"https:\/\/cacaunews.com\/index.php?rest_route=\/wp\/v2\/users\/1"}],"replies":[{"embeddable":true,"href":"https:\/\/cacaunews.com\/index.php?rest_route=%2Fwp%2Fv2%2Fcomments&post=6438"}],"version-history":[{"count":0,"href":"https:\/\/cacaunews.com\/index.php?rest_route=\/wp\/v2\/posts\/6438\/revisions"}],"wp:featuredmedia":[{"embeddable":true,"href":"https:\/\/cacaunews.com\/index.php?rest_route=\/wp\/v2\/media\/6437"}],"wp:attachment":[{"href":"https:\/\/cacaunews.com\/index.php?rest_route=%2Fwp%2Fv2%2Fmedia&parent=6438"}],"wp:term":[{"taxonomy":"category","embeddable":true,"href":"https:\/\/cacaunews.com\/index.php?rest_route=%2Fwp%2Fv2%2Fcategories&post=6438"},{"taxonomy":"post_tag","embeddable":true,"href":"https:\/\/cacaunews.com\/index.php?rest_route=%2Fwp%2Fv2%2Ftags&post=6438"}],"curies":[{"name":"wp","href":"https:\/\/api.w.org\/{rel}","templated":true}]}}