{"id":6447,"date":"2025-05-27T14:00:35","date_gmt":"2025-05-27T14:00:35","guid":{"rendered":"https:\/\/cacaunews.com\/?p=6447"},"modified":"2025-05-27T14:04:31","modified_gmt":"2025-05-27T14:04:31","slug":"ossadas-identificadas-por-arqueologos-confirmam-a-localizacao-do-maior-cemiterio-de-escravizados-da-america-latina","status":"publish","type":"post","link":"https:\/\/cacaunews.com\/?p=6447","title":{"rendered":"Ossadas identificadas por arque\u00f3logos confirmam a localiza\u00e7\u00e3o do maior cemit\u00e9rio de escravizados da Am\u00e9rica Latina."},"content":{"rendered":"\n<p>Nesta segunda-feira (26), a arque\u00f3loga Jeanne Dias divulgou a identifica\u00e7\u00e3o das primeiras ossadas do Cemit\u00e9rio do Campo da P\u00f3lvora, no Centro de Salvador. O an\u00fancio foi feito durante Coletiva de Imprensa, realizada na sede do Minist\u00e9rio P\u00fablico da Bahia, no bairro de Nazar\u00e9, em Salvador. O achado, no estacionamento do Complexo da Pupileira, confirma o local exato do antigo cemit\u00e9rio de escravizados, o primeiro identificado na Bahia, e pode auxiliar no aprofundamento dos estudos e reconstru\u00e7\u00e3o da hist\u00f3ria da sociedade brasileira, ao dar visibilidade ao s\u00edtio de grande valor hist\u00f3rico, arqueol\u00f3gico, cultural e espiritual, ap\u00f3s cento e oitenta anos de apagamento hist\u00f3rico.<br><br>Emocionada com a descoberta, a arque\u00f3loga Jeanne Dias, que coordenou o projeto Levantamento Arqueol\u00f3gico na \u00c1rea do Antigo Cemit\u00e9rio do Campo da P\u00f3lvora, conta que neste local foram sepultados os indiv\u00edduos marginalizados, entre eles, os m\u00e1rtires da Revolta dos Mal\u00eas. Ela explica a import\u00e2ncia da pesquisa. \u201cEstamos muito felizes com a localiza\u00e7\u00e3o das ossadas dos remanescentes das comunidades negras, no antigo Cemit\u00e9rio do Campo da P\u00f3lvora. Com isso, a gente acredita que traz uma contribui\u00e7\u00e3o muito grande para a sociedade em geral, n\u00e3o s\u00f3 a baiana, mas a brasileira. Poder discutir, poder falar, poder debater um pouco sobre a trajet\u00f3ria e a vida dessas comunidades, que foram trazidas de maneira for\u00e7ada da \u00c1frica para trabalhar no Brasil, sendo escravizadas aqui, e das outras popula\u00e7\u00f5es marginalizadas\u201d, destaca.<\/p>\n\n\n\n<p>A escava\u00e7\u00e3o, onde antes funcionou um dos principais cemit\u00e9rios p\u00fablicos de Salvador, durou dez dias. A primeira interven\u00e7\u00e3o no solo teve 1&#215;3 metros de di\u00e2metro e a, segunda, teve de 2&#215;1 metros. Foi nesse espa\u00e7o, a 2,5 metros de profundidade que os arque\u00f3logos localizaram os primeiros vest\u00edgios \u00f3sseos, sendo ossos largos e dentes. O terreno \u00e1cido e bastante \u00famido deixou o material extremamente fr\u00e1gil e, por se tratar de um patrim\u00f4nio sens\u00edvel \u00e0 sociedade, a equipe optou por n\u00e3o divulgar imagens das ossadas e realizou um tratamento para a conserva\u00e7\u00e3o, devido ao curto prazo dado aos arque\u00f3logos para execu\u00e7\u00e3o da pesquisa.<br><br>O projeto Levantamento Arqueol\u00f3gico na \u00c1rea do Antigo Cemit\u00e9rio do Campo da P\u00f3lvora foi financiado pela empresa Arque\u00f3logos (Cotias e Dias LTDA) e teve como refer\u00eancia a pesquisa documental realizada pela arquiteta urbanista e doutoranda em Urbanismo pela UFBA, Silvana Olivieri. O espa\u00e7o, que esteve em atividade at\u00e9 1844, era administrado pela Santa Casa de Miseric\u00f3rdia e utilizado para sepultamento ou \u201cdescarte\u201d de pessoas que viviam \u00e0 margem da sociedade, como pobres, indigentes, n\u00e3o-batizados, excomungados, suicidas, prostitutas, criminosos, insurgentes e escravizados. Com apoio do advogado e professor de Direito da Universidade Federal da Bahia (UFBA), Samuel Vida, foi elaborado o Dossi\u00ea Cemit\u00e9rio do Campo da P\u00f3lvora e encaminhado para os \u00f3rg\u00e3os de prote\u00e7\u00e3o do Patrim\u00f4nio para a obten\u00e7\u00e3o de autoriza\u00e7\u00e3o para execu\u00e7\u00e3o da pesquisa arqueol\u00f3gica.<br><br>O tamb\u00e9m arque\u00f3logo, Railson Cotias, explica a complexidade e import\u00e2ncia da execu\u00e7\u00e3o do projeto. \u201cEsse trabalho simboliza o respeito \u00e0 mem\u00f3ria dos indiv\u00edduos aqui enterrados e que tiveram suas verdadeiras hist\u00f3rias invisibilizadas por s\u00e9culos. Por isso, a execu\u00e7\u00e3o do projeto envolveu cinco arque\u00f3logos com ampla experi\u00eancia em arqueologia hist\u00f3rica e em metodologias espec\u00edficas para contextos funer\u00e1rios, que se revezaram entre os trabalhos de pesquisa, montagem da estrutura, escava\u00e7\u00e3o e an\u00e1lise dos materiais coletados\u00a0 com o cuidado t\u00e9cnico necess\u00e1rio e rever\u00eancia \u00e0 mem\u00f3ria dessas pessoas\u201d.<br><br>Tamb\u00e9m estiveram presentes na Coletiva de Imprensa, a arquiteta e urbanista Silvana Olivieri; o jurista Samuel Vida; as promotoras de Justi\u00e7a L\u00edvia Vaz e Cristina Seixas; e o representante do Instituto do Patrim\u00f4nio Hist\u00f3rico e Art\u00edstico Nacional (Iphan). Com a conclus\u00e3o desta etapa, os arque\u00f3logos iniciam a an\u00e1lise das informa\u00e7\u00f5es colhidas no campo com outras informa\u00e7\u00f5es coletadas em outras camadas para compreender o processo de deposi\u00e7\u00e3o e, posteriormente, devolver para a sociedade debater o destino do s\u00edtio arqueol\u00f3gico.<\/p>\n\n\n\n<figure class=\"wp-block-gallery has-nested-images columns-default is-cropped wp-block-gallery-1 is-layout-flex wp-block-gallery-is-layout-flex\">\n<figure class=\"wp-block-image size-large\"><img fetchpriority=\"high\" decoding=\"async\" width=\"1024\" height=\"682\" data-id=\"6443\" src=\"https:\/\/cacaunews.com\/wp-content\/uploads\/2025\/05\/img-20250527-wa00688324918443600469978-1024x682.jpg\" alt=\"\" class=\"wp-image-6443\" srcset=\"https:\/\/cacaunews.com\/wp-content\/uploads\/2025\/05\/img-20250527-wa00688324918443600469978-1024x682.jpg 1024w, https:\/\/cacaunews.com\/wp-content\/uploads\/2025\/05\/img-20250527-wa00688324918443600469978-300x200.jpg 300w, https:\/\/cacaunews.com\/wp-content\/uploads\/2025\/05\/img-20250527-wa00688324918443600469978-768x512.jpg 768w, https:\/\/cacaunews.com\/wp-content\/uploads\/2025\/05\/img-20250527-wa00688324918443600469978.jpg 1280w\" sizes=\"(max-width: 1024px) 100vw, 1024px\" \/><\/figure>\n\n\n\n<figure class=\"wp-block-image size-large\"><img decoding=\"async\" width=\"1024\" height=\"682\" data-id=\"6444\" src=\"https:\/\/cacaunews.com\/wp-content\/uploads\/2025\/05\/img-20250527-wa00669091070927429784099-1024x682.jpg\" alt=\"\" class=\"wp-image-6444\" srcset=\"https:\/\/cacaunews.com\/wp-content\/uploads\/2025\/05\/img-20250527-wa00669091070927429784099-1024x682.jpg 1024w, https:\/\/cacaunews.com\/wp-content\/uploads\/2025\/05\/img-20250527-wa00669091070927429784099-300x200.jpg 300w, https:\/\/cacaunews.com\/wp-content\/uploads\/2025\/05\/img-20250527-wa00669091070927429784099-768x512.jpg 768w, https:\/\/cacaunews.com\/wp-content\/uploads\/2025\/05\/img-20250527-wa00669091070927429784099.jpg 1280w\" sizes=\"(max-width: 1024px) 100vw, 1024px\" \/><\/figure>\n\n\n\n<figure class=\"wp-block-image size-large\"><img decoding=\"async\" width=\"1024\" height=\"682\" data-id=\"6445\" src=\"https:\/\/cacaunews.com\/wp-content\/uploads\/2025\/05\/img-20250527-wa00655556414709983689267-1024x682.jpg\" alt=\"\" class=\"wp-image-6445\" srcset=\"https:\/\/cacaunews.com\/wp-content\/uploads\/2025\/05\/img-20250527-wa00655556414709983689267-1024x682.jpg 1024w, https:\/\/cacaunews.com\/wp-content\/uploads\/2025\/05\/img-20250527-wa00655556414709983689267-300x200.jpg 300w, https:\/\/cacaunews.com\/wp-content\/uploads\/2025\/05\/img-20250527-wa00655556414709983689267-768x512.jpg 768w, https:\/\/cacaunews.com\/wp-content\/uploads\/2025\/05\/img-20250527-wa00655556414709983689267.jpg 1280w\" sizes=\"(max-width: 1024px) 100vw, 1024px\" \/><\/figure>\n\n\n\n<figure class=\"wp-block-image size-large\"><img loading=\"lazy\" decoding=\"async\" width=\"1024\" height=\"777\" data-id=\"6446\" src=\"https:\/\/cacaunews.com\/wp-content\/uploads\/2025\/05\/img-20250527-wa00645477962314873763042-1024x777.jpg\" alt=\"\" class=\"wp-image-6446\" srcset=\"https:\/\/cacaunews.com\/wp-content\/uploads\/2025\/05\/img-20250527-wa00645477962314873763042-1024x777.jpg 1024w, https:\/\/cacaunews.com\/wp-content\/uploads\/2025\/05\/img-20250527-wa00645477962314873763042-300x228.jpg 300w, https:\/\/cacaunews.com\/wp-content\/uploads\/2025\/05\/img-20250527-wa00645477962314873763042-768x583.jpg 768w, https:\/\/cacaunews.com\/wp-content\/uploads\/2025\/05\/img-20250527-wa00645477962314873763042.jpg 1128w\" sizes=\"(max-width: 1024px) 100vw, 1024px\" \/><\/figure>\n<figcaption class=\"blocks-gallery-caption wp-element-caption\">Fotos: Vit\u00f3ria Nasck<\/figcaption><\/figure>\n\n\n\n<p><\/p>\n\n\n\n<p><\/p>\n\n\n\n<p><\/p>\n\n\n\n<p><\/p>\n\n\n\n<p><\/p>\n","protected":false},"excerpt":{"rendered":"<p>Nesta segunda-feira (26), a arque\u00f3loga Jeanne Dias divulgou a identifica\u00e7\u00e3o das primeiras ossadas do Cemit\u00e9rio&#8230;<\/p>\n","protected":false},"author":1,"featured_media":6442,"comment_status":"open","ping_status":"open","sticky":false,"template":"","format":"standard","meta":{"footnotes":""},"categories":[18,31,11],"tags":[2294,39,2291,2292,2293,908],"yoast_head":"<!-- This site is optimized with the Yoast SEO plugin v21.7 - https:\/\/yoast.com\/wordpress\/plugins\/seo\/ -->\n<title>Ossadas identificadas por arque\u00f3logos confirmam a localiza\u00e7\u00e3o do maior cemit\u00e9rio de escravizados da Am\u00e9rica Latina. - Cacau News<\/title>\n<meta name=\"robots\" content=\"index, follow, max-snippet:-1, max-image-preview:large, max-video-preview:-1\" \/>\n<link rel=\"canonical\" href=\"https:\/\/cacaunews.com\/?p=6447\" \/>\n<meta property=\"og:locale\" content=\"pt_BR\" \/>\n<meta property=\"og:type\" content=\"article\" \/>\n<meta property=\"og:title\" content=\"Ossadas identificadas por arque\u00f3logos confirmam a localiza\u00e7\u00e3o do maior cemit\u00e9rio de escravizados da Am\u00e9rica Latina. - Cacau News\" \/>\n<meta property=\"og:description\" content=\"Nesta segunda-feira (26), a arque\u00f3loga Jeanne Dias divulgou a identifica\u00e7\u00e3o das primeiras ossadas do Cemit\u00e9rio...\" \/>\n<meta property=\"og:url\" content=\"https:\/\/cacaunews.com\/?p=6447\" \/>\n<meta property=\"og:site_name\" content=\"Cacau News\" \/>\n<meta property=\"article:published_time\" content=\"2025-05-27T14:00:35+00:00\" \/>\n<meta property=\"article:modified_time\" content=\"2025-05-27T14:04:31+00:00\" \/>\n<meta property=\"og:image\" content=\"https:\/\/cacaunews.com\/wp-content\/uploads\/2025\/05\/IMG-20250527-WA0067.jpg\" \/>\n\t<meta property=\"og:image:width\" content=\"1280\" \/>\n\t<meta property=\"og:image:height\" content=\"853\" \/>\n\t<meta property=\"og:image:type\" content=\"image\/jpeg\" \/>\n<meta name=\"author\" content=\"Reda\u00e7\u00e3o Cacau News\" \/>\n<meta name=\"twitter:card\" content=\"summary_large_image\" \/>\n<meta name=\"twitter:label1\" content=\"Escrito por\" \/>\n\t<meta name=\"twitter:data1\" content=\"Reda\u00e7\u00e3o Cacau News\" \/>\n\t<meta name=\"twitter:label2\" content=\"Est. tempo de leitura\" \/>\n\t<meta name=\"twitter:data2\" content=\"4 minutos\" \/>\n<script type=\"application\/ld+json\" class=\"yoast-schema-graph\">{\"@context\":\"https:\/\/schema.org\",\"@graph\":[{\"@type\":\"Article\",\"@id\":\"https:\/\/cacaunews.com\/?p=6447#article\",\"isPartOf\":{\"@id\":\"https:\/\/cacaunews.com\/?p=6447\"},\"author\":{\"name\":\"Reda\u00e7\u00e3o Cacau News\",\"@id\":\"https:\/\/cacaunews.com\/#\/schema\/person\/ea69703103e606ad347ccd64bd72ef79\"},\"headline\":\"Ossadas identificadas por arque\u00f3logos confirmam a localiza\u00e7\u00e3o do maior cemit\u00e9rio de escravizados da Am\u00e9rica Latina.\",\"datePublished\":\"2025-05-27T14:00:35+00:00\",\"dateModified\":\"2025-05-27T14:04:31+00:00\",\"mainEntityOfPage\":{\"@id\":\"https:\/\/cacaunews.com\/?p=6447\"},\"wordCount\":729,\"commentCount\":0,\"publisher\":{\"@id\":\"https:\/\/cacaunews.com\/#organization\"},\"keywords\":[\"Am\u00e9rica Latina\",\"bahia\",\"descoberta\",\"escravos\",\"maior\",\"ossada\"],\"articleSection\":[\"cidades\",\"Cultura\",\"Jornalismo\"],\"inLanguage\":\"pt-BR\",\"potentialAction\":[{\"@type\":\"CommentAction\",\"name\":\"Comment\",\"target\":[\"https:\/\/cacaunews.com\/?p=6447#respond\"]}]},{\"@type\":\"WebPage\",\"@id\":\"https:\/\/cacaunews.com\/?p=6447\",\"url\":\"https:\/\/cacaunews.com\/?p=6447\",\"name\":\"Ossadas identificadas por arque\u00f3logos confirmam a localiza\u00e7\u00e3o do maior cemit\u00e9rio de escravizados da Am\u00e9rica Latina. - Cacau News\",\"isPartOf\":{\"@id\":\"https:\/\/cacaunews.com\/#website\"},\"datePublished\":\"2025-05-27T14:00:35+00:00\",\"dateModified\":\"2025-05-27T14:04:31+00:00\",\"breadcrumb\":{\"@id\":\"https:\/\/cacaunews.com\/?p=6447#breadcrumb\"},\"inLanguage\":\"pt-BR\",\"potentialAction\":[{\"@type\":\"ReadAction\",\"target\":[\"https:\/\/cacaunews.com\/?p=6447\"]}]},{\"@type\":\"BreadcrumbList\",\"@id\":\"https:\/\/cacaunews.com\/?p=6447#breadcrumb\",\"itemListElement\":[{\"@type\":\"ListItem\",\"position\":1,\"name\":\"In\u00edcio\",\"item\":\"https:\/\/cacaunews.com\/\"},{\"@type\":\"ListItem\",\"position\":2,\"name\":\"Ossadas identificadas por arque\u00f3logos confirmam a localiza\u00e7\u00e3o do maior cemit\u00e9rio de escravizados da Am\u00e9rica Latina.\"}]},{\"@type\":\"WebSite\",\"@id\":\"https:\/\/cacaunews.com\/#website\",\"url\":\"https:\/\/cacaunews.com\/\",\"name\":\"Cacau News\",\"description\":\"A Informa\u00e7\u00e3o que voc\u00ea precisa!\",\"publisher\":{\"@id\":\"https:\/\/cacaunews.com\/#organization\"},\"potentialAction\":[{\"@type\":\"SearchAction\",\"target\":{\"@type\":\"EntryPoint\",\"urlTemplate\":\"https:\/\/cacaunews.com\/?s={search_term_string}\"},\"query-input\":\"required name=search_term_string\"}],\"inLanguage\":\"pt-BR\"},{\"@type\":\"Organization\",\"@id\":\"https:\/\/cacaunews.com\/#organization\",\"name\":\"Cacau News\",\"url\":\"https:\/\/cacaunews.com\/\",\"logo\":{\"@type\":\"ImageObject\",\"inLanguage\":\"pt-BR\",\"@id\":\"https:\/\/cacaunews.com\/#\/schema\/logo\/image\/\",\"url\":\"https:\/\/cacaunews.com\/wp-content\/uploads\/2025\/01\/cropped-LOGO-NOVA.png\",\"contentUrl\":\"https:\/\/cacaunews.com\/wp-content\/uploads\/2025\/01\/cropped-LOGO-NOVA.png\",\"width\":813,\"height\":813,\"caption\":\"Cacau News\"},\"image\":{\"@id\":\"https:\/\/cacaunews.com\/#\/schema\/logo\/image\/\"},\"sameAs\":[\"https:\/\/www.instagram.com\/cacaunews.online\/\",\"https:\/\/youtube.com\/@cacaunews?si=0VXLnjl08SrWbVG9\"]},{\"@type\":\"Person\",\"@id\":\"https:\/\/cacaunews.com\/#\/schema\/person\/ea69703103e606ad347ccd64bd72ef79\",\"name\":\"Reda\u00e7\u00e3o Cacau News\",\"image\":{\"@type\":\"ImageObject\",\"inLanguage\":\"pt-BR\",\"@id\":\"https:\/\/cacaunews.com\/#\/schema\/person\/image\/\",\"url\":\"https:\/\/secure.gravatar.com\/avatar\/d79227a2a7b6cc42e8d7a8f7c284cd3a?s=96&d=mm&r=g\",\"contentUrl\":\"https:\/\/secure.gravatar.com\/avatar\/d79227a2a7b6cc42e8d7a8f7c284cd3a?s=96&d=mm&r=g\",\"caption\":\"Reda\u00e7\u00e3o Cacau News\"},\"sameAs\":[\"https:\/\/cacaunews.com\"],\"url\":\"https:\/\/cacaunews.com\/?author=1\"}]}<\/script>\n<!-- \/ Yoast SEO plugin. -->","yoast_head_json":{"title":"Ossadas identificadas por arque\u00f3logos confirmam a localiza\u00e7\u00e3o do maior cemit\u00e9rio de escravizados da Am\u00e9rica Latina. - Cacau News","robots":{"index":"index","follow":"follow","max-snippet":"max-snippet:-1","max-image-preview":"max-image-preview:large","max-video-preview":"max-video-preview:-1"},"canonical":"https:\/\/cacaunews.com\/?p=6447","og_locale":"pt_BR","og_type":"article","og_title":"Ossadas identificadas por arque\u00f3logos confirmam a localiza\u00e7\u00e3o do maior cemit\u00e9rio de escravizados da Am\u00e9rica Latina. - Cacau News","og_description":"Nesta segunda-feira (26), a arque\u00f3loga Jeanne Dias divulgou a identifica\u00e7\u00e3o das primeiras ossadas do Cemit\u00e9rio...","og_url":"https:\/\/cacaunews.com\/?p=6447","og_site_name":"Cacau News","article_published_time":"2025-05-27T14:00:35+00:00","article_modified_time":"2025-05-27T14:04:31+00:00","og_image":[{"width":1280,"height":853,"url":"https:\/\/cacaunews.com\/wp-content\/uploads\/2025\/05\/IMG-20250527-WA0067.jpg","type":"image\/jpeg"}],"author":"Reda\u00e7\u00e3o Cacau News","twitter_card":"summary_large_image","twitter_misc":{"Escrito por":"Reda\u00e7\u00e3o Cacau News","Est. tempo de leitura":"4 minutos"},"schema":{"@context":"https:\/\/schema.org","@graph":[{"@type":"Article","@id":"https:\/\/cacaunews.com\/?p=6447#article","isPartOf":{"@id":"https:\/\/cacaunews.com\/?p=6447"},"author":{"name":"Reda\u00e7\u00e3o Cacau News","@id":"https:\/\/cacaunews.com\/#\/schema\/person\/ea69703103e606ad347ccd64bd72ef79"},"headline":"Ossadas identificadas por arque\u00f3logos confirmam a localiza\u00e7\u00e3o do maior cemit\u00e9rio de escravizados da Am\u00e9rica Latina.","datePublished":"2025-05-27T14:00:35+00:00","dateModified":"2025-05-27T14:04:31+00:00","mainEntityOfPage":{"@id":"https:\/\/cacaunews.com\/?p=6447"},"wordCount":729,"commentCount":0,"publisher":{"@id":"https:\/\/cacaunews.com\/#organization"},"keywords":["Am\u00e9rica Latina","bahia","descoberta","escravos","maior","ossada"],"articleSection":["cidades","Cultura","Jornalismo"],"inLanguage":"pt-BR","potentialAction":[{"@type":"CommentAction","name":"Comment","target":["https:\/\/cacaunews.com\/?p=6447#respond"]}]},{"@type":"WebPage","@id":"https:\/\/cacaunews.com\/?p=6447","url":"https:\/\/cacaunews.com\/?p=6447","name":"Ossadas identificadas por arque\u00f3logos confirmam a localiza\u00e7\u00e3o do maior cemit\u00e9rio de escravizados da Am\u00e9rica Latina. - Cacau News","isPartOf":{"@id":"https:\/\/cacaunews.com\/#website"},"datePublished":"2025-05-27T14:00:35+00:00","dateModified":"2025-05-27T14:04:31+00:00","breadcrumb":{"@id":"https:\/\/cacaunews.com\/?p=6447#breadcrumb"},"inLanguage":"pt-BR","potentialAction":[{"@type":"ReadAction","target":["https:\/\/cacaunews.com\/?p=6447"]}]},{"@type":"BreadcrumbList","@id":"https:\/\/cacaunews.com\/?p=6447#breadcrumb","itemListElement":[{"@type":"ListItem","position":1,"name":"In\u00edcio","item":"https:\/\/cacaunews.com\/"},{"@type":"ListItem","position":2,"name":"Ossadas identificadas por arque\u00f3logos confirmam a localiza\u00e7\u00e3o do maior cemit\u00e9rio de escravizados da Am\u00e9rica Latina."}]},{"@type":"WebSite","@id":"https:\/\/cacaunews.com\/#website","url":"https:\/\/cacaunews.com\/","name":"Cacau News","description":"A Informa\u00e7\u00e3o que voc\u00ea precisa!","publisher":{"@id":"https:\/\/cacaunews.com\/#organization"},"potentialAction":[{"@type":"SearchAction","target":{"@type":"EntryPoint","urlTemplate":"https:\/\/cacaunews.com\/?s={search_term_string}"},"query-input":"required name=search_term_string"}],"inLanguage":"pt-BR"},{"@type":"Organization","@id":"https:\/\/cacaunews.com\/#organization","name":"Cacau News","url":"https:\/\/cacaunews.com\/","logo":{"@type":"ImageObject","inLanguage":"pt-BR","@id":"https:\/\/cacaunews.com\/#\/schema\/logo\/image\/","url":"https:\/\/cacaunews.com\/wp-content\/uploads\/2025\/01\/cropped-LOGO-NOVA.png","contentUrl":"https:\/\/cacaunews.com\/wp-content\/uploads\/2025\/01\/cropped-LOGO-NOVA.png","width":813,"height":813,"caption":"Cacau News"},"image":{"@id":"https:\/\/cacaunews.com\/#\/schema\/logo\/image\/"},"sameAs":["https:\/\/www.instagram.com\/cacaunews.online\/","https:\/\/youtube.com\/@cacaunews?si=0VXLnjl08SrWbVG9"]},{"@type":"Person","@id":"https:\/\/cacaunews.com\/#\/schema\/person\/ea69703103e606ad347ccd64bd72ef79","name":"Reda\u00e7\u00e3o Cacau News","image":{"@type":"ImageObject","inLanguage":"pt-BR","@id":"https:\/\/cacaunews.com\/#\/schema\/person\/image\/","url":"https:\/\/secure.gravatar.com\/avatar\/d79227a2a7b6cc42e8d7a8f7c284cd3a?s=96&d=mm&r=g","contentUrl":"https:\/\/secure.gravatar.com\/avatar\/d79227a2a7b6cc42e8d7a8f7c284cd3a?s=96&d=mm&r=g","caption":"Reda\u00e7\u00e3o Cacau News"},"sameAs":["https:\/\/cacaunews.com"],"url":"https:\/\/cacaunews.com\/?author=1"}]}},"jetpack_sharing_enabled":true,"jetpack_featured_media_url":"https:\/\/cacaunews.com\/wp-content\/uploads\/2025\/05\/IMG-20250527-WA0067.jpg","_links":{"self":[{"href":"https:\/\/cacaunews.com\/index.php?rest_route=\/wp\/v2\/posts\/6447"}],"collection":[{"href":"https:\/\/cacaunews.com\/index.php?rest_route=\/wp\/v2\/posts"}],"about":[{"href":"https:\/\/cacaunews.com\/index.php?rest_route=\/wp\/v2\/types\/post"}],"author":[{"embeddable":true,"href":"https:\/\/cacaunews.com\/index.php?rest_route=\/wp\/v2\/users\/1"}],"replies":[{"embeddable":true,"href":"https:\/\/cacaunews.com\/index.php?rest_route=%2Fwp%2Fv2%2Fcomments&post=6447"}],"version-history":[{"count":1,"href":"https:\/\/cacaunews.com\/index.php?rest_route=\/wp\/v2\/posts\/6447\/revisions"}],"predecessor-version":[{"id":6448,"href":"https:\/\/cacaunews.com\/index.php?rest_route=\/wp\/v2\/posts\/6447\/revisions\/6448"}],"wp:featuredmedia":[{"embeddable":true,"href":"https:\/\/cacaunews.com\/index.php?rest_route=\/wp\/v2\/media\/6442"}],"wp:attachment":[{"href":"https:\/\/cacaunews.com\/index.php?rest_route=%2Fwp%2Fv2%2Fmedia&parent=6447"}],"wp:term":[{"taxonomy":"category","embeddable":true,"href":"https:\/\/cacaunews.com\/index.php?rest_route=%2Fwp%2Fv2%2Fcategories&post=6447"},{"taxonomy":"post_tag","embeddable":true,"href":"https:\/\/cacaunews.com\/index.php?rest_route=%2Fwp%2Fv2%2Ftags&post=6447"}],"curies":[{"name":"wp","href":"https:\/\/api.w.org\/{rel}","templated":true}]}}