{"id":6457,"date":"2025-05-29T12:30:03","date_gmt":"2025-05-29T12:30:03","guid":{"rendered":"https:\/\/cacaunews.com\/?p=6457"},"modified":"2025-05-29T12:38:56","modified_gmt":"2025-05-29T12:38:56","slug":"ressarcimento-a-aposentados-do-inss-sera-feito-ate-31-de-dezembro-diz-presidente-do-instituto","status":"publish","type":"post","link":"https:\/\/cacaunews.com\/?p=6457","title":{"rendered":"Ressarcimento a aposentados do INSS ser\u00e1 feito at\u00e9 31 de dezembro, diz presidente do Instituto."},"content":{"rendered":"\n<p>Os aposentados e pensionistas que sofreram descontos ilegais no Instituto Nacional do Seguro Social (INSS) ser\u00e3o ressarcidos at\u00e9 31 de dezembro, disse nesta ter\u00e7a-feira (27) o presidente do \u00f3rg\u00e3o, Gilberto Waller J\u00fanior. Em reuni\u00e3o do Conselho Nacional da Previd\u00eancia Social (CNPS), ele disse que o Tesouro Nacional poder\u00e1 adiantar parte do reembolso, com o valor bloqueado e apreendido das entidades sendo devolvido ao governo posteriormente.<br><br>Segundo Waller, o cronograma de devolu\u00e7\u00e3o sair\u00e1 em breve. \u201cCom certeza, at\u00e9 31 de dezembro todo mundo que foi lesado ser\u00e1 ressarcido\u201d, disse.<br><br>Em rela\u00e7\u00e3o \u00e0s fontes de recursos, Waller disse que R$ 1 bilh\u00e3o em recursos bloqueados das entidades investigadas j\u00e1 est\u00e3o dispon\u00edveis para o ressarcimento. O INSS aguarda a Justi\u00e7a decidir sobre o bloqueio de outros R$ 2,5 bilh\u00f5es, pedido pela Advocacia-Geral da Uni\u00e3o (AGU).<\/p>\n\n\n\n<p>\u201cMais de R$ 1 bilh\u00e3o foram bloqueados para garantir ressarcimento ao er\u00e1rio, e a AGU pediu bloqueio de mais R$ 2,5 bilh\u00f5es, o que est\u00e1 pendente de decis\u00e3o judicial\u201d, ressaltou o presidente do INSS.<br><br>Em seguida, o ministro da Previd\u00eancia Social, Wolney Queiroz, acrescentou que o ressarcimento ocorrer\u00e1 independentemente da busca de recursos pela AGU.<br><br>A antecipa\u00e7\u00e3o de recursos do Tesouro Nacional, explicou o presidente do INSS, \u00e9 cogitada por causa da demora em vender os bens das associa\u00e7\u00f5es e entidades bloqueados pela Justi\u00e7a.<\/p>\n\n\n\n<p><strong>Estimativas<\/strong><br><br>Waller reiterou que o valor retirado indevidamente de aposentados e pensionistas ainda \u00e9 desconhecido, mas ficar\u00e1 menor que os R$ 5,9 bilh\u00f5es descontados de mar\u00e7o de 2020 a abril de 2025 de 9 milh\u00f5es de aposentados e pensionistas, o que inclui valores retirados com autoriza\u00e7\u00e3o. O desconto m\u00e9dio n\u00e3o autorizado est\u00e1 em R$ 48 por m\u00eas, enquanto as retiradas entre R$ 60 e R$ 70 t\u00eam percentual menor de contesta\u00e7\u00e3o.<br><br>O presidente do INSS tamb\u00e9m informou que os descontos ilegais se concentram nos \u00faltimos dois anos, n\u00e3o nos \u00faltimos cinco anos. Segundo Waller, isso deve diminuir o valor a ser ressarcido.<br><br>H\u00e1 cerca de duas semanas, cerca de 9 milh\u00f5es de aposentados e pensionistas foram notificados pelo aplicativo Meu INSS e devem informar se os descontos para associa\u00e7\u00f5es e entidades foram autorizados ou s\u00e3o ilegais. Nesta ter\u00e7a-feira, o INSS publicou a lista de cerca de 4,7 mil ag\u00eancias dos Correios que atender\u00e3o os segurados com dificuldade de acesso \u00e0 internet.<\/p>\n\n\n\n<p><strong>Decis\u00f5es suspensas<\/strong><br><br>A reuni\u00e3o do CNPS deste m\u00eas n\u00e3o teve a participa\u00e7\u00e3o dos representantes das associa\u00e7\u00f5es investigadas pela Pol\u00edcia Federal, afastados preventivamente pelo ministro da Previd\u00eancia, Wolney Queiroz. Por causa do afastamento, a reuni\u00e3o desta ter\u00e7a n\u00e3o teve decis\u00f5es deliberativas.<br><br>O CNPS, que decide sobre quest\u00f5es como o teto de juros do cr\u00e9dito consignado do INSS, s\u00f3 voltar\u00e1 a deliberar ap\u00f3s as centrais sindicais indicarem os substitutos dos conselheiros afastados. H\u00e1 a expectativa de que, no encontro de junho, os nomes dos futuros conselheiros sejam definidos. <\/p>\n\n\n\n<p>Com Informa\u00e7\u00f5es Ag\u00eancia Brasil.<\/p>\n","protected":false},"excerpt":{"rendered":"<p>Os aposentados e pensionistas que sofreram descontos ilegais no Instituto Nacional do Seguro Social (INSS)&#8230;<\/p>\n","protected":false},"author":1,"featured_media":6456,"comment_status":"open","ping_status":"open","sticky":false,"template":"","format":"standard","meta":{"footnotes":""},"categories":[4,11],"tags":[1902,35,409,2296,2295,2297],"yoast_head":"<!-- This site is optimized with the Yoast SEO plugin v21.7 - https:\/\/yoast.com\/wordpress\/plugins\/seo\/ -->\n<title>Ressarcimento a aposentados do INSS ser\u00e1 feito at\u00e9 31 de dezembro, diz presidente do Instituto. - Cacau News<\/title>\n<meta name=\"robots\" content=\"index, follow, max-snippet:-1, max-image-preview:large, max-video-preview:-1\" \/>\n<link rel=\"canonical\" href=\"https:\/\/cacaunews.com\/?p=6457\" \/>\n<meta property=\"og:locale\" content=\"pt_BR\" \/>\n<meta property=\"og:type\" content=\"article\" \/>\n<meta property=\"og:title\" content=\"Ressarcimento a aposentados do INSS ser\u00e1 feito at\u00e9 31 de dezembro, diz presidente do Instituto. - Cacau News\" \/>\n<meta property=\"og:description\" content=\"Os aposentados e pensionistas que sofreram descontos ilegais no Instituto Nacional do Seguro Social (INSS)...\" \/>\n<meta property=\"og:url\" content=\"https:\/\/cacaunews.com\/?p=6457\" \/>\n<meta property=\"og:site_name\" content=\"Cacau News\" \/>\n<meta property=\"article:published_time\" content=\"2025-05-29T12:30:03+00:00\" \/>\n<meta property=\"article:modified_time\" content=\"2025-05-29T12:38:56+00:00\" \/>\n<meta property=\"og:image\" content=\"https:\/\/cacaunews.com\/wp-content\/uploads\/2025\/05\/inss-previdencia-agencia.jpg\" \/>\n\t<meta property=\"og:image:width\" content=\"750\" \/>\n\t<meta property=\"og:image:height\" content=\"430\" \/>\n\t<meta property=\"og:image:type\" content=\"image\/jpeg\" \/>\n<meta name=\"author\" content=\"Reda\u00e7\u00e3o Cacau News\" \/>\n<meta name=\"twitter:card\" content=\"summary_large_image\" \/>\n<meta name=\"twitter:label1\" content=\"Escrito por\" \/>\n\t<meta name=\"twitter:data1\" content=\"Reda\u00e7\u00e3o Cacau News\" \/>\n\t<meta name=\"twitter:label2\" content=\"Est. tempo de leitura\" \/>\n\t<meta name=\"twitter:data2\" content=\"3 minutos\" \/>\n<script type=\"application\/ld+json\" class=\"yoast-schema-graph\">{\"@context\":\"https:\/\/schema.org\",\"@graph\":[{\"@type\":\"Article\",\"@id\":\"https:\/\/cacaunews.com\/?p=6457#article\",\"isPartOf\":{\"@id\":\"https:\/\/cacaunews.com\/?p=6457\"},\"author\":{\"name\":\"Reda\u00e7\u00e3o Cacau News\",\"@id\":\"https:\/\/cacaunews.com\/#\/schema\/person\/ea69703103e606ad347ccd64bd72ef79\"},\"headline\":\"Ressarcimento a aposentados do INSS ser\u00e1 feito at\u00e9 31 de dezembro, diz presidente do Instituto.\",\"datePublished\":\"2025-05-29T12:30:03+00:00\",\"dateModified\":\"2025-05-29T12:38:56+00:00\",\"mainEntityOfPage\":{\"@id\":\"https:\/\/cacaunews.com\/?p=6457\"},\"wordCount\":518,\"commentCount\":0,\"publisher\":{\"@id\":\"https:\/\/cacaunews.com\/#organization\"},\"keywords\":[\"aposentados\",\"brasil\",\"devolu\u00e7\u00e3o\",\"dezembro\",\"INSS\",\"pensionistas\"],\"articleSection\":[\"Internet\",\"Jornalismo\"],\"inLanguage\":\"pt-BR\",\"potentialAction\":[{\"@type\":\"CommentAction\",\"name\":\"Comment\",\"target\":[\"https:\/\/cacaunews.com\/?p=6457#respond\"]}]},{\"@type\":\"WebPage\",\"@id\":\"https:\/\/cacaunews.com\/?p=6457\",\"url\":\"https:\/\/cacaunews.com\/?p=6457\",\"name\":\"Ressarcimento a aposentados do INSS ser\u00e1 feito at\u00e9 31 de dezembro, diz presidente do Instituto. - Cacau News\",\"isPartOf\":{\"@id\":\"https:\/\/cacaunews.com\/#website\"},\"datePublished\":\"2025-05-29T12:30:03+00:00\",\"dateModified\":\"2025-05-29T12:38:56+00:00\",\"breadcrumb\":{\"@id\":\"https:\/\/cacaunews.com\/?p=6457#breadcrumb\"},\"inLanguage\":\"pt-BR\",\"potentialAction\":[{\"@type\":\"ReadAction\",\"target\":[\"https:\/\/cacaunews.com\/?p=6457\"]}]},{\"@type\":\"BreadcrumbList\",\"@id\":\"https:\/\/cacaunews.com\/?p=6457#breadcrumb\",\"itemListElement\":[{\"@type\":\"ListItem\",\"position\":1,\"name\":\"In\u00edcio\",\"item\":\"https:\/\/cacaunews.com\/\"},{\"@type\":\"ListItem\",\"position\":2,\"name\":\"Ressarcimento a aposentados do INSS ser\u00e1 feito at\u00e9 31 de dezembro, diz presidente do Instituto.\"}]},{\"@type\":\"WebSite\",\"@id\":\"https:\/\/cacaunews.com\/#website\",\"url\":\"https:\/\/cacaunews.com\/\",\"name\":\"Cacau News\",\"description\":\"A Informa\u00e7\u00e3o que voc\u00ea precisa!\",\"publisher\":{\"@id\":\"https:\/\/cacaunews.com\/#organization\"},\"potentialAction\":[{\"@type\":\"SearchAction\",\"target\":{\"@type\":\"EntryPoint\",\"urlTemplate\":\"https:\/\/cacaunews.com\/?s={search_term_string}\"},\"query-input\":\"required name=search_term_string\"}],\"inLanguage\":\"pt-BR\"},{\"@type\":\"Organization\",\"@id\":\"https:\/\/cacaunews.com\/#organization\",\"name\":\"Cacau News\",\"url\":\"https:\/\/cacaunews.com\/\",\"logo\":{\"@type\":\"ImageObject\",\"inLanguage\":\"pt-BR\",\"@id\":\"https:\/\/cacaunews.com\/#\/schema\/logo\/image\/\",\"url\":\"https:\/\/cacaunews.com\/wp-content\/uploads\/2025\/01\/cropped-LOGO-NOVA.png\",\"contentUrl\":\"https:\/\/cacaunews.com\/wp-content\/uploads\/2025\/01\/cropped-LOGO-NOVA.png\",\"width\":813,\"height\":813,\"caption\":\"Cacau News\"},\"image\":{\"@id\":\"https:\/\/cacaunews.com\/#\/schema\/logo\/image\/\"},\"sameAs\":[\"https:\/\/www.instagram.com\/cacaunews.online\/\",\"https:\/\/youtube.com\/@cacaunews?si=0VXLnjl08SrWbVG9\"]},{\"@type\":\"Person\",\"@id\":\"https:\/\/cacaunews.com\/#\/schema\/person\/ea69703103e606ad347ccd64bd72ef79\",\"name\":\"Reda\u00e7\u00e3o Cacau News\",\"image\":{\"@type\":\"ImageObject\",\"inLanguage\":\"pt-BR\",\"@id\":\"https:\/\/cacaunews.com\/#\/schema\/person\/image\/\",\"url\":\"https:\/\/secure.gravatar.com\/avatar\/d79227a2a7b6cc42e8d7a8f7c284cd3a?s=96&d=mm&r=g\",\"contentUrl\":\"https:\/\/secure.gravatar.com\/avatar\/d79227a2a7b6cc42e8d7a8f7c284cd3a?s=96&d=mm&r=g\",\"caption\":\"Reda\u00e7\u00e3o Cacau News\"},\"sameAs\":[\"https:\/\/cacaunews.com\"],\"url\":\"https:\/\/cacaunews.com\/?author=1\"}]}<\/script>\n<!-- \/ Yoast SEO plugin. -->","yoast_head_json":{"title":"Ressarcimento a aposentados do INSS ser\u00e1 feito at\u00e9 31 de dezembro, diz presidente do Instituto. - Cacau News","robots":{"index":"index","follow":"follow","max-snippet":"max-snippet:-1","max-image-preview":"max-image-preview:large","max-video-preview":"max-video-preview:-1"},"canonical":"https:\/\/cacaunews.com\/?p=6457","og_locale":"pt_BR","og_type":"article","og_title":"Ressarcimento a aposentados do INSS ser\u00e1 feito at\u00e9 31 de dezembro, diz presidente do Instituto. - Cacau News","og_description":"Os aposentados e pensionistas que sofreram descontos ilegais no Instituto Nacional do Seguro Social (INSS)...","og_url":"https:\/\/cacaunews.com\/?p=6457","og_site_name":"Cacau News","article_published_time":"2025-05-29T12:30:03+00:00","article_modified_time":"2025-05-29T12:38:56+00:00","og_image":[{"width":750,"height":430,"url":"https:\/\/cacaunews.com\/wp-content\/uploads\/2025\/05\/inss-previdencia-agencia.jpg","type":"image\/jpeg"}],"author":"Reda\u00e7\u00e3o Cacau News","twitter_card":"summary_large_image","twitter_misc":{"Escrito por":"Reda\u00e7\u00e3o Cacau News","Est. tempo de leitura":"3 minutos"},"schema":{"@context":"https:\/\/schema.org","@graph":[{"@type":"Article","@id":"https:\/\/cacaunews.com\/?p=6457#article","isPartOf":{"@id":"https:\/\/cacaunews.com\/?p=6457"},"author":{"name":"Reda\u00e7\u00e3o Cacau News","@id":"https:\/\/cacaunews.com\/#\/schema\/person\/ea69703103e606ad347ccd64bd72ef79"},"headline":"Ressarcimento a aposentados do INSS ser\u00e1 feito at\u00e9 31 de dezembro, diz presidente do Instituto.","datePublished":"2025-05-29T12:30:03+00:00","dateModified":"2025-05-29T12:38:56+00:00","mainEntityOfPage":{"@id":"https:\/\/cacaunews.com\/?p=6457"},"wordCount":518,"commentCount":0,"publisher":{"@id":"https:\/\/cacaunews.com\/#organization"},"keywords":["aposentados","brasil","devolu\u00e7\u00e3o","dezembro","INSS","pensionistas"],"articleSection":["Internet","Jornalismo"],"inLanguage":"pt-BR","potentialAction":[{"@type":"CommentAction","name":"Comment","target":["https:\/\/cacaunews.com\/?p=6457#respond"]}]},{"@type":"WebPage","@id":"https:\/\/cacaunews.com\/?p=6457","url":"https:\/\/cacaunews.com\/?p=6457","name":"Ressarcimento a aposentados do INSS ser\u00e1 feito at\u00e9 31 de dezembro, diz presidente do Instituto. - Cacau News","isPartOf":{"@id":"https:\/\/cacaunews.com\/#website"},"datePublished":"2025-05-29T12:30:03+00:00","dateModified":"2025-05-29T12:38:56+00:00","breadcrumb":{"@id":"https:\/\/cacaunews.com\/?p=6457#breadcrumb"},"inLanguage":"pt-BR","potentialAction":[{"@type":"ReadAction","target":["https:\/\/cacaunews.com\/?p=6457"]}]},{"@type":"BreadcrumbList","@id":"https:\/\/cacaunews.com\/?p=6457#breadcrumb","itemListElement":[{"@type":"ListItem","position":1,"name":"In\u00edcio","item":"https:\/\/cacaunews.com\/"},{"@type":"ListItem","position":2,"name":"Ressarcimento a aposentados do INSS ser\u00e1 feito at\u00e9 31 de dezembro, diz presidente do Instituto."}]},{"@type":"WebSite","@id":"https:\/\/cacaunews.com\/#website","url":"https:\/\/cacaunews.com\/","name":"Cacau News","description":"A Informa\u00e7\u00e3o que voc\u00ea precisa!","publisher":{"@id":"https:\/\/cacaunews.com\/#organization"},"potentialAction":[{"@type":"SearchAction","target":{"@type":"EntryPoint","urlTemplate":"https:\/\/cacaunews.com\/?s={search_term_string}"},"query-input":"required name=search_term_string"}],"inLanguage":"pt-BR"},{"@type":"Organization","@id":"https:\/\/cacaunews.com\/#organization","name":"Cacau News","url":"https:\/\/cacaunews.com\/","logo":{"@type":"ImageObject","inLanguage":"pt-BR","@id":"https:\/\/cacaunews.com\/#\/schema\/logo\/image\/","url":"https:\/\/cacaunews.com\/wp-content\/uploads\/2025\/01\/cropped-LOGO-NOVA.png","contentUrl":"https:\/\/cacaunews.com\/wp-content\/uploads\/2025\/01\/cropped-LOGO-NOVA.png","width":813,"height":813,"caption":"Cacau News"},"image":{"@id":"https:\/\/cacaunews.com\/#\/schema\/logo\/image\/"},"sameAs":["https:\/\/www.instagram.com\/cacaunews.online\/","https:\/\/youtube.com\/@cacaunews?si=0VXLnjl08SrWbVG9"]},{"@type":"Person","@id":"https:\/\/cacaunews.com\/#\/schema\/person\/ea69703103e606ad347ccd64bd72ef79","name":"Reda\u00e7\u00e3o Cacau News","image":{"@type":"ImageObject","inLanguage":"pt-BR","@id":"https:\/\/cacaunews.com\/#\/schema\/person\/image\/","url":"https:\/\/secure.gravatar.com\/avatar\/d79227a2a7b6cc42e8d7a8f7c284cd3a?s=96&d=mm&r=g","contentUrl":"https:\/\/secure.gravatar.com\/avatar\/d79227a2a7b6cc42e8d7a8f7c284cd3a?s=96&d=mm&r=g","caption":"Reda\u00e7\u00e3o Cacau News"},"sameAs":["https:\/\/cacaunews.com"],"url":"https:\/\/cacaunews.com\/?author=1"}]}},"jetpack_sharing_enabled":true,"jetpack_featured_media_url":"https:\/\/cacaunews.com\/wp-content\/uploads\/2025\/05\/inss-previdencia-agencia.jpg","_links":{"self":[{"href":"https:\/\/cacaunews.com\/index.php?rest_route=\/wp\/v2\/posts\/6457"}],"collection":[{"href":"https:\/\/cacaunews.com\/index.php?rest_route=\/wp\/v2\/posts"}],"about":[{"href":"https:\/\/cacaunews.com\/index.php?rest_route=\/wp\/v2\/types\/post"}],"author":[{"embeddable":true,"href":"https:\/\/cacaunews.com\/index.php?rest_route=\/wp\/v2\/users\/1"}],"replies":[{"embeddable":true,"href":"https:\/\/cacaunews.com\/index.php?rest_route=%2Fwp%2Fv2%2Fcomments&post=6457"}],"version-history":[{"count":1,"href":"https:\/\/cacaunews.com\/index.php?rest_route=\/wp\/v2\/posts\/6457\/revisions"}],"predecessor-version":[{"id":6458,"href":"https:\/\/cacaunews.com\/index.php?rest_route=\/wp\/v2\/posts\/6457\/revisions\/6458"}],"wp:featuredmedia":[{"embeddable":true,"href":"https:\/\/cacaunews.com\/index.php?rest_route=\/wp\/v2\/media\/6456"}],"wp:attachment":[{"href":"https:\/\/cacaunews.com\/index.php?rest_route=%2Fwp%2Fv2%2Fmedia&parent=6457"}],"wp:term":[{"taxonomy":"category","embeddable":true,"href":"https:\/\/cacaunews.com\/index.php?rest_route=%2Fwp%2Fv2%2Fcategories&post=6457"},{"taxonomy":"post_tag","embeddable":true,"href":"https:\/\/cacaunews.com\/index.php?rest_route=%2Fwp%2Fv2%2Ftags&post=6457"}],"curies":[{"name":"wp","href":"https:\/\/api.w.org\/{rel}","templated":true}]}}