{"id":6472,"date":"2025-05-31T18:00:34","date_gmt":"2025-05-31T18:00:34","guid":{"rendered":"https:\/\/cacaunews.com\/?p=6472"},"modified":"2025-05-31T18:00:34","modified_gmt":"2025-05-31T18:00:34","slug":"itacare-mulher-e-presa-em-flagrante-acusada-de-matar-cantor","status":"publish","type":"post","link":"https:\/\/cacaunews.com\/?p=6472","title":{"rendered":"Itacar\u00e9: Mulher \u00e9 presa em flagrante acusada de matar cantor."},"content":{"rendered":"\n<p>Um crime chocante abalou a cidade de Itacar\u00e9 na manh\u00e3 deste s\u00e1bado (31). Uma mulher foi presa em flagrante pela 72\u00aa CIPM, acusada de ter esfaqueado o cantor Lucca Makezi, seu companheiro.<br><br>De acordo com informa\u00e7\u00f5es da Pol\u00edcia Militar, o crime ocorreu ap\u00f3s uma discuss\u00e3o entre o casal. Imagens de c\u00e2meras de seguran\u00e7a mostram o momento em que a mulher corre atr\u00e1s do artista logo ap\u00f3s desferir o golpe.<br><br>Mesmo gravemente ferido, Lucca conseguiu sair de casa em busca de ajuda e foi socorrido at\u00e9 o hospital da cidade, mas n\u00e3o resistiu aos ferimentos.<br><br>A suspeita foi detida ainda no hospital, ao ser informada da morte do companheiro, e conduzida \u00e0 delegacia, acompanhada por sua m\u00e3e. A Pol\u00edcia Civil investiga o caso como homic\u00eddio.<br><br>A morte do cantor gerou forte como\u00e7\u00e3o em Itacar\u00e9. Lucca Makezi era figura conhecida na cidade, com presen\u00e7a marcante em eventos culturais e apresenta\u00e7\u00f5es musicais locais.<\/p>\n","protected":false},"excerpt":{"rendered":"<p>Um crime chocante abalou a cidade de Itacar\u00e9 na manh\u00e3 deste s\u00e1bado (31). Uma mulher&#8230;<\/p>\n","protected":false},"author":1,"featured_media":6471,"comment_status":"open","ping_status":"open","sticky":false,"template":"","format":"standard","meta":{"footnotes":""},"categories":[18,11,1988],"tags":[1073,2306,99,2307],"yoast_head":"<!-- This site is optimized with the Yoast SEO plugin v21.7 - https:\/\/yoast.com\/wordpress\/plugins\/seo\/ -->\n<title>Itacar\u00e9: Mulher \u00e9 presa em flagrante acusada de matar cantor. - Cacau News<\/title>\n<meta name=\"robots\" content=\"index, follow, max-snippet:-1, max-image-preview:large, max-video-preview:-1\" \/>\n<link rel=\"canonical\" href=\"https:\/\/cacaunews.com\/?p=6472\" \/>\n<meta property=\"og:locale\" content=\"pt_BR\" \/>\n<meta property=\"og:type\" content=\"article\" \/>\n<meta property=\"og:title\" content=\"Itacar\u00e9: Mulher \u00e9 presa em flagrante acusada de matar cantor. - Cacau News\" \/>\n<meta property=\"og:description\" content=\"Um crime chocante abalou a cidade de Itacar\u00e9 na manh\u00e3 deste s\u00e1bado (31). Uma mulher...\" \/>\n<meta property=\"og:url\" content=\"https:\/\/cacaunews.com\/?p=6472\" \/>\n<meta property=\"og:site_name\" content=\"Cacau News\" \/>\n<meta property=\"article:published_time\" content=\"2025-05-31T18:00:34+00:00\" \/>\n<meta name=\"author\" content=\"Reda\u00e7\u00e3o Cacau News\" \/>\n<meta name=\"twitter:card\" content=\"summary_large_image\" \/>\n<meta name=\"twitter:label1\" content=\"Escrito por\" \/>\n\t<meta name=\"twitter:data1\" content=\"Reda\u00e7\u00e3o Cacau News\" \/>\n\t<meta name=\"twitter:label2\" content=\"Est. tempo de leitura\" \/>\n\t<meta name=\"twitter:data2\" content=\"1 minuto\" \/>\n<script type=\"application\/ld+json\" class=\"yoast-schema-graph\">{\"@context\":\"https:\/\/schema.org\",\"@graph\":[{\"@type\":\"Article\",\"@id\":\"https:\/\/cacaunews.com\/?p=6472#article\",\"isPartOf\":{\"@id\":\"https:\/\/cacaunews.com\/?p=6472\"},\"author\":{\"name\":\"Reda\u00e7\u00e3o Cacau News\",\"@id\":\"https:\/\/cacaunews.com\/#\/schema\/person\/ea69703103e606ad347ccd64bd72ef79\"},\"headline\":\"Itacar\u00e9: Mulher \u00e9 presa em flagrante acusada de matar cantor.\",\"datePublished\":\"2025-05-31T18:00:34+00:00\",\"dateModified\":\"2025-05-31T18:00:34+00:00\",\"mainEntityOfPage\":{\"@id\":\"https:\/\/cacaunews.com\/?p=6472\"},\"wordCount\":172,\"commentCount\":0,\"publisher\":{\"@id\":\"https:\/\/cacaunews.com\/#organization\"},\"keywords\":[\"assassinato\",\"cantor\",\"itacar\u00e9\",\"Lucca makezi\"],\"articleSection\":[\"cidades\",\"Jornalismo\",\"Pol\u00edcia\"],\"inLanguage\":\"pt-BR\",\"potentialAction\":[{\"@type\":\"CommentAction\",\"name\":\"Comment\",\"target\":[\"https:\/\/cacaunews.com\/?p=6472#respond\"]}]},{\"@type\":\"WebPage\",\"@id\":\"https:\/\/cacaunews.com\/?p=6472\",\"url\":\"https:\/\/cacaunews.com\/?p=6472\",\"name\":\"Itacar\u00e9: Mulher \u00e9 presa em flagrante acusada de matar cantor. - Cacau News\",\"isPartOf\":{\"@id\":\"https:\/\/cacaunews.com\/#website\"},\"datePublished\":\"2025-05-31T18:00:34+00:00\",\"dateModified\":\"2025-05-31T18:00:34+00:00\",\"breadcrumb\":{\"@id\":\"https:\/\/cacaunews.com\/?p=6472#breadcrumb\"},\"inLanguage\":\"pt-BR\",\"potentialAction\":[{\"@type\":\"ReadAction\",\"target\":[\"https:\/\/cacaunews.com\/?p=6472\"]}]},{\"@type\":\"BreadcrumbList\",\"@id\":\"https:\/\/cacaunews.com\/?p=6472#breadcrumb\",\"itemListElement\":[{\"@type\":\"ListItem\",\"position\":1,\"name\":\"In\u00edcio\",\"item\":\"https:\/\/cacaunews.com\/\"},{\"@type\":\"ListItem\",\"position\":2,\"name\":\"Itacar\u00e9: Mulher \u00e9 presa em flagrante acusada de matar cantor.\"}]},{\"@type\":\"WebSite\",\"@id\":\"https:\/\/cacaunews.com\/#website\",\"url\":\"https:\/\/cacaunews.com\/\",\"name\":\"Cacau News\",\"description\":\"A Informa\u00e7\u00e3o que voc\u00ea precisa!\",\"publisher\":{\"@id\":\"https:\/\/cacaunews.com\/#organization\"},\"potentialAction\":[{\"@type\":\"SearchAction\",\"target\":{\"@type\":\"EntryPoint\",\"urlTemplate\":\"https:\/\/cacaunews.com\/?s={search_term_string}\"},\"query-input\":\"required name=search_term_string\"}],\"inLanguage\":\"pt-BR\"},{\"@type\":\"Organization\",\"@id\":\"https:\/\/cacaunews.com\/#organization\",\"name\":\"Cacau News\",\"url\":\"https:\/\/cacaunews.com\/\",\"logo\":{\"@type\":\"ImageObject\",\"inLanguage\":\"pt-BR\",\"@id\":\"https:\/\/cacaunews.com\/#\/schema\/logo\/image\/\",\"url\":\"https:\/\/cacaunews.com\/wp-content\/uploads\/2025\/01\/cropped-LOGO-NOVA.png\",\"contentUrl\":\"https:\/\/cacaunews.com\/wp-content\/uploads\/2025\/01\/cropped-LOGO-NOVA.png\",\"width\":813,\"height\":813,\"caption\":\"Cacau News\"},\"image\":{\"@id\":\"https:\/\/cacaunews.com\/#\/schema\/logo\/image\/\"},\"sameAs\":[\"https:\/\/www.instagram.com\/cacaunews.online\/\",\"https:\/\/youtube.com\/@cacaunews?si=0VXLnjl08SrWbVG9\"]},{\"@type\":\"Person\",\"@id\":\"https:\/\/cacaunews.com\/#\/schema\/person\/ea69703103e606ad347ccd64bd72ef79\",\"name\":\"Reda\u00e7\u00e3o Cacau News\",\"image\":{\"@type\":\"ImageObject\",\"inLanguage\":\"pt-BR\",\"@id\":\"https:\/\/cacaunews.com\/#\/schema\/person\/image\/\",\"url\":\"https:\/\/secure.gravatar.com\/avatar\/d79227a2a7b6cc42e8d7a8f7c284cd3a?s=96&d=mm&r=g\",\"contentUrl\":\"https:\/\/secure.gravatar.com\/avatar\/d79227a2a7b6cc42e8d7a8f7c284cd3a?s=96&d=mm&r=g\",\"caption\":\"Reda\u00e7\u00e3o Cacau News\"},\"sameAs\":[\"https:\/\/cacaunews.com\"],\"url\":\"https:\/\/cacaunews.com\/?author=1\"}]}<\/script>\n<!-- \/ Yoast SEO plugin. -->","yoast_head_json":{"title":"Itacar\u00e9: Mulher \u00e9 presa em flagrante acusada de matar cantor. - Cacau News","robots":{"index":"index","follow":"follow","max-snippet":"max-snippet:-1","max-image-preview":"max-image-preview:large","max-video-preview":"max-video-preview:-1"},"canonical":"https:\/\/cacaunews.com\/?p=6472","og_locale":"pt_BR","og_type":"article","og_title":"Itacar\u00e9: Mulher \u00e9 presa em flagrante acusada de matar cantor. - Cacau News","og_description":"Um crime chocante abalou a cidade de Itacar\u00e9 na manh\u00e3 deste s\u00e1bado (31). Uma mulher...","og_url":"https:\/\/cacaunews.com\/?p=6472","og_site_name":"Cacau News","article_published_time":"2025-05-31T18:00:34+00:00","author":"Reda\u00e7\u00e3o Cacau News","twitter_card":"summary_large_image","twitter_misc":{"Escrito por":"Reda\u00e7\u00e3o Cacau News","Est. tempo de leitura":"1 minuto"},"schema":{"@context":"https:\/\/schema.org","@graph":[{"@type":"Article","@id":"https:\/\/cacaunews.com\/?p=6472#article","isPartOf":{"@id":"https:\/\/cacaunews.com\/?p=6472"},"author":{"name":"Reda\u00e7\u00e3o Cacau News","@id":"https:\/\/cacaunews.com\/#\/schema\/person\/ea69703103e606ad347ccd64bd72ef79"},"headline":"Itacar\u00e9: Mulher \u00e9 presa em flagrante acusada de matar cantor.","datePublished":"2025-05-31T18:00:34+00:00","dateModified":"2025-05-31T18:00:34+00:00","mainEntityOfPage":{"@id":"https:\/\/cacaunews.com\/?p=6472"},"wordCount":172,"commentCount":0,"publisher":{"@id":"https:\/\/cacaunews.com\/#organization"},"keywords":["assassinato","cantor","itacar\u00e9","Lucca makezi"],"articleSection":["cidades","Jornalismo","Pol\u00edcia"],"inLanguage":"pt-BR","potentialAction":[{"@type":"CommentAction","name":"Comment","target":["https:\/\/cacaunews.com\/?p=6472#respond"]}]},{"@type":"WebPage","@id":"https:\/\/cacaunews.com\/?p=6472","url":"https:\/\/cacaunews.com\/?p=6472","name":"Itacar\u00e9: Mulher \u00e9 presa em flagrante acusada de matar cantor. - Cacau News","isPartOf":{"@id":"https:\/\/cacaunews.com\/#website"},"datePublished":"2025-05-31T18:00:34+00:00","dateModified":"2025-05-31T18:00:34+00:00","breadcrumb":{"@id":"https:\/\/cacaunews.com\/?p=6472#breadcrumb"},"inLanguage":"pt-BR","potentialAction":[{"@type":"ReadAction","target":["https:\/\/cacaunews.com\/?p=6472"]}]},{"@type":"BreadcrumbList","@id":"https:\/\/cacaunews.com\/?p=6472#breadcrumb","itemListElement":[{"@type":"ListItem","position":1,"name":"In\u00edcio","item":"https:\/\/cacaunews.com\/"},{"@type":"ListItem","position":2,"name":"Itacar\u00e9: Mulher \u00e9 presa em flagrante acusada de matar cantor."}]},{"@type":"WebSite","@id":"https:\/\/cacaunews.com\/#website","url":"https:\/\/cacaunews.com\/","name":"Cacau News","description":"A Informa\u00e7\u00e3o que voc\u00ea precisa!","publisher":{"@id":"https:\/\/cacaunews.com\/#organization"},"potentialAction":[{"@type":"SearchAction","target":{"@type":"EntryPoint","urlTemplate":"https:\/\/cacaunews.com\/?s={search_term_string}"},"query-input":"required name=search_term_string"}],"inLanguage":"pt-BR"},{"@type":"Organization","@id":"https:\/\/cacaunews.com\/#organization","name":"Cacau News","url":"https:\/\/cacaunews.com\/","logo":{"@type":"ImageObject","inLanguage":"pt-BR","@id":"https:\/\/cacaunews.com\/#\/schema\/logo\/image\/","url":"https:\/\/cacaunews.com\/wp-content\/uploads\/2025\/01\/cropped-LOGO-NOVA.png","contentUrl":"https:\/\/cacaunews.com\/wp-content\/uploads\/2025\/01\/cropped-LOGO-NOVA.png","width":813,"height":813,"caption":"Cacau News"},"image":{"@id":"https:\/\/cacaunews.com\/#\/schema\/logo\/image\/"},"sameAs":["https:\/\/www.instagram.com\/cacaunews.online\/","https:\/\/youtube.com\/@cacaunews?si=0VXLnjl08SrWbVG9"]},{"@type":"Person","@id":"https:\/\/cacaunews.com\/#\/schema\/person\/ea69703103e606ad347ccd64bd72ef79","name":"Reda\u00e7\u00e3o Cacau News","image":{"@type":"ImageObject","inLanguage":"pt-BR","@id":"https:\/\/cacaunews.com\/#\/schema\/person\/image\/","url":"https:\/\/secure.gravatar.com\/avatar\/d79227a2a7b6cc42e8d7a8f7c284cd3a?s=96&d=mm&r=g","contentUrl":"https:\/\/secure.gravatar.com\/avatar\/d79227a2a7b6cc42e8d7a8f7c284cd3a?s=96&d=mm&r=g","caption":"Reda\u00e7\u00e3o Cacau News"},"sameAs":["https:\/\/cacaunews.com"],"url":"https:\/\/cacaunews.com\/?author=1"}]}},"jetpack_sharing_enabled":true,"jetpack_featured_media_url":"https:\/\/cacaunews.com\/wp-content\/uploads\/2025\/06\/Cantor-Lucca-Makezi.webp","_links":{"self":[{"href":"https:\/\/cacaunews.com\/index.php?rest_route=\/wp\/v2\/posts\/6472"}],"collection":[{"href":"https:\/\/cacaunews.com\/index.php?rest_route=\/wp\/v2\/posts"}],"about":[{"href":"https:\/\/cacaunews.com\/index.php?rest_route=\/wp\/v2\/types\/post"}],"author":[{"embeddable":true,"href":"https:\/\/cacaunews.com\/index.php?rest_route=\/wp\/v2\/users\/1"}],"replies":[{"embeddable":true,"href":"https:\/\/cacaunews.com\/index.php?rest_route=%2Fwp%2Fv2%2Fcomments&post=6472"}],"version-history":[{"count":0,"href":"https:\/\/cacaunews.com\/index.php?rest_route=\/wp\/v2\/posts\/6472\/revisions"}],"wp:featuredmedia":[{"embeddable":true,"href":"https:\/\/cacaunews.com\/index.php?rest_route=\/wp\/v2\/media\/6471"}],"wp:attachment":[{"href":"https:\/\/cacaunews.com\/index.php?rest_route=%2Fwp%2Fv2%2Fmedia&parent=6472"}],"wp:term":[{"taxonomy":"category","embeddable":true,"href":"https:\/\/cacaunews.com\/index.php?rest_route=%2Fwp%2Fv2%2Fcategories&post=6472"},{"taxonomy":"post_tag","embeddable":true,"href":"https:\/\/cacaunews.com\/index.php?rest_route=%2Fwp%2Fv2%2Ftags&post=6472"}],"curies":[{"name":"wp","href":"https:\/\/api.w.org\/{rel}","templated":true}]}}