{"id":6477,"date":"2025-06-02T17:57:26","date_gmt":"2025-06-02T17:57:26","guid":{"rendered":"https:\/\/cacaunews.com\/?p=6477"},"modified":"2025-06-02T17:57:26","modified_gmt":"2025-06-02T17:57:26","slug":"bandeira-vermelha-deixa-conta-de-luz-mais-cara-a-partir-de-junho","status":"publish","type":"post","link":"https:\/\/cacaunews.com\/?p=6477","title":{"rendered":"Bandeira vermelha deixa conta de luz mais cara a partir de junho."},"content":{"rendered":"\n<p>A conta de luz fica mais cara a partir de junho. Isso porque a bandeira tarif\u00e1ria da energia passa para vermelha, no patamar 1. O an\u00fancio foi feito pela Ag\u00eancia Nacional de Energia El\u00e9trica (Aneel). Com a nova bandeira, os consumidores v\u00e3o pagar, este m\u00eas, um adicional de R$ 4,46 a cada 100 quilowatts-hora utilizados.<br><br>Segundo a Aneel, projeta-se uma gera\u00e7\u00e3o hidrel\u00e9trica menor em rela\u00e7\u00e3o ao m\u00eas anterior, \u201cdiante do cen\u00e1rio de aflu\u00eancias abaixo da m\u00e9dia em todo o pa\u00eds indicado pelo Operador Nacional do Sistema\u201d, o que vai provocar um aumento nos custos de gera\u00e7\u00e3o de energia, com o acionamento de outras fontes mais onerosas, como as usinas termel\u00e9tricas.<br><br>Em maio, a Aneel acionou a bandeira amarela, devido \u00e0 transi\u00e7\u00e3o do per\u00edodo chuvoso para o per\u00edodo seco do ano, e as previs\u00f5es de chuvas e vaz\u00f5es nas regi\u00f5es dos reservat\u00f3rios para os pr\u00f3ximos meses ficaram abaixo da m\u00e9dia.<br><br>Criado em 2015 pela Aneel, o sistema de bandeiras tarif\u00e1rias indica os custos vari\u00e1veis da gera\u00e7\u00e3o de energia el\u00e9trica aos consumidores. Dividida em n\u00edveis, as bandeiras indicam quanto custa para o Sistema Interligado Nacional gerar a energia usada nas resid\u00eancias, em estabelecimentos comerciais e nas ind\u00fastrias.<br><br>Com o acionamento da bandeira vermelha patamar 1, a Aneel refor\u00e7a a import\u00e2ncia da conscientiza\u00e7\u00e3o e do uso respons\u00e1vel da energia el\u00e9trica.<\/p>\n\n\n\n<p>Com Informa\u00e7\u00f5es Ag\u00eancia Brasil.<\/p>\n","protected":false},"excerpt":{"rendered":"<p>A conta de luz fica mais cara a partir de junho. Isso porque a bandeira&#8230;<\/p>\n","protected":false},"author":1,"featured_media":6476,"comment_status":"open","ping_status":"open","sticky":false,"template":"","format":"standard","meta":{"footnotes":""},"categories":[4,11],"tags":[87,2309,971,8],"yoast_head":"<!-- This site is optimized with the Yoast SEO plugin v21.7 - https:\/\/yoast.com\/wordpress\/plugins\/seo\/ -->\n<title>Bandeira vermelha deixa conta de luz mais cara a partir de junho. - Cacau News<\/title>\n<meta name=\"robots\" content=\"index, follow, max-snippet:-1, max-image-preview:large, max-video-preview:-1\" \/>\n<link rel=\"canonical\" href=\"https:\/\/cacaunews.com\/?p=6477\" \/>\n<meta property=\"og:locale\" content=\"pt_BR\" \/>\n<meta property=\"og:type\" content=\"article\" \/>\n<meta property=\"og:title\" content=\"Bandeira vermelha deixa conta de luz mais cara a partir de junho. - Cacau News\" \/>\n<meta property=\"og:description\" content=\"A conta de luz fica mais cara a partir de junho. Isso porque a bandeira...\" \/>\n<meta property=\"og:url\" content=\"https:\/\/cacaunews.com\/?p=6477\" \/>\n<meta property=\"og:site_name\" content=\"Cacau News\" \/>\n<meta property=\"article:published_time\" content=\"2025-06-02T17:57:26+00:00\" \/>\n<meta name=\"author\" content=\"Reda\u00e7\u00e3o Cacau News\" \/>\n<meta name=\"twitter:card\" content=\"summary_large_image\" \/>\n<meta name=\"twitter:label1\" content=\"Escrito por\" \/>\n\t<meta name=\"twitter:data1\" content=\"Reda\u00e7\u00e3o Cacau News\" \/>\n\t<meta name=\"twitter:label2\" content=\"Est. tempo de leitura\" \/>\n\t<meta name=\"twitter:data2\" content=\"1 minuto\" \/>\n<script type=\"application\/ld+json\" class=\"yoast-schema-graph\">{\"@context\":\"https:\/\/schema.org\",\"@graph\":[{\"@type\":\"Article\",\"@id\":\"https:\/\/cacaunews.com\/?p=6477#article\",\"isPartOf\":{\"@id\":\"https:\/\/cacaunews.com\/?p=6477\"},\"author\":{\"name\":\"Reda\u00e7\u00e3o Cacau News\",\"@id\":\"https:\/\/cacaunews.com\/#\/schema\/person\/ea69703103e606ad347ccd64bd72ef79\"},\"headline\":\"Bandeira vermelha deixa conta de luz mais cara a partir de junho.\",\"datePublished\":\"2025-06-02T17:57:26+00:00\",\"dateModified\":\"2025-06-02T17:57:26+00:00\",\"mainEntityOfPage\":{\"@id\":\"https:\/\/cacaunews.com\/?p=6477\"},\"wordCount\":266,\"commentCount\":0,\"publisher\":{\"@id\":\"https:\/\/cacaunews.com\/#organization\"},\"keywords\":[\"aumento\",\"bandeira vermelha\",\"energia\",\"jornalismo\"],\"articleSection\":[\"Internet\",\"Jornalismo\"],\"inLanguage\":\"pt-BR\",\"potentialAction\":[{\"@type\":\"CommentAction\",\"name\":\"Comment\",\"target\":[\"https:\/\/cacaunews.com\/?p=6477#respond\"]}]},{\"@type\":\"WebPage\",\"@id\":\"https:\/\/cacaunews.com\/?p=6477\",\"url\":\"https:\/\/cacaunews.com\/?p=6477\",\"name\":\"Bandeira vermelha deixa conta de luz mais cara a partir de junho. - Cacau News\",\"isPartOf\":{\"@id\":\"https:\/\/cacaunews.com\/#website\"},\"datePublished\":\"2025-06-02T17:57:26+00:00\",\"dateModified\":\"2025-06-02T17:57:26+00:00\",\"breadcrumb\":{\"@id\":\"https:\/\/cacaunews.com\/?p=6477#breadcrumb\"},\"inLanguage\":\"pt-BR\",\"potentialAction\":[{\"@type\":\"ReadAction\",\"target\":[\"https:\/\/cacaunews.com\/?p=6477\"]}]},{\"@type\":\"BreadcrumbList\",\"@id\":\"https:\/\/cacaunews.com\/?p=6477#breadcrumb\",\"itemListElement\":[{\"@type\":\"ListItem\",\"position\":1,\"name\":\"In\u00edcio\",\"item\":\"https:\/\/cacaunews.com\/\"},{\"@type\":\"ListItem\",\"position\":2,\"name\":\"Bandeira vermelha deixa conta de luz mais cara a partir de junho.\"}]},{\"@type\":\"WebSite\",\"@id\":\"https:\/\/cacaunews.com\/#website\",\"url\":\"https:\/\/cacaunews.com\/\",\"name\":\"Cacau News\",\"description\":\"A Informa\u00e7\u00e3o que voc\u00ea precisa!\",\"publisher\":{\"@id\":\"https:\/\/cacaunews.com\/#organization\"},\"potentialAction\":[{\"@type\":\"SearchAction\",\"target\":{\"@type\":\"EntryPoint\",\"urlTemplate\":\"https:\/\/cacaunews.com\/?s={search_term_string}\"},\"query-input\":\"required name=search_term_string\"}],\"inLanguage\":\"pt-BR\"},{\"@type\":\"Organization\",\"@id\":\"https:\/\/cacaunews.com\/#organization\",\"name\":\"Cacau News\",\"url\":\"https:\/\/cacaunews.com\/\",\"logo\":{\"@type\":\"ImageObject\",\"inLanguage\":\"pt-BR\",\"@id\":\"https:\/\/cacaunews.com\/#\/schema\/logo\/image\/\",\"url\":\"https:\/\/cacaunews.com\/wp-content\/uploads\/2025\/01\/cropped-LOGO-NOVA.png\",\"contentUrl\":\"https:\/\/cacaunews.com\/wp-content\/uploads\/2025\/01\/cropped-LOGO-NOVA.png\",\"width\":813,\"height\":813,\"caption\":\"Cacau News\"},\"image\":{\"@id\":\"https:\/\/cacaunews.com\/#\/schema\/logo\/image\/\"},\"sameAs\":[\"https:\/\/www.instagram.com\/cacaunews.online\/\",\"https:\/\/youtube.com\/@cacaunews?si=0VXLnjl08SrWbVG9\"]},{\"@type\":\"Person\",\"@id\":\"https:\/\/cacaunews.com\/#\/schema\/person\/ea69703103e606ad347ccd64bd72ef79\",\"name\":\"Reda\u00e7\u00e3o Cacau News\",\"image\":{\"@type\":\"ImageObject\",\"inLanguage\":\"pt-BR\",\"@id\":\"https:\/\/cacaunews.com\/#\/schema\/person\/image\/\",\"url\":\"https:\/\/secure.gravatar.com\/avatar\/d79227a2a7b6cc42e8d7a8f7c284cd3a?s=96&d=mm&r=g\",\"contentUrl\":\"https:\/\/secure.gravatar.com\/avatar\/d79227a2a7b6cc42e8d7a8f7c284cd3a?s=96&d=mm&r=g\",\"caption\":\"Reda\u00e7\u00e3o Cacau News\"},\"sameAs\":[\"https:\/\/cacaunews.com\"],\"url\":\"https:\/\/cacaunews.com\/?author=1\"}]}<\/script>\n<!-- \/ Yoast SEO plugin. -->","yoast_head_json":{"title":"Bandeira vermelha deixa conta de luz mais cara a partir de junho. - Cacau News","robots":{"index":"index","follow":"follow","max-snippet":"max-snippet:-1","max-image-preview":"max-image-preview:large","max-video-preview":"max-video-preview:-1"},"canonical":"https:\/\/cacaunews.com\/?p=6477","og_locale":"pt_BR","og_type":"article","og_title":"Bandeira vermelha deixa conta de luz mais cara a partir de junho. - Cacau News","og_description":"A conta de luz fica mais cara a partir de junho. Isso porque a bandeira...","og_url":"https:\/\/cacaunews.com\/?p=6477","og_site_name":"Cacau News","article_published_time":"2025-06-02T17:57:26+00:00","author":"Reda\u00e7\u00e3o Cacau News","twitter_card":"summary_large_image","twitter_misc":{"Escrito por":"Reda\u00e7\u00e3o Cacau News","Est. tempo de leitura":"1 minuto"},"schema":{"@context":"https:\/\/schema.org","@graph":[{"@type":"Article","@id":"https:\/\/cacaunews.com\/?p=6477#article","isPartOf":{"@id":"https:\/\/cacaunews.com\/?p=6477"},"author":{"name":"Reda\u00e7\u00e3o Cacau News","@id":"https:\/\/cacaunews.com\/#\/schema\/person\/ea69703103e606ad347ccd64bd72ef79"},"headline":"Bandeira vermelha deixa conta de luz mais cara a partir de junho.","datePublished":"2025-06-02T17:57:26+00:00","dateModified":"2025-06-02T17:57:26+00:00","mainEntityOfPage":{"@id":"https:\/\/cacaunews.com\/?p=6477"},"wordCount":266,"commentCount":0,"publisher":{"@id":"https:\/\/cacaunews.com\/#organization"},"keywords":["aumento","bandeira vermelha","energia","jornalismo"],"articleSection":["Internet","Jornalismo"],"inLanguage":"pt-BR","potentialAction":[{"@type":"CommentAction","name":"Comment","target":["https:\/\/cacaunews.com\/?p=6477#respond"]}]},{"@type":"WebPage","@id":"https:\/\/cacaunews.com\/?p=6477","url":"https:\/\/cacaunews.com\/?p=6477","name":"Bandeira vermelha deixa conta de luz mais cara a partir de junho. - Cacau News","isPartOf":{"@id":"https:\/\/cacaunews.com\/#website"},"datePublished":"2025-06-02T17:57:26+00:00","dateModified":"2025-06-02T17:57:26+00:00","breadcrumb":{"@id":"https:\/\/cacaunews.com\/?p=6477#breadcrumb"},"inLanguage":"pt-BR","potentialAction":[{"@type":"ReadAction","target":["https:\/\/cacaunews.com\/?p=6477"]}]},{"@type":"BreadcrumbList","@id":"https:\/\/cacaunews.com\/?p=6477#breadcrumb","itemListElement":[{"@type":"ListItem","position":1,"name":"In\u00edcio","item":"https:\/\/cacaunews.com\/"},{"@type":"ListItem","position":2,"name":"Bandeira vermelha deixa conta de luz mais cara a partir de junho."}]},{"@type":"WebSite","@id":"https:\/\/cacaunews.com\/#website","url":"https:\/\/cacaunews.com\/","name":"Cacau News","description":"A Informa\u00e7\u00e3o que voc\u00ea precisa!","publisher":{"@id":"https:\/\/cacaunews.com\/#organization"},"potentialAction":[{"@type":"SearchAction","target":{"@type":"EntryPoint","urlTemplate":"https:\/\/cacaunews.com\/?s={search_term_string}"},"query-input":"required name=search_term_string"}],"inLanguage":"pt-BR"},{"@type":"Organization","@id":"https:\/\/cacaunews.com\/#organization","name":"Cacau News","url":"https:\/\/cacaunews.com\/","logo":{"@type":"ImageObject","inLanguage":"pt-BR","@id":"https:\/\/cacaunews.com\/#\/schema\/logo\/image\/","url":"https:\/\/cacaunews.com\/wp-content\/uploads\/2025\/01\/cropped-LOGO-NOVA.png","contentUrl":"https:\/\/cacaunews.com\/wp-content\/uploads\/2025\/01\/cropped-LOGO-NOVA.png","width":813,"height":813,"caption":"Cacau News"},"image":{"@id":"https:\/\/cacaunews.com\/#\/schema\/logo\/image\/"},"sameAs":["https:\/\/www.instagram.com\/cacaunews.online\/","https:\/\/youtube.com\/@cacaunews?si=0VXLnjl08SrWbVG9"]},{"@type":"Person","@id":"https:\/\/cacaunews.com\/#\/schema\/person\/ea69703103e606ad347ccd64bd72ef79","name":"Reda\u00e7\u00e3o Cacau News","image":{"@type":"ImageObject","inLanguage":"pt-BR","@id":"https:\/\/cacaunews.com\/#\/schema\/person\/image\/","url":"https:\/\/secure.gravatar.com\/avatar\/d79227a2a7b6cc42e8d7a8f7c284cd3a?s=96&d=mm&r=g","contentUrl":"https:\/\/secure.gravatar.com\/avatar\/d79227a2a7b6cc42e8d7a8f7c284cd3a?s=96&d=mm&r=g","caption":"Reda\u00e7\u00e3o Cacau News"},"sameAs":["https:\/\/cacaunews.com"],"url":"https:\/\/cacaunews.com\/?author=1"}]}},"jetpack_sharing_enabled":true,"jetpack_featured_media_url":"https:\/\/cacaunews.com\/wp-content\/uploads\/2025\/06\/conta_de_energia_mcajr_abr2907221115.webp","_links":{"self":[{"href":"https:\/\/cacaunews.com\/index.php?rest_route=\/wp\/v2\/posts\/6477"}],"collection":[{"href":"https:\/\/cacaunews.com\/index.php?rest_route=\/wp\/v2\/posts"}],"about":[{"href":"https:\/\/cacaunews.com\/index.php?rest_route=\/wp\/v2\/types\/post"}],"author":[{"embeddable":true,"href":"https:\/\/cacaunews.com\/index.php?rest_route=\/wp\/v2\/users\/1"}],"replies":[{"embeddable":true,"href":"https:\/\/cacaunews.com\/index.php?rest_route=%2Fwp%2Fv2%2Fcomments&post=6477"}],"version-history":[{"count":0,"href":"https:\/\/cacaunews.com\/index.php?rest_route=\/wp\/v2\/posts\/6477\/revisions"}],"wp:featuredmedia":[{"embeddable":true,"href":"https:\/\/cacaunews.com\/index.php?rest_route=\/wp\/v2\/media\/6476"}],"wp:attachment":[{"href":"https:\/\/cacaunews.com\/index.php?rest_route=%2Fwp%2Fv2%2Fmedia&parent=6477"}],"wp:term":[{"taxonomy":"category","embeddable":true,"href":"https:\/\/cacaunews.com\/index.php?rest_route=%2Fwp%2Fv2%2Fcategories&post=6477"},{"taxonomy":"post_tag","embeddable":true,"href":"https:\/\/cacaunews.com\/index.php?rest_route=%2Fwp%2Fv2%2Ftags&post=6477"}],"curies":[{"name":"wp","href":"https:\/\/api.w.org\/{rel}","templated":true}]}}