{"id":6482,"date":"2025-06-05T14:00:10","date_gmt":"2025-06-05T14:00:10","guid":{"rendered":"https:\/\/cacaunews.com\/?p=6482"},"modified":"2025-06-05T14:56:02","modified_gmt":"2025-06-05T14:56:02","slug":"ilheus-paulo-ganem-destaca-os-cinco-meses-do-governo-valderico-e-cumpre-agenda-em-salvador","status":"publish","type":"post","link":"https:\/\/cacaunews.com\/?p=6482","title":{"rendered":"Ilh\u00e9us: Paulo Ganem destaca os cinco meses do governo Valderico e cumpre agenda em Salvador."},"content":{"rendered":"\n<p>Nos \u00faltimos cinco meses, o governo de Valderico J\u00fanior tem focado em iniciativas para fortalecer a economia local e promover inova\u00e7\u00e3o, em Ilh\u00e9us. A afirma\u00e7\u00e3o \u00e9 do secret\u00e1rio municipal de Desenvolvimento Econ\u00f4mico e Inova\u00e7\u00e3o, Paulo Ganem, ao destacar as a\u00e7\u00f5es e os projetos realizados, no per\u00edodo, e anunciar uma intensa agenda em Salvador. Na manh\u00e3 de quinta-feira, dia 05, reuni\u00e3o com presidente do Sebrae\/Bahia, Jorge Khoury. \u00c0 tarde, encontro na Secretaria estadual de Ci\u00eancia, Tecnologia e Inova\u00e7\u00e3o, com o secret\u00e1rio Andr\u00e9 Joazeiro. Na tarde de sexta, na Fieb, se reunir\u00e1 com empres\u00e1rios do setor industrial baiano.<\/p>\n\n\n\n<p>\u201cA agenda \u00e9 um passo estrat\u00e9gico para fortalecer a nossa economia e impulsionar o empreendedorismo local\u201d, ressaltou Ganem. Ele garante que parceria com o Sebrae\/Bahia nos permitir\u00e1 capacitar os empreendedores, tornar seus neg\u00f3cios mais competitivos e sustent\u00e1veis. \u201cO di\u00e1logo com a Secti abrir\u00e1 portas para inserirmos o munic\u00edpio em projetos inovadores que promovem a educa\u00e7\u00e3o cient\u00edfica e tecnol\u00f3gica. Com a Fieb discutiremos caminhos para a ind\u00fastria baiana, criando novas oportunidades de crescimento econ\u00f4mico. Esses encontros refor\u00e7a o compromisso da atual gest\u00e3o com o desenvolvimento sustent\u00e1vel, a gera\u00e7\u00e3o de empregos e a cria\u00e7\u00e3o de um ambiente favor\u00e1vel para o avan\u00e7o socioecon\u00f4mico de Ilh\u00e9us\u201d, afirmou.<\/p>\n\n\n\n<p>Ganem lembrou que a Secretaria tem buscado parcerias estrat\u00e9gicas, como o di\u00e1logo com organismos p\u00fabicos e privados, dentre eles a Universidade Estadual de Santa Cruz, para ampliar a\u00e7\u00f5es de desenvolvimento regional. \u201cEntre os projetos, destacam-se propostas para capta\u00e7\u00e3o de recursos, valoriza\u00e7\u00e3o da cultura do cacau, reativa\u00e7\u00e3o de equipamentos agr\u00edcolas e estrutura\u00e7\u00e3o do Parque da Boa Esperan\u00e7a para visita\u00e7\u00e3o p\u00fablica. Al\u00e9m disso, h\u00e1 esfor\u00e7os para inclus\u00e3o produtiva, como um sistema de microcr\u00e9dito para pequenos produtores e empreendedores locais\u201d, anunciou.<\/p>\n\n\n\n<p>Com Khoury, Ganem discutir\u00e1 projetos de capacita\u00e7\u00e3o de empreendedores, est\u00edmulo \u00e0 competitividade e promo\u00e7\u00e3o da sustentabilidade dos neg\u00f3cios. \u201cA parceria Prefeitura de Ilh\u00e9us-Sebrae \u00e9 fundamental para desenvolvermos o empreendedorismo, fortalecermos a economia e criarmos um ambiente favor\u00e1vel para o crescimento das nossas micro e pequenas empresas\u201d, destacou. Na Secti, ser\u00e3o projetos voltados para a educa\u00e7\u00e3o cient\u00edfica e tecnol\u00f3gica. \u201cS\u00e3o iniciativa de sucesso como \u2018Bahia Faz Ci\u00eancia\u2019, \u2018Pra\u00e7as da Ci\u00eancia\u2019, \u2018Bahia+Inovadora\u2019, \u2018Conecta Bahia\u2019 e \u2018Programas de Fomento\u2019\u201d, ressaltou.<\/p>\n\n\n\n<p>Promovido pela Federa\u00e7\u00e3o das Ind\u00fastrias da Bahia, o Observat\u00f3rio da Ind\u00fastria da Bahia \u00e9 uma plataforma de intelig\u00eancia estrat\u00e9gica que visa impulsionar a competitividade e o desenvolvimento sustent\u00e1vel da ind\u00fastria baiana. O FIEB Observat\u00f3rio funciona como um centro de conhecimento e an\u00e1lise, fornecendo dados e informa\u00e7\u00f5es relevantes para as empresas e stakeholders da ind\u00fastria, auxiliando na tomada de decis\u00f5es e na identifica\u00e7\u00e3o de oportunidades de crescimento.<\/p>\n\n\n\n<p><strong>Foto: Paulo Ganem, com Ricardo Moreno, diretor de Desenvolvimento Econ\u00f4mico; Roberta Castro, gerente do LOP, e Rosivaldo Sousa, supervisor de Planejamento Urbano.<\/strong><\/p>\n","protected":false},"excerpt":{"rendered":"<p>Nos \u00faltimos cinco meses, o governo de Valderico J\u00fanior tem focado em iniciativas para fortalecer&#8230;<\/p>\n","protected":false},"author":1,"featured_media":6481,"comment_status":"open","ping_status":"open","sticky":false,"template":"","format":"standard","meta":{"footnotes":""},"categories":[18,11,5],"tags":[40,37,2311,1862],"yoast_head":"<!-- This site is optimized with the Yoast SEO plugin v21.7 - https:\/\/yoast.com\/wordpress\/plugins\/seo\/ -->\n<title>Ilh\u00e9us: Paulo Ganem destaca os cinco meses do governo Valderico e cumpre agenda em Salvador. - Cacau News<\/title>\n<meta name=\"robots\" content=\"index, follow, max-snippet:-1, max-image-preview:large, max-video-preview:-1\" \/>\n<link rel=\"canonical\" href=\"https:\/\/cacaunews.com\/?p=6482\" \/>\n<meta property=\"og:locale\" content=\"pt_BR\" \/>\n<meta property=\"og:type\" content=\"article\" \/>\n<meta property=\"og:title\" content=\"Ilh\u00e9us: Paulo Ganem destaca os cinco meses do governo Valderico e cumpre agenda em Salvador. - Cacau News\" \/>\n<meta property=\"og:description\" content=\"Nos \u00faltimos cinco meses, o governo de Valderico J\u00fanior tem focado em iniciativas para fortalecer...\" \/>\n<meta property=\"og:url\" content=\"https:\/\/cacaunews.com\/?p=6482\" \/>\n<meta property=\"og:site_name\" content=\"Cacau News\" \/>\n<meta property=\"article:published_time\" content=\"2025-06-05T14:00:10+00:00\" \/>\n<meta property=\"article:modified_time\" content=\"2025-06-05T14:56:02+00:00\" \/>\n<meta property=\"og:image\" content=\"https:\/\/cacaunews.com\/wp-content\/uploads\/2025\/06\/IMG-20250604-WA0213.jpg\" \/>\n\t<meta property=\"og:image:width\" content=\"826\" \/>\n\t<meta property=\"og:image:height\" content=\"466\" \/>\n\t<meta property=\"og:image:type\" content=\"image\/jpeg\" \/>\n<meta name=\"author\" content=\"Reda\u00e7\u00e3o Cacau News\" \/>\n<meta name=\"twitter:card\" content=\"summary_large_image\" \/>\n<meta name=\"twitter:label1\" content=\"Escrito por\" \/>\n\t<meta name=\"twitter:data1\" content=\"Reda\u00e7\u00e3o Cacau News\" \/>\n\t<meta name=\"twitter:label2\" content=\"Est. tempo de leitura\" \/>\n\t<meta name=\"twitter:data2\" content=\"3 minutos\" \/>\n<script type=\"application\/ld+json\" class=\"yoast-schema-graph\">{\"@context\":\"https:\/\/schema.org\",\"@graph\":[{\"@type\":\"Article\",\"@id\":\"https:\/\/cacaunews.com\/?p=6482#article\",\"isPartOf\":{\"@id\":\"https:\/\/cacaunews.com\/?p=6482\"},\"author\":{\"name\":\"Reda\u00e7\u00e3o Cacau News\",\"@id\":\"https:\/\/cacaunews.com\/#\/schema\/person\/ea69703103e606ad347ccd64bd72ef79\"},\"headline\":\"Ilh\u00e9us: Paulo Ganem destaca os cinco meses do governo Valderico e cumpre agenda em Salvador.\",\"datePublished\":\"2025-06-05T14:00:10+00:00\",\"dateModified\":\"2025-06-05T14:56:02+00:00\",\"mainEntityOfPage\":{\"@id\":\"https:\/\/cacaunews.com\/?p=6482\"},\"wordCount\":532,\"commentCount\":0,\"publisher\":{\"@id\":\"https:\/\/cacaunews.com\/#organization\"},\"keywords\":[\"governo\",\"ilheus\",\"Paulo Ganem\",\"valderico junior\"],\"articleSection\":[\"cidades\",\"Jornalismo\",\"Politica\"],\"inLanguage\":\"pt-BR\",\"potentialAction\":[{\"@type\":\"CommentAction\",\"name\":\"Comment\",\"target\":[\"https:\/\/cacaunews.com\/?p=6482#respond\"]}]},{\"@type\":\"WebPage\",\"@id\":\"https:\/\/cacaunews.com\/?p=6482\",\"url\":\"https:\/\/cacaunews.com\/?p=6482\",\"name\":\"Ilh\u00e9us: Paulo Ganem destaca os cinco meses do governo Valderico e cumpre agenda em Salvador. - Cacau News\",\"isPartOf\":{\"@id\":\"https:\/\/cacaunews.com\/#website\"},\"datePublished\":\"2025-06-05T14:00:10+00:00\",\"dateModified\":\"2025-06-05T14:56:02+00:00\",\"breadcrumb\":{\"@id\":\"https:\/\/cacaunews.com\/?p=6482#breadcrumb\"},\"inLanguage\":\"pt-BR\",\"potentialAction\":[{\"@type\":\"ReadAction\",\"target\":[\"https:\/\/cacaunews.com\/?p=6482\"]}]},{\"@type\":\"BreadcrumbList\",\"@id\":\"https:\/\/cacaunews.com\/?p=6482#breadcrumb\",\"itemListElement\":[{\"@type\":\"ListItem\",\"position\":1,\"name\":\"In\u00edcio\",\"item\":\"https:\/\/cacaunews.com\/\"},{\"@type\":\"ListItem\",\"position\":2,\"name\":\"Ilh\u00e9us: Paulo Ganem destaca os cinco meses do governo Valderico e cumpre agenda em Salvador.\"}]},{\"@type\":\"WebSite\",\"@id\":\"https:\/\/cacaunews.com\/#website\",\"url\":\"https:\/\/cacaunews.com\/\",\"name\":\"Cacau News\",\"description\":\"A Informa\u00e7\u00e3o que voc\u00ea precisa!\",\"publisher\":{\"@id\":\"https:\/\/cacaunews.com\/#organization\"},\"potentialAction\":[{\"@type\":\"SearchAction\",\"target\":{\"@type\":\"EntryPoint\",\"urlTemplate\":\"https:\/\/cacaunews.com\/?s={search_term_string}\"},\"query-input\":\"required name=search_term_string\"}],\"inLanguage\":\"pt-BR\"},{\"@type\":\"Organization\",\"@id\":\"https:\/\/cacaunews.com\/#organization\",\"name\":\"Cacau News\",\"url\":\"https:\/\/cacaunews.com\/\",\"logo\":{\"@type\":\"ImageObject\",\"inLanguage\":\"pt-BR\",\"@id\":\"https:\/\/cacaunews.com\/#\/schema\/logo\/image\/\",\"url\":\"https:\/\/cacaunews.com\/wp-content\/uploads\/2025\/01\/cropped-LOGO-NOVA.png\",\"contentUrl\":\"https:\/\/cacaunews.com\/wp-content\/uploads\/2025\/01\/cropped-LOGO-NOVA.png\",\"width\":813,\"height\":813,\"caption\":\"Cacau News\"},\"image\":{\"@id\":\"https:\/\/cacaunews.com\/#\/schema\/logo\/image\/\"},\"sameAs\":[\"https:\/\/www.instagram.com\/cacaunews.online\/\",\"https:\/\/youtube.com\/@cacaunews?si=0VXLnjl08SrWbVG9\"]},{\"@type\":\"Person\",\"@id\":\"https:\/\/cacaunews.com\/#\/schema\/person\/ea69703103e606ad347ccd64bd72ef79\",\"name\":\"Reda\u00e7\u00e3o Cacau News\",\"image\":{\"@type\":\"ImageObject\",\"inLanguage\":\"pt-BR\",\"@id\":\"https:\/\/cacaunews.com\/#\/schema\/person\/image\/\",\"url\":\"https:\/\/secure.gravatar.com\/avatar\/d79227a2a7b6cc42e8d7a8f7c284cd3a?s=96&d=mm&r=g\",\"contentUrl\":\"https:\/\/secure.gravatar.com\/avatar\/d79227a2a7b6cc42e8d7a8f7c284cd3a?s=96&d=mm&r=g\",\"caption\":\"Reda\u00e7\u00e3o Cacau News\"},\"sameAs\":[\"https:\/\/cacaunews.com\"],\"url\":\"https:\/\/cacaunews.com\/?author=1\"}]}<\/script>\n<!-- \/ Yoast SEO plugin. -->","yoast_head_json":{"title":"Ilh\u00e9us: Paulo Ganem destaca os cinco meses do governo Valderico e cumpre agenda em Salvador. - Cacau News","robots":{"index":"index","follow":"follow","max-snippet":"max-snippet:-1","max-image-preview":"max-image-preview:large","max-video-preview":"max-video-preview:-1"},"canonical":"https:\/\/cacaunews.com\/?p=6482","og_locale":"pt_BR","og_type":"article","og_title":"Ilh\u00e9us: Paulo Ganem destaca os cinco meses do governo Valderico e cumpre agenda em Salvador. - Cacau News","og_description":"Nos \u00faltimos cinco meses, o governo de Valderico J\u00fanior tem focado em iniciativas para fortalecer...","og_url":"https:\/\/cacaunews.com\/?p=6482","og_site_name":"Cacau News","article_published_time":"2025-06-05T14:00:10+00:00","article_modified_time":"2025-06-05T14:56:02+00:00","og_image":[{"width":826,"height":466,"url":"https:\/\/cacaunews.com\/wp-content\/uploads\/2025\/06\/IMG-20250604-WA0213.jpg","type":"image\/jpeg"}],"author":"Reda\u00e7\u00e3o Cacau News","twitter_card":"summary_large_image","twitter_misc":{"Escrito por":"Reda\u00e7\u00e3o Cacau News","Est. tempo de leitura":"3 minutos"},"schema":{"@context":"https:\/\/schema.org","@graph":[{"@type":"Article","@id":"https:\/\/cacaunews.com\/?p=6482#article","isPartOf":{"@id":"https:\/\/cacaunews.com\/?p=6482"},"author":{"name":"Reda\u00e7\u00e3o Cacau News","@id":"https:\/\/cacaunews.com\/#\/schema\/person\/ea69703103e606ad347ccd64bd72ef79"},"headline":"Ilh\u00e9us: Paulo Ganem destaca os cinco meses do governo Valderico e cumpre agenda em Salvador.","datePublished":"2025-06-05T14:00:10+00:00","dateModified":"2025-06-05T14:56:02+00:00","mainEntityOfPage":{"@id":"https:\/\/cacaunews.com\/?p=6482"},"wordCount":532,"commentCount":0,"publisher":{"@id":"https:\/\/cacaunews.com\/#organization"},"keywords":["governo","ilheus","Paulo Ganem","valderico junior"],"articleSection":["cidades","Jornalismo","Politica"],"inLanguage":"pt-BR","potentialAction":[{"@type":"CommentAction","name":"Comment","target":["https:\/\/cacaunews.com\/?p=6482#respond"]}]},{"@type":"WebPage","@id":"https:\/\/cacaunews.com\/?p=6482","url":"https:\/\/cacaunews.com\/?p=6482","name":"Ilh\u00e9us: Paulo Ganem destaca os cinco meses do governo Valderico e cumpre agenda em Salvador. - Cacau News","isPartOf":{"@id":"https:\/\/cacaunews.com\/#website"},"datePublished":"2025-06-05T14:00:10+00:00","dateModified":"2025-06-05T14:56:02+00:00","breadcrumb":{"@id":"https:\/\/cacaunews.com\/?p=6482#breadcrumb"},"inLanguage":"pt-BR","potentialAction":[{"@type":"ReadAction","target":["https:\/\/cacaunews.com\/?p=6482"]}]},{"@type":"BreadcrumbList","@id":"https:\/\/cacaunews.com\/?p=6482#breadcrumb","itemListElement":[{"@type":"ListItem","position":1,"name":"In\u00edcio","item":"https:\/\/cacaunews.com\/"},{"@type":"ListItem","position":2,"name":"Ilh\u00e9us: Paulo Ganem destaca os cinco meses do governo Valderico e cumpre agenda em Salvador."}]},{"@type":"WebSite","@id":"https:\/\/cacaunews.com\/#website","url":"https:\/\/cacaunews.com\/","name":"Cacau News","description":"A Informa\u00e7\u00e3o que voc\u00ea precisa!","publisher":{"@id":"https:\/\/cacaunews.com\/#organization"},"potentialAction":[{"@type":"SearchAction","target":{"@type":"EntryPoint","urlTemplate":"https:\/\/cacaunews.com\/?s={search_term_string}"},"query-input":"required name=search_term_string"}],"inLanguage":"pt-BR"},{"@type":"Organization","@id":"https:\/\/cacaunews.com\/#organization","name":"Cacau News","url":"https:\/\/cacaunews.com\/","logo":{"@type":"ImageObject","inLanguage":"pt-BR","@id":"https:\/\/cacaunews.com\/#\/schema\/logo\/image\/","url":"https:\/\/cacaunews.com\/wp-content\/uploads\/2025\/01\/cropped-LOGO-NOVA.png","contentUrl":"https:\/\/cacaunews.com\/wp-content\/uploads\/2025\/01\/cropped-LOGO-NOVA.png","width":813,"height":813,"caption":"Cacau News"},"image":{"@id":"https:\/\/cacaunews.com\/#\/schema\/logo\/image\/"},"sameAs":["https:\/\/www.instagram.com\/cacaunews.online\/","https:\/\/youtube.com\/@cacaunews?si=0VXLnjl08SrWbVG9"]},{"@type":"Person","@id":"https:\/\/cacaunews.com\/#\/schema\/person\/ea69703103e606ad347ccd64bd72ef79","name":"Reda\u00e7\u00e3o Cacau News","image":{"@type":"ImageObject","inLanguage":"pt-BR","@id":"https:\/\/cacaunews.com\/#\/schema\/person\/image\/","url":"https:\/\/secure.gravatar.com\/avatar\/d79227a2a7b6cc42e8d7a8f7c284cd3a?s=96&d=mm&r=g","contentUrl":"https:\/\/secure.gravatar.com\/avatar\/d79227a2a7b6cc42e8d7a8f7c284cd3a?s=96&d=mm&r=g","caption":"Reda\u00e7\u00e3o Cacau News"},"sameAs":["https:\/\/cacaunews.com"],"url":"https:\/\/cacaunews.com\/?author=1"}]}},"jetpack_sharing_enabled":true,"jetpack_featured_media_url":"https:\/\/cacaunews.com\/wp-content\/uploads\/2025\/06\/IMG-20250604-WA0213.jpg","_links":{"self":[{"href":"https:\/\/cacaunews.com\/index.php?rest_route=\/wp\/v2\/posts\/6482"}],"collection":[{"href":"https:\/\/cacaunews.com\/index.php?rest_route=\/wp\/v2\/posts"}],"about":[{"href":"https:\/\/cacaunews.com\/index.php?rest_route=\/wp\/v2\/types\/post"}],"author":[{"embeddable":true,"href":"https:\/\/cacaunews.com\/index.php?rest_route=\/wp\/v2\/users\/1"}],"replies":[{"embeddable":true,"href":"https:\/\/cacaunews.com\/index.php?rest_route=%2Fwp%2Fv2%2Fcomments&post=6482"}],"version-history":[{"count":1,"href":"https:\/\/cacaunews.com\/index.php?rest_route=\/wp\/v2\/posts\/6482\/revisions"}],"predecessor-version":[{"id":6483,"href":"https:\/\/cacaunews.com\/index.php?rest_route=\/wp\/v2\/posts\/6482\/revisions\/6483"}],"wp:featuredmedia":[{"embeddable":true,"href":"https:\/\/cacaunews.com\/index.php?rest_route=\/wp\/v2\/media\/6481"}],"wp:attachment":[{"href":"https:\/\/cacaunews.com\/index.php?rest_route=%2Fwp%2Fv2%2Fmedia&parent=6482"}],"wp:term":[{"taxonomy":"category","embeddable":true,"href":"https:\/\/cacaunews.com\/index.php?rest_route=%2Fwp%2Fv2%2Fcategories&post=6482"},{"taxonomy":"post_tag","embeddable":true,"href":"https:\/\/cacaunews.com\/index.php?rest_route=%2Fwp%2Fv2%2Ftags&post=6482"}],"curies":[{"name":"wp","href":"https:\/\/api.w.org\/{rel}","templated":true}]}}