{"id":6485,"date":"2025-06-11T02:42:17","date_gmt":"2025-06-11T02:42:17","guid":{"rendered":"https:\/\/cacaunews.com\/?p=6485"},"modified":"2025-06-11T02:42:29","modified_gmt":"2025-06-11T02:42:29","slug":"faculdade-anhanguera-itabuna-inaugura-a-primeira-pos-graduacao-presencial-da-regiao-em-direito-previdenciario-e-direito-do-trabalho","status":"publish","type":"post","link":"https:\/\/cacaunews.com\/?p=6485","title":{"rendered":"Faculdade Anhanguera Itabuna inaugura a primeira p\u00f3s-gradua\u00e7\u00e3o presencial da regi\u00e3o em Direito Previdenci\u00e1rio e Direito do Trabalho."},"content":{"rendered":"\n<p>Na \u00faltima quinta-feira, 06 de junho, a Faculdade Anhanguera Itabuna marcou um momento hist\u00f3rico para a \u00e1rea jur\u00eddica regional ao inaugurar a primeira p\u00f3s-gradua\u00e7\u00e3o presencial em Direito Previdenci\u00e1rio e do Trabalho da regi\u00e3o. O evento, realizado no campus da institui\u00e7\u00e3o, reuniu alunos, professores e profissionais do Direito em uma noite que celebrou o in\u00edcio de uma nova fase de aprendizado e transforma\u00e7\u00e3o.<\/p>\n\n\n\n<figure class=\"wp-block-image size-large\"><img fetchpriority=\"high\" decoding=\"async\" width=\"1024\" height=\"768\" src=\"https:\/\/cacaunews.com\/wp-content\/uploads\/2025\/06\/img-20250610-wa03558393129838862796973-1024x768.jpg\" alt=\"\" class=\"wp-image-6486\" srcset=\"https:\/\/cacaunews.com\/wp-content\/uploads\/2025\/06\/img-20250610-wa03558393129838862796973-1024x768.jpg 1024w, https:\/\/cacaunews.com\/wp-content\/uploads\/2025\/06\/img-20250610-wa03558393129838862796973-300x225.jpg 300w, https:\/\/cacaunews.com\/wp-content\/uploads\/2025\/06\/img-20250610-wa03558393129838862796973-768x576.jpg 768w, https:\/\/cacaunews.com\/wp-content\/uploads\/2025\/06\/img-20250610-wa03558393129838862796973-1536x1152.jpg 1536w, https:\/\/cacaunews.com\/wp-content\/uploads\/2025\/06\/img-20250610-wa03558393129838862796973.jpg 2000w\" sizes=\"(max-width: 1024px) 100vw, 1024px\" \/><\/figure>\n\n\n\n<p><br><br>A aula magna contou com a presen\u00e7a dos advogados ingressantes no curso e de um corpo docente renomado, reconhecido por sua atua\u00e7\u00e3o e expertise nas \u00e1reas previdenci\u00e1ria e trabalhista. A noite foi marcada por falas inspiradoras e reflex\u00f5es profundas sobre os rumos e os desafios das especializa\u00e7\u00f5es jur\u00eddicas na atualidade.<br><br>A coordenadora t\u00e9cnica do curso, professora Caroline Mendes Marques, deu in\u00edcio \u00e0 solenidade com uma fala que marcou os presentes:<br>\u201cHoje, damos um passo pioneiro na forma\u00e7\u00e3o jur\u00eddica da nossa regi\u00e3o. Esta p\u00f3s-gradua\u00e7\u00e3o \u00e9 mais do que um curso \u2014 \u00e9 um compromisso com a excel\u00eancia, com a justi\u00e7a social e com a constru\u00e7\u00e3o de profissionais preparados para transformar realidades.\u201d<br><br>Logo ap\u00f3s a abertura, o professor Moris Marques trouxe uma reflex\u00e3o essencial ao destacar a import\u00e2ncia do Direito Constitucional como base estruturante para o Direito Previdenci\u00e1rio e o Direito do Trabalho. Ele ressaltou como os princ\u00edpios constitucionais moldam a atua\u00e7\u00e3o pr\u00e1tica e garantem seguran\u00e7a jur\u00eddica na defesa dos direitos sociais.<br><br>Em seguida, o professor Lula Vasconcelos conduziu uma an\u00e1lise dos aspectos processuais que permeiam os processos previdenci\u00e1rios e trabalhistas, evidenciando os principais desafios e estrat\u00e9gias dentro do \u00e2mbito processual.<br><br>O professor Leandro Vieira abordou as perspectivas do Direito Trabalhista e Previdenci\u00e1rio, oferecendo uma vis\u00e3o estrat\u00e9gica sobre o presente e o futuro das duas \u00e1reas diante das mudan\u00e7as sociais e econ\u00f4micas.<br><br>Tamb\u00e9m integram o corpo docente os professores Marcos Klever e Maura Feliciano.<br><br>Finalizando o evento, a professora Caroline Mendes Marques refor\u00e7ou o papel da especializa\u00e7\u00e3o como diferencial na atua\u00e7\u00e3o jur\u00eddica:<br>\u201cA p\u00f3s-gradua\u00e7\u00e3o \u00e9 a chave para uma atua\u00e7\u00e3o efetiva, segura e transformadora. Ela prepara o profissional n\u00e3o s\u00f3 para os tribunais, mas para a vida, para o atendimento humano, t\u00e9cnico e \u00e9tico de quem depende do nosso conhecimento.\u201d<br><br>O entusiasmo dos presentes fez deste evento um verdadeiro marco para a Faculdade Anhanguera Itabuna, reafirmando seu compromisso com a excel\u00eancia acad\u00eamica e com a forma\u00e7\u00e3o de especialistas capacitados para os desafios contempor\u00e2neos do Direito.<\/p>\n","protected":false},"excerpt":{"rendered":"<p>Na \u00faltima quinta-feira, 06 de junho, a Faculdade Anhanguera Itabuna marcou um momento hist\u00f3rico para&#8230;<\/p>\n","protected":false},"author":1,"featured_media":6484,"comment_status":"open","ping_status":"open","sticky":false,"template":"","format":"standard","meta":{"footnotes":""},"categories":[4,11],"tags":[2312,33,27,2313],"yoast_head":"<!-- This site is optimized with the Yoast SEO plugin v21.7 - https:\/\/yoast.com\/wordpress\/plugins\/seo\/ -->\n<title>Faculdade Anhanguera Itabuna inaugura a primeira p\u00f3s-gradua\u00e7\u00e3o presencial da regi\u00e3o em Direito Previdenci\u00e1rio e Direito do Trabalho. - Cacau News<\/title>\n<meta name=\"robots\" content=\"index, follow, max-snippet:-1, max-image-preview:large, max-video-preview:-1\" \/>\n<link rel=\"canonical\" href=\"https:\/\/cacaunews.com\/?p=6485\" \/>\n<meta property=\"og:locale\" content=\"pt_BR\" \/>\n<meta property=\"og:type\" content=\"article\" \/>\n<meta property=\"og:title\" content=\"Faculdade Anhanguera Itabuna inaugura a primeira p\u00f3s-gradua\u00e7\u00e3o presencial da regi\u00e3o em Direito Previdenci\u00e1rio e Direito do Trabalho. - Cacau News\" \/>\n<meta property=\"og:description\" content=\"Na \u00faltima quinta-feira, 06 de junho, a Faculdade Anhanguera Itabuna marcou um momento hist\u00f3rico para...\" \/>\n<meta property=\"og:url\" content=\"https:\/\/cacaunews.com\/?p=6485\" \/>\n<meta property=\"og:site_name\" content=\"Cacau News\" \/>\n<meta property=\"article:published_time\" content=\"2025-06-11T02:42:17+00:00\" \/>\n<meta property=\"article:modified_time\" content=\"2025-06-11T02:42:29+00:00\" \/>\n<meta property=\"og:image\" content=\"https:\/\/cacaunews.com\/wp-content\/uploads\/2025\/06\/IMG-20250610-WA0356.jpg\" \/>\n\t<meta property=\"og:image:width\" content=\"1600\" \/>\n\t<meta property=\"og:image:height\" content=\"900\" \/>\n\t<meta property=\"og:image:type\" content=\"image\/jpeg\" \/>\n<meta name=\"author\" content=\"Reda\u00e7\u00e3o Cacau News\" \/>\n<meta name=\"twitter:card\" content=\"summary_large_image\" \/>\n<meta name=\"twitter:label1\" content=\"Escrito por\" \/>\n\t<meta name=\"twitter:data1\" content=\"Reda\u00e7\u00e3o Cacau News\" \/>\n\t<meta name=\"twitter:label2\" content=\"Est. tempo de leitura\" \/>\n\t<meta name=\"twitter:data2\" content=\"2 minutos\" \/>\n<script type=\"application\/ld+json\" class=\"yoast-schema-graph\">{\"@context\":\"https:\/\/schema.org\",\"@graph\":[{\"@type\":\"Article\",\"@id\":\"https:\/\/cacaunews.com\/?p=6485#article\",\"isPartOf\":{\"@id\":\"https:\/\/cacaunews.com\/?p=6485\"},\"author\":{\"name\":\"Reda\u00e7\u00e3o Cacau News\",\"@id\":\"https:\/\/cacaunews.com\/#\/schema\/person\/ea69703103e606ad347ccd64bd72ef79\"},\"headline\":\"Faculdade Anhanguera Itabuna inaugura a primeira p\u00f3s-gradua\u00e7\u00e3o presencial da regi\u00e3o em Direito Previdenci\u00e1rio e Direito do Trabalho.\",\"datePublished\":\"2025-06-11T02:42:17+00:00\",\"dateModified\":\"2025-06-11T02:42:29+00:00\",\"mainEntityOfPage\":{\"@id\":\"https:\/\/cacaunews.com\/?p=6485\"},\"wordCount\":456,\"commentCount\":0,\"publisher\":{\"@id\":\"https:\/\/cacaunews.com\/#organization\"},\"keywords\":[\"anhanguera\",\"educa\u00e7\u00e3o\",\"itabuna\",\"p\u00f3s gradua\u00e7\u00e3o\"],\"articleSection\":[\"Internet\",\"Jornalismo\"],\"inLanguage\":\"pt-BR\",\"potentialAction\":[{\"@type\":\"CommentAction\",\"name\":\"Comment\",\"target\":[\"https:\/\/cacaunews.com\/?p=6485#respond\"]}]},{\"@type\":\"WebPage\",\"@id\":\"https:\/\/cacaunews.com\/?p=6485\",\"url\":\"https:\/\/cacaunews.com\/?p=6485\",\"name\":\"Faculdade Anhanguera Itabuna inaugura a primeira p\u00f3s-gradua\u00e7\u00e3o presencial da regi\u00e3o em Direito Previdenci\u00e1rio e Direito do Trabalho. - Cacau News\",\"isPartOf\":{\"@id\":\"https:\/\/cacaunews.com\/#website\"},\"datePublished\":\"2025-06-11T02:42:17+00:00\",\"dateModified\":\"2025-06-11T02:42:29+00:00\",\"breadcrumb\":{\"@id\":\"https:\/\/cacaunews.com\/?p=6485#breadcrumb\"},\"inLanguage\":\"pt-BR\",\"potentialAction\":[{\"@type\":\"ReadAction\",\"target\":[\"https:\/\/cacaunews.com\/?p=6485\"]}]},{\"@type\":\"BreadcrumbList\",\"@id\":\"https:\/\/cacaunews.com\/?p=6485#breadcrumb\",\"itemListElement\":[{\"@type\":\"ListItem\",\"position\":1,\"name\":\"In\u00edcio\",\"item\":\"https:\/\/cacaunews.com\/\"},{\"@type\":\"ListItem\",\"position\":2,\"name\":\"Faculdade Anhanguera Itabuna inaugura a primeira p\u00f3s-gradua\u00e7\u00e3o presencial da regi\u00e3o em Direito Previdenci\u00e1rio e Direito do Trabalho.\"}]},{\"@type\":\"WebSite\",\"@id\":\"https:\/\/cacaunews.com\/#website\",\"url\":\"https:\/\/cacaunews.com\/\",\"name\":\"Cacau News\",\"description\":\"A Informa\u00e7\u00e3o que voc\u00ea precisa!\",\"publisher\":{\"@id\":\"https:\/\/cacaunews.com\/#organization\"},\"potentialAction\":[{\"@type\":\"SearchAction\",\"target\":{\"@type\":\"EntryPoint\",\"urlTemplate\":\"https:\/\/cacaunews.com\/?s={search_term_string}\"},\"query-input\":\"required name=search_term_string\"}],\"inLanguage\":\"pt-BR\"},{\"@type\":\"Organization\",\"@id\":\"https:\/\/cacaunews.com\/#organization\",\"name\":\"Cacau News\",\"url\":\"https:\/\/cacaunews.com\/\",\"logo\":{\"@type\":\"ImageObject\",\"inLanguage\":\"pt-BR\",\"@id\":\"https:\/\/cacaunews.com\/#\/schema\/logo\/image\/\",\"url\":\"https:\/\/cacaunews.com\/wp-content\/uploads\/2025\/01\/cropped-LOGO-NOVA.png\",\"contentUrl\":\"https:\/\/cacaunews.com\/wp-content\/uploads\/2025\/01\/cropped-LOGO-NOVA.png\",\"width\":813,\"height\":813,\"caption\":\"Cacau News\"},\"image\":{\"@id\":\"https:\/\/cacaunews.com\/#\/schema\/logo\/image\/\"},\"sameAs\":[\"https:\/\/www.instagram.com\/cacaunews.online\/\",\"https:\/\/youtube.com\/@cacaunews?si=0VXLnjl08SrWbVG9\"]},{\"@type\":\"Person\",\"@id\":\"https:\/\/cacaunews.com\/#\/schema\/person\/ea69703103e606ad347ccd64bd72ef79\",\"name\":\"Reda\u00e7\u00e3o Cacau News\",\"image\":{\"@type\":\"ImageObject\",\"inLanguage\":\"pt-BR\",\"@id\":\"https:\/\/cacaunews.com\/#\/schema\/person\/image\/\",\"url\":\"https:\/\/secure.gravatar.com\/avatar\/d79227a2a7b6cc42e8d7a8f7c284cd3a?s=96&d=mm&r=g\",\"contentUrl\":\"https:\/\/secure.gravatar.com\/avatar\/d79227a2a7b6cc42e8d7a8f7c284cd3a?s=96&d=mm&r=g\",\"caption\":\"Reda\u00e7\u00e3o Cacau News\"},\"sameAs\":[\"https:\/\/cacaunews.com\"],\"url\":\"https:\/\/cacaunews.com\/?author=1\"}]}<\/script>\n<!-- \/ Yoast SEO plugin. -->","yoast_head_json":{"title":"Faculdade Anhanguera Itabuna inaugura a primeira p\u00f3s-gradua\u00e7\u00e3o presencial da regi\u00e3o em Direito Previdenci\u00e1rio e Direito do Trabalho. - Cacau News","robots":{"index":"index","follow":"follow","max-snippet":"max-snippet:-1","max-image-preview":"max-image-preview:large","max-video-preview":"max-video-preview:-1"},"canonical":"https:\/\/cacaunews.com\/?p=6485","og_locale":"pt_BR","og_type":"article","og_title":"Faculdade Anhanguera Itabuna inaugura a primeira p\u00f3s-gradua\u00e7\u00e3o presencial da regi\u00e3o em Direito Previdenci\u00e1rio e Direito do Trabalho. - Cacau News","og_description":"Na \u00faltima quinta-feira, 06 de junho, a Faculdade Anhanguera Itabuna marcou um momento hist\u00f3rico para...","og_url":"https:\/\/cacaunews.com\/?p=6485","og_site_name":"Cacau News","article_published_time":"2025-06-11T02:42:17+00:00","article_modified_time":"2025-06-11T02:42:29+00:00","og_image":[{"width":1600,"height":900,"url":"https:\/\/cacaunews.com\/wp-content\/uploads\/2025\/06\/IMG-20250610-WA0356.jpg","type":"image\/jpeg"}],"author":"Reda\u00e7\u00e3o Cacau News","twitter_card":"summary_large_image","twitter_misc":{"Escrito por":"Reda\u00e7\u00e3o Cacau News","Est. tempo de leitura":"2 minutos"},"schema":{"@context":"https:\/\/schema.org","@graph":[{"@type":"Article","@id":"https:\/\/cacaunews.com\/?p=6485#article","isPartOf":{"@id":"https:\/\/cacaunews.com\/?p=6485"},"author":{"name":"Reda\u00e7\u00e3o Cacau News","@id":"https:\/\/cacaunews.com\/#\/schema\/person\/ea69703103e606ad347ccd64bd72ef79"},"headline":"Faculdade Anhanguera Itabuna inaugura a primeira p\u00f3s-gradua\u00e7\u00e3o presencial da regi\u00e3o em Direito Previdenci\u00e1rio e Direito do Trabalho.","datePublished":"2025-06-11T02:42:17+00:00","dateModified":"2025-06-11T02:42:29+00:00","mainEntityOfPage":{"@id":"https:\/\/cacaunews.com\/?p=6485"},"wordCount":456,"commentCount":0,"publisher":{"@id":"https:\/\/cacaunews.com\/#organization"},"keywords":["anhanguera","educa\u00e7\u00e3o","itabuna","p\u00f3s gradua\u00e7\u00e3o"],"articleSection":["Internet","Jornalismo"],"inLanguage":"pt-BR","potentialAction":[{"@type":"CommentAction","name":"Comment","target":["https:\/\/cacaunews.com\/?p=6485#respond"]}]},{"@type":"WebPage","@id":"https:\/\/cacaunews.com\/?p=6485","url":"https:\/\/cacaunews.com\/?p=6485","name":"Faculdade Anhanguera Itabuna inaugura a primeira p\u00f3s-gradua\u00e7\u00e3o presencial da regi\u00e3o em Direito Previdenci\u00e1rio e Direito do Trabalho. - Cacau News","isPartOf":{"@id":"https:\/\/cacaunews.com\/#website"},"datePublished":"2025-06-11T02:42:17+00:00","dateModified":"2025-06-11T02:42:29+00:00","breadcrumb":{"@id":"https:\/\/cacaunews.com\/?p=6485#breadcrumb"},"inLanguage":"pt-BR","potentialAction":[{"@type":"ReadAction","target":["https:\/\/cacaunews.com\/?p=6485"]}]},{"@type":"BreadcrumbList","@id":"https:\/\/cacaunews.com\/?p=6485#breadcrumb","itemListElement":[{"@type":"ListItem","position":1,"name":"In\u00edcio","item":"https:\/\/cacaunews.com\/"},{"@type":"ListItem","position":2,"name":"Faculdade Anhanguera Itabuna inaugura a primeira p\u00f3s-gradua\u00e7\u00e3o presencial da regi\u00e3o em Direito Previdenci\u00e1rio e Direito do Trabalho."}]},{"@type":"WebSite","@id":"https:\/\/cacaunews.com\/#website","url":"https:\/\/cacaunews.com\/","name":"Cacau News","description":"A Informa\u00e7\u00e3o que voc\u00ea precisa!","publisher":{"@id":"https:\/\/cacaunews.com\/#organization"},"potentialAction":[{"@type":"SearchAction","target":{"@type":"EntryPoint","urlTemplate":"https:\/\/cacaunews.com\/?s={search_term_string}"},"query-input":"required name=search_term_string"}],"inLanguage":"pt-BR"},{"@type":"Organization","@id":"https:\/\/cacaunews.com\/#organization","name":"Cacau News","url":"https:\/\/cacaunews.com\/","logo":{"@type":"ImageObject","inLanguage":"pt-BR","@id":"https:\/\/cacaunews.com\/#\/schema\/logo\/image\/","url":"https:\/\/cacaunews.com\/wp-content\/uploads\/2025\/01\/cropped-LOGO-NOVA.png","contentUrl":"https:\/\/cacaunews.com\/wp-content\/uploads\/2025\/01\/cropped-LOGO-NOVA.png","width":813,"height":813,"caption":"Cacau News"},"image":{"@id":"https:\/\/cacaunews.com\/#\/schema\/logo\/image\/"},"sameAs":["https:\/\/www.instagram.com\/cacaunews.online\/","https:\/\/youtube.com\/@cacaunews?si=0VXLnjl08SrWbVG9"]},{"@type":"Person","@id":"https:\/\/cacaunews.com\/#\/schema\/person\/ea69703103e606ad347ccd64bd72ef79","name":"Reda\u00e7\u00e3o Cacau News","image":{"@type":"ImageObject","inLanguage":"pt-BR","@id":"https:\/\/cacaunews.com\/#\/schema\/person\/image\/","url":"https:\/\/secure.gravatar.com\/avatar\/d79227a2a7b6cc42e8d7a8f7c284cd3a?s=96&d=mm&r=g","contentUrl":"https:\/\/secure.gravatar.com\/avatar\/d79227a2a7b6cc42e8d7a8f7c284cd3a?s=96&d=mm&r=g","caption":"Reda\u00e7\u00e3o Cacau News"},"sameAs":["https:\/\/cacaunews.com"],"url":"https:\/\/cacaunews.com\/?author=1"}]}},"jetpack_sharing_enabled":true,"jetpack_featured_media_url":"https:\/\/cacaunews.com\/wp-content\/uploads\/2025\/06\/IMG-20250610-WA0356.jpg","_links":{"self":[{"href":"https:\/\/cacaunews.com\/index.php?rest_route=\/wp\/v2\/posts\/6485"}],"collection":[{"href":"https:\/\/cacaunews.com\/index.php?rest_route=\/wp\/v2\/posts"}],"about":[{"href":"https:\/\/cacaunews.com\/index.php?rest_route=\/wp\/v2\/types\/post"}],"author":[{"embeddable":true,"href":"https:\/\/cacaunews.com\/index.php?rest_route=\/wp\/v2\/users\/1"}],"replies":[{"embeddable":true,"href":"https:\/\/cacaunews.com\/index.php?rest_route=%2Fwp%2Fv2%2Fcomments&post=6485"}],"version-history":[{"count":1,"href":"https:\/\/cacaunews.com\/index.php?rest_route=\/wp\/v2\/posts\/6485\/revisions"}],"predecessor-version":[{"id":6487,"href":"https:\/\/cacaunews.com\/index.php?rest_route=\/wp\/v2\/posts\/6485\/revisions\/6487"}],"wp:featuredmedia":[{"embeddable":true,"href":"https:\/\/cacaunews.com\/index.php?rest_route=\/wp\/v2\/media\/6484"}],"wp:attachment":[{"href":"https:\/\/cacaunews.com\/index.php?rest_route=%2Fwp%2Fv2%2Fmedia&parent=6485"}],"wp:term":[{"taxonomy":"category","embeddable":true,"href":"https:\/\/cacaunews.com\/index.php?rest_route=%2Fwp%2Fv2%2Fcategories&post=6485"},{"taxonomy":"post_tag","embeddable":true,"href":"https:\/\/cacaunews.com\/index.php?rest_route=%2Fwp%2Fv2%2Ftags&post=6485"}],"curies":[{"name":"wp","href":"https:\/\/api.w.org\/{rel}","templated":true}]}}