{"id":6501,"date":"2025-06-17T13:41:58","date_gmt":"2025-06-17T13:41:58","guid":{"rendered":"https:\/\/cacaunews.com\/?p=6501"},"modified":"2025-06-17T13:54:53","modified_gmt":"2025-06-17T13:54:53","slug":"aci-empossa-erivaldo-benevides-como-presidente-e-nova-diretoria-em-solenidade-historica","status":"publish","type":"post","link":"https:\/\/cacaunews.com\/?p=6501","title":{"rendered":"ACI empossa Erivaldo Benevides como presidente e nova diretoria em solenidade hist\u00f3rica."},"content":{"rendered":"\n<p>Em cerim\u00f4nia hist\u00f3rica nesta segunda-feira, 16 de junho, que celebrou os 117 anos de funda\u00e7\u00e3o da Associa\u00e7\u00e3o Comercial e Empresarial de Itabuna (ACI), fundada em 14 de junho de 1908, foi empossado o advogado tributarista e empres\u00e1rio do ramo de chocolate, Erivaldo Benevides como presidente, para o bi\u00eanio 2025\u20132027. Ao mesmo tempo, foi oficializada a composi\u00e7\u00e3o de membros da nova Assembleia Geral, do Conselho Diretor e da Comiss\u00e3o de Contas.<\/p>\n\n\n\n<p>A solenidade reuniu autoridades de Itabuna e Ilh\u00e9us, ligados ao Poder P\u00fablico Municipal e Estadual, a imprensa, aos representantes de institui\u00e7\u00f5es do com\u00e9rcio, dos prestadores de servi\u00e7os, da ind\u00fastria, do movimento de mulheres, entre outros, que presenciaram um grande momento de celebra\u00e7\u00e3o e do emocionado agradecimento do ex-presidente Valdino Cunha pelos dois anos de atua\u00e7\u00e3o em defesa da classe empresarial de Itabuna.<\/p>\n\n\n\n<p>\u201cDois anos que guardarei para sempre, gravados em minha mem\u00f3ria, nas palavras que pronuncio hoje, e no cora\u00e7\u00e3o que agradece \u2013 profundamente. Agrade\u00e7o \u00e0 ACI \u2013 pela confian\u00e7a depositada em meu nome, pelo respaldo institucional e por me permitir servir em um momento t\u00e3o desafiador quanto transformador. Agrade\u00e7o, com sincera emo\u00e7\u00e3o, a cada associado, por confiarem, por contribu\u00edrem, por entenderem que juntos somos mais fortes\u201d, destacou o ex-presidente.<\/p>\n\n\n\n<figure class=\"wp-block-gallery has-nested-images columns-default is-cropped wp-block-gallery-1 is-layout-flex wp-block-gallery-is-layout-flex\">\n<figure class=\"wp-block-image\"><img decoding=\"async\" data-id=\"25721\" src=\"file:\/\/\/data\/user\/0\/com.jetpack.android\/cache\/img-20250617-wa00442979825455910099657.jpg\" alt=\"\" class=\"wp-image-25721\"\/><\/figure>\n\n\n\n<figure class=\"wp-block-image\"><img decoding=\"async\" data-id=\"25722\" src=\"file:\/\/\/data\/user\/0\/com.jetpack.android\/cache\/img-20250617-wa00484029441226104191770.jpg\" alt=\"\" class=\"wp-image-25722\"\/><\/figure>\n\n\n\n<figure class=\"wp-block-image\"><img decoding=\"async\" data-id=\"25723\" src=\"file:\/\/\/data\/user\/0\/com.jetpack.android\/cache\/img-20250617-wa00533942412589547258696.jpg\" alt=\"\" class=\"wp-image-25723\"\/><\/figure>\n\n\n\n<figure class=\"wp-block-image\"><img decoding=\"async\" data-id=\"25724\" src=\"file:\/\/\/data\/user\/0\/com.jetpack.android\/cache\/img-20250617-wa00525475735879257708544.jpg\" alt=\"\" class=\"wp-image-25724\"\/><\/figure>\n\n\n\n<figure class=\"wp-block-image\"><img decoding=\"async\" data-id=\"25725\" src=\"file:\/\/\/data\/user\/0\/com.jetpack.android\/cache\/img-20250617-wa00461179357024252973161.jpg\" alt=\"\" class=\"wp-image-25725\"\/><\/figure>\n\n\n\n<figure class=\"wp-block-image\"><img decoding=\"async\" data-id=\"25726\" src=\"file:\/\/\/data\/user\/0\/com.jetpack.android\/cache\/img-20250617-wa00476508263578635934089.jpg\" alt=\"\" class=\"wp-image-25726\"\/><\/figure>\n\n\n\n<figure class=\"wp-block-image\"><img decoding=\"async\" data-id=\"25727\" src=\"file:\/\/\/data\/user\/0\/com.jetpack.android\/cache\/img-20250617-wa00452472809692655021900.jpg\" alt=\"\" class=\"wp-image-25727\"\/><\/figure>\n<\/figure>\n\n\n\n<p><strong>Nova gest\u00e3o: vis\u00e3o de expans\u00e3o e fortalecimento<\/strong><\/p>\n\n\n\n<p>J\u00e1 o presidente empossado, Erivaldo Benevides destacou em seu discurso de posse que estar\u00e1 seguindo o que o artigo primeiro do estatuto da ACI preconiza, que \u00e9 \u201cdefender pelos meios legais e regulares, a classe empresarial\u201d. \u201cDefenderemos o di\u00e1logo constante com os poderes Executivo, Legislativo e Judici\u00e1rio, visando a promo\u00e7\u00e3o de um ambiente de neg\u00f3cios pr\u00f3spero para a cidade, e, na realiza\u00e7\u00e3o de eventos, capacita\u00e7\u00f5es e treinamentos com o objetivo de potencializar os neg\u00f3cios locais\u201d.<\/p>\n\n\n\n<p>Benevides assume a ACI com o objetivo de fortalecer o associativismo, dar continuidade \u00e0s a\u00e7\u00f5es que marcaram gest\u00f5es passadas, bem como expandir o alcance e a representatividade da Associa\u00e7\u00e3o, promovendo uma maior aproxima\u00e7\u00e3o com os empres\u00e1rios de toda a cidade. Ele ainda destacou que pretende cobrar do Poder Executivo a implementa\u00e7\u00e3o do Conselho de Contribuintes do Munic\u00edpio de Itabuna, j\u00e1 aprovado pela C\u00e2mara de Vereadores.<\/p>\n\n\n\n<p>\u201cVamos colocar a ACI no centro das discuss\u00f5es nas reuni\u00f5es ordin\u00e1rias, que voltaram a acontecer todas as segundas-feiras, \u00e0s 19 horas no audit\u00f3rio da nossa entidade. A nossa meta \u00e9 ampliar o n\u00famero de associados, retomar o Semin\u00e1rio de Marketing e reativar o Programa Capacitar, para levar a ACI cada vez mais pr\u00f3xima dos empres\u00e1rios dos bairros de Itabuna\u201d, declarou.<\/p>\n\n\n\n<p>O Presidente da Federa\u00e7\u00e3o das Associa\u00e7\u00f5es Comerciais e Empresariais da Bahia &#8211; FACEB, Cloves Cedraz parabenizou a forte atua\u00e7\u00e3o da ACI de Itabuna, que nesses 117 anos de funda\u00e7\u00e3o tenha se tornado uma entidade t\u00e3o influente para a classe empresarial e com a grande participa\u00e7\u00e3o das mulheres. \u201cQuando as lideran\u00e7as se imp\u00f5em, faz com que as pessoas, os empres\u00e1rios e lideran\u00e7as da cidade reconhe\u00e7a o papel dela e procure participar. Isso \u00e9 uma demonstra\u00e7\u00e3o de for\u00e7a que a entidade tem, do respeito que ela merece da sociedade e dos empres\u00e1rios\u201d.<\/p>\n\n\n\n<p><strong>Hist\u00f3ria<\/strong><\/p>\n\n\n\n<p>A ACI surgira originalmente como a Uni\u00e3o Comercial de Itabuna, mobilizada por comerciantes locais para enfrentar a press\u00e3o excessiva de fiscais do governo estadual \u2013 a\u00e7\u00e3o que se tornou pe\u00e7a-chave para a emancipa\u00e7\u00e3o pol\u00edtica da cidade, concretizada em 28 de julho de 1910. Ao longo de seus 117 anos, a entidade vem exercendo importante papel na defesa dos interesses do setor produtivo, promovendo cursos, eventos, capacita\u00e7\u00f5es e di\u00e1logo institucional entre executivos, legisladores e magistrados.<\/p>\n\n\n\n<p><strong>Sobre a ACI<\/strong><\/p>\n\n\n\n<p>Fundada em 1908 como Uni\u00e3o Comercial de Itabuna por empres\u00e1rios que combatiam a carga fiscal abusiva vindo de Salvador. Desempenhou papel central no processo de emancipa\u00e7\u00e3o pol\u00edtica da cidade em 1910. Atualmente registra forte atua\u00e7\u00e3o em capacita\u00e7\u00e3o empresarial, parcerias com Sebrae, Faceb, CDL e Prefeitura \u2013 destaque para programas como, Empreender, n\u00facleos setoriais e apoio ao com\u00e9rcio informal.<\/p>\n\n\n\n<p><strong>Sobre Erivaldo Benevides<\/strong><\/p>\n\n\n\n<p>Erivaldo tem 63 anos, casado com Leilane Benevides, pai de Laura e Marina. Contador, empres\u00e1rio no setor de contabilidade e chocolate. Advogado com atua\u00e7\u00e3o em Direito Tribut\u00e1rio. Presidente licenciado do Sindicato dos Contadores e T\u00e9cnicos em Contabilidade do Sul da Bahia (Sindicontasul).<\/p>\n","protected":false},"excerpt":{"rendered":"<p>Em cerim\u00f4nia hist\u00f3rica nesta segunda-feira, 16 de junho, que celebrou os 117 anos de funda\u00e7\u00e3o&#8230;<\/p>\n","protected":false},"author":1,"featured_media":6500,"comment_status":"open","ping_status":"open","sticky":false,"template":"","format":"standard","meta":{"footnotes":""},"categories":[18,11],"tags":[713,2315,27,144],"yoast_head":"<!-- This site is optimized with the Yoast SEO plugin v21.7 - https:\/\/yoast.com\/wordpress\/plugins\/seo\/ -->\n<title>ACI empossa Erivaldo Benevides como presidente e nova diretoria em solenidade hist\u00f3rica. - Cacau News<\/title>\n<meta name=\"robots\" content=\"index, follow, max-snippet:-1, max-image-preview:large, max-video-preview:-1\" \/>\n<link rel=\"canonical\" href=\"https:\/\/cacaunews.com\/?p=6501\" \/>\n<meta property=\"og:locale\" content=\"pt_BR\" \/>\n<meta property=\"og:type\" content=\"article\" \/>\n<meta property=\"og:title\" content=\"ACI empossa Erivaldo Benevides como presidente e nova diretoria em solenidade hist\u00f3rica. - Cacau News\" \/>\n<meta property=\"og:description\" content=\"Em cerim\u00f4nia hist\u00f3rica nesta segunda-feira, 16 de junho, que celebrou os 117 anos de funda\u00e7\u00e3o...\" \/>\n<meta property=\"og:url\" content=\"https:\/\/cacaunews.com\/?p=6501\" \/>\n<meta property=\"og:site_name\" content=\"Cacau News\" \/>\n<meta property=\"article:published_time\" content=\"2025-06-17T13:41:58+00:00\" \/>\n<meta property=\"article:modified_time\" content=\"2025-06-17T13:54:53+00:00\" \/>\n<meta property=\"og:image\" content=\"https:\/\/cacaunews.com\/wp-content\/uploads\/2025\/06\/IMG-20250617-WA0054-scaled.jpg\" \/>\n\t<meta property=\"og:image:width\" content=\"2560\" \/>\n\t<meta property=\"og:image:height\" content=\"1920\" \/>\n\t<meta property=\"og:image:type\" content=\"image\/jpeg\" \/>\n<meta name=\"author\" content=\"Reda\u00e7\u00e3o Cacau News\" \/>\n<meta name=\"twitter:card\" content=\"summary_large_image\" \/>\n<meta name=\"twitter:label1\" content=\"Escrito por\" \/>\n\t<meta name=\"twitter:data1\" content=\"Reda\u00e7\u00e3o Cacau News\" \/>\n\t<meta name=\"twitter:label2\" content=\"Est. tempo de leitura\" \/>\n\t<meta name=\"twitter:data2\" content=\"4 minutos\" \/>\n<script type=\"application\/ld+json\" class=\"yoast-schema-graph\">{\"@context\":\"https:\/\/schema.org\",\"@graph\":[{\"@type\":\"Article\",\"@id\":\"https:\/\/cacaunews.com\/?p=6501#article\",\"isPartOf\":{\"@id\":\"https:\/\/cacaunews.com\/?p=6501\"},\"author\":{\"name\":\"Reda\u00e7\u00e3o Cacau News\",\"@id\":\"https:\/\/cacaunews.com\/#\/schema\/person\/ea69703103e606ad347ccd64bd72ef79\"},\"headline\":\"ACI empossa Erivaldo Benevides como presidente e nova diretoria em solenidade hist\u00f3rica.\",\"datePublished\":\"2025-06-17T13:41:58+00:00\",\"dateModified\":\"2025-06-17T13:54:53+00:00\",\"mainEntityOfPage\":{\"@id\":\"https:\/\/cacaunews.com\/?p=6501\"},\"wordCount\":756,\"commentCount\":0,\"publisher\":{\"@id\":\"https:\/\/cacaunews.com\/#organization\"},\"keywords\":[\"aci\",\"Erivaldo Benevides\",\"itabuna\",\"posse\"],\"articleSection\":[\"cidades\",\"Jornalismo\"],\"inLanguage\":\"pt-BR\",\"potentialAction\":[{\"@type\":\"CommentAction\",\"name\":\"Comment\",\"target\":[\"https:\/\/cacaunews.com\/?p=6501#respond\"]}]},{\"@type\":\"WebPage\",\"@id\":\"https:\/\/cacaunews.com\/?p=6501\",\"url\":\"https:\/\/cacaunews.com\/?p=6501\",\"name\":\"ACI empossa Erivaldo Benevides como presidente e nova diretoria em solenidade hist\u00f3rica. - Cacau News\",\"isPartOf\":{\"@id\":\"https:\/\/cacaunews.com\/#website\"},\"datePublished\":\"2025-06-17T13:41:58+00:00\",\"dateModified\":\"2025-06-17T13:54:53+00:00\",\"breadcrumb\":{\"@id\":\"https:\/\/cacaunews.com\/?p=6501#breadcrumb\"},\"inLanguage\":\"pt-BR\",\"potentialAction\":[{\"@type\":\"ReadAction\",\"target\":[\"https:\/\/cacaunews.com\/?p=6501\"]}]},{\"@type\":\"BreadcrumbList\",\"@id\":\"https:\/\/cacaunews.com\/?p=6501#breadcrumb\",\"itemListElement\":[{\"@type\":\"ListItem\",\"position\":1,\"name\":\"In\u00edcio\",\"item\":\"https:\/\/cacaunews.com\/\"},{\"@type\":\"ListItem\",\"position\":2,\"name\":\"ACI empossa Erivaldo Benevides como presidente e nova diretoria em solenidade hist\u00f3rica.\"}]},{\"@type\":\"WebSite\",\"@id\":\"https:\/\/cacaunews.com\/#website\",\"url\":\"https:\/\/cacaunews.com\/\",\"name\":\"Cacau News\",\"description\":\"A Informa\u00e7\u00e3o que voc\u00ea precisa!\",\"publisher\":{\"@id\":\"https:\/\/cacaunews.com\/#organization\"},\"potentialAction\":[{\"@type\":\"SearchAction\",\"target\":{\"@type\":\"EntryPoint\",\"urlTemplate\":\"https:\/\/cacaunews.com\/?s={search_term_string}\"},\"query-input\":\"required name=search_term_string\"}],\"inLanguage\":\"pt-BR\"},{\"@type\":\"Organization\",\"@id\":\"https:\/\/cacaunews.com\/#organization\",\"name\":\"Cacau News\",\"url\":\"https:\/\/cacaunews.com\/\",\"logo\":{\"@type\":\"ImageObject\",\"inLanguage\":\"pt-BR\",\"@id\":\"https:\/\/cacaunews.com\/#\/schema\/logo\/image\/\",\"url\":\"https:\/\/cacaunews.com\/wp-content\/uploads\/2025\/01\/cropped-LOGO-NOVA.png\",\"contentUrl\":\"https:\/\/cacaunews.com\/wp-content\/uploads\/2025\/01\/cropped-LOGO-NOVA.png\",\"width\":813,\"height\":813,\"caption\":\"Cacau News\"},\"image\":{\"@id\":\"https:\/\/cacaunews.com\/#\/schema\/logo\/image\/\"},\"sameAs\":[\"https:\/\/www.instagram.com\/cacaunews.online\/\",\"https:\/\/youtube.com\/@cacaunews?si=0VXLnjl08SrWbVG9\"]},{\"@type\":\"Person\",\"@id\":\"https:\/\/cacaunews.com\/#\/schema\/person\/ea69703103e606ad347ccd64bd72ef79\",\"name\":\"Reda\u00e7\u00e3o Cacau News\",\"image\":{\"@type\":\"ImageObject\",\"inLanguage\":\"pt-BR\",\"@id\":\"https:\/\/cacaunews.com\/#\/schema\/person\/image\/\",\"url\":\"https:\/\/secure.gravatar.com\/avatar\/d79227a2a7b6cc42e8d7a8f7c284cd3a?s=96&d=mm&r=g\",\"contentUrl\":\"https:\/\/secure.gravatar.com\/avatar\/d79227a2a7b6cc42e8d7a8f7c284cd3a?s=96&d=mm&r=g\",\"caption\":\"Reda\u00e7\u00e3o Cacau News\"},\"sameAs\":[\"https:\/\/cacaunews.com\"],\"url\":\"https:\/\/cacaunews.com\/?author=1\"}]}<\/script>\n<!-- \/ Yoast SEO plugin. -->","yoast_head_json":{"title":"ACI empossa Erivaldo Benevides como presidente e nova diretoria em solenidade hist\u00f3rica. - Cacau News","robots":{"index":"index","follow":"follow","max-snippet":"max-snippet:-1","max-image-preview":"max-image-preview:large","max-video-preview":"max-video-preview:-1"},"canonical":"https:\/\/cacaunews.com\/?p=6501","og_locale":"pt_BR","og_type":"article","og_title":"ACI empossa Erivaldo Benevides como presidente e nova diretoria em solenidade hist\u00f3rica. - Cacau News","og_description":"Em cerim\u00f4nia hist\u00f3rica nesta segunda-feira, 16 de junho, que celebrou os 117 anos de funda\u00e7\u00e3o...","og_url":"https:\/\/cacaunews.com\/?p=6501","og_site_name":"Cacau News","article_published_time":"2025-06-17T13:41:58+00:00","article_modified_time":"2025-06-17T13:54:53+00:00","og_image":[{"width":2560,"height":1920,"url":"https:\/\/cacaunews.com\/wp-content\/uploads\/2025\/06\/IMG-20250617-WA0054-scaled.jpg","type":"image\/jpeg"}],"author":"Reda\u00e7\u00e3o Cacau News","twitter_card":"summary_large_image","twitter_misc":{"Escrito por":"Reda\u00e7\u00e3o Cacau News","Est. tempo de leitura":"4 minutos"},"schema":{"@context":"https:\/\/schema.org","@graph":[{"@type":"Article","@id":"https:\/\/cacaunews.com\/?p=6501#article","isPartOf":{"@id":"https:\/\/cacaunews.com\/?p=6501"},"author":{"name":"Reda\u00e7\u00e3o Cacau News","@id":"https:\/\/cacaunews.com\/#\/schema\/person\/ea69703103e606ad347ccd64bd72ef79"},"headline":"ACI empossa Erivaldo Benevides como presidente e nova diretoria em solenidade hist\u00f3rica.","datePublished":"2025-06-17T13:41:58+00:00","dateModified":"2025-06-17T13:54:53+00:00","mainEntityOfPage":{"@id":"https:\/\/cacaunews.com\/?p=6501"},"wordCount":756,"commentCount":0,"publisher":{"@id":"https:\/\/cacaunews.com\/#organization"},"keywords":["aci","Erivaldo Benevides","itabuna","posse"],"articleSection":["cidades","Jornalismo"],"inLanguage":"pt-BR","potentialAction":[{"@type":"CommentAction","name":"Comment","target":["https:\/\/cacaunews.com\/?p=6501#respond"]}]},{"@type":"WebPage","@id":"https:\/\/cacaunews.com\/?p=6501","url":"https:\/\/cacaunews.com\/?p=6501","name":"ACI empossa Erivaldo Benevides como presidente e nova diretoria em solenidade hist\u00f3rica. - Cacau News","isPartOf":{"@id":"https:\/\/cacaunews.com\/#website"},"datePublished":"2025-06-17T13:41:58+00:00","dateModified":"2025-06-17T13:54:53+00:00","breadcrumb":{"@id":"https:\/\/cacaunews.com\/?p=6501#breadcrumb"},"inLanguage":"pt-BR","potentialAction":[{"@type":"ReadAction","target":["https:\/\/cacaunews.com\/?p=6501"]}]},{"@type":"BreadcrumbList","@id":"https:\/\/cacaunews.com\/?p=6501#breadcrumb","itemListElement":[{"@type":"ListItem","position":1,"name":"In\u00edcio","item":"https:\/\/cacaunews.com\/"},{"@type":"ListItem","position":2,"name":"ACI empossa Erivaldo Benevides como presidente e nova diretoria em solenidade hist\u00f3rica."}]},{"@type":"WebSite","@id":"https:\/\/cacaunews.com\/#website","url":"https:\/\/cacaunews.com\/","name":"Cacau News","description":"A Informa\u00e7\u00e3o que voc\u00ea precisa!","publisher":{"@id":"https:\/\/cacaunews.com\/#organization"},"potentialAction":[{"@type":"SearchAction","target":{"@type":"EntryPoint","urlTemplate":"https:\/\/cacaunews.com\/?s={search_term_string}"},"query-input":"required name=search_term_string"}],"inLanguage":"pt-BR"},{"@type":"Organization","@id":"https:\/\/cacaunews.com\/#organization","name":"Cacau News","url":"https:\/\/cacaunews.com\/","logo":{"@type":"ImageObject","inLanguage":"pt-BR","@id":"https:\/\/cacaunews.com\/#\/schema\/logo\/image\/","url":"https:\/\/cacaunews.com\/wp-content\/uploads\/2025\/01\/cropped-LOGO-NOVA.png","contentUrl":"https:\/\/cacaunews.com\/wp-content\/uploads\/2025\/01\/cropped-LOGO-NOVA.png","width":813,"height":813,"caption":"Cacau News"},"image":{"@id":"https:\/\/cacaunews.com\/#\/schema\/logo\/image\/"},"sameAs":["https:\/\/www.instagram.com\/cacaunews.online\/","https:\/\/youtube.com\/@cacaunews?si=0VXLnjl08SrWbVG9"]},{"@type":"Person","@id":"https:\/\/cacaunews.com\/#\/schema\/person\/ea69703103e606ad347ccd64bd72ef79","name":"Reda\u00e7\u00e3o Cacau News","image":{"@type":"ImageObject","inLanguage":"pt-BR","@id":"https:\/\/cacaunews.com\/#\/schema\/person\/image\/","url":"https:\/\/secure.gravatar.com\/avatar\/d79227a2a7b6cc42e8d7a8f7c284cd3a?s=96&d=mm&r=g","contentUrl":"https:\/\/secure.gravatar.com\/avatar\/d79227a2a7b6cc42e8d7a8f7c284cd3a?s=96&d=mm&r=g","caption":"Reda\u00e7\u00e3o Cacau News"},"sameAs":["https:\/\/cacaunews.com"],"url":"https:\/\/cacaunews.com\/?author=1"}]}},"jetpack_sharing_enabled":true,"jetpack_featured_media_url":"https:\/\/cacaunews.com\/wp-content\/uploads\/2025\/06\/IMG-20250617-WA0054-scaled.jpg","_links":{"self":[{"href":"https:\/\/cacaunews.com\/index.php?rest_route=\/wp\/v2\/posts\/6501"}],"collection":[{"href":"https:\/\/cacaunews.com\/index.php?rest_route=\/wp\/v2\/posts"}],"about":[{"href":"https:\/\/cacaunews.com\/index.php?rest_route=\/wp\/v2\/types\/post"}],"author":[{"embeddable":true,"href":"https:\/\/cacaunews.com\/index.php?rest_route=\/wp\/v2\/users\/1"}],"replies":[{"embeddable":true,"href":"https:\/\/cacaunews.com\/index.php?rest_route=%2Fwp%2Fv2%2Fcomments&post=6501"}],"version-history":[{"count":1,"href":"https:\/\/cacaunews.com\/index.php?rest_route=\/wp\/v2\/posts\/6501\/revisions"}],"predecessor-version":[{"id":6517,"href":"https:\/\/cacaunews.com\/index.php?rest_route=\/wp\/v2\/posts\/6501\/revisions\/6517"}],"wp:featuredmedia":[{"embeddable":true,"href":"https:\/\/cacaunews.com\/index.php?rest_route=\/wp\/v2\/media\/6500"}],"wp:attachment":[{"href":"https:\/\/cacaunews.com\/index.php?rest_route=%2Fwp%2Fv2%2Fmedia&parent=6501"}],"wp:term":[{"taxonomy":"category","embeddable":true,"href":"https:\/\/cacaunews.com\/index.php?rest_route=%2Fwp%2Fv2%2Fcategories&post=6501"},{"taxonomy":"post_tag","embeddable":true,"href":"https:\/\/cacaunews.com\/index.php?rest_route=%2Fwp%2Fv2%2Ftags&post=6501"}],"curies":[{"name":"wp","href":"https:\/\/api.w.org\/{rel}","templated":true}]}}