{"id":6543,"date":"2025-07-10T10:50:12","date_gmt":"2025-07-10T10:50:12","guid":{"rendered":"https:\/\/cacaunews.com\/?p=6543"},"modified":"2025-07-10T10:57:06","modified_gmt":"2025-07-10T10:57:06","slug":"fabio-carille-acerta-para-ser-o-novo-treinador-do-vitoria-saiba-detalhes","status":"publish","type":"post","link":"https:\/\/cacaunews.com\/?p=6543","title":{"rendered":"F\u00e1bio Carille acerta para ser o novo treinador do Vit\u00f3ria; saiba detalhes."},"content":{"rendered":"\n<p>O Vit\u00f3ria j\u00e1 tem novo treinador para a sequ\u00eancia da temporada 2025. O Le\u00e3o da Barra acertou com o t\u00e9cnico F\u00e1bio Carille, que est\u00e1 sem clube desde que deixou o Vasco da Gama, em abril deste ano. A informa\u00e7\u00e3o foi confirmada na tarde desta quarta-feira (9), pelo jornalista Ven\u00ea Casagrande.<br><br>De acordo com a publica\u00e7\u00e3o, o treinador ainda ir\u00e1 viajar para Salvador, onde dever\u00e1 se apresentar ao Vit\u00f3ria nesta quinta-feira (10). O pr\u00f3prio presidente F\u00e1bio Mota confirmou em coletiva que a expectativa \u00e9 que o novo comandante j\u00e1 esteja \u00e0 frente do time na partida contra o Internacional, neste s\u00e1bado (12), \u00e0s 16h30, no est\u00e1dio Beira-Rio, em Porto Alegre. <\/p>\n\n\n\n<p>F\u00e1bio Carille chega ao Vit\u00f3ria junto com mais tr\u00eas profissionais para compor a comiss\u00e3o t\u00e9cnica: um preparador f\u00edsico, um auxiliar-t\u00e9cnico e tamb\u00e9m um analista de desempenho. A comiss\u00e3o seria a mesma que chegou no Vasco junto com o treinador: Leandro Cuca (auxiliar t\u00e9cnico), C\u00e9sar Mendes (preparador f\u00edsico) e D\u00eanis Lupp (analista de desempenho).<\/p>\n\n\n\n<p>O treinador surgiu para o futebol no Corinthians, onde foi tricampe\u00e3o paulista, entre 2017 e 2019. Ele tamb\u00e9m foi campe\u00e3o brasileiro pelo Tim\u00e3o, em 2017, e campe\u00e3o da S\u00e9rie B pelo Santos, em 2024. Pelo Vasco, Carille disputou 21 jogos, venceu nove, empatou cinco e perdeu sete \u2014 aproveitamento de 50,7%. <\/p>\n\n\n\n<p>Com Informa\u00e7\u00f5es BNews.<\/p>\n","protected":false},"excerpt":{"rendered":"<p>O Vit\u00f3ria j\u00e1 tem novo treinador para a sequ\u00eancia da temporada 2025. O Le\u00e3o da&#8230;<\/p>\n","protected":false},"author":1,"featured_media":6542,"comment_status":"open","ping_status":"open","sticky":false,"template":"","format":"standard","meta":{"footnotes":""},"categories":[14,4,11],"tags":[2323,63,832,187],"yoast_head":"<!-- This site is optimized with the Yoast SEO plugin v21.7 - https:\/\/yoast.com\/wordpress\/plugins\/seo\/ -->\n<title>F\u00e1bio Carille acerta para ser o novo treinador do Vit\u00f3ria; saiba detalhes. - Cacau News<\/title>\n<meta name=\"robots\" content=\"index, follow, max-snippet:-1, max-image-preview:large, max-video-preview:-1\" \/>\n<link rel=\"canonical\" href=\"https:\/\/cacaunews.com\/?p=6543\" \/>\n<meta property=\"og:locale\" content=\"pt_BR\" \/>\n<meta property=\"og:type\" content=\"article\" \/>\n<meta property=\"og:title\" content=\"F\u00e1bio Carille acerta para ser o novo treinador do Vit\u00f3ria; saiba detalhes. - Cacau News\" \/>\n<meta property=\"og:description\" content=\"O Vit\u00f3ria j\u00e1 tem novo treinador para a sequ\u00eancia da temporada 2025. O Le\u00e3o da...\" \/>\n<meta property=\"og:url\" content=\"https:\/\/cacaunews.com\/?p=6543\" \/>\n<meta property=\"og:site_name\" content=\"Cacau News\" \/>\n<meta property=\"article:published_time\" content=\"2025-07-10T10:50:12+00:00\" \/>\n<meta property=\"article:modified_time\" content=\"2025-07-10T10:57:06+00:00\" \/>\n<meta property=\"og:image\" content=\"https:\/\/cacaunews.com\/wp-content\/uploads\/2025\/07\/whatsapp_image_2025-07-09_at_16.46.21_widemd.jpeg\" \/>\n\t<meta property=\"og:image:width\" content=\"551\" \/>\n\t<meta property=\"og:image:height\" content=\"309\" \/>\n\t<meta property=\"og:image:type\" content=\"image\/jpeg\" \/>\n<meta name=\"author\" content=\"Reda\u00e7\u00e3o Cacau News\" \/>\n<meta name=\"twitter:card\" content=\"summary_large_image\" \/>\n<meta name=\"twitter:label1\" content=\"Escrito por\" \/>\n\t<meta name=\"twitter:data1\" content=\"Reda\u00e7\u00e3o Cacau News\" \/>\n\t<meta name=\"twitter:label2\" content=\"Est. tempo de leitura\" \/>\n\t<meta name=\"twitter:data2\" content=\"1 minuto\" \/>\n<script type=\"application\/ld+json\" class=\"yoast-schema-graph\">{\"@context\":\"https:\/\/schema.org\",\"@graph\":[{\"@type\":\"Article\",\"@id\":\"https:\/\/cacaunews.com\/?p=6543#article\",\"isPartOf\":{\"@id\":\"https:\/\/cacaunews.com\/?p=6543\"},\"author\":{\"name\":\"Reda\u00e7\u00e3o Cacau News\",\"@id\":\"https:\/\/cacaunews.com\/#\/schema\/person\/ea69703103e606ad347ccd64bd72ef79\"},\"headline\":\"F\u00e1bio Carille acerta para ser o novo treinador do Vit\u00f3ria; saiba detalhes.\",\"datePublished\":\"2025-07-10T10:50:12+00:00\",\"dateModified\":\"2025-07-10T10:57:06+00:00\",\"mainEntityOfPage\":{\"@id\":\"https:\/\/cacaunews.com\/?p=6543\"},\"wordCount\":249,\"commentCount\":0,\"publisher\":{\"@id\":\"https:\/\/cacaunews.com\/#organization\"},\"keywords\":[\"F\u00e1bio Carelli\",\"futebol\",\"T\u00e9cnico\",\"vit\u00f3ria\"],\"articleSection\":[\"Esporte\",\"Internet\",\"Jornalismo\"],\"inLanguage\":\"pt-BR\",\"potentialAction\":[{\"@type\":\"CommentAction\",\"name\":\"Comment\",\"target\":[\"https:\/\/cacaunews.com\/?p=6543#respond\"]}]},{\"@type\":\"WebPage\",\"@id\":\"https:\/\/cacaunews.com\/?p=6543\",\"url\":\"https:\/\/cacaunews.com\/?p=6543\",\"name\":\"F\u00e1bio Carille acerta para ser o novo treinador do Vit\u00f3ria; saiba detalhes. - Cacau News\",\"isPartOf\":{\"@id\":\"https:\/\/cacaunews.com\/#website\"},\"datePublished\":\"2025-07-10T10:50:12+00:00\",\"dateModified\":\"2025-07-10T10:57:06+00:00\",\"breadcrumb\":{\"@id\":\"https:\/\/cacaunews.com\/?p=6543#breadcrumb\"},\"inLanguage\":\"pt-BR\",\"potentialAction\":[{\"@type\":\"ReadAction\",\"target\":[\"https:\/\/cacaunews.com\/?p=6543\"]}]},{\"@type\":\"BreadcrumbList\",\"@id\":\"https:\/\/cacaunews.com\/?p=6543#breadcrumb\",\"itemListElement\":[{\"@type\":\"ListItem\",\"position\":1,\"name\":\"In\u00edcio\",\"item\":\"https:\/\/cacaunews.com\/\"},{\"@type\":\"ListItem\",\"position\":2,\"name\":\"F\u00e1bio Carille acerta para ser o novo treinador do Vit\u00f3ria; saiba detalhes.\"}]},{\"@type\":\"WebSite\",\"@id\":\"https:\/\/cacaunews.com\/#website\",\"url\":\"https:\/\/cacaunews.com\/\",\"name\":\"Cacau News\",\"description\":\"A Informa\u00e7\u00e3o que voc\u00ea precisa!\",\"publisher\":{\"@id\":\"https:\/\/cacaunews.com\/#organization\"},\"potentialAction\":[{\"@type\":\"SearchAction\",\"target\":{\"@type\":\"EntryPoint\",\"urlTemplate\":\"https:\/\/cacaunews.com\/?s={search_term_string}\"},\"query-input\":\"required name=search_term_string\"}],\"inLanguage\":\"pt-BR\"},{\"@type\":\"Organization\",\"@id\":\"https:\/\/cacaunews.com\/#organization\",\"name\":\"Cacau News\",\"url\":\"https:\/\/cacaunews.com\/\",\"logo\":{\"@type\":\"ImageObject\",\"inLanguage\":\"pt-BR\",\"@id\":\"https:\/\/cacaunews.com\/#\/schema\/logo\/image\/\",\"url\":\"https:\/\/cacaunews.com\/wp-content\/uploads\/2025\/01\/cropped-LOGO-NOVA.png\",\"contentUrl\":\"https:\/\/cacaunews.com\/wp-content\/uploads\/2025\/01\/cropped-LOGO-NOVA.png\",\"width\":813,\"height\":813,\"caption\":\"Cacau News\"},\"image\":{\"@id\":\"https:\/\/cacaunews.com\/#\/schema\/logo\/image\/\"},\"sameAs\":[\"https:\/\/www.instagram.com\/cacaunews.online\/\",\"https:\/\/youtube.com\/@cacaunews?si=0VXLnjl08SrWbVG9\"]},{\"@type\":\"Person\",\"@id\":\"https:\/\/cacaunews.com\/#\/schema\/person\/ea69703103e606ad347ccd64bd72ef79\",\"name\":\"Reda\u00e7\u00e3o Cacau News\",\"image\":{\"@type\":\"ImageObject\",\"inLanguage\":\"pt-BR\",\"@id\":\"https:\/\/cacaunews.com\/#\/schema\/person\/image\/\",\"url\":\"https:\/\/secure.gravatar.com\/avatar\/d79227a2a7b6cc42e8d7a8f7c284cd3a?s=96&d=mm&r=g\",\"contentUrl\":\"https:\/\/secure.gravatar.com\/avatar\/d79227a2a7b6cc42e8d7a8f7c284cd3a?s=96&d=mm&r=g\",\"caption\":\"Reda\u00e7\u00e3o Cacau News\"},\"sameAs\":[\"https:\/\/cacaunews.com\"],\"url\":\"https:\/\/cacaunews.com\/?author=1\"}]}<\/script>\n<!-- \/ Yoast SEO plugin. -->","yoast_head_json":{"title":"F\u00e1bio Carille acerta para ser o novo treinador do Vit\u00f3ria; saiba detalhes. - Cacau News","robots":{"index":"index","follow":"follow","max-snippet":"max-snippet:-1","max-image-preview":"max-image-preview:large","max-video-preview":"max-video-preview:-1"},"canonical":"https:\/\/cacaunews.com\/?p=6543","og_locale":"pt_BR","og_type":"article","og_title":"F\u00e1bio Carille acerta para ser o novo treinador do Vit\u00f3ria; saiba detalhes. - Cacau News","og_description":"O Vit\u00f3ria j\u00e1 tem novo treinador para a sequ\u00eancia da temporada 2025. O Le\u00e3o da...","og_url":"https:\/\/cacaunews.com\/?p=6543","og_site_name":"Cacau News","article_published_time":"2025-07-10T10:50:12+00:00","article_modified_time":"2025-07-10T10:57:06+00:00","og_image":[{"width":551,"height":309,"url":"https:\/\/cacaunews.com\/wp-content\/uploads\/2025\/07\/whatsapp_image_2025-07-09_at_16.46.21_widemd.jpeg","type":"image\/jpeg"}],"author":"Reda\u00e7\u00e3o Cacau News","twitter_card":"summary_large_image","twitter_misc":{"Escrito por":"Reda\u00e7\u00e3o Cacau News","Est. tempo de leitura":"1 minuto"},"schema":{"@context":"https:\/\/schema.org","@graph":[{"@type":"Article","@id":"https:\/\/cacaunews.com\/?p=6543#article","isPartOf":{"@id":"https:\/\/cacaunews.com\/?p=6543"},"author":{"name":"Reda\u00e7\u00e3o Cacau News","@id":"https:\/\/cacaunews.com\/#\/schema\/person\/ea69703103e606ad347ccd64bd72ef79"},"headline":"F\u00e1bio Carille acerta para ser o novo treinador do Vit\u00f3ria; saiba detalhes.","datePublished":"2025-07-10T10:50:12+00:00","dateModified":"2025-07-10T10:57:06+00:00","mainEntityOfPage":{"@id":"https:\/\/cacaunews.com\/?p=6543"},"wordCount":249,"commentCount":0,"publisher":{"@id":"https:\/\/cacaunews.com\/#organization"},"keywords":["F\u00e1bio Carelli","futebol","T\u00e9cnico","vit\u00f3ria"],"articleSection":["Esporte","Internet","Jornalismo"],"inLanguage":"pt-BR","potentialAction":[{"@type":"CommentAction","name":"Comment","target":["https:\/\/cacaunews.com\/?p=6543#respond"]}]},{"@type":"WebPage","@id":"https:\/\/cacaunews.com\/?p=6543","url":"https:\/\/cacaunews.com\/?p=6543","name":"F\u00e1bio Carille acerta para ser o novo treinador do Vit\u00f3ria; saiba detalhes. - Cacau News","isPartOf":{"@id":"https:\/\/cacaunews.com\/#website"},"datePublished":"2025-07-10T10:50:12+00:00","dateModified":"2025-07-10T10:57:06+00:00","breadcrumb":{"@id":"https:\/\/cacaunews.com\/?p=6543#breadcrumb"},"inLanguage":"pt-BR","potentialAction":[{"@type":"ReadAction","target":["https:\/\/cacaunews.com\/?p=6543"]}]},{"@type":"BreadcrumbList","@id":"https:\/\/cacaunews.com\/?p=6543#breadcrumb","itemListElement":[{"@type":"ListItem","position":1,"name":"In\u00edcio","item":"https:\/\/cacaunews.com\/"},{"@type":"ListItem","position":2,"name":"F\u00e1bio Carille acerta para ser o novo treinador do Vit\u00f3ria; saiba detalhes."}]},{"@type":"WebSite","@id":"https:\/\/cacaunews.com\/#website","url":"https:\/\/cacaunews.com\/","name":"Cacau News","description":"A Informa\u00e7\u00e3o que voc\u00ea precisa!","publisher":{"@id":"https:\/\/cacaunews.com\/#organization"},"potentialAction":[{"@type":"SearchAction","target":{"@type":"EntryPoint","urlTemplate":"https:\/\/cacaunews.com\/?s={search_term_string}"},"query-input":"required name=search_term_string"}],"inLanguage":"pt-BR"},{"@type":"Organization","@id":"https:\/\/cacaunews.com\/#organization","name":"Cacau News","url":"https:\/\/cacaunews.com\/","logo":{"@type":"ImageObject","inLanguage":"pt-BR","@id":"https:\/\/cacaunews.com\/#\/schema\/logo\/image\/","url":"https:\/\/cacaunews.com\/wp-content\/uploads\/2025\/01\/cropped-LOGO-NOVA.png","contentUrl":"https:\/\/cacaunews.com\/wp-content\/uploads\/2025\/01\/cropped-LOGO-NOVA.png","width":813,"height":813,"caption":"Cacau News"},"image":{"@id":"https:\/\/cacaunews.com\/#\/schema\/logo\/image\/"},"sameAs":["https:\/\/www.instagram.com\/cacaunews.online\/","https:\/\/youtube.com\/@cacaunews?si=0VXLnjl08SrWbVG9"]},{"@type":"Person","@id":"https:\/\/cacaunews.com\/#\/schema\/person\/ea69703103e606ad347ccd64bd72ef79","name":"Reda\u00e7\u00e3o Cacau News","image":{"@type":"ImageObject","inLanguage":"pt-BR","@id":"https:\/\/cacaunews.com\/#\/schema\/person\/image\/","url":"https:\/\/secure.gravatar.com\/avatar\/d79227a2a7b6cc42e8d7a8f7c284cd3a?s=96&d=mm&r=g","contentUrl":"https:\/\/secure.gravatar.com\/avatar\/d79227a2a7b6cc42e8d7a8f7c284cd3a?s=96&d=mm&r=g","caption":"Reda\u00e7\u00e3o Cacau News"},"sameAs":["https:\/\/cacaunews.com"],"url":"https:\/\/cacaunews.com\/?author=1"}]}},"jetpack_sharing_enabled":true,"jetpack_featured_media_url":"https:\/\/cacaunews.com\/wp-content\/uploads\/2025\/07\/whatsapp_image_2025-07-09_at_16.46.21_widemd.jpeg","_links":{"self":[{"href":"https:\/\/cacaunews.com\/index.php?rest_route=\/wp\/v2\/posts\/6543"}],"collection":[{"href":"https:\/\/cacaunews.com\/index.php?rest_route=\/wp\/v2\/posts"}],"about":[{"href":"https:\/\/cacaunews.com\/index.php?rest_route=\/wp\/v2\/types\/post"}],"author":[{"embeddable":true,"href":"https:\/\/cacaunews.com\/index.php?rest_route=\/wp\/v2\/users\/1"}],"replies":[{"embeddable":true,"href":"https:\/\/cacaunews.com\/index.php?rest_route=%2Fwp%2Fv2%2Fcomments&post=6543"}],"version-history":[{"count":1,"href":"https:\/\/cacaunews.com\/index.php?rest_route=\/wp\/v2\/posts\/6543\/revisions"}],"predecessor-version":[{"id":6544,"href":"https:\/\/cacaunews.com\/index.php?rest_route=\/wp\/v2\/posts\/6543\/revisions\/6544"}],"wp:featuredmedia":[{"embeddable":true,"href":"https:\/\/cacaunews.com\/index.php?rest_route=\/wp\/v2\/media\/6542"}],"wp:attachment":[{"href":"https:\/\/cacaunews.com\/index.php?rest_route=%2Fwp%2Fv2%2Fmedia&parent=6543"}],"wp:term":[{"taxonomy":"category","embeddable":true,"href":"https:\/\/cacaunews.com\/index.php?rest_route=%2Fwp%2Fv2%2Fcategories&post=6543"},{"taxonomy":"post_tag","embeddable":true,"href":"https:\/\/cacaunews.com\/index.php?rest_route=%2Fwp%2Fv2%2Ftags&post=6543"}],"curies":[{"name":"wp","href":"https:\/\/api.w.org\/{rel}","templated":true}]}}