{"id":6553,"date":"2025-07-16T14:00:17","date_gmt":"2025-07-16T14:00:17","guid":{"rendered":"https:\/\/cacaunews.com\/?p=6553"},"modified":"2025-07-16T14:00:17","modified_gmt":"2025-07-16T14:00:17","slug":"justica-eleitoral-decide-pela-cassacao-do-prefeito-e-vice-de-ibicui","status":"publish","type":"post","link":"https:\/\/cacaunews.com\/?p=6553","title":{"rendered":"Justi\u00e7a eleitoral decide pela cassa\u00e7\u00e3o do prefeito e vice de Ibicu\u00ed."},"content":{"rendered":"\n<p>O Tribunal da 146\u00aa Zona Eleitoral de Igua\u00ed decidiu pela cassa\u00e7\u00e3o dos mandatos de Salom\u00e3o Brito de Cerqueira (PSD), prefeito de Ibicu\u00ed, e Valter Silva Morais, conhecido como Doda (PP), vice-prefeito, por pr\u00e1ticas de abuso de poder econ\u00f4mico, pol\u00edtico e capta\u00e7\u00e3o il\u00edcita de sufr\u00e1gio nas elei\u00e7\u00f5es municipais de 2024.<br><br>Segundo informa\u00e7\u00f5es, a decis\u00e3o foi tomada ap\u00f3s o julgamento conjunto de tr\u00eas A\u00e7\u00f5es de Investiga\u00e7\u00e3o Judicial Eleitoral (AIJEs), movidas pela coliga\u00e7\u00e3o &#8220;Ibicu\u00ed Pode Mais&#8221; (formada por PDT, Uni\u00e3o Brasil, Podemos e MDB), que apontaram diversas irregularidades atribu\u00eddas \u00e0 dupla e ao ex-prefeito Marcos Galv\u00e3o de Assis.<\/p>\n\n\n\n<p>Com Informa\u00e7\u00f5es Blog&nbsp; Giorlando Lima<\/p>\n","protected":false},"excerpt":{"rendered":"<p>O Tribunal da 146\u00aa Zona Eleitoral de Igua\u00ed decidiu pela cassa\u00e7\u00e3o dos mandatos de Salom\u00e3o&#8230;<\/p>\n","protected":false},"author":1,"featured_media":6552,"comment_status":"open","ping_status":"open","sticky":false,"template":"","format":"standard","meta":{"footnotes":""},"categories":[18,11,5],"tags":[1002,1631,2326,564,2325],"yoast_head":"<!-- This site is optimized with the Yoast SEO plugin v21.7 - https:\/\/yoast.com\/wordpress\/plugins\/seo\/ -->\n<title>Justi\u00e7a eleitoral decide pela cassa\u00e7\u00e3o do prefeito e vice de Ibicu\u00ed. - Cacau News<\/title>\n<meta name=\"robots\" content=\"index, follow, max-snippet:-1, max-image-preview:large, max-video-preview:-1\" \/>\n<link rel=\"canonical\" href=\"https:\/\/cacaunews.com\/?p=6553\" \/>\n<meta property=\"og:locale\" content=\"pt_BR\" \/>\n<meta property=\"og:type\" content=\"article\" \/>\n<meta property=\"og:title\" content=\"Justi\u00e7a eleitoral decide pela cassa\u00e7\u00e3o do prefeito e vice de Ibicu\u00ed. - Cacau News\" \/>\n<meta property=\"og:description\" content=\"O Tribunal da 146\u00aa Zona Eleitoral de Igua\u00ed decidiu pela cassa\u00e7\u00e3o dos mandatos de Salom\u00e3o...\" \/>\n<meta property=\"og:url\" content=\"https:\/\/cacaunews.com\/?p=6553\" \/>\n<meta property=\"og:site_name\" content=\"Cacau News\" \/>\n<meta property=\"article:published_time\" content=\"2025-07-16T14:00:17+00:00\" \/>\n<meta name=\"author\" content=\"Reda\u00e7\u00e3o Cacau News\" \/>\n<meta name=\"twitter:card\" content=\"summary_large_image\" \/>\n<meta name=\"twitter:label1\" content=\"Escrito por\" \/>\n\t<meta name=\"twitter:data1\" content=\"Reda\u00e7\u00e3o Cacau News\" \/>\n\t<meta name=\"twitter:label2\" content=\"Est. tempo de leitura\" \/>\n\t<meta name=\"twitter:data2\" content=\"1 minuto\" \/>\n<script type=\"application\/ld+json\" class=\"yoast-schema-graph\">{\"@context\":\"https:\/\/schema.org\",\"@graph\":[{\"@type\":\"Article\",\"@id\":\"https:\/\/cacaunews.com\/?p=6553#article\",\"isPartOf\":{\"@id\":\"https:\/\/cacaunews.com\/?p=6553\"},\"author\":{\"name\":\"Reda\u00e7\u00e3o Cacau News\",\"@id\":\"https:\/\/cacaunews.com\/#\/schema\/person\/ea69703103e606ad347ccd64bd72ef79\"},\"headline\":\"Justi\u00e7a eleitoral decide pela cassa\u00e7\u00e3o do prefeito e vice de Ibicu\u00ed.\",\"datePublished\":\"2025-07-16T14:00:17+00:00\",\"dateModified\":\"2025-07-16T14:00:17+00:00\",\"mainEntityOfPage\":{\"@id\":\"https:\/\/cacaunews.com\/?p=6553\"},\"wordCount\":131,\"commentCount\":0,\"publisher\":{\"@id\":\"https:\/\/cacaunews.com\/#organization\"},\"keywords\":[\"cassa\u00e7\u00e3o\",\"Ibicu\u00ed\",\"justi\u00e7a eleitoral\",\"prefeito\",\"voc\u00ea\"],\"articleSection\":[\"cidades\",\"Jornalismo\",\"Politica\"],\"inLanguage\":\"pt-BR\",\"potentialAction\":[{\"@type\":\"CommentAction\",\"name\":\"Comment\",\"target\":[\"https:\/\/cacaunews.com\/?p=6553#respond\"]}]},{\"@type\":\"WebPage\",\"@id\":\"https:\/\/cacaunews.com\/?p=6553\",\"url\":\"https:\/\/cacaunews.com\/?p=6553\",\"name\":\"Justi\u00e7a eleitoral decide pela cassa\u00e7\u00e3o do prefeito e vice de Ibicu\u00ed. - Cacau News\",\"isPartOf\":{\"@id\":\"https:\/\/cacaunews.com\/#website\"},\"datePublished\":\"2025-07-16T14:00:17+00:00\",\"dateModified\":\"2025-07-16T14:00:17+00:00\",\"breadcrumb\":{\"@id\":\"https:\/\/cacaunews.com\/?p=6553#breadcrumb\"},\"inLanguage\":\"pt-BR\",\"potentialAction\":[{\"@type\":\"ReadAction\",\"target\":[\"https:\/\/cacaunews.com\/?p=6553\"]}]},{\"@type\":\"BreadcrumbList\",\"@id\":\"https:\/\/cacaunews.com\/?p=6553#breadcrumb\",\"itemListElement\":[{\"@type\":\"ListItem\",\"position\":1,\"name\":\"In\u00edcio\",\"item\":\"https:\/\/cacaunews.com\/\"},{\"@type\":\"ListItem\",\"position\":2,\"name\":\"Justi\u00e7a eleitoral decide pela cassa\u00e7\u00e3o do prefeito e vice de Ibicu\u00ed.\"}]},{\"@type\":\"WebSite\",\"@id\":\"https:\/\/cacaunews.com\/#website\",\"url\":\"https:\/\/cacaunews.com\/\",\"name\":\"Cacau News\",\"description\":\"A Informa\u00e7\u00e3o que voc\u00ea precisa!\",\"publisher\":{\"@id\":\"https:\/\/cacaunews.com\/#organization\"},\"potentialAction\":[{\"@type\":\"SearchAction\",\"target\":{\"@type\":\"EntryPoint\",\"urlTemplate\":\"https:\/\/cacaunews.com\/?s={search_term_string}\"},\"query-input\":\"required name=search_term_string\"}],\"inLanguage\":\"pt-BR\"},{\"@type\":\"Organization\",\"@id\":\"https:\/\/cacaunews.com\/#organization\",\"name\":\"Cacau News\",\"url\":\"https:\/\/cacaunews.com\/\",\"logo\":{\"@type\":\"ImageObject\",\"inLanguage\":\"pt-BR\",\"@id\":\"https:\/\/cacaunews.com\/#\/schema\/logo\/image\/\",\"url\":\"https:\/\/cacaunews.com\/wp-content\/uploads\/2025\/01\/cropped-LOGO-NOVA.png\",\"contentUrl\":\"https:\/\/cacaunews.com\/wp-content\/uploads\/2025\/01\/cropped-LOGO-NOVA.png\",\"width\":813,\"height\":813,\"caption\":\"Cacau News\"},\"image\":{\"@id\":\"https:\/\/cacaunews.com\/#\/schema\/logo\/image\/\"},\"sameAs\":[\"https:\/\/www.instagram.com\/cacaunews.online\/\",\"https:\/\/youtube.com\/@cacaunews?si=0VXLnjl08SrWbVG9\"]},{\"@type\":\"Person\",\"@id\":\"https:\/\/cacaunews.com\/#\/schema\/person\/ea69703103e606ad347ccd64bd72ef79\",\"name\":\"Reda\u00e7\u00e3o Cacau News\",\"image\":{\"@type\":\"ImageObject\",\"inLanguage\":\"pt-BR\",\"@id\":\"https:\/\/cacaunews.com\/#\/schema\/person\/image\/\",\"url\":\"https:\/\/secure.gravatar.com\/avatar\/d79227a2a7b6cc42e8d7a8f7c284cd3a?s=96&d=mm&r=g\",\"contentUrl\":\"https:\/\/secure.gravatar.com\/avatar\/d79227a2a7b6cc42e8d7a8f7c284cd3a?s=96&d=mm&r=g\",\"caption\":\"Reda\u00e7\u00e3o Cacau News\"},\"sameAs\":[\"https:\/\/cacaunews.com\"],\"url\":\"https:\/\/cacaunews.com\/?author=1\"}]}<\/script>\n<!-- \/ Yoast SEO plugin. -->","yoast_head_json":{"title":"Justi\u00e7a eleitoral decide pela cassa\u00e7\u00e3o do prefeito e vice de Ibicu\u00ed. - Cacau News","robots":{"index":"index","follow":"follow","max-snippet":"max-snippet:-1","max-image-preview":"max-image-preview:large","max-video-preview":"max-video-preview:-1"},"canonical":"https:\/\/cacaunews.com\/?p=6553","og_locale":"pt_BR","og_type":"article","og_title":"Justi\u00e7a eleitoral decide pela cassa\u00e7\u00e3o do prefeito e vice de Ibicu\u00ed. - Cacau News","og_description":"O Tribunal da 146\u00aa Zona Eleitoral de Igua\u00ed decidiu pela cassa\u00e7\u00e3o dos mandatos de Salom\u00e3o...","og_url":"https:\/\/cacaunews.com\/?p=6553","og_site_name":"Cacau News","article_published_time":"2025-07-16T14:00:17+00:00","author":"Reda\u00e7\u00e3o Cacau News","twitter_card":"summary_large_image","twitter_misc":{"Escrito por":"Reda\u00e7\u00e3o Cacau News","Est. tempo de leitura":"1 minuto"},"schema":{"@context":"https:\/\/schema.org","@graph":[{"@type":"Article","@id":"https:\/\/cacaunews.com\/?p=6553#article","isPartOf":{"@id":"https:\/\/cacaunews.com\/?p=6553"},"author":{"name":"Reda\u00e7\u00e3o Cacau News","@id":"https:\/\/cacaunews.com\/#\/schema\/person\/ea69703103e606ad347ccd64bd72ef79"},"headline":"Justi\u00e7a eleitoral decide pela cassa\u00e7\u00e3o do prefeito e vice de Ibicu\u00ed.","datePublished":"2025-07-16T14:00:17+00:00","dateModified":"2025-07-16T14:00:17+00:00","mainEntityOfPage":{"@id":"https:\/\/cacaunews.com\/?p=6553"},"wordCount":131,"commentCount":0,"publisher":{"@id":"https:\/\/cacaunews.com\/#organization"},"keywords":["cassa\u00e7\u00e3o","Ibicu\u00ed","justi\u00e7a eleitoral","prefeito","voc\u00ea"],"articleSection":["cidades","Jornalismo","Politica"],"inLanguage":"pt-BR","potentialAction":[{"@type":"CommentAction","name":"Comment","target":["https:\/\/cacaunews.com\/?p=6553#respond"]}]},{"@type":"WebPage","@id":"https:\/\/cacaunews.com\/?p=6553","url":"https:\/\/cacaunews.com\/?p=6553","name":"Justi\u00e7a eleitoral decide pela cassa\u00e7\u00e3o do prefeito e vice de Ibicu\u00ed. - Cacau News","isPartOf":{"@id":"https:\/\/cacaunews.com\/#website"},"datePublished":"2025-07-16T14:00:17+00:00","dateModified":"2025-07-16T14:00:17+00:00","breadcrumb":{"@id":"https:\/\/cacaunews.com\/?p=6553#breadcrumb"},"inLanguage":"pt-BR","potentialAction":[{"@type":"ReadAction","target":["https:\/\/cacaunews.com\/?p=6553"]}]},{"@type":"BreadcrumbList","@id":"https:\/\/cacaunews.com\/?p=6553#breadcrumb","itemListElement":[{"@type":"ListItem","position":1,"name":"In\u00edcio","item":"https:\/\/cacaunews.com\/"},{"@type":"ListItem","position":2,"name":"Justi\u00e7a eleitoral decide pela cassa\u00e7\u00e3o do prefeito e vice de Ibicu\u00ed."}]},{"@type":"WebSite","@id":"https:\/\/cacaunews.com\/#website","url":"https:\/\/cacaunews.com\/","name":"Cacau News","description":"A Informa\u00e7\u00e3o que voc\u00ea precisa!","publisher":{"@id":"https:\/\/cacaunews.com\/#organization"},"potentialAction":[{"@type":"SearchAction","target":{"@type":"EntryPoint","urlTemplate":"https:\/\/cacaunews.com\/?s={search_term_string}"},"query-input":"required name=search_term_string"}],"inLanguage":"pt-BR"},{"@type":"Organization","@id":"https:\/\/cacaunews.com\/#organization","name":"Cacau News","url":"https:\/\/cacaunews.com\/","logo":{"@type":"ImageObject","inLanguage":"pt-BR","@id":"https:\/\/cacaunews.com\/#\/schema\/logo\/image\/","url":"https:\/\/cacaunews.com\/wp-content\/uploads\/2025\/01\/cropped-LOGO-NOVA.png","contentUrl":"https:\/\/cacaunews.com\/wp-content\/uploads\/2025\/01\/cropped-LOGO-NOVA.png","width":813,"height":813,"caption":"Cacau News"},"image":{"@id":"https:\/\/cacaunews.com\/#\/schema\/logo\/image\/"},"sameAs":["https:\/\/www.instagram.com\/cacaunews.online\/","https:\/\/youtube.com\/@cacaunews?si=0VXLnjl08SrWbVG9"]},{"@type":"Person","@id":"https:\/\/cacaunews.com\/#\/schema\/person\/ea69703103e606ad347ccd64bd72ef79","name":"Reda\u00e7\u00e3o Cacau News","image":{"@type":"ImageObject","inLanguage":"pt-BR","@id":"https:\/\/cacaunews.com\/#\/schema\/person\/image\/","url":"https:\/\/secure.gravatar.com\/avatar\/d79227a2a7b6cc42e8d7a8f7c284cd3a?s=96&d=mm&r=g","contentUrl":"https:\/\/secure.gravatar.com\/avatar\/d79227a2a7b6cc42e8d7a8f7c284cd3a?s=96&d=mm&r=g","caption":"Reda\u00e7\u00e3o Cacau News"},"sameAs":["https:\/\/cacaunews.com"],"url":"https:\/\/cacaunews.com\/?author=1"}]}},"jetpack_sharing_enabled":true,"jetpack_featured_media_url":"https:\/\/cacaunews.com\/wp-content\/uploads\/2025\/07\/IMG_20250716_110408.jpg","_links":{"self":[{"href":"https:\/\/cacaunews.com\/index.php?rest_route=\/wp\/v2\/posts\/6553"}],"collection":[{"href":"https:\/\/cacaunews.com\/index.php?rest_route=\/wp\/v2\/posts"}],"about":[{"href":"https:\/\/cacaunews.com\/index.php?rest_route=\/wp\/v2\/types\/post"}],"author":[{"embeddable":true,"href":"https:\/\/cacaunews.com\/index.php?rest_route=\/wp\/v2\/users\/1"}],"replies":[{"embeddable":true,"href":"https:\/\/cacaunews.com\/index.php?rest_route=%2Fwp%2Fv2%2Fcomments&post=6553"}],"version-history":[{"count":0,"href":"https:\/\/cacaunews.com\/index.php?rest_route=\/wp\/v2\/posts\/6553\/revisions"}],"wp:featuredmedia":[{"embeddable":true,"href":"https:\/\/cacaunews.com\/index.php?rest_route=\/wp\/v2\/media\/6552"}],"wp:attachment":[{"href":"https:\/\/cacaunews.com\/index.php?rest_route=%2Fwp%2Fv2%2Fmedia&parent=6553"}],"wp:term":[{"taxonomy":"category","embeddable":true,"href":"https:\/\/cacaunews.com\/index.php?rest_route=%2Fwp%2Fv2%2Fcategories&post=6553"},{"taxonomy":"post_tag","embeddable":true,"href":"https:\/\/cacaunews.com\/index.php?rest_route=%2Fwp%2Fv2%2Ftags&post=6553"}],"curies":[{"name":"wp","href":"https:\/\/api.w.org\/{rel}","templated":true}]}}