{"id":6576,"date":"2025-07-21T11:00:35","date_gmt":"2025-07-21T11:00:35","guid":{"rendered":"https:\/\/cacaunews.com\/?p=6576"},"modified":"2025-07-21T11:00:35","modified_gmt":"2025-07-21T11:00:35","slug":"prefeita-de-ibicarai-monalisa-tavares-sera-entrevistada-nesta-segunda-21-no-tvi-news","status":"publish","type":"post","link":"https:\/\/cacaunews.com\/?p=6576","title":{"rendered":"Prefeita de Ibicara\u00ed, Monalisa Tavares, ser\u00e1 entrevistada nesta segunda (21) no TVI News."},"content":{"rendered":"\n<p>A prefeita de Ibicara\u00ed, Monalisa Tavares, ser\u00e1 a entrevistada desta segunda-feira, 21 de julho, no programa TVI News \u2013 Segunda Edi\u00e7\u00e3o, transmitido pela TVI de Itabuna. A entrevista vai ao ar \u00e0s 17h, com apresenta\u00e7\u00e3o do comunicador Joabe Paiva.<br><br>A expectativa \u00e9 de que a prefeita aborde sobre os \u00faltimos acontecimentos&nbsp; pol\u00edticos no munic\u00edpio, bem como, temas importantes da gest\u00e3o municipal, como os avan\u00e7os nas \u00e1reas de sa\u00fade, educa\u00e7\u00e3o, infraestrutura e os desafios enfrentados. Tamb\u00e9m devem estar em pauta projetos futuros e a rela\u00e7\u00e3o com os governos estadual e federal.<br><br>O programa, que vem se consolidando como um dos principais espa\u00e7os para o debate pol\u00edtico e social no sul da Bahia, promete uma conversa franca e esclarecedora com a gestora de Ibicara\u00ed.<br><br>A entrevista ser\u00e1 exibida ao vivo nos canais oficiais da TVI e tamb\u00e9m poder\u00e1 ser acompanhada pelas redes sociais do ve\u00edculo.<\/p>\n\n\n\n<p><\/p>\n","protected":false},"excerpt":{"rendered":"<p>A prefeita de Ibicara\u00ed, Monalisa Tavares, ser\u00e1 a entrevistada desta segunda-feira, 21 de julho, no&#8230;<\/p>\n","protected":false},"author":1,"featured_media":6575,"comment_status":"open","ping_status":"open","sticky":false,"template":"","format":"standard","meta":{"footnotes":""},"categories":[18,11,5],"tags":[583,60,2329,1003,2332],"yoast_head":"<!-- This site is optimized with the Yoast SEO plugin v21.7 - https:\/\/yoast.com\/wordpress\/plugins\/seo\/ -->\n<title>Prefeita de Ibicara\u00ed, Monalisa Tavares, ser\u00e1 entrevistada nesta segunda (21) no TVI News. - Cacau News<\/title>\n<meta name=\"robots\" content=\"index, follow, max-snippet:-1, max-image-preview:large, max-video-preview:-1\" \/>\n<link rel=\"canonical\" href=\"https:\/\/cacaunews.com\/?p=6576\" \/>\n<meta property=\"og:locale\" content=\"pt_BR\" \/>\n<meta property=\"og:type\" content=\"article\" \/>\n<meta property=\"og:title\" content=\"Prefeita de Ibicara\u00ed, Monalisa Tavares, ser\u00e1 entrevistada nesta segunda (21) no TVI News. - Cacau News\" \/>\n<meta property=\"og:description\" content=\"A prefeita de Ibicara\u00ed, Monalisa Tavares, ser\u00e1 a entrevistada desta segunda-feira, 21 de julho, no...\" \/>\n<meta property=\"og:url\" content=\"https:\/\/cacaunews.com\/?p=6576\" \/>\n<meta property=\"og:site_name\" content=\"Cacau News\" \/>\n<meta property=\"article:published_time\" content=\"2025-07-21T11:00:35+00:00\" \/>\n<meta property=\"og:image\" content=\"https:\/\/cacaunews.com\/wp-content\/uploads\/2025\/07\/images-2025-07-21T004434.280.jpeg\" \/>\n\t<meta property=\"og:image:width\" content=\"554\" \/>\n\t<meta property=\"og:image:height\" content=\"554\" \/>\n\t<meta property=\"og:image:type\" content=\"image\/jpeg\" \/>\n<meta name=\"author\" content=\"Reda\u00e7\u00e3o Cacau News\" \/>\n<meta name=\"twitter:card\" content=\"summary_large_image\" \/>\n<meta name=\"twitter:label1\" content=\"Escrito por\" \/>\n\t<meta name=\"twitter:data1\" content=\"Reda\u00e7\u00e3o Cacau News\" \/>\n\t<meta name=\"twitter:label2\" content=\"Est. tempo de leitura\" \/>\n\t<meta name=\"twitter:data2\" content=\"1 minuto\" \/>\n<script type=\"application\/ld+json\" class=\"yoast-schema-graph\">{\"@context\":\"https:\/\/schema.org\",\"@graph\":[{\"@type\":\"Article\",\"@id\":\"https:\/\/cacaunews.com\/?p=6576#article\",\"isPartOf\":{\"@id\":\"https:\/\/cacaunews.com\/?p=6576\"},\"author\":{\"name\":\"Reda\u00e7\u00e3o Cacau News\",\"@id\":\"https:\/\/cacaunews.com\/#\/schema\/person\/ea69703103e606ad347ccd64bd72ef79\"},\"headline\":\"Prefeita de Ibicara\u00ed, Monalisa Tavares, ser\u00e1 entrevistada nesta segunda (21) no TVI News.\",\"datePublished\":\"2025-07-21T11:00:35+00:00\",\"dateModified\":\"2025-07-21T11:00:35+00:00\",\"mainEntityOfPage\":{\"@id\":\"https:\/\/cacaunews.com\/?p=6576\"},\"wordCount\":167,\"commentCount\":0,\"publisher\":{\"@id\":\"https:\/\/cacaunews.com\/#organization\"},\"keywords\":[\"entrevista\",\"ibicara\u00ed\",\"Monalisa Tavares\",\"prefeita\",\"TVI News\"],\"articleSection\":[\"cidades\",\"Jornalismo\",\"Politica\"],\"inLanguage\":\"pt-BR\",\"potentialAction\":[{\"@type\":\"CommentAction\",\"name\":\"Comment\",\"target\":[\"https:\/\/cacaunews.com\/?p=6576#respond\"]}]},{\"@type\":\"WebPage\",\"@id\":\"https:\/\/cacaunews.com\/?p=6576\",\"url\":\"https:\/\/cacaunews.com\/?p=6576\",\"name\":\"Prefeita de Ibicara\u00ed, Monalisa Tavares, ser\u00e1 entrevistada nesta segunda (21) no TVI News. - Cacau News\",\"isPartOf\":{\"@id\":\"https:\/\/cacaunews.com\/#website\"},\"datePublished\":\"2025-07-21T11:00:35+00:00\",\"dateModified\":\"2025-07-21T11:00:35+00:00\",\"breadcrumb\":{\"@id\":\"https:\/\/cacaunews.com\/?p=6576#breadcrumb\"},\"inLanguage\":\"pt-BR\",\"potentialAction\":[{\"@type\":\"ReadAction\",\"target\":[\"https:\/\/cacaunews.com\/?p=6576\"]}]},{\"@type\":\"BreadcrumbList\",\"@id\":\"https:\/\/cacaunews.com\/?p=6576#breadcrumb\",\"itemListElement\":[{\"@type\":\"ListItem\",\"position\":1,\"name\":\"In\u00edcio\",\"item\":\"https:\/\/cacaunews.com\/\"},{\"@type\":\"ListItem\",\"position\":2,\"name\":\"Prefeita de Ibicara\u00ed, Monalisa Tavares, ser\u00e1 entrevistada nesta segunda (21) no TVI News.\"}]},{\"@type\":\"WebSite\",\"@id\":\"https:\/\/cacaunews.com\/#website\",\"url\":\"https:\/\/cacaunews.com\/\",\"name\":\"Cacau News\",\"description\":\"A Informa\u00e7\u00e3o que voc\u00ea precisa!\",\"publisher\":{\"@id\":\"https:\/\/cacaunews.com\/#organization\"},\"potentialAction\":[{\"@type\":\"SearchAction\",\"target\":{\"@type\":\"EntryPoint\",\"urlTemplate\":\"https:\/\/cacaunews.com\/?s={search_term_string}\"},\"query-input\":\"required name=search_term_string\"}],\"inLanguage\":\"pt-BR\"},{\"@type\":\"Organization\",\"@id\":\"https:\/\/cacaunews.com\/#organization\",\"name\":\"Cacau News\",\"url\":\"https:\/\/cacaunews.com\/\",\"logo\":{\"@type\":\"ImageObject\",\"inLanguage\":\"pt-BR\",\"@id\":\"https:\/\/cacaunews.com\/#\/schema\/logo\/image\/\",\"url\":\"https:\/\/cacaunews.com\/wp-content\/uploads\/2025\/01\/cropped-LOGO-NOVA.png\",\"contentUrl\":\"https:\/\/cacaunews.com\/wp-content\/uploads\/2025\/01\/cropped-LOGO-NOVA.png\",\"width\":813,\"height\":813,\"caption\":\"Cacau News\"},\"image\":{\"@id\":\"https:\/\/cacaunews.com\/#\/schema\/logo\/image\/\"},\"sameAs\":[\"https:\/\/www.instagram.com\/cacaunews.online\/\",\"https:\/\/youtube.com\/@cacaunews?si=0VXLnjl08SrWbVG9\"]},{\"@type\":\"Person\",\"@id\":\"https:\/\/cacaunews.com\/#\/schema\/person\/ea69703103e606ad347ccd64bd72ef79\",\"name\":\"Reda\u00e7\u00e3o Cacau News\",\"image\":{\"@type\":\"ImageObject\",\"inLanguage\":\"pt-BR\",\"@id\":\"https:\/\/cacaunews.com\/#\/schema\/person\/image\/\",\"url\":\"https:\/\/secure.gravatar.com\/avatar\/d79227a2a7b6cc42e8d7a8f7c284cd3a?s=96&d=mm&r=g\",\"contentUrl\":\"https:\/\/secure.gravatar.com\/avatar\/d79227a2a7b6cc42e8d7a8f7c284cd3a?s=96&d=mm&r=g\",\"caption\":\"Reda\u00e7\u00e3o Cacau News\"},\"sameAs\":[\"https:\/\/cacaunews.com\"],\"url\":\"https:\/\/cacaunews.com\/?author=1\"}]}<\/script>\n<!-- \/ Yoast SEO plugin. -->","yoast_head_json":{"title":"Prefeita de Ibicara\u00ed, Monalisa Tavares, ser\u00e1 entrevistada nesta segunda (21) no TVI News. - Cacau News","robots":{"index":"index","follow":"follow","max-snippet":"max-snippet:-1","max-image-preview":"max-image-preview:large","max-video-preview":"max-video-preview:-1"},"canonical":"https:\/\/cacaunews.com\/?p=6576","og_locale":"pt_BR","og_type":"article","og_title":"Prefeita de Ibicara\u00ed, Monalisa Tavares, ser\u00e1 entrevistada nesta segunda (21) no TVI News. - Cacau News","og_description":"A prefeita de Ibicara\u00ed, Monalisa Tavares, ser\u00e1 a entrevistada desta segunda-feira, 21 de julho, no...","og_url":"https:\/\/cacaunews.com\/?p=6576","og_site_name":"Cacau News","article_published_time":"2025-07-21T11:00:35+00:00","og_image":[{"width":554,"height":554,"url":"https:\/\/cacaunews.com\/wp-content\/uploads\/2025\/07\/images-2025-07-21T004434.280.jpeg","type":"image\/jpeg"}],"author":"Reda\u00e7\u00e3o Cacau News","twitter_card":"summary_large_image","twitter_misc":{"Escrito por":"Reda\u00e7\u00e3o Cacau News","Est. tempo de leitura":"1 minuto"},"schema":{"@context":"https:\/\/schema.org","@graph":[{"@type":"Article","@id":"https:\/\/cacaunews.com\/?p=6576#article","isPartOf":{"@id":"https:\/\/cacaunews.com\/?p=6576"},"author":{"name":"Reda\u00e7\u00e3o Cacau News","@id":"https:\/\/cacaunews.com\/#\/schema\/person\/ea69703103e606ad347ccd64bd72ef79"},"headline":"Prefeita de Ibicara\u00ed, Monalisa Tavares, ser\u00e1 entrevistada nesta segunda (21) no TVI News.","datePublished":"2025-07-21T11:00:35+00:00","dateModified":"2025-07-21T11:00:35+00:00","mainEntityOfPage":{"@id":"https:\/\/cacaunews.com\/?p=6576"},"wordCount":167,"commentCount":0,"publisher":{"@id":"https:\/\/cacaunews.com\/#organization"},"keywords":["entrevista","ibicara\u00ed","Monalisa Tavares","prefeita","TVI News"],"articleSection":["cidades","Jornalismo","Politica"],"inLanguage":"pt-BR","potentialAction":[{"@type":"CommentAction","name":"Comment","target":["https:\/\/cacaunews.com\/?p=6576#respond"]}]},{"@type":"WebPage","@id":"https:\/\/cacaunews.com\/?p=6576","url":"https:\/\/cacaunews.com\/?p=6576","name":"Prefeita de Ibicara\u00ed, Monalisa Tavares, ser\u00e1 entrevistada nesta segunda (21) no TVI News. - Cacau News","isPartOf":{"@id":"https:\/\/cacaunews.com\/#website"},"datePublished":"2025-07-21T11:00:35+00:00","dateModified":"2025-07-21T11:00:35+00:00","breadcrumb":{"@id":"https:\/\/cacaunews.com\/?p=6576#breadcrumb"},"inLanguage":"pt-BR","potentialAction":[{"@type":"ReadAction","target":["https:\/\/cacaunews.com\/?p=6576"]}]},{"@type":"BreadcrumbList","@id":"https:\/\/cacaunews.com\/?p=6576#breadcrumb","itemListElement":[{"@type":"ListItem","position":1,"name":"In\u00edcio","item":"https:\/\/cacaunews.com\/"},{"@type":"ListItem","position":2,"name":"Prefeita de Ibicara\u00ed, Monalisa Tavares, ser\u00e1 entrevistada nesta segunda (21) no TVI News."}]},{"@type":"WebSite","@id":"https:\/\/cacaunews.com\/#website","url":"https:\/\/cacaunews.com\/","name":"Cacau News","description":"A Informa\u00e7\u00e3o que voc\u00ea precisa!","publisher":{"@id":"https:\/\/cacaunews.com\/#organization"},"potentialAction":[{"@type":"SearchAction","target":{"@type":"EntryPoint","urlTemplate":"https:\/\/cacaunews.com\/?s={search_term_string}"},"query-input":"required name=search_term_string"}],"inLanguage":"pt-BR"},{"@type":"Organization","@id":"https:\/\/cacaunews.com\/#organization","name":"Cacau News","url":"https:\/\/cacaunews.com\/","logo":{"@type":"ImageObject","inLanguage":"pt-BR","@id":"https:\/\/cacaunews.com\/#\/schema\/logo\/image\/","url":"https:\/\/cacaunews.com\/wp-content\/uploads\/2025\/01\/cropped-LOGO-NOVA.png","contentUrl":"https:\/\/cacaunews.com\/wp-content\/uploads\/2025\/01\/cropped-LOGO-NOVA.png","width":813,"height":813,"caption":"Cacau News"},"image":{"@id":"https:\/\/cacaunews.com\/#\/schema\/logo\/image\/"},"sameAs":["https:\/\/www.instagram.com\/cacaunews.online\/","https:\/\/youtube.com\/@cacaunews?si=0VXLnjl08SrWbVG9"]},{"@type":"Person","@id":"https:\/\/cacaunews.com\/#\/schema\/person\/ea69703103e606ad347ccd64bd72ef79","name":"Reda\u00e7\u00e3o Cacau News","image":{"@type":"ImageObject","inLanguage":"pt-BR","@id":"https:\/\/cacaunews.com\/#\/schema\/person\/image\/","url":"https:\/\/secure.gravatar.com\/avatar\/d79227a2a7b6cc42e8d7a8f7c284cd3a?s=96&d=mm&r=g","contentUrl":"https:\/\/secure.gravatar.com\/avatar\/d79227a2a7b6cc42e8d7a8f7c284cd3a?s=96&d=mm&r=g","caption":"Reda\u00e7\u00e3o Cacau News"},"sameAs":["https:\/\/cacaunews.com"],"url":"https:\/\/cacaunews.com\/?author=1"}]}},"jetpack_sharing_enabled":true,"jetpack_featured_media_url":"https:\/\/cacaunews.com\/wp-content\/uploads\/2025\/07\/images-2025-07-21T004434.280.jpeg","_links":{"self":[{"href":"https:\/\/cacaunews.com\/index.php?rest_route=\/wp\/v2\/posts\/6576"}],"collection":[{"href":"https:\/\/cacaunews.com\/index.php?rest_route=\/wp\/v2\/posts"}],"about":[{"href":"https:\/\/cacaunews.com\/index.php?rest_route=\/wp\/v2\/types\/post"}],"author":[{"embeddable":true,"href":"https:\/\/cacaunews.com\/index.php?rest_route=\/wp\/v2\/users\/1"}],"replies":[{"embeddable":true,"href":"https:\/\/cacaunews.com\/index.php?rest_route=%2Fwp%2Fv2%2Fcomments&post=6576"}],"version-history":[{"count":0,"href":"https:\/\/cacaunews.com\/index.php?rest_route=\/wp\/v2\/posts\/6576\/revisions"}],"wp:featuredmedia":[{"embeddable":true,"href":"https:\/\/cacaunews.com\/index.php?rest_route=\/wp\/v2\/media\/6575"}],"wp:attachment":[{"href":"https:\/\/cacaunews.com\/index.php?rest_route=%2Fwp%2Fv2%2Fmedia&parent=6576"}],"wp:term":[{"taxonomy":"category","embeddable":true,"href":"https:\/\/cacaunews.com\/index.php?rest_route=%2Fwp%2Fv2%2Fcategories&post=6576"},{"taxonomy":"post_tag","embeddable":true,"href":"https:\/\/cacaunews.com\/index.php?rest_route=%2Fwp%2Fv2%2Ftags&post=6576"}],"curies":[{"name":"wp","href":"https:\/\/api.w.org\/{rel}","templated":true}]}}