{"id":6591,"date":"2025-07-22T19:00:52","date_gmt":"2025-07-22T19:00:52","guid":{"rendered":"https:\/\/cacaunews.com\/?p=6591"},"modified":"2025-07-22T19:00:52","modified_gmt":"2025-07-22T19:00:52","slug":"empresarios-debatem-a-cobranca-da-taxa-de-extincao-de-incendio-em-reuniao-da-aci-itabuna","status":"publish","type":"post","link":"https:\/\/cacaunews.com\/?p=6591","title":{"rendered":"Empres\u00e1rios debatem a cobran\u00e7a da taxa de extin\u00e7\u00e3o de inc\u00eandio em reuni\u00e3o da ACI Itabuna."},"content":{"rendered":"\n<p>Empres\u00e1rios estiveram reunidos nesta segunda-feira, 21, no audit\u00f3rio da Associa\u00e7\u00e3o Comercial e Empresarial de Itabuna (ACE), para discutir sobre a cobran\u00e7a da taxa anual de extin\u00e7\u00e3o de inc\u00eandio, que havia sido suspensa ap\u00f3s uma a\u00e7\u00e3o conjunta entre o Sindicom e a Fecom\u00e9rcio. No entanto, a taxa voltou a ser cobrada depois de uma decis\u00e3o favor\u00e1vel do Supremo Tribunal Federal (STF) e dever\u00e1 ser cumprida. <\/p>\n\n\n\n<figure class=\"wp-block-gallery has-nested-images columns-default is-cropped wp-block-gallery-1 is-layout-flex wp-block-gallery-is-layout-flex\">\n<figure class=\"wp-block-image size-large\"><img fetchpriority=\"high\" decoding=\"async\" width=\"1024\" height=\"768\" data-id=\"6588\" src=\"https:\/\/cacaunews.com\/wp-content\/uploads\/2025\/07\/img-20250722-wa02102529850232496821728-1024x768.jpg\" alt=\"\" class=\"wp-image-6588\" srcset=\"https:\/\/cacaunews.com\/wp-content\/uploads\/2025\/07\/img-20250722-wa02102529850232496821728-1024x768.jpg 1024w, https:\/\/cacaunews.com\/wp-content\/uploads\/2025\/07\/img-20250722-wa02102529850232496821728-300x225.jpg 300w, https:\/\/cacaunews.com\/wp-content\/uploads\/2025\/07\/img-20250722-wa02102529850232496821728-768x576.jpg 768w, https:\/\/cacaunews.com\/wp-content\/uploads\/2025\/07\/img-20250722-wa02102529850232496821728-1536x1152.jpg 1536w, https:\/\/cacaunews.com\/wp-content\/uploads\/2025\/07\/img-20250722-wa02102529850232496821728.jpg 2000w\" sizes=\"(max-width: 1024px) 100vw, 1024px\" \/><\/figure>\n\n\n\n<figure class=\"wp-block-image size-large\"><img decoding=\"async\" width=\"1024\" height=\"768\" data-id=\"6589\" src=\"https:\/\/cacaunews.com\/wp-content\/uploads\/2025\/07\/img-20250722-wa02144193045169852617517-1024x768.jpg\" alt=\"\" class=\"wp-image-6589\" srcset=\"https:\/\/cacaunews.com\/wp-content\/uploads\/2025\/07\/img-20250722-wa02144193045169852617517-1024x768.jpg 1024w, https:\/\/cacaunews.com\/wp-content\/uploads\/2025\/07\/img-20250722-wa02144193045169852617517-300x225.jpg 300w, https:\/\/cacaunews.com\/wp-content\/uploads\/2025\/07\/img-20250722-wa02144193045169852617517-768x576.jpg 768w, https:\/\/cacaunews.com\/wp-content\/uploads\/2025\/07\/img-20250722-wa02144193045169852617517-1536x1152.jpg 1536w, https:\/\/cacaunews.com\/wp-content\/uploads\/2025\/07\/img-20250722-wa02144193045169852617517.jpg 2000w\" sizes=\"(max-width: 1024px) 100vw, 1024px\" \/><\/figure>\n<figcaption class=\"blocks-gallery-caption wp-element-caption\">Foto: Ascom &#8211; ACI<\/figcaption><\/figure>\n\n\n\n<p><br><br>O encontro reuniu representantes da CDL, do Sindicom, do Sindicontasul, de empres\u00e1rios e lideran\u00e7as pol\u00edticas que dialogaram em torno da constitucionalidade ou n\u00e3o da taxa. De acordo com o advogado Jacob Bitar, o entendimento do STF \u00e9 de que a taxa \u00e9 constitucional, \u201cconsiderando o artigo 145, inciso 2 da Constitui\u00e7\u00e3o, que estabelece que \u00e9 compet\u00eancia da Uni\u00e3o, Estados e Munic\u00edpios de Distrito Federal, poder criar taxas para co-financiar servi\u00e7os de potenciais riscos\u201d.<br><br>Ainda segundo Bitar, com rela\u00e7\u00e3o as taxas para esse ano de 2025, passam a ser exigidas, apesar do tr\u00e2nsito em julgado a respeito da demanda do Sindicom, no qual os associados ainda contar\u00e3o com os efeitos da decis\u00e3o que garante a suspens\u00e3o da exigibilidade da taxa para os per\u00edodos anteriores, at\u00e9 que o STF avalie os efeitos da decis\u00e3o. Nesse sentido, todos os propriet\u00e1rios de im\u00f3veis que estejam dentro dessa incid\u00eancia da taxa anual de potencial servi\u00e7o de extin\u00e7\u00e3o de inc\u00eandio e resgate, dever\u00e3o cumprir com o pagamento.<br><br>O assunto ganhou muita repercuss\u00e3o entre os empres\u00e1rios e contadores de Itabuna, tendo em vista que a cobran\u00e7a j\u00e1 foi emitida pela Secretaria da Fazenda do Estado da Bahia (Sefaz), com base na Lei Estadual n. 12.929\/2013. Segundo o presidente Erivaldo Benevides, que coordenou a Reuni\u00e3o Ordin\u00e1ria, \u201cos empres\u00e1rios n\u00e3o associados ao Sindicom, em 2025, j\u00e1 ter\u00e3o que efetuar o pagamento da cobran\u00e7a com vencimento no pr\u00f3ximo dia 31 de julho\u201d. <br><br>A reuni\u00e3o contou com a presen\u00e7a de representantes do 4. Batalh\u00e3o do Corpo de Bombeiros, que apresentaram informa\u00e7\u00f5es t\u00e9cnicas importantes que incide na cobran\u00e7a das taxas. O Major Tadeu Gomes, juntamente com o Tenente Edemir explicaram sobre v\u00e1rias condicionantes que isenta ou n\u00e3o o im\u00f3vel da taxa anual, mas que tamb\u00e9m podem ter descontos, e que podem ser verificados no site www.cbm.ba.gov.br. Mais informa\u00e7\u00f5es e d\u00favidas podem ser feitas atrav\u00e9s do e-mail: bbm4.sat@cbm.ba.gov.br.<\/p>\n\n\n\n<p><\/p>\n","protected":false},"excerpt":{"rendered":"<p>Empres\u00e1rios estiveram reunidos nesta segunda-feira, 21, no audit\u00f3rio da Associa\u00e7\u00e3o Comercial e Empresarial de Itabuna&#8230;<\/p>\n","protected":false},"author":1,"featured_media":6590,"comment_status":"open","ping_status":"open","sticky":false,"template":"","format":"standard","meta":{"footnotes":""},"categories":[18,11],"tags":[713,2129,2339,27],"yoast_head":"<!-- This site is optimized with the Yoast SEO plugin v21.7 - https:\/\/yoast.com\/wordpress\/plugins\/seo\/ -->\n<title>Empres\u00e1rios debatem a cobran\u00e7a da taxa de extin\u00e7\u00e3o de inc\u00eandio em reuni\u00e3o da ACI Itabuna. - Cacau News<\/title>\n<meta name=\"robots\" content=\"index, follow, max-snippet:-1, max-image-preview:large, max-video-preview:-1\" \/>\n<link rel=\"canonical\" href=\"https:\/\/cacaunews.com\/?p=6591\" \/>\n<meta property=\"og:locale\" content=\"pt_BR\" \/>\n<meta property=\"og:type\" content=\"article\" \/>\n<meta property=\"og:title\" content=\"Empres\u00e1rios debatem a cobran\u00e7a da taxa de extin\u00e7\u00e3o de inc\u00eandio em reuni\u00e3o da ACI Itabuna. - Cacau News\" \/>\n<meta property=\"og:description\" content=\"Empres\u00e1rios estiveram reunidos nesta segunda-feira, 21, no audit\u00f3rio da Associa\u00e7\u00e3o Comercial e Empresarial de Itabuna...\" \/>\n<meta property=\"og:url\" content=\"https:\/\/cacaunews.com\/?p=6591\" \/>\n<meta property=\"og:site_name\" content=\"Cacau News\" \/>\n<meta property=\"article:published_time\" content=\"2025-07-22T19:00:52+00:00\" \/>\n<meta property=\"og:image\" content=\"https:\/\/cacaunews.com\/wp-content\/uploads\/2025\/07\/img-20250722-wa02102529850232496821728-1024x768.jpg\" \/>\n<meta name=\"author\" content=\"Reda\u00e7\u00e3o Cacau News\" \/>\n<meta name=\"twitter:card\" content=\"summary_large_image\" \/>\n<meta name=\"twitter:label1\" content=\"Escrito por\" \/>\n\t<meta name=\"twitter:data1\" content=\"Reda\u00e7\u00e3o Cacau News\" \/>\n\t<meta name=\"twitter:label2\" content=\"Est. tempo de leitura\" \/>\n\t<meta name=\"twitter:data2\" content=\"2 minutos\" \/>\n<script type=\"application\/ld+json\" class=\"yoast-schema-graph\">{\"@context\":\"https:\/\/schema.org\",\"@graph\":[{\"@type\":\"Article\",\"@id\":\"https:\/\/cacaunews.com\/?p=6591#article\",\"isPartOf\":{\"@id\":\"https:\/\/cacaunews.com\/?p=6591\"},\"author\":{\"name\":\"Reda\u00e7\u00e3o Cacau News\",\"@id\":\"https:\/\/cacaunews.com\/#\/schema\/person\/ea69703103e606ad347ccd64bd72ef79\"},\"headline\":\"Empres\u00e1rios debatem a cobran\u00e7a da taxa de extin\u00e7\u00e3o de inc\u00eandio em reuni\u00e3o da ACI Itabuna.\",\"datePublished\":\"2025-07-22T19:00:52+00:00\",\"dateModified\":\"2025-07-22T19:00:52+00:00\",\"mainEntityOfPage\":{\"@id\":\"https:\/\/cacaunews.com\/?p=6591\"},\"wordCount\":448,\"commentCount\":0,\"publisher\":{\"@id\":\"https:\/\/cacaunews.com\/#organization\"},\"keywords\":[\"aci\",\"discuss\u00e3o\",\"extin\u00e7\u00e3o de inc\u00eandio\",\"itabuna\"],\"articleSection\":[\"cidades\",\"Jornalismo\"],\"inLanguage\":\"pt-BR\",\"potentialAction\":[{\"@type\":\"CommentAction\",\"name\":\"Comment\",\"target\":[\"https:\/\/cacaunews.com\/?p=6591#respond\"]}]},{\"@type\":\"WebPage\",\"@id\":\"https:\/\/cacaunews.com\/?p=6591\",\"url\":\"https:\/\/cacaunews.com\/?p=6591\",\"name\":\"Empres\u00e1rios debatem a cobran\u00e7a da taxa de extin\u00e7\u00e3o de inc\u00eandio em reuni\u00e3o da ACI Itabuna. - Cacau News\",\"isPartOf\":{\"@id\":\"https:\/\/cacaunews.com\/#website\"},\"datePublished\":\"2025-07-22T19:00:52+00:00\",\"dateModified\":\"2025-07-22T19:00:52+00:00\",\"breadcrumb\":{\"@id\":\"https:\/\/cacaunews.com\/?p=6591#breadcrumb\"},\"inLanguage\":\"pt-BR\",\"potentialAction\":[{\"@type\":\"ReadAction\",\"target\":[\"https:\/\/cacaunews.com\/?p=6591\"]}]},{\"@type\":\"BreadcrumbList\",\"@id\":\"https:\/\/cacaunews.com\/?p=6591#breadcrumb\",\"itemListElement\":[{\"@type\":\"ListItem\",\"position\":1,\"name\":\"In\u00edcio\",\"item\":\"https:\/\/cacaunews.com\/\"},{\"@type\":\"ListItem\",\"position\":2,\"name\":\"Empres\u00e1rios debatem a cobran\u00e7a da taxa de extin\u00e7\u00e3o de inc\u00eandio em reuni\u00e3o da ACI Itabuna.\"}]},{\"@type\":\"WebSite\",\"@id\":\"https:\/\/cacaunews.com\/#website\",\"url\":\"https:\/\/cacaunews.com\/\",\"name\":\"Cacau News\",\"description\":\"A Informa\u00e7\u00e3o que voc\u00ea precisa!\",\"publisher\":{\"@id\":\"https:\/\/cacaunews.com\/#organization\"},\"potentialAction\":[{\"@type\":\"SearchAction\",\"target\":{\"@type\":\"EntryPoint\",\"urlTemplate\":\"https:\/\/cacaunews.com\/?s={search_term_string}\"},\"query-input\":\"required name=search_term_string\"}],\"inLanguage\":\"pt-BR\"},{\"@type\":\"Organization\",\"@id\":\"https:\/\/cacaunews.com\/#organization\",\"name\":\"Cacau News\",\"url\":\"https:\/\/cacaunews.com\/\",\"logo\":{\"@type\":\"ImageObject\",\"inLanguage\":\"pt-BR\",\"@id\":\"https:\/\/cacaunews.com\/#\/schema\/logo\/image\/\",\"url\":\"https:\/\/cacaunews.com\/wp-content\/uploads\/2025\/01\/cropped-LOGO-NOVA.png\",\"contentUrl\":\"https:\/\/cacaunews.com\/wp-content\/uploads\/2025\/01\/cropped-LOGO-NOVA.png\",\"width\":813,\"height\":813,\"caption\":\"Cacau News\"},\"image\":{\"@id\":\"https:\/\/cacaunews.com\/#\/schema\/logo\/image\/\"},\"sameAs\":[\"https:\/\/www.instagram.com\/cacaunews.online\/\",\"https:\/\/youtube.com\/@cacaunews?si=0VXLnjl08SrWbVG9\"]},{\"@type\":\"Person\",\"@id\":\"https:\/\/cacaunews.com\/#\/schema\/person\/ea69703103e606ad347ccd64bd72ef79\",\"name\":\"Reda\u00e7\u00e3o Cacau News\",\"image\":{\"@type\":\"ImageObject\",\"inLanguage\":\"pt-BR\",\"@id\":\"https:\/\/cacaunews.com\/#\/schema\/person\/image\/\",\"url\":\"https:\/\/secure.gravatar.com\/avatar\/d79227a2a7b6cc42e8d7a8f7c284cd3a?s=96&d=mm&r=g\",\"contentUrl\":\"https:\/\/secure.gravatar.com\/avatar\/d79227a2a7b6cc42e8d7a8f7c284cd3a?s=96&d=mm&r=g\",\"caption\":\"Reda\u00e7\u00e3o Cacau News\"},\"sameAs\":[\"https:\/\/cacaunews.com\"],\"url\":\"https:\/\/cacaunews.com\/?author=1\"}]}<\/script>\n<!-- \/ Yoast SEO plugin. -->","yoast_head_json":{"title":"Empres\u00e1rios debatem a cobran\u00e7a da taxa de extin\u00e7\u00e3o de inc\u00eandio em reuni\u00e3o da ACI Itabuna. - Cacau News","robots":{"index":"index","follow":"follow","max-snippet":"max-snippet:-1","max-image-preview":"max-image-preview:large","max-video-preview":"max-video-preview:-1"},"canonical":"https:\/\/cacaunews.com\/?p=6591","og_locale":"pt_BR","og_type":"article","og_title":"Empres\u00e1rios debatem a cobran\u00e7a da taxa de extin\u00e7\u00e3o de inc\u00eandio em reuni\u00e3o da ACI Itabuna. - Cacau News","og_description":"Empres\u00e1rios estiveram reunidos nesta segunda-feira, 21, no audit\u00f3rio da Associa\u00e7\u00e3o Comercial e Empresarial de Itabuna...","og_url":"https:\/\/cacaunews.com\/?p=6591","og_site_name":"Cacau News","article_published_time":"2025-07-22T19:00:52+00:00","og_image":[{"url":"https:\/\/cacaunews.com\/wp-content\/uploads\/2025\/07\/img-20250722-wa02102529850232496821728-1024x768.jpg"}],"author":"Reda\u00e7\u00e3o Cacau News","twitter_card":"summary_large_image","twitter_misc":{"Escrito por":"Reda\u00e7\u00e3o Cacau News","Est. tempo de leitura":"2 minutos"},"schema":{"@context":"https:\/\/schema.org","@graph":[{"@type":"Article","@id":"https:\/\/cacaunews.com\/?p=6591#article","isPartOf":{"@id":"https:\/\/cacaunews.com\/?p=6591"},"author":{"name":"Reda\u00e7\u00e3o Cacau News","@id":"https:\/\/cacaunews.com\/#\/schema\/person\/ea69703103e606ad347ccd64bd72ef79"},"headline":"Empres\u00e1rios debatem a cobran\u00e7a da taxa de extin\u00e7\u00e3o de inc\u00eandio em reuni\u00e3o da ACI Itabuna.","datePublished":"2025-07-22T19:00:52+00:00","dateModified":"2025-07-22T19:00:52+00:00","mainEntityOfPage":{"@id":"https:\/\/cacaunews.com\/?p=6591"},"wordCount":448,"commentCount":0,"publisher":{"@id":"https:\/\/cacaunews.com\/#organization"},"keywords":["aci","discuss\u00e3o","extin\u00e7\u00e3o de inc\u00eandio","itabuna"],"articleSection":["cidades","Jornalismo"],"inLanguage":"pt-BR","potentialAction":[{"@type":"CommentAction","name":"Comment","target":["https:\/\/cacaunews.com\/?p=6591#respond"]}]},{"@type":"WebPage","@id":"https:\/\/cacaunews.com\/?p=6591","url":"https:\/\/cacaunews.com\/?p=6591","name":"Empres\u00e1rios debatem a cobran\u00e7a da taxa de extin\u00e7\u00e3o de inc\u00eandio em reuni\u00e3o da ACI Itabuna. - Cacau News","isPartOf":{"@id":"https:\/\/cacaunews.com\/#website"},"datePublished":"2025-07-22T19:00:52+00:00","dateModified":"2025-07-22T19:00:52+00:00","breadcrumb":{"@id":"https:\/\/cacaunews.com\/?p=6591#breadcrumb"},"inLanguage":"pt-BR","potentialAction":[{"@type":"ReadAction","target":["https:\/\/cacaunews.com\/?p=6591"]}]},{"@type":"BreadcrumbList","@id":"https:\/\/cacaunews.com\/?p=6591#breadcrumb","itemListElement":[{"@type":"ListItem","position":1,"name":"In\u00edcio","item":"https:\/\/cacaunews.com\/"},{"@type":"ListItem","position":2,"name":"Empres\u00e1rios debatem a cobran\u00e7a da taxa de extin\u00e7\u00e3o de inc\u00eandio em reuni\u00e3o da ACI Itabuna."}]},{"@type":"WebSite","@id":"https:\/\/cacaunews.com\/#website","url":"https:\/\/cacaunews.com\/","name":"Cacau News","description":"A Informa\u00e7\u00e3o que voc\u00ea precisa!","publisher":{"@id":"https:\/\/cacaunews.com\/#organization"},"potentialAction":[{"@type":"SearchAction","target":{"@type":"EntryPoint","urlTemplate":"https:\/\/cacaunews.com\/?s={search_term_string}"},"query-input":"required name=search_term_string"}],"inLanguage":"pt-BR"},{"@type":"Organization","@id":"https:\/\/cacaunews.com\/#organization","name":"Cacau News","url":"https:\/\/cacaunews.com\/","logo":{"@type":"ImageObject","inLanguage":"pt-BR","@id":"https:\/\/cacaunews.com\/#\/schema\/logo\/image\/","url":"https:\/\/cacaunews.com\/wp-content\/uploads\/2025\/01\/cropped-LOGO-NOVA.png","contentUrl":"https:\/\/cacaunews.com\/wp-content\/uploads\/2025\/01\/cropped-LOGO-NOVA.png","width":813,"height":813,"caption":"Cacau News"},"image":{"@id":"https:\/\/cacaunews.com\/#\/schema\/logo\/image\/"},"sameAs":["https:\/\/www.instagram.com\/cacaunews.online\/","https:\/\/youtube.com\/@cacaunews?si=0VXLnjl08SrWbVG9"]},{"@type":"Person","@id":"https:\/\/cacaunews.com\/#\/schema\/person\/ea69703103e606ad347ccd64bd72ef79","name":"Reda\u00e7\u00e3o Cacau News","image":{"@type":"ImageObject","inLanguage":"pt-BR","@id":"https:\/\/cacaunews.com\/#\/schema\/person\/image\/","url":"https:\/\/secure.gravatar.com\/avatar\/d79227a2a7b6cc42e8d7a8f7c284cd3a?s=96&d=mm&r=g","contentUrl":"https:\/\/secure.gravatar.com\/avatar\/d79227a2a7b6cc42e8d7a8f7c284cd3a?s=96&d=mm&r=g","caption":"Reda\u00e7\u00e3o Cacau News"},"sameAs":["https:\/\/cacaunews.com"],"url":"https:\/\/cacaunews.com\/?author=1"}]}},"jetpack_sharing_enabled":true,"jetpack_featured_media_url":"https:\/\/cacaunews.com\/wp-content\/uploads\/2025\/07\/IMG-20250722-WA0212-scaled.jpg","_links":{"self":[{"href":"https:\/\/cacaunews.com\/index.php?rest_route=\/wp\/v2\/posts\/6591"}],"collection":[{"href":"https:\/\/cacaunews.com\/index.php?rest_route=\/wp\/v2\/posts"}],"about":[{"href":"https:\/\/cacaunews.com\/index.php?rest_route=\/wp\/v2\/types\/post"}],"author":[{"embeddable":true,"href":"https:\/\/cacaunews.com\/index.php?rest_route=\/wp\/v2\/users\/1"}],"replies":[{"embeddable":true,"href":"https:\/\/cacaunews.com\/index.php?rest_route=%2Fwp%2Fv2%2Fcomments&post=6591"}],"version-history":[{"count":0,"href":"https:\/\/cacaunews.com\/index.php?rest_route=\/wp\/v2\/posts\/6591\/revisions"}],"wp:featuredmedia":[{"embeddable":true,"href":"https:\/\/cacaunews.com\/index.php?rest_route=\/wp\/v2\/media\/6590"}],"wp:attachment":[{"href":"https:\/\/cacaunews.com\/index.php?rest_route=%2Fwp%2Fv2%2Fmedia&parent=6591"}],"wp:term":[{"taxonomy":"category","embeddable":true,"href":"https:\/\/cacaunews.com\/index.php?rest_route=%2Fwp%2Fv2%2Fcategories&post=6591"},{"taxonomy":"post_tag","embeddable":true,"href":"https:\/\/cacaunews.com\/index.php?rest_route=%2Fwp%2Fv2%2Ftags&post=6591"}],"curies":[{"name":"wp","href":"https:\/\/api.w.org\/{rel}","templated":true}]}}