{"id":6609,"date":"2025-07-24T10:30:15","date_gmt":"2025-07-24T10:30:15","guid":{"rendered":"https:\/\/cacaunews.com\/?p=6609"},"modified":"2025-07-24T10:30:15","modified_gmt":"2025-07-24T10:30:15","slug":"corpo-de-preta-gil-chega-ao-brasil-e-seguira-para-velorio-e-cremacao","status":"publish","type":"post","link":"https:\/\/cacaunews.com\/?p=6609","title":{"rendered":"Corpo de Preta Gil chega ao Brasil e seguir\u00e1 para vel\u00f3rio e crema\u00e7\u00e3o."},"content":{"rendered":"\n<p>O corpo da cantora Preta Gil chegou ao Brasil na madrugada desta quinta-feira (24), por volta das 5h, no Aeroporto Internacional de S\u00e3o Paulo, em Guarulhos.<br><br>A artista faleceu no \u00faltimo domingo (20), em Nova York, ap\u00f3s complica\u00e7\u00f5es durante o tratamento contra um c\u00e2ncer. Ela passou mal a caminho do aeroporto, quando se preparava para retornar ao Brasil.<br><br>A fam\u00edlia da cantora acompanhou o translado no mesmo voo, que partiu de Nova York na noite de quarta-feira (23). De S\u00e3o Paulo, o corpo seguir\u00e1 para o Rio de Janeiro, onde ser\u00e1 velado.<br><br>O vel\u00f3rio est\u00e1 marcado para esta sexta-feira (25), das 9h \u00e0s 13h, no Theatro Municipal do Rio de Janeiro, no Centro da cidade. O local foi escolhido por sua relev\u00e2ncia cultural e tamb\u00e9m por estar na mesma regi\u00e3o onde a Prefeitura do Rio batizou o circuito de megablocos de carnaval com o nome da artista, em sua homenagem.<br><br>Ap\u00f3s o vel\u00f3rio, \u00e0s 15h, o corpo de Preta Gil ser\u00e1 levado \u00e0 capela ecum\u00eanica do Cremat\u00f3rio e Cemit\u00e9rio da Penit\u00eancia, onde ser\u00e1 realizada uma cerim\u00f4nia de despedida reservada a familiares e amigos pr\u00f3ximos. Em seguida, ocorrer\u00e1 a crema\u00e7\u00e3o.<\/p>\n\n\n\n<p>Com Informa\u00e7\u00f5es G1.<\/p>\n\n\n\n<p><\/p>\n","protected":false},"excerpt":{"rendered":"<p>O corpo da cantora Preta Gil chegou ao Brasil na madrugada desta quinta-feira (24), por&#8230;<\/p>\n","protected":false},"author":1,"featured_media":6608,"comment_status":"open","ping_status":"open","sticky":false,"template":"","format":"standard","meta":{"footnotes":""},"categories":[31,4,11],"tags":[35,992,2342,2331],"yoast_head":"<!-- This site is optimized with the Yoast SEO plugin v21.7 - https:\/\/yoast.com\/wordpress\/plugins\/seo\/ -->\n<title>Corpo de Preta Gil chega ao Brasil e seguir\u00e1 para vel\u00f3rio e crema\u00e7\u00e3o. - Cacau News<\/title>\n<meta name=\"robots\" content=\"index, follow, max-snippet:-1, max-image-preview:large, max-video-preview:-1\" \/>\n<link rel=\"canonical\" href=\"https:\/\/cacaunews.com\/?p=6609\" \/>\n<meta property=\"og:locale\" content=\"pt_BR\" \/>\n<meta property=\"og:type\" content=\"article\" \/>\n<meta property=\"og:title\" content=\"Corpo de Preta Gil chega ao Brasil e seguir\u00e1 para vel\u00f3rio e crema\u00e7\u00e3o. - Cacau News\" \/>\n<meta property=\"og:description\" content=\"O corpo da cantora Preta Gil chegou ao Brasil na madrugada desta quinta-feira (24), por...\" \/>\n<meta property=\"og:url\" content=\"https:\/\/cacaunews.com\/?p=6609\" \/>\n<meta property=\"og:site_name\" content=\"Cacau News\" \/>\n<meta property=\"article:published_time\" content=\"2025-07-24T10:30:15+00:00\" \/>\n<meta name=\"author\" content=\"Reda\u00e7\u00e3o Cacau News\" \/>\n<meta name=\"twitter:card\" content=\"summary_large_image\" \/>\n<meta name=\"twitter:label1\" content=\"Escrito por\" \/>\n\t<meta name=\"twitter:data1\" content=\"Reda\u00e7\u00e3o Cacau News\" \/>\n\t<meta name=\"twitter:label2\" content=\"Est. tempo de leitura\" \/>\n\t<meta name=\"twitter:data2\" content=\"1 minuto\" \/>\n<script type=\"application\/ld+json\" class=\"yoast-schema-graph\">{\"@context\":\"https:\/\/schema.org\",\"@graph\":[{\"@type\":\"Article\",\"@id\":\"https:\/\/cacaunews.com\/?p=6609#article\",\"isPartOf\":{\"@id\":\"https:\/\/cacaunews.com\/?p=6609\"},\"author\":{\"name\":\"Reda\u00e7\u00e3o Cacau News\",\"@id\":\"https:\/\/cacaunews.com\/#\/schema\/person\/ea69703103e606ad347ccd64bd72ef79\"},\"headline\":\"Corpo de Preta Gil chega ao Brasil e seguir\u00e1 para vel\u00f3rio e crema\u00e7\u00e3o.\",\"datePublished\":\"2025-07-24T10:30:15+00:00\",\"dateModified\":\"2025-07-24T10:30:15+00:00\",\"mainEntityOfPage\":{\"@id\":\"https:\/\/cacaunews.com\/?p=6609\"},\"wordCount\":222,\"commentCount\":0,\"publisher\":{\"@id\":\"https:\/\/cacaunews.com\/#organization\"},\"keywords\":[\"brasil\",\"corpo\",\"crema\u00e7\u00e3o\",\"preta Gil\"],\"articleSection\":[\"Cultura\",\"Internet\",\"Jornalismo\"],\"inLanguage\":\"pt-BR\",\"potentialAction\":[{\"@type\":\"CommentAction\",\"name\":\"Comment\",\"target\":[\"https:\/\/cacaunews.com\/?p=6609#respond\"]}]},{\"@type\":\"WebPage\",\"@id\":\"https:\/\/cacaunews.com\/?p=6609\",\"url\":\"https:\/\/cacaunews.com\/?p=6609\",\"name\":\"Corpo de Preta Gil chega ao Brasil e seguir\u00e1 para vel\u00f3rio e crema\u00e7\u00e3o. - Cacau News\",\"isPartOf\":{\"@id\":\"https:\/\/cacaunews.com\/#website\"},\"datePublished\":\"2025-07-24T10:30:15+00:00\",\"dateModified\":\"2025-07-24T10:30:15+00:00\",\"breadcrumb\":{\"@id\":\"https:\/\/cacaunews.com\/?p=6609#breadcrumb\"},\"inLanguage\":\"pt-BR\",\"potentialAction\":[{\"@type\":\"ReadAction\",\"target\":[\"https:\/\/cacaunews.com\/?p=6609\"]}]},{\"@type\":\"BreadcrumbList\",\"@id\":\"https:\/\/cacaunews.com\/?p=6609#breadcrumb\",\"itemListElement\":[{\"@type\":\"ListItem\",\"position\":1,\"name\":\"In\u00edcio\",\"item\":\"https:\/\/cacaunews.com\/\"},{\"@type\":\"ListItem\",\"position\":2,\"name\":\"Corpo de Preta Gil chega ao Brasil e seguir\u00e1 para vel\u00f3rio e crema\u00e7\u00e3o.\"}]},{\"@type\":\"WebSite\",\"@id\":\"https:\/\/cacaunews.com\/#website\",\"url\":\"https:\/\/cacaunews.com\/\",\"name\":\"Cacau News\",\"description\":\"A Informa\u00e7\u00e3o que voc\u00ea precisa!\",\"publisher\":{\"@id\":\"https:\/\/cacaunews.com\/#organization\"},\"potentialAction\":[{\"@type\":\"SearchAction\",\"target\":{\"@type\":\"EntryPoint\",\"urlTemplate\":\"https:\/\/cacaunews.com\/?s={search_term_string}\"},\"query-input\":\"required name=search_term_string\"}],\"inLanguage\":\"pt-BR\"},{\"@type\":\"Organization\",\"@id\":\"https:\/\/cacaunews.com\/#organization\",\"name\":\"Cacau News\",\"url\":\"https:\/\/cacaunews.com\/\",\"logo\":{\"@type\":\"ImageObject\",\"inLanguage\":\"pt-BR\",\"@id\":\"https:\/\/cacaunews.com\/#\/schema\/logo\/image\/\",\"url\":\"https:\/\/cacaunews.com\/wp-content\/uploads\/2025\/01\/cropped-LOGO-NOVA.png\",\"contentUrl\":\"https:\/\/cacaunews.com\/wp-content\/uploads\/2025\/01\/cropped-LOGO-NOVA.png\",\"width\":813,\"height\":813,\"caption\":\"Cacau News\"},\"image\":{\"@id\":\"https:\/\/cacaunews.com\/#\/schema\/logo\/image\/\"},\"sameAs\":[\"https:\/\/www.instagram.com\/cacaunews.online\/\",\"https:\/\/youtube.com\/@cacaunews?si=0VXLnjl08SrWbVG9\"]},{\"@type\":\"Person\",\"@id\":\"https:\/\/cacaunews.com\/#\/schema\/person\/ea69703103e606ad347ccd64bd72ef79\",\"name\":\"Reda\u00e7\u00e3o Cacau News\",\"image\":{\"@type\":\"ImageObject\",\"inLanguage\":\"pt-BR\",\"@id\":\"https:\/\/cacaunews.com\/#\/schema\/person\/image\/\",\"url\":\"https:\/\/secure.gravatar.com\/avatar\/d79227a2a7b6cc42e8d7a8f7c284cd3a?s=96&d=mm&r=g\",\"contentUrl\":\"https:\/\/secure.gravatar.com\/avatar\/d79227a2a7b6cc42e8d7a8f7c284cd3a?s=96&d=mm&r=g\",\"caption\":\"Reda\u00e7\u00e3o Cacau News\"},\"sameAs\":[\"https:\/\/cacaunews.com\"],\"url\":\"https:\/\/cacaunews.com\/?author=1\"}]}<\/script>\n<!-- \/ Yoast SEO plugin. -->","yoast_head_json":{"title":"Corpo de Preta Gil chega ao Brasil e seguir\u00e1 para vel\u00f3rio e crema\u00e7\u00e3o. - Cacau News","robots":{"index":"index","follow":"follow","max-snippet":"max-snippet:-1","max-image-preview":"max-image-preview:large","max-video-preview":"max-video-preview:-1"},"canonical":"https:\/\/cacaunews.com\/?p=6609","og_locale":"pt_BR","og_type":"article","og_title":"Corpo de Preta Gil chega ao Brasil e seguir\u00e1 para vel\u00f3rio e crema\u00e7\u00e3o. - Cacau News","og_description":"O corpo da cantora Preta Gil chegou ao Brasil na madrugada desta quinta-feira (24), por...","og_url":"https:\/\/cacaunews.com\/?p=6609","og_site_name":"Cacau News","article_published_time":"2025-07-24T10:30:15+00:00","author":"Reda\u00e7\u00e3o Cacau News","twitter_card":"summary_large_image","twitter_misc":{"Escrito por":"Reda\u00e7\u00e3o Cacau News","Est. tempo de leitura":"1 minuto"},"schema":{"@context":"https:\/\/schema.org","@graph":[{"@type":"Article","@id":"https:\/\/cacaunews.com\/?p=6609#article","isPartOf":{"@id":"https:\/\/cacaunews.com\/?p=6609"},"author":{"name":"Reda\u00e7\u00e3o Cacau News","@id":"https:\/\/cacaunews.com\/#\/schema\/person\/ea69703103e606ad347ccd64bd72ef79"},"headline":"Corpo de Preta Gil chega ao Brasil e seguir\u00e1 para vel\u00f3rio e crema\u00e7\u00e3o.","datePublished":"2025-07-24T10:30:15+00:00","dateModified":"2025-07-24T10:30:15+00:00","mainEntityOfPage":{"@id":"https:\/\/cacaunews.com\/?p=6609"},"wordCount":222,"commentCount":0,"publisher":{"@id":"https:\/\/cacaunews.com\/#organization"},"keywords":["brasil","corpo","crema\u00e7\u00e3o","preta Gil"],"articleSection":["Cultura","Internet","Jornalismo"],"inLanguage":"pt-BR","potentialAction":[{"@type":"CommentAction","name":"Comment","target":["https:\/\/cacaunews.com\/?p=6609#respond"]}]},{"@type":"WebPage","@id":"https:\/\/cacaunews.com\/?p=6609","url":"https:\/\/cacaunews.com\/?p=6609","name":"Corpo de Preta Gil chega ao Brasil e seguir\u00e1 para vel\u00f3rio e crema\u00e7\u00e3o. - Cacau News","isPartOf":{"@id":"https:\/\/cacaunews.com\/#website"},"datePublished":"2025-07-24T10:30:15+00:00","dateModified":"2025-07-24T10:30:15+00:00","breadcrumb":{"@id":"https:\/\/cacaunews.com\/?p=6609#breadcrumb"},"inLanguage":"pt-BR","potentialAction":[{"@type":"ReadAction","target":["https:\/\/cacaunews.com\/?p=6609"]}]},{"@type":"BreadcrumbList","@id":"https:\/\/cacaunews.com\/?p=6609#breadcrumb","itemListElement":[{"@type":"ListItem","position":1,"name":"In\u00edcio","item":"https:\/\/cacaunews.com\/"},{"@type":"ListItem","position":2,"name":"Corpo de Preta Gil chega ao Brasil e seguir\u00e1 para vel\u00f3rio e crema\u00e7\u00e3o."}]},{"@type":"WebSite","@id":"https:\/\/cacaunews.com\/#website","url":"https:\/\/cacaunews.com\/","name":"Cacau News","description":"A Informa\u00e7\u00e3o que voc\u00ea precisa!","publisher":{"@id":"https:\/\/cacaunews.com\/#organization"},"potentialAction":[{"@type":"SearchAction","target":{"@type":"EntryPoint","urlTemplate":"https:\/\/cacaunews.com\/?s={search_term_string}"},"query-input":"required name=search_term_string"}],"inLanguage":"pt-BR"},{"@type":"Organization","@id":"https:\/\/cacaunews.com\/#organization","name":"Cacau News","url":"https:\/\/cacaunews.com\/","logo":{"@type":"ImageObject","inLanguage":"pt-BR","@id":"https:\/\/cacaunews.com\/#\/schema\/logo\/image\/","url":"https:\/\/cacaunews.com\/wp-content\/uploads\/2025\/01\/cropped-LOGO-NOVA.png","contentUrl":"https:\/\/cacaunews.com\/wp-content\/uploads\/2025\/01\/cropped-LOGO-NOVA.png","width":813,"height":813,"caption":"Cacau News"},"image":{"@id":"https:\/\/cacaunews.com\/#\/schema\/logo\/image\/"},"sameAs":["https:\/\/www.instagram.com\/cacaunews.online\/","https:\/\/youtube.com\/@cacaunews?si=0VXLnjl08SrWbVG9"]},{"@type":"Person","@id":"https:\/\/cacaunews.com\/#\/schema\/person\/ea69703103e606ad347ccd64bd72ef79","name":"Reda\u00e7\u00e3o Cacau News","image":{"@type":"ImageObject","inLanguage":"pt-BR","@id":"https:\/\/cacaunews.com\/#\/schema\/person\/image\/","url":"https:\/\/secure.gravatar.com\/avatar\/d79227a2a7b6cc42e8d7a8f7c284cd3a?s=96&d=mm&r=g","contentUrl":"https:\/\/secure.gravatar.com\/avatar\/d79227a2a7b6cc42e8d7a8f7c284cd3a?s=96&d=mm&r=g","caption":"Reda\u00e7\u00e3o Cacau News"},"sameAs":["https:\/\/cacaunews.com"],"url":"https:\/\/cacaunews.com\/?author=1"}]}},"jetpack_sharing_enabled":true,"jetpack_featured_media_url":"https:\/\/cacaunews.com\/wp-content\/uploads\/2025\/07\/IMG_20250724_100329.jpg","_links":{"self":[{"href":"https:\/\/cacaunews.com\/index.php?rest_route=\/wp\/v2\/posts\/6609"}],"collection":[{"href":"https:\/\/cacaunews.com\/index.php?rest_route=\/wp\/v2\/posts"}],"about":[{"href":"https:\/\/cacaunews.com\/index.php?rest_route=\/wp\/v2\/types\/post"}],"author":[{"embeddable":true,"href":"https:\/\/cacaunews.com\/index.php?rest_route=\/wp\/v2\/users\/1"}],"replies":[{"embeddable":true,"href":"https:\/\/cacaunews.com\/index.php?rest_route=%2Fwp%2Fv2%2Fcomments&post=6609"}],"version-history":[{"count":0,"href":"https:\/\/cacaunews.com\/index.php?rest_route=\/wp\/v2\/posts\/6609\/revisions"}],"wp:featuredmedia":[{"embeddable":true,"href":"https:\/\/cacaunews.com\/index.php?rest_route=\/wp\/v2\/media\/6608"}],"wp:attachment":[{"href":"https:\/\/cacaunews.com\/index.php?rest_route=%2Fwp%2Fv2%2Fmedia&parent=6609"}],"wp:term":[{"taxonomy":"category","embeddable":true,"href":"https:\/\/cacaunews.com\/index.php?rest_route=%2Fwp%2Fv2%2Fcategories&post=6609"},{"taxonomy":"post_tag","embeddable":true,"href":"https:\/\/cacaunews.com\/index.php?rest_route=%2Fwp%2Fv2%2Ftags&post=6609"}],"curies":[{"name":"wp","href":"https:\/\/api.w.org\/{rel}","templated":true}]}}