{"id":6616,"date":"2025-07-25T13:00:48","date_gmt":"2025-07-25T13:00:48","guid":{"rendered":"https:\/\/cacaunews.com\/?p=6616"},"modified":"2025-07-25T17:40:38","modified_gmt":"2025-07-25T17:40:38","slug":"voce-reitor-da-uesc-recebe-estudantes-de-medicina-e-anuncia-selecao-para-novos-docentes-autorizada-pelo-estado","status":"publish","type":"post","link":"https:\/\/cacaunews.com\/?p=6616","title":{"rendered":"Vice reitor da UESC recebe estudantes de medicina e anuncia sele\u00e7\u00e3o para novos docentes, autorizada pelo Estado."},"content":{"rendered":"\n<p>O vice-reitor da Universidade Estadual de Santa Cruz (Uesc), professor Maur\u00edcio Moreau, reuniu-se na tarde de quinta-feira (24 de julho) com representantes dos estudantes do curso de Medicina. Durante o encontro, anunciou que o Governo do Estado, por meio da Secretaria da Administra\u00e7\u00e3o (Saeb), autorizou a abertura de processo seletivo simplificado, via Regime Especial de Direito Administrativo (REDA), para contrata\u00e7\u00e3o emergencial de quatro professores.<\/p>\n\n\n\n<figure class=\"wp-block-image size-large\"><img fetchpriority=\"high\" decoding=\"async\" width=\"1024\" height=\"682\" src=\"https:\/\/cacaunews.com\/wp-content\/uploads\/2025\/07\/240725reuniC3A3omedicina-juliabarreto3154345712239557277-1024x682.jpg\" alt=\"\" class=\"wp-image-6615\" srcset=\"https:\/\/cacaunews.com\/wp-content\/uploads\/2025\/07\/240725reuniC3A3omedicina-juliabarreto3154345712239557277-1024x682.jpg 1024w, https:\/\/cacaunews.com\/wp-content\/uploads\/2025\/07\/240725reuniC3A3omedicina-juliabarreto3154345712239557277-300x200.jpg 300w, https:\/\/cacaunews.com\/wp-content\/uploads\/2025\/07\/240725reuniC3A3omedicina-juliabarreto3154345712239557277-768x512.jpg 768w, https:\/\/cacaunews.com\/wp-content\/uploads\/2025\/07\/240725reuniC3A3omedicina-juliabarreto3154345712239557277-1536x1024.jpg 1536w, https:\/\/cacaunews.com\/wp-content\/uploads\/2025\/07\/240725reuniC3A3omedicina-juliabarreto3154345712239557277.jpg 2000w\" sizes=\"(max-width: 1024px) 100vw, 1024px\" \/><\/figure>\n\n\n\n<p><br \/><br \/>As vagas atendem \u00e0 necessidade imediata do curso, ap\u00f3s o afastamento de quatro docentes no final de maio. A situa\u00e7\u00e3o foi debatida em reuni\u00e3o realizada no dia 6 de junho, com a presen\u00e7a do reitor Alessandro Fernandes, professores, a Pr\u00f3-Reitoria de Gradua\u00e7\u00e3o (Prograd) e representantes estudantis. Na ocasi\u00e3o, a Universidade solicitou oficialmente \u00e0 Secretaria da Educa\u00e7\u00e3o do Estado (SEC) a reposi\u00e7\u00e3o do quadro docente.<br \/><br \/>Na \u00faltima quarta-feira (23 de julho), a Saeb aprovou a demanda e encaminhou os tr\u00e2mites para a publica\u00e7\u00e3o do edital. O vice-reitor ressaltou que todas as solicita\u00e7\u00f5es dos estudantes s\u00e3o leg\u00edtimas e est\u00e3o sendo tratadas com a devida aten\u00e7\u00e3o pela gest\u00e3o universit\u00e1ria.<br \/><br \/>O reitor Alessandro Fernandes, que se encontra em viagem, dever\u00e1 se reunir com docentes e discentes do curso na pr\u00f3xima ter\u00e7a-feira (29) para apresentar os encaminhamentos adotados.<br \/><br \/>Segundo o professor Moreau, a administra\u00e7\u00e3o da Uesc tem se empenhado para garantir a qualidade dos 40 cursos de gradua\u00e7\u00e3o e dos 58 programas de p\u00f3s-gradua\u00e7\u00e3o, lato e stricto sensu, buscando sempre avalia\u00e7\u00f5es positivas. Ao final, agradeceu aos estudantes pela postura respeitosa e democr\u00e1tica nas manifesta\u00e7\u00f5es realizadas.<\/p>\n","protected":false},"excerpt":{"rendered":"<p>O vice-reitor da Universidade Estadual de Santa Cruz (Uesc), professor Maur\u00edcio Moreau, reuniu-se na tarde&#8230;<\/p>\n","protected":false},"author":1,"featured_media":6614,"comment_status":"open","ping_status":"open","sticky":false,"template":"","format":"standard","meta":{"footnotes":""},"categories":[4,11],"tags":[2348,1813,1422,831,352],"yoast_head":"<!-- This site is optimized with the Yoast SEO plugin v21.7 - https:\/\/yoast.com\/wordpress\/plugins\/seo\/ -->\n<title>Vice reitor da UESC recebe estudantes de medicina e anuncia sele\u00e7\u00e3o para novos docentes, autorizada pelo Estado. - Cacau News<\/title>\n<meta name=\"robots\" content=\"index, follow, max-snippet:-1, max-image-preview:large, max-video-preview:-1\" \/>\n<link rel=\"canonical\" href=\"https:\/\/cacaunews.com\/?p=6616\" \/>\n<meta property=\"og:locale\" content=\"pt_BR\" \/>\n<meta property=\"og:type\" content=\"article\" \/>\n<meta property=\"og:title\" content=\"Vice reitor da UESC recebe estudantes de medicina e anuncia sele\u00e7\u00e3o para novos docentes, autorizada pelo Estado. - Cacau News\" \/>\n<meta property=\"og:description\" content=\"O vice-reitor da Universidade Estadual de Santa Cruz (Uesc), professor Maur\u00edcio Moreau, reuniu-se na tarde...\" \/>\n<meta property=\"og:url\" content=\"https:\/\/cacaunews.com\/?p=6616\" \/>\n<meta property=\"og:site_name\" content=\"Cacau News\" \/>\n<meta property=\"article:published_time\" content=\"2025-07-25T13:00:48+00:00\" \/>\n<meta property=\"article:modified_time\" content=\"2025-07-25T17:40:38+00:00\" \/>\n<meta property=\"og:image\" content=\"https:\/\/cacaunews.com\/wp-content\/uploads\/2025\/07\/240725ReuniC3A3oEstudantesdeMedicinaFoto-JC3BAliaBarreto282429-scaled.jpg\" \/>\n\t<meta property=\"og:image:width\" content=\"2560\" \/>\n\t<meta property=\"og:image:height\" content=\"1707\" \/>\n\t<meta property=\"og:image:type\" content=\"image\/jpeg\" \/>\n<meta name=\"author\" content=\"Reda\u00e7\u00e3o Cacau News\" \/>\n<meta name=\"twitter:card\" content=\"summary_large_image\" \/>\n<meta name=\"twitter:label1\" content=\"Escrito por\" \/>\n\t<meta name=\"twitter:data1\" content=\"Reda\u00e7\u00e3o Cacau News\" \/>\n\t<meta name=\"twitter:label2\" content=\"Est. tempo de leitura\" \/>\n\t<meta name=\"twitter:data2\" content=\"1 minuto\" \/>\n<script type=\"application\/ld+json\" class=\"yoast-schema-graph\">{\"@context\":\"https:\/\/schema.org\",\"@graph\":[{\"@type\":\"Article\",\"@id\":\"https:\/\/cacaunews.com\/?p=6616#article\",\"isPartOf\":{\"@id\":\"https:\/\/cacaunews.com\/?p=6616\"},\"author\":{\"name\":\"Reda\u00e7\u00e3o Cacau News\",\"@id\":\"https:\/\/cacaunews.com\/#\/schema\/person\/ea69703103e606ad347ccd64bd72ef79\"},\"headline\":\"Vice reitor da UESC recebe estudantes de medicina e anuncia sele\u00e7\u00e3o para novos docentes, autorizada pelo Estado.\",\"datePublished\":\"2025-07-25T13:00:48+00:00\",\"dateModified\":\"2025-07-25T17:40:38+00:00\",\"mainEntityOfPage\":{\"@id\":\"https:\/\/cacaunews.com\/?p=6616\"},\"wordCount\":284,\"commentCount\":0,\"publisher\":{\"@id\":\"https:\/\/cacaunews.com\/#organization\"},\"keywords\":[\"docentes\",\"medicina\",\"reitoria\",\"sele\u00e7\u00e3o\",\"UESC\"],\"articleSection\":[\"Internet\",\"Jornalismo\"],\"inLanguage\":\"pt-BR\",\"potentialAction\":[{\"@type\":\"CommentAction\",\"name\":\"Comment\",\"target\":[\"https:\/\/cacaunews.com\/?p=6616#respond\"]}]},{\"@type\":\"WebPage\",\"@id\":\"https:\/\/cacaunews.com\/?p=6616\",\"url\":\"https:\/\/cacaunews.com\/?p=6616\",\"name\":\"Vice reitor da UESC recebe estudantes de medicina e anuncia sele\u00e7\u00e3o para novos docentes, autorizada pelo Estado. - Cacau News\",\"isPartOf\":{\"@id\":\"https:\/\/cacaunews.com\/#website\"},\"datePublished\":\"2025-07-25T13:00:48+00:00\",\"dateModified\":\"2025-07-25T17:40:38+00:00\",\"breadcrumb\":{\"@id\":\"https:\/\/cacaunews.com\/?p=6616#breadcrumb\"},\"inLanguage\":\"pt-BR\",\"potentialAction\":[{\"@type\":\"ReadAction\",\"target\":[\"https:\/\/cacaunews.com\/?p=6616\"]}]},{\"@type\":\"BreadcrumbList\",\"@id\":\"https:\/\/cacaunews.com\/?p=6616#breadcrumb\",\"itemListElement\":[{\"@type\":\"ListItem\",\"position\":1,\"name\":\"In\u00edcio\",\"item\":\"https:\/\/cacaunews.com\/\"},{\"@type\":\"ListItem\",\"position\":2,\"name\":\"Vice reitor da UESC recebe estudantes de medicina e anuncia sele\u00e7\u00e3o para novos docentes, autorizada pelo Estado.\"}]},{\"@type\":\"WebSite\",\"@id\":\"https:\/\/cacaunews.com\/#website\",\"url\":\"https:\/\/cacaunews.com\/\",\"name\":\"Cacau News\",\"description\":\"A Informa\u00e7\u00e3o que voc\u00ea precisa!\",\"publisher\":{\"@id\":\"https:\/\/cacaunews.com\/#organization\"},\"potentialAction\":[{\"@type\":\"SearchAction\",\"target\":{\"@type\":\"EntryPoint\",\"urlTemplate\":\"https:\/\/cacaunews.com\/?s={search_term_string}\"},\"query-input\":\"required name=search_term_string\"}],\"inLanguage\":\"pt-BR\"},{\"@type\":\"Organization\",\"@id\":\"https:\/\/cacaunews.com\/#organization\",\"name\":\"Cacau News\",\"url\":\"https:\/\/cacaunews.com\/\",\"logo\":{\"@type\":\"ImageObject\",\"inLanguage\":\"pt-BR\",\"@id\":\"https:\/\/cacaunews.com\/#\/schema\/logo\/image\/\",\"url\":\"https:\/\/cacaunews.com\/wp-content\/uploads\/2025\/01\/cropped-LOGO-NOVA.png\",\"contentUrl\":\"https:\/\/cacaunews.com\/wp-content\/uploads\/2025\/01\/cropped-LOGO-NOVA.png\",\"width\":813,\"height\":813,\"caption\":\"Cacau News\"},\"image\":{\"@id\":\"https:\/\/cacaunews.com\/#\/schema\/logo\/image\/\"},\"sameAs\":[\"https:\/\/www.instagram.com\/cacaunews.online\/\",\"https:\/\/youtube.com\/@cacaunews?si=0VXLnjl08SrWbVG9\"]},{\"@type\":\"Person\",\"@id\":\"https:\/\/cacaunews.com\/#\/schema\/person\/ea69703103e606ad347ccd64bd72ef79\",\"name\":\"Reda\u00e7\u00e3o Cacau News\",\"image\":{\"@type\":\"ImageObject\",\"inLanguage\":\"pt-BR\",\"@id\":\"https:\/\/cacaunews.com\/#\/schema\/person\/image\/\",\"url\":\"https:\/\/secure.gravatar.com\/avatar\/d79227a2a7b6cc42e8d7a8f7c284cd3a?s=96&d=mm&r=g\",\"contentUrl\":\"https:\/\/secure.gravatar.com\/avatar\/d79227a2a7b6cc42e8d7a8f7c284cd3a?s=96&d=mm&r=g\",\"caption\":\"Reda\u00e7\u00e3o Cacau News\"},\"sameAs\":[\"https:\/\/cacaunews.com\"],\"url\":\"https:\/\/cacaunews.com\/?author=1\"}]}<\/script>\n<!-- \/ Yoast SEO plugin. -->","yoast_head_json":{"title":"Vice reitor da UESC recebe estudantes de medicina e anuncia sele\u00e7\u00e3o para novos docentes, autorizada pelo Estado. - Cacau News","robots":{"index":"index","follow":"follow","max-snippet":"max-snippet:-1","max-image-preview":"max-image-preview:large","max-video-preview":"max-video-preview:-1"},"canonical":"https:\/\/cacaunews.com\/?p=6616","og_locale":"pt_BR","og_type":"article","og_title":"Vice reitor da UESC recebe estudantes de medicina e anuncia sele\u00e7\u00e3o para novos docentes, autorizada pelo Estado. - Cacau News","og_description":"O vice-reitor da Universidade Estadual de Santa Cruz (Uesc), professor Maur\u00edcio Moreau, reuniu-se na tarde...","og_url":"https:\/\/cacaunews.com\/?p=6616","og_site_name":"Cacau News","article_published_time":"2025-07-25T13:00:48+00:00","article_modified_time":"2025-07-25T17:40:38+00:00","og_image":[{"width":2560,"height":1707,"url":"https:\/\/cacaunews.com\/wp-content\/uploads\/2025\/07\/240725ReuniC3A3oEstudantesdeMedicinaFoto-JC3BAliaBarreto282429-scaled.jpg","type":"image\/jpeg"}],"author":"Reda\u00e7\u00e3o Cacau News","twitter_card":"summary_large_image","twitter_misc":{"Escrito por":"Reda\u00e7\u00e3o Cacau News","Est. tempo de leitura":"1 minuto"},"schema":{"@context":"https:\/\/schema.org","@graph":[{"@type":"Article","@id":"https:\/\/cacaunews.com\/?p=6616#article","isPartOf":{"@id":"https:\/\/cacaunews.com\/?p=6616"},"author":{"name":"Reda\u00e7\u00e3o Cacau News","@id":"https:\/\/cacaunews.com\/#\/schema\/person\/ea69703103e606ad347ccd64bd72ef79"},"headline":"Vice reitor da UESC recebe estudantes de medicina e anuncia sele\u00e7\u00e3o para novos docentes, autorizada pelo Estado.","datePublished":"2025-07-25T13:00:48+00:00","dateModified":"2025-07-25T17:40:38+00:00","mainEntityOfPage":{"@id":"https:\/\/cacaunews.com\/?p=6616"},"wordCount":284,"commentCount":0,"publisher":{"@id":"https:\/\/cacaunews.com\/#organization"},"keywords":["docentes","medicina","reitoria","sele\u00e7\u00e3o","UESC"],"articleSection":["Internet","Jornalismo"],"inLanguage":"pt-BR","potentialAction":[{"@type":"CommentAction","name":"Comment","target":["https:\/\/cacaunews.com\/?p=6616#respond"]}]},{"@type":"WebPage","@id":"https:\/\/cacaunews.com\/?p=6616","url":"https:\/\/cacaunews.com\/?p=6616","name":"Vice reitor da UESC recebe estudantes de medicina e anuncia sele\u00e7\u00e3o para novos docentes, autorizada pelo Estado. - Cacau News","isPartOf":{"@id":"https:\/\/cacaunews.com\/#website"},"datePublished":"2025-07-25T13:00:48+00:00","dateModified":"2025-07-25T17:40:38+00:00","breadcrumb":{"@id":"https:\/\/cacaunews.com\/?p=6616#breadcrumb"},"inLanguage":"pt-BR","potentialAction":[{"@type":"ReadAction","target":["https:\/\/cacaunews.com\/?p=6616"]}]},{"@type":"BreadcrumbList","@id":"https:\/\/cacaunews.com\/?p=6616#breadcrumb","itemListElement":[{"@type":"ListItem","position":1,"name":"In\u00edcio","item":"https:\/\/cacaunews.com\/"},{"@type":"ListItem","position":2,"name":"Vice reitor da UESC recebe estudantes de medicina e anuncia sele\u00e7\u00e3o para novos docentes, autorizada pelo Estado."}]},{"@type":"WebSite","@id":"https:\/\/cacaunews.com\/#website","url":"https:\/\/cacaunews.com\/","name":"Cacau News","description":"A Informa\u00e7\u00e3o que voc\u00ea precisa!","publisher":{"@id":"https:\/\/cacaunews.com\/#organization"},"potentialAction":[{"@type":"SearchAction","target":{"@type":"EntryPoint","urlTemplate":"https:\/\/cacaunews.com\/?s={search_term_string}"},"query-input":"required name=search_term_string"}],"inLanguage":"pt-BR"},{"@type":"Organization","@id":"https:\/\/cacaunews.com\/#organization","name":"Cacau News","url":"https:\/\/cacaunews.com\/","logo":{"@type":"ImageObject","inLanguage":"pt-BR","@id":"https:\/\/cacaunews.com\/#\/schema\/logo\/image\/","url":"https:\/\/cacaunews.com\/wp-content\/uploads\/2025\/01\/cropped-LOGO-NOVA.png","contentUrl":"https:\/\/cacaunews.com\/wp-content\/uploads\/2025\/01\/cropped-LOGO-NOVA.png","width":813,"height":813,"caption":"Cacau News"},"image":{"@id":"https:\/\/cacaunews.com\/#\/schema\/logo\/image\/"},"sameAs":["https:\/\/www.instagram.com\/cacaunews.online\/","https:\/\/youtube.com\/@cacaunews?si=0VXLnjl08SrWbVG9"]},{"@type":"Person","@id":"https:\/\/cacaunews.com\/#\/schema\/person\/ea69703103e606ad347ccd64bd72ef79","name":"Reda\u00e7\u00e3o Cacau News","image":{"@type":"ImageObject","inLanguage":"pt-BR","@id":"https:\/\/cacaunews.com\/#\/schema\/person\/image\/","url":"https:\/\/secure.gravatar.com\/avatar\/d79227a2a7b6cc42e8d7a8f7c284cd3a?s=96&d=mm&r=g","contentUrl":"https:\/\/secure.gravatar.com\/avatar\/d79227a2a7b6cc42e8d7a8f7c284cd3a?s=96&d=mm&r=g","caption":"Reda\u00e7\u00e3o Cacau News"},"sameAs":["https:\/\/cacaunews.com"],"url":"https:\/\/cacaunews.com\/?author=1"}]}},"jetpack_sharing_enabled":true,"jetpack_featured_media_url":"https:\/\/cacaunews.com\/wp-content\/uploads\/2025\/07\/240725ReuniC3A3oEstudantesdeMedicinaFoto-JC3BAliaBarreto282429-scaled.jpg","_links":{"self":[{"href":"https:\/\/cacaunews.com\/index.php?rest_route=\/wp\/v2\/posts\/6616"}],"collection":[{"href":"https:\/\/cacaunews.com\/index.php?rest_route=\/wp\/v2\/posts"}],"about":[{"href":"https:\/\/cacaunews.com\/index.php?rest_route=\/wp\/v2\/types\/post"}],"author":[{"embeddable":true,"href":"https:\/\/cacaunews.com\/index.php?rest_route=\/wp\/v2\/users\/1"}],"replies":[{"embeddable":true,"href":"https:\/\/cacaunews.com\/index.php?rest_route=%2Fwp%2Fv2%2Fcomments&post=6616"}],"version-history":[{"count":1,"href":"https:\/\/cacaunews.com\/index.php?rest_route=\/wp\/v2\/posts\/6616\/revisions"}],"predecessor-version":[{"id":6617,"href":"https:\/\/cacaunews.com\/index.php?rest_route=\/wp\/v2\/posts\/6616\/revisions\/6617"}],"wp:featuredmedia":[{"embeddable":true,"href":"https:\/\/cacaunews.com\/index.php?rest_route=\/wp\/v2\/media\/6614"}],"wp:attachment":[{"href":"https:\/\/cacaunews.com\/index.php?rest_route=%2Fwp%2Fv2%2Fmedia&parent=6616"}],"wp:term":[{"taxonomy":"category","embeddable":true,"href":"https:\/\/cacaunews.com\/index.php?rest_route=%2Fwp%2Fv2%2Fcategories&post=6616"},{"taxonomy":"post_tag","embeddable":true,"href":"https:\/\/cacaunews.com\/index.php?rest_route=%2Fwp%2Fv2%2Ftags&post=6616"}],"curies":[{"name":"wp","href":"https:\/\/api.w.org\/{rel}","templated":true}]}}