{"id":6619,"date":"2025-07-27T02:20:16","date_gmt":"2025-07-27T02:20:16","guid":{"rendered":"https:\/\/cacaunews.com\/?p=6619"},"modified":"2025-07-27T02:23:44","modified_gmt":"2025-07-27T02:23:44","slug":"igreja-batista-teosopolis-realiza-culto-de-gratidao-pelos-115-anos-de-itabuna-neste-domingo-27","status":"publish","type":"post","link":"https:\/\/cacaunews.com\/?p=6619","title":{"rendered":"Igreja Batista Teos\u00f3polis realiza culto de gratid\u00e3o pelos 115 anos de Itabuna neste domingo (27)."},"content":{"rendered":"\n<p>Em celebra\u00e7\u00e3o aos 115 anos de emancipa\u00e7\u00e3o pol\u00edtica de Itabuna, a Igreja Batista Teos\u00f3polis realiza neste domingo (27), \u00e0s 18h, um culto especial de gratid\u00e3o a Deus pela hist\u00f3ria da cidade. A data oficial do anivers\u00e1rio \u00e9 segunda-feira, dia 28, e o culto integra a programa\u00e7\u00e3o oficial comemorativa.<\/p>\n\n\n\n<p>\u201cSer\u00e1 um momento de adora\u00e7\u00e3o, gratid\u00e3o e ora\u00e7\u00e3o por Itabuna. Vamos agradecer pela cidade em que vivemos e pedir a Deus um futuro de esperan\u00e7a e justi\u00e7a para as pr\u00f3ximas gera\u00e7\u00f5es. Toda a comunidade est\u00e1 convidada a participar desse momento especial de f\u00e9 e celebra\u00e7\u00e3o\u201d, destacou o pastor titular da Teos\u00f3polis, Geraldo Meireles.<\/p>\n\n\n\n<p>A celebra\u00e7\u00e3o contar\u00e1 com a presen\u00e7a de autoridades locais, entre elas o prefeito Augusto Castro e o vice-prefeito J\u00fanior Brand\u00e3o, que tamb\u00e9m \u00e9 membro da igreja. Brand\u00e3o destacou a import\u00e2ncia hist\u00f3rica e social da institui\u00e7\u00e3o:<br \/>\u201cA Teos\u00f3polis, que completou 69 anos em mar\u00e7o, \u00e9 refer\u00eancia em projetos sociais que beneficiam Itabuna e toda a regi\u00e3o. Seu trabalho \u00e9 reconhecido e respeitado pela comunidade.\u201d, ressaltou o vice-prefeito.<\/p>\n\n\n\n<p>A atua\u00e7\u00e3o social da Teos\u00f3polis \u00e9 desenvolvida por meio da Associa\u00e7\u00e3o de Benefic\u00eancia e Cultura Teos\u00f3polis (ABCT), coordenada pelo professor da UESC e di\u00e1cono da igreja, Aur\u00e9lio Macedo. Ele destacou algumas das principais a\u00e7\u00f5es:<\/p>\n\n\n\n<p>\u201cTemos o Cabra Macho, refer\u00eancia nacional na sa\u00fade do homem, o Ambulat\u00f3rio Teos\u00f3polis, com atendimentos gratuitos em sa\u00fade; Projeto PSI-ABCT, de apoio psicol\u00f3gico; o Viver Melhor, com servi\u00e7os de autocuidado e atendimento gratuito;ABC-Semeador, voltado para crian\u00e7as em situa\u00e7\u00e3o de vulnerabilidade; Mercado Solid\u00e1rio, que garante alimenta\u00e7\u00e3o b\u00e1sica a fam\u00edlias carentes; o Projeto Morar Melhor, para constru\u00e7\u00e3o de moradias dignas, a Casa do Vov\u00f4, centro de conviv\u00eancia para idosos.\u201d, enumerou ele.<\/p>\n\n\n\n<p>\u201cA cada ano e com a solidariedade dos nossos irm\u00e3os temos ampliado e aprimorado nossos projetos\u201d , ressaltou professor Aur\u00e9lio.<\/p>\n\n\n\n<p>Al\u00e9m dessas a\u00e7\u00f5es, a igreja tamb\u00e9m mant\u00e9m: o Centro Cultural Teos\u00f3polis, voltado \u00e0 arte, cultura e preserva\u00e7\u00e3o da mem\u00f3ria; o Instituto Teos\u00f3polis, que oferece educa\u00e7\u00e3o fundamental gratuita em parceria com o munic\u00edpio; o Col\u00e9gio Batista de Itabuna (CBI), com ensino infantil e fundamental de qualidade.<\/p>\n\n\n\n<p>Outro destaque \u00e9 o Centro de Treinamento e Lazer H\u00e9lio Louren\u00e7o da Silva, o conhecido Acampamento Teos\u00f3polis, localizado na BA-001, km 10, pr\u00f3ximo \u00e0 Vila Juerana, em Ilh\u00e9us. O espa\u00e7o \u00e9 voltado \u00e0 capacita\u00e7\u00e3o e \u00e0 realiza\u00e7\u00e3o de grandes eventos.<\/p>\n\n\n\n<p>Para o vice-prefeito J\u00fanior Brand\u00e3o, a hist\u00f3ria da Teos\u00f3polis se confunde com a da pr\u00f3pria cidade:<\/p>\n\n\n\n<p>\u201cPor todas essas a\u00e7\u00f5es somos parte da hist\u00f3ria de Itabuna \u201c, diz o vice-prefeito J\u00fanior Brand\u00e3o.<\/p>\n\n\n\n<p>Exposi\u00e7\u00e3o Topon\u00edmia<\/p>\n\n\n\n<p>Quem for ao culto de domingo(27)tamb\u00e9m poder\u00e1 conhecer um pouco da hist\u00f3ria de Itabuna.<\/p>\n\n\n\n<p>Neste dia estar\u00e1 em cartaz no p\u00e1tio do Col\u00e9gio Batista de Itabuna (CBI), ao lado da Igreja Batista Teos\u00f3polis, a exposi\u00e7\u00e3o \u201cTopon\u00edmia de Itabuna: Ruas e Avenidas que Revelam Hist\u00f3rias\u201d.<\/p>\n\n\n\n<p>A mostra integra a programa\u00e7\u00e3o comemorativa pelos 115 anos de emancipa\u00e7\u00e3o pol\u00edtica do munic\u00edpio.<\/p>\n\n\n\n<p>\u00c9 fruto de uma parceria entre a Universidade Estadual de Santa Cruz (UESC), por meio do Centro de Documenta\u00e7\u00e3o e Mem\u00f3ria (CEDOC), e o Centro Cultural Teos\u00f3polis (CCT), a exposi\u00e7\u00e3o destaca figuras hist\u00f3ricas que d\u00e3o nome a logradouros da cidade, revelando suas trajet\u00f3rias e contribui\u00e7\u00f5es para o desenvolvimento de Itabuna<\/p>\n\n\n\n<p>Com Informa\u00e7\u00f5es Blog Costa do Cacau.<\/p>\n","protected":false},"excerpt":{"rendered":"<p>Em celebra\u00e7\u00e3o aos 115 anos de emancipa\u00e7\u00e3o pol\u00edtica de Itabuna, a Igreja Batista Teos\u00f3polis realiza&#8230;<\/p>\n","protected":false},"author":1,"featured_media":6618,"comment_status":"open","ping_status":"open","sticky":false,"template":"","format":"standard","meta":{"footnotes":""},"categories":[18,11],"tags":[],"yoast_head":"<!-- This site is optimized with the Yoast SEO plugin v21.7 - https:\/\/yoast.com\/wordpress\/plugins\/seo\/ -->\n<title>Igreja Batista Teos\u00f3polis realiza culto de gratid\u00e3o pelos 115 anos de Itabuna neste domingo (27). - Cacau News<\/title>\n<meta name=\"robots\" content=\"index, follow, max-snippet:-1, max-image-preview:large, max-video-preview:-1\" \/>\n<link rel=\"canonical\" href=\"https:\/\/cacaunews.com\/?p=6619\" \/>\n<meta property=\"og:locale\" content=\"pt_BR\" \/>\n<meta property=\"og:type\" content=\"article\" \/>\n<meta property=\"og:title\" content=\"Igreja Batista Teos\u00f3polis realiza culto de gratid\u00e3o pelos 115 anos de Itabuna neste domingo (27). - Cacau News\" \/>\n<meta property=\"og:description\" content=\"Em celebra\u00e7\u00e3o aos 115 anos de emancipa\u00e7\u00e3o pol\u00edtica de Itabuna, a Igreja Batista Teos\u00f3polis realiza...\" \/>\n<meta property=\"og:url\" content=\"https:\/\/cacaunews.com\/?p=6619\" \/>\n<meta property=\"og:site_name\" content=\"Cacau News\" \/>\n<meta property=\"article:published_time\" content=\"2025-07-27T02:20:16+00:00\" \/>\n<meta property=\"article:modified_time\" content=\"2025-07-27T02:23:44+00:00\" \/>\n<meta property=\"og:image\" content=\"https:\/\/cacaunews.com\/wp-content\/uploads\/2025\/07\/77b30626-5190-4822-a114-a0a281562e2e-scaled-1.jpg\" \/>\n\t<meta property=\"og:image:width\" content=\"800\" \/>\n\t<meta property=\"og:image:height\" content=\"600\" \/>\n\t<meta property=\"og:image:type\" content=\"image\/jpeg\" \/>\n<meta name=\"author\" content=\"Reda\u00e7\u00e3o Cacau News\" \/>\n<meta name=\"twitter:card\" content=\"summary_large_image\" \/>\n<meta name=\"twitter:label1\" content=\"Escrito por\" \/>\n\t<meta name=\"twitter:data1\" content=\"Reda\u00e7\u00e3o Cacau News\" \/>\n\t<meta name=\"twitter:label2\" content=\"Est. tempo de leitura\" \/>\n\t<meta name=\"twitter:data2\" content=\"3 minutos\" \/>\n<script type=\"application\/ld+json\" class=\"yoast-schema-graph\">{\"@context\":\"https:\/\/schema.org\",\"@graph\":[{\"@type\":\"Article\",\"@id\":\"https:\/\/cacaunews.com\/?p=6619#article\",\"isPartOf\":{\"@id\":\"https:\/\/cacaunews.com\/?p=6619\"},\"author\":{\"name\":\"Reda\u00e7\u00e3o Cacau News\",\"@id\":\"https:\/\/cacaunews.com\/#\/schema\/person\/ea69703103e606ad347ccd64bd72ef79\"},\"headline\":\"Igreja Batista Teos\u00f3polis realiza culto de gratid\u00e3o pelos 115 anos de Itabuna neste domingo (27).\",\"datePublished\":\"2025-07-27T02:20:16+00:00\",\"dateModified\":\"2025-07-27T02:23:44+00:00\",\"mainEntityOfPage\":{\"@id\":\"https:\/\/cacaunews.com\/?p=6619\"},\"wordCount\":626,\"commentCount\":0,\"publisher\":{\"@id\":\"https:\/\/cacaunews.com\/#organization\"},\"articleSection\":[\"cidades\",\"Jornalismo\"],\"inLanguage\":\"pt-BR\",\"potentialAction\":[{\"@type\":\"CommentAction\",\"name\":\"Comment\",\"target\":[\"https:\/\/cacaunews.com\/?p=6619#respond\"]}]},{\"@type\":\"WebPage\",\"@id\":\"https:\/\/cacaunews.com\/?p=6619\",\"url\":\"https:\/\/cacaunews.com\/?p=6619\",\"name\":\"Igreja Batista Teos\u00f3polis realiza culto de gratid\u00e3o pelos 115 anos de Itabuna neste domingo (27). - Cacau News\",\"isPartOf\":{\"@id\":\"https:\/\/cacaunews.com\/#website\"},\"datePublished\":\"2025-07-27T02:20:16+00:00\",\"dateModified\":\"2025-07-27T02:23:44+00:00\",\"breadcrumb\":{\"@id\":\"https:\/\/cacaunews.com\/?p=6619#breadcrumb\"},\"inLanguage\":\"pt-BR\",\"potentialAction\":[{\"@type\":\"ReadAction\",\"target\":[\"https:\/\/cacaunews.com\/?p=6619\"]}]},{\"@type\":\"BreadcrumbList\",\"@id\":\"https:\/\/cacaunews.com\/?p=6619#breadcrumb\",\"itemListElement\":[{\"@type\":\"ListItem\",\"position\":1,\"name\":\"In\u00edcio\",\"item\":\"https:\/\/cacaunews.com\/\"},{\"@type\":\"ListItem\",\"position\":2,\"name\":\"Igreja Batista Teos\u00f3polis realiza culto de gratid\u00e3o pelos 115 anos de Itabuna neste domingo (27).\"}]},{\"@type\":\"WebSite\",\"@id\":\"https:\/\/cacaunews.com\/#website\",\"url\":\"https:\/\/cacaunews.com\/\",\"name\":\"Cacau News\",\"description\":\"A Informa\u00e7\u00e3o que voc\u00ea precisa!\",\"publisher\":{\"@id\":\"https:\/\/cacaunews.com\/#organization\"},\"potentialAction\":[{\"@type\":\"SearchAction\",\"target\":{\"@type\":\"EntryPoint\",\"urlTemplate\":\"https:\/\/cacaunews.com\/?s={search_term_string}\"},\"query-input\":\"required name=search_term_string\"}],\"inLanguage\":\"pt-BR\"},{\"@type\":\"Organization\",\"@id\":\"https:\/\/cacaunews.com\/#organization\",\"name\":\"Cacau News\",\"url\":\"https:\/\/cacaunews.com\/\",\"logo\":{\"@type\":\"ImageObject\",\"inLanguage\":\"pt-BR\",\"@id\":\"https:\/\/cacaunews.com\/#\/schema\/logo\/image\/\",\"url\":\"https:\/\/cacaunews.com\/wp-content\/uploads\/2025\/01\/cropped-LOGO-NOVA.png\",\"contentUrl\":\"https:\/\/cacaunews.com\/wp-content\/uploads\/2025\/01\/cropped-LOGO-NOVA.png\",\"width\":813,\"height\":813,\"caption\":\"Cacau News\"},\"image\":{\"@id\":\"https:\/\/cacaunews.com\/#\/schema\/logo\/image\/\"},\"sameAs\":[\"https:\/\/www.instagram.com\/cacaunews.online\/\",\"https:\/\/youtube.com\/@cacaunews?si=0VXLnjl08SrWbVG9\"]},{\"@type\":\"Person\",\"@id\":\"https:\/\/cacaunews.com\/#\/schema\/person\/ea69703103e606ad347ccd64bd72ef79\",\"name\":\"Reda\u00e7\u00e3o Cacau News\",\"image\":{\"@type\":\"ImageObject\",\"inLanguage\":\"pt-BR\",\"@id\":\"https:\/\/cacaunews.com\/#\/schema\/person\/image\/\",\"url\":\"https:\/\/secure.gravatar.com\/avatar\/d79227a2a7b6cc42e8d7a8f7c284cd3a?s=96&d=mm&r=g\",\"contentUrl\":\"https:\/\/secure.gravatar.com\/avatar\/d79227a2a7b6cc42e8d7a8f7c284cd3a?s=96&d=mm&r=g\",\"caption\":\"Reda\u00e7\u00e3o Cacau News\"},\"sameAs\":[\"https:\/\/cacaunews.com\"],\"url\":\"https:\/\/cacaunews.com\/?author=1\"}]}<\/script>\n<!-- \/ Yoast SEO plugin. -->","yoast_head_json":{"title":"Igreja Batista Teos\u00f3polis realiza culto de gratid\u00e3o pelos 115 anos de Itabuna neste domingo (27). - Cacau News","robots":{"index":"index","follow":"follow","max-snippet":"max-snippet:-1","max-image-preview":"max-image-preview:large","max-video-preview":"max-video-preview:-1"},"canonical":"https:\/\/cacaunews.com\/?p=6619","og_locale":"pt_BR","og_type":"article","og_title":"Igreja Batista Teos\u00f3polis realiza culto de gratid\u00e3o pelos 115 anos de Itabuna neste domingo (27). - Cacau News","og_description":"Em celebra\u00e7\u00e3o aos 115 anos de emancipa\u00e7\u00e3o pol\u00edtica de Itabuna, a Igreja Batista Teos\u00f3polis realiza...","og_url":"https:\/\/cacaunews.com\/?p=6619","og_site_name":"Cacau News","article_published_time":"2025-07-27T02:20:16+00:00","article_modified_time":"2025-07-27T02:23:44+00:00","og_image":[{"width":800,"height":600,"url":"https:\/\/cacaunews.com\/wp-content\/uploads\/2025\/07\/77b30626-5190-4822-a114-a0a281562e2e-scaled-1.jpg","type":"image\/jpeg"}],"author":"Reda\u00e7\u00e3o Cacau News","twitter_card":"summary_large_image","twitter_misc":{"Escrito por":"Reda\u00e7\u00e3o Cacau News","Est. tempo de leitura":"3 minutos"},"schema":{"@context":"https:\/\/schema.org","@graph":[{"@type":"Article","@id":"https:\/\/cacaunews.com\/?p=6619#article","isPartOf":{"@id":"https:\/\/cacaunews.com\/?p=6619"},"author":{"name":"Reda\u00e7\u00e3o Cacau News","@id":"https:\/\/cacaunews.com\/#\/schema\/person\/ea69703103e606ad347ccd64bd72ef79"},"headline":"Igreja Batista Teos\u00f3polis realiza culto de gratid\u00e3o pelos 115 anos de Itabuna neste domingo (27).","datePublished":"2025-07-27T02:20:16+00:00","dateModified":"2025-07-27T02:23:44+00:00","mainEntityOfPage":{"@id":"https:\/\/cacaunews.com\/?p=6619"},"wordCount":626,"commentCount":0,"publisher":{"@id":"https:\/\/cacaunews.com\/#organization"},"articleSection":["cidades","Jornalismo"],"inLanguage":"pt-BR","potentialAction":[{"@type":"CommentAction","name":"Comment","target":["https:\/\/cacaunews.com\/?p=6619#respond"]}]},{"@type":"WebPage","@id":"https:\/\/cacaunews.com\/?p=6619","url":"https:\/\/cacaunews.com\/?p=6619","name":"Igreja Batista Teos\u00f3polis realiza culto de gratid\u00e3o pelos 115 anos de Itabuna neste domingo (27). - Cacau News","isPartOf":{"@id":"https:\/\/cacaunews.com\/#website"},"datePublished":"2025-07-27T02:20:16+00:00","dateModified":"2025-07-27T02:23:44+00:00","breadcrumb":{"@id":"https:\/\/cacaunews.com\/?p=6619#breadcrumb"},"inLanguage":"pt-BR","potentialAction":[{"@type":"ReadAction","target":["https:\/\/cacaunews.com\/?p=6619"]}]},{"@type":"BreadcrumbList","@id":"https:\/\/cacaunews.com\/?p=6619#breadcrumb","itemListElement":[{"@type":"ListItem","position":1,"name":"In\u00edcio","item":"https:\/\/cacaunews.com\/"},{"@type":"ListItem","position":2,"name":"Igreja Batista Teos\u00f3polis realiza culto de gratid\u00e3o pelos 115 anos de Itabuna neste domingo (27)."}]},{"@type":"WebSite","@id":"https:\/\/cacaunews.com\/#website","url":"https:\/\/cacaunews.com\/","name":"Cacau News","description":"A Informa\u00e7\u00e3o que voc\u00ea precisa!","publisher":{"@id":"https:\/\/cacaunews.com\/#organization"},"potentialAction":[{"@type":"SearchAction","target":{"@type":"EntryPoint","urlTemplate":"https:\/\/cacaunews.com\/?s={search_term_string}"},"query-input":"required name=search_term_string"}],"inLanguage":"pt-BR"},{"@type":"Organization","@id":"https:\/\/cacaunews.com\/#organization","name":"Cacau News","url":"https:\/\/cacaunews.com\/","logo":{"@type":"ImageObject","inLanguage":"pt-BR","@id":"https:\/\/cacaunews.com\/#\/schema\/logo\/image\/","url":"https:\/\/cacaunews.com\/wp-content\/uploads\/2025\/01\/cropped-LOGO-NOVA.png","contentUrl":"https:\/\/cacaunews.com\/wp-content\/uploads\/2025\/01\/cropped-LOGO-NOVA.png","width":813,"height":813,"caption":"Cacau News"},"image":{"@id":"https:\/\/cacaunews.com\/#\/schema\/logo\/image\/"},"sameAs":["https:\/\/www.instagram.com\/cacaunews.online\/","https:\/\/youtube.com\/@cacaunews?si=0VXLnjl08SrWbVG9"]},{"@type":"Person","@id":"https:\/\/cacaunews.com\/#\/schema\/person\/ea69703103e606ad347ccd64bd72ef79","name":"Reda\u00e7\u00e3o Cacau News","image":{"@type":"ImageObject","inLanguage":"pt-BR","@id":"https:\/\/cacaunews.com\/#\/schema\/person\/image\/","url":"https:\/\/secure.gravatar.com\/avatar\/d79227a2a7b6cc42e8d7a8f7c284cd3a?s=96&d=mm&r=g","contentUrl":"https:\/\/secure.gravatar.com\/avatar\/d79227a2a7b6cc42e8d7a8f7c284cd3a?s=96&d=mm&r=g","caption":"Reda\u00e7\u00e3o Cacau News"},"sameAs":["https:\/\/cacaunews.com"],"url":"https:\/\/cacaunews.com\/?author=1"}]}},"jetpack_sharing_enabled":true,"jetpack_featured_media_url":"https:\/\/cacaunews.com\/wp-content\/uploads\/2025\/07\/77b30626-5190-4822-a114-a0a281562e2e-scaled-1.jpg","_links":{"self":[{"href":"https:\/\/cacaunews.com\/index.php?rest_route=\/wp\/v2\/posts\/6619"}],"collection":[{"href":"https:\/\/cacaunews.com\/index.php?rest_route=\/wp\/v2\/posts"}],"about":[{"href":"https:\/\/cacaunews.com\/index.php?rest_route=\/wp\/v2\/types\/post"}],"author":[{"embeddable":true,"href":"https:\/\/cacaunews.com\/index.php?rest_route=\/wp\/v2\/users\/1"}],"replies":[{"embeddable":true,"href":"https:\/\/cacaunews.com\/index.php?rest_route=%2Fwp%2Fv2%2Fcomments&post=6619"}],"version-history":[{"count":1,"href":"https:\/\/cacaunews.com\/index.php?rest_route=\/wp\/v2\/posts\/6619\/revisions"}],"predecessor-version":[{"id":6620,"href":"https:\/\/cacaunews.com\/index.php?rest_route=\/wp\/v2\/posts\/6619\/revisions\/6620"}],"wp:featuredmedia":[{"embeddable":true,"href":"https:\/\/cacaunews.com\/index.php?rest_route=\/wp\/v2\/media\/6618"}],"wp:attachment":[{"href":"https:\/\/cacaunews.com\/index.php?rest_route=%2Fwp%2Fv2%2Fmedia&parent=6619"}],"wp:term":[{"taxonomy":"category","embeddable":true,"href":"https:\/\/cacaunews.com\/index.php?rest_route=%2Fwp%2Fv2%2Fcategories&post=6619"},{"taxonomy":"post_tag","embeddable":true,"href":"https:\/\/cacaunews.com\/index.php?rest_route=%2Fwp%2Fv2%2Ftags&post=6619"}],"curies":[{"name":"wp","href":"https:\/\/api.w.org\/{rel}","templated":true}]}}