{"id":6631,"date":"2025-06-13T09:12:55","date_gmt":"2025-06-13T09:12:55","guid":{"rendered":"https:\/\/cacaunews.com\/?p=6631"},"modified":"2025-07-29T04:16:43","modified_gmt":"2025-07-29T04:16:43","slug":"embraer-projeta-demanda-global-de-105-mil-avioes-de-ate-150-assentos-ate-2044","status":"publish","type":"post","link":"https:\/\/cacaunews.com\/?p=6631","title":{"rendered":"Embraer projeta demanda global de 10,5\u202fmil avi\u00f5es de at\u00e9 150 assentos at\u00e9 2044."},"content":{"rendered":"<p>A Embraer divulgou seu relat\u00f3rio Market Outlook 2025, estimando uma demanda global de 10.500 aeronaves (8.720 jatos e 1.780 turbo\u00e9lices) nos pr\u00f3ximos 20 anos, representando um mercado total de US$\u202f680 bilh\u00f5es. A Am\u00e9rica do Norte deve responder por 30,7% das entregas de jatos, seguida por Europa, China e Am\u00e9rica Latina (~8,8%).<\/p>\n<p> O relat\u00f3rio refor\u00e7a a relev\u00e2ncia estrat\u00e9gica da Embraer no segmento regional, refor\u00e7ando as oportunidades de crescimento tanto em mercados maduros quanto emergentes. A proje\u00e7\u00e3o refor\u00e7a o case de longo prazo, mas tamb\u00e9m ressalta que grande parte do mercado (>70%) estar\u00e1 em regi\u00f5es com forte concorr\u00eancia e altos requisitos normativos. A estabilidade da previs\u00e3o, alinhada ao crescimento anual do tr\u00e1fego de passageiros (3,9% a.a.), indica visibilidade para investimentos em produ\u00e7\u00e3o e servi\u00e7os de p\u00f3s-venda \u2014 o que pode sustentar o valuation da empresa.<\/p>\n","protected":false},"excerpt":{"rendered":"<p>A Embraer divulgou seu relat\u00f3rio Market Outlook 2025, estimando uma demanda global de 10.500 aeronaves&#8230;<\/p>\n","protected":false},"author":1,"featured_media":6632,"comment_status":"open","ping_status":"open","sticky":false,"template":"","format":"standard","meta":{"footnotes":""},"categories":[4,11],"tags":[941,2359,2358,2357,2116],"yoast_head":"<!-- This site is optimized with the Yoast SEO plugin v21.7 - https:\/\/yoast.com\/wordpress\/plugins\/seo\/ -->\n<title>Embraer projeta demanda global de 10,5\u202fmil avi\u00f5es de at\u00e9 150 assentos at\u00e9 2044. - Cacau News<\/title>\n<meta name=\"robots\" content=\"index, follow, max-snippet:-1, max-image-preview:large, max-video-preview:-1\" \/>\n<link rel=\"canonical\" href=\"https:\/\/cacaunews.com\/?p=6631\" \/>\n<meta property=\"og:locale\" content=\"pt_BR\" \/>\n<meta property=\"og:type\" content=\"article\" \/>\n<meta property=\"og:title\" content=\"Embraer projeta demanda global de 10,5\u202fmil avi\u00f5es de at\u00e9 150 assentos at\u00e9 2044. - Cacau News\" \/>\n<meta property=\"og:description\" content=\"A Embraer divulgou seu relat\u00f3rio Market Outlook 2025, estimando uma demanda global de 10.500 aeronaves...\" \/>\n<meta property=\"og:url\" content=\"https:\/\/cacaunews.com\/?p=6631\" \/>\n<meta property=\"og:site_name\" content=\"Cacau News\" \/>\n<meta property=\"article:published_time\" content=\"2025-06-13T09:12:55+00:00\" \/>\n<meta property=\"article:modified_time\" content=\"2025-07-29T04:16:43+00:00\" \/>\n<meta property=\"og:image\" content=\"https:\/\/cacaunews.com\/wp-content\/uploads\/2025\/07\/Embraer-1.jpg\" \/>\n\t<meta property=\"og:image:width\" content=\"1600\" \/>\n\t<meta property=\"og:image:height\" content=\"900\" \/>\n\t<meta property=\"og:image:type\" content=\"image\/jpeg\" \/>\n<meta name=\"author\" content=\"Reda\u00e7\u00e3o Cacau News\" \/>\n<meta name=\"twitter:card\" content=\"summary_large_image\" \/>\n<meta name=\"twitter:label1\" content=\"Escrito por\" \/>\n\t<meta name=\"twitter:data1\" content=\"Reda\u00e7\u00e3o Cacau News\" \/>\n\t<meta name=\"twitter:label2\" content=\"Est. tempo de leitura\" \/>\n\t<meta name=\"twitter:data2\" content=\"1 minuto\" \/>\n<script type=\"application\/ld+json\" class=\"yoast-schema-graph\">{\"@context\":\"https:\/\/schema.org\",\"@graph\":[{\"@type\":\"Article\",\"@id\":\"https:\/\/cacaunews.com\/?p=6631#article\",\"isPartOf\":{\"@id\":\"https:\/\/cacaunews.com\/?p=6631\"},\"author\":{\"name\":\"Reda\u00e7\u00e3o Cacau News\",\"@id\":\"https:\/\/cacaunews.com\/#\/schema\/person\/ea69703103e606ad347ccd64bd72ef79\"},\"headline\":\"Embraer projeta demanda global de 10,5\u202fmil avi\u00f5es de at\u00e9 150 assentos at\u00e9 2044.\",\"datePublished\":\"2025-06-13T09:12:55+00:00\",\"dateModified\":\"2025-07-29T04:16:43+00:00\",\"mainEntityOfPage\":{\"@id\":\"https:\/\/cacaunews.com\/?p=6631\"},\"wordCount\":157,\"commentCount\":0,\"publisher\":{\"@id\":\"https:\/\/cacaunews.com\/#organization\"},\"keywords\":[\"avia\u00e7\u00e3o\",\"avi\u00f5es\",\"demanda global\",\"embraer\",\"proje\u00e7\u00e3o\"],\"articleSection\":[\"Internet\",\"Jornalismo\"],\"inLanguage\":\"pt-BR\",\"potentialAction\":[{\"@type\":\"CommentAction\",\"name\":\"Comment\",\"target\":[\"https:\/\/cacaunews.com\/?p=6631#respond\"]}]},{\"@type\":\"WebPage\",\"@id\":\"https:\/\/cacaunews.com\/?p=6631\",\"url\":\"https:\/\/cacaunews.com\/?p=6631\",\"name\":\"Embraer projeta demanda global de 10,5\u202fmil avi\u00f5es de at\u00e9 150 assentos at\u00e9 2044. - Cacau News\",\"isPartOf\":{\"@id\":\"https:\/\/cacaunews.com\/#website\"},\"datePublished\":\"2025-06-13T09:12:55+00:00\",\"dateModified\":\"2025-07-29T04:16:43+00:00\",\"breadcrumb\":{\"@id\":\"https:\/\/cacaunews.com\/?p=6631#breadcrumb\"},\"inLanguage\":\"pt-BR\",\"potentialAction\":[{\"@type\":\"ReadAction\",\"target\":[\"https:\/\/cacaunews.com\/?p=6631\"]}]},{\"@type\":\"BreadcrumbList\",\"@id\":\"https:\/\/cacaunews.com\/?p=6631#breadcrumb\",\"itemListElement\":[{\"@type\":\"ListItem\",\"position\":1,\"name\":\"In\u00edcio\",\"item\":\"https:\/\/cacaunews.com\/\"},{\"@type\":\"ListItem\",\"position\":2,\"name\":\"Embraer projeta demanda global de 10,5\u202fmil avi\u00f5es de at\u00e9 150 assentos at\u00e9 2044.\"}]},{\"@type\":\"WebSite\",\"@id\":\"https:\/\/cacaunews.com\/#website\",\"url\":\"https:\/\/cacaunews.com\/\",\"name\":\"Cacau News\",\"description\":\"A Informa\u00e7\u00e3o que voc\u00ea precisa!\",\"publisher\":{\"@id\":\"https:\/\/cacaunews.com\/#organization\"},\"potentialAction\":[{\"@type\":\"SearchAction\",\"target\":{\"@type\":\"EntryPoint\",\"urlTemplate\":\"https:\/\/cacaunews.com\/?s={search_term_string}\"},\"query-input\":\"required name=search_term_string\"}],\"inLanguage\":\"pt-BR\"},{\"@type\":\"Organization\",\"@id\":\"https:\/\/cacaunews.com\/#organization\",\"name\":\"Cacau News\",\"url\":\"https:\/\/cacaunews.com\/\",\"logo\":{\"@type\":\"ImageObject\",\"inLanguage\":\"pt-BR\",\"@id\":\"https:\/\/cacaunews.com\/#\/schema\/logo\/image\/\",\"url\":\"https:\/\/cacaunews.com\/wp-content\/uploads\/2025\/01\/cropped-LOGO-NOVA.png\",\"contentUrl\":\"https:\/\/cacaunews.com\/wp-content\/uploads\/2025\/01\/cropped-LOGO-NOVA.png\",\"width\":813,\"height\":813,\"caption\":\"Cacau News\"},\"image\":{\"@id\":\"https:\/\/cacaunews.com\/#\/schema\/logo\/image\/\"},\"sameAs\":[\"https:\/\/www.instagram.com\/cacaunews.online\/\",\"https:\/\/youtube.com\/@cacaunews?si=0VXLnjl08SrWbVG9\"]},{\"@type\":\"Person\",\"@id\":\"https:\/\/cacaunews.com\/#\/schema\/person\/ea69703103e606ad347ccd64bd72ef79\",\"name\":\"Reda\u00e7\u00e3o Cacau News\",\"image\":{\"@type\":\"ImageObject\",\"inLanguage\":\"pt-BR\",\"@id\":\"https:\/\/cacaunews.com\/#\/schema\/person\/image\/\",\"url\":\"https:\/\/secure.gravatar.com\/avatar\/d79227a2a7b6cc42e8d7a8f7c284cd3a?s=96&d=mm&r=g\",\"contentUrl\":\"https:\/\/secure.gravatar.com\/avatar\/d79227a2a7b6cc42e8d7a8f7c284cd3a?s=96&d=mm&r=g\",\"caption\":\"Reda\u00e7\u00e3o Cacau News\"},\"sameAs\":[\"https:\/\/cacaunews.com\"],\"url\":\"https:\/\/cacaunews.com\/?author=1\"}]}<\/script>\n<!-- \/ Yoast SEO plugin. -->","yoast_head_json":{"title":"Embraer projeta demanda global de 10,5\u202fmil avi\u00f5es de at\u00e9 150 assentos at\u00e9 2044. - Cacau News","robots":{"index":"index","follow":"follow","max-snippet":"max-snippet:-1","max-image-preview":"max-image-preview:large","max-video-preview":"max-video-preview:-1"},"canonical":"https:\/\/cacaunews.com\/?p=6631","og_locale":"pt_BR","og_type":"article","og_title":"Embraer projeta demanda global de 10,5\u202fmil avi\u00f5es de at\u00e9 150 assentos at\u00e9 2044. - Cacau News","og_description":"A Embraer divulgou seu relat\u00f3rio Market Outlook 2025, estimando uma demanda global de 10.500 aeronaves...","og_url":"https:\/\/cacaunews.com\/?p=6631","og_site_name":"Cacau News","article_published_time":"2025-06-13T09:12:55+00:00","article_modified_time":"2025-07-29T04:16:43+00:00","og_image":[{"width":1600,"height":900,"url":"https:\/\/cacaunews.com\/wp-content\/uploads\/2025\/07\/Embraer-1.jpg","type":"image\/jpeg"}],"author":"Reda\u00e7\u00e3o Cacau News","twitter_card":"summary_large_image","twitter_misc":{"Escrito por":"Reda\u00e7\u00e3o Cacau News","Est. tempo de leitura":"1 minuto"},"schema":{"@context":"https:\/\/schema.org","@graph":[{"@type":"Article","@id":"https:\/\/cacaunews.com\/?p=6631#article","isPartOf":{"@id":"https:\/\/cacaunews.com\/?p=6631"},"author":{"name":"Reda\u00e7\u00e3o Cacau News","@id":"https:\/\/cacaunews.com\/#\/schema\/person\/ea69703103e606ad347ccd64bd72ef79"},"headline":"Embraer projeta demanda global de 10,5\u202fmil avi\u00f5es de at\u00e9 150 assentos at\u00e9 2044.","datePublished":"2025-06-13T09:12:55+00:00","dateModified":"2025-07-29T04:16:43+00:00","mainEntityOfPage":{"@id":"https:\/\/cacaunews.com\/?p=6631"},"wordCount":157,"commentCount":0,"publisher":{"@id":"https:\/\/cacaunews.com\/#organization"},"keywords":["avia\u00e7\u00e3o","avi\u00f5es","demanda global","embraer","proje\u00e7\u00e3o"],"articleSection":["Internet","Jornalismo"],"inLanguage":"pt-BR","potentialAction":[{"@type":"CommentAction","name":"Comment","target":["https:\/\/cacaunews.com\/?p=6631#respond"]}]},{"@type":"WebPage","@id":"https:\/\/cacaunews.com\/?p=6631","url":"https:\/\/cacaunews.com\/?p=6631","name":"Embraer projeta demanda global de 10,5\u202fmil avi\u00f5es de at\u00e9 150 assentos at\u00e9 2044. - Cacau News","isPartOf":{"@id":"https:\/\/cacaunews.com\/#website"},"datePublished":"2025-06-13T09:12:55+00:00","dateModified":"2025-07-29T04:16:43+00:00","breadcrumb":{"@id":"https:\/\/cacaunews.com\/?p=6631#breadcrumb"},"inLanguage":"pt-BR","potentialAction":[{"@type":"ReadAction","target":["https:\/\/cacaunews.com\/?p=6631"]}]},{"@type":"BreadcrumbList","@id":"https:\/\/cacaunews.com\/?p=6631#breadcrumb","itemListElement":[{"@type":"ListItem","position":1,"name":"In\u00edcio","item":"https:\/\/cacaunews.com\/"},{"@type":"ListItem","position":2,"name":"Embraer projeta demanda global de 10,5\u202fmil avi\u00f5es de at\u00e9 150 assentos at\u00e9 2044."}]},{"@type":"WebSite","@id":"https:\/\/cacaunews.com\/#website","url":"https:\/\/cacaunews.com\/","name":"Cacau News","description":"A Informa\u00e7\u00e3o que voc\u00ea precisa!","publisher":{"@id":"https:\/\/cacaunews.com\/#organization"},"potentialAction":[{"@type":"SearchAction","target":{"@type":"EntryPoint","urlTemplate":"https:\/\/cacaunews.com\/?s={search_term_string}"},"query-input":"required name=search_term_string"}],"inLanguage":"pt-BR"},{"@type":"Organization","@id":"https:\/\/cacaunews.com\/#organization","name":"Cacau News","url":"https:\/\/cacaunews.com\/","logo":{"@type":"ImageObject","inLanguage":"pt-BR","@id":"https:\/\/cacaunews.com\/#\/schema\/logo\/image\/","url":"https:\/\/cacaunews.com\/wp-content\/uploads\/2025\/01\/cropped-LOGO-NOVA.png","contentUrl":"https:\/\/cacaunews.com\/wp-content\/uploads\/2025\/01\/cropped-LOGO-NOVA.png","width":813,"height":813,"caption":"Cacau News"},"image":{"@id":"https:\/\/cacaunews.com\/#\/schema\/logo\/image\/"},"sameAs":["https:\/\/www.instagram.com\/cacaunews.online\/","https:\/\/youtube.com\/@cacaunews?si=0VXLnjl08SrWbVG9"]},{"@type":"Person","@id":"https:\/\/cacaunews.com\/#\/schema\/person\/ea69703103e606ad347ccd64bd72ef79","name":"Reda\u00e7\u00e3o Cacau News","image":{"@type":"ImageObject","inLanguage":"pt-BR","@id":"https:\/\/cacaunews.com\/#\/schema\/person\/image\/","url":"https:\/\/secure.gravatar.com\/avatar\/d79227a2a7b6cc42e8d7a8f7c284cd3a?s=96&d=mm&r=g","contentUrl":"https:\/\/secure.gravatar.com\/avatar\/d79227a2a7b6cc42e8d7a8f7c284cd3a?s=96&d=mm&r=g","caption":"Reda\u00e7\u00e3o Cacau News"},"sameAs":["https:\/\/cacaunews.com"],"url":"https:\/\/cacaunews.com\/?author=1"}]}},"jetpack_sharing_enabled":true,"jetpack_featured_media_url":"https:\/\/cacaunews.com\/wp-content\/uploads\/2025\/07\/Embraer-1.jpg","_links":{"self":[{"href":"https:\/\/cacaunews.com\/index.php?rest_route=\/wp\/v2\/posts\/6631"}],"collection":[{"href":"https:\/\/cacaunews.com\/index.php?rest_route=\/wp\/v2\/posts"}],"about":[{"href":"https:\/\/cacaunews.com\/index.php?rest_route=\/wp\/v2\/types\/post"}],"author":[{"embeddable":true,"href":"https:\/\/cacaunews.com\/index.php?rest_route=\/wp\/v2\/users\/1"}],"replies":[{"embeddable":true,"href":"https:\/\/cacaunews.com\/index.php?rest_route=%2Fwp%2Fv2%2Fcomments&post=6631"}],"version-history":[{"count":1,"href":"https:\/\/cacaunews.com\/index.php?rest_route=\/wp\/v2\/posts\/6631\/revisions"}],"predecessor-version":[{"id":6633,"href":"https:\/\/cacaunews.com\/index.php?rest_route=\/wp\/v2\/posts\/6631\/revisions\/6633"}],"wp:featuredmedia":[{"embeddable":true,"href":"https:\/\/cacaunews.com\/index.php?rest_route=\/wp\/v2\/media\/6632"}],"wp:attachment":[{"href":"https:\/\/cacaunews.com\/index.php?rest_route=%2Fwp%2Fv2%2Fmedia&parent=6631"}],"wp:term":[{"taxonomy":"category","embeddable":true,"href":"https:\/\/cacaunews.com\/index.php?rest_route=%2Fwp%2Fv2%2Fcategories&post=6631"},{"taxonomy":"post_tag","embeddable":true,"href":"https:\/\/cacaunews.com\/index.php?rest_route=%2Fwp%2Fv2%2Ftags&post=6631"}],"curies":[{"name":"wp","href":"https:\/\/api.w.org\/{rel}","templated":true}]}}