{"id":6644,"date":"2025-08-01T03:30:21","date_gmt":"2025-08-01T03:30:21","guid":{"rendered":"https:\/\/cacaunews.com\/?p=6644"},"modified":"2025-08-01T03:30:21","modified_gmt":"2025-08-01T03:30:21","slug":"itabuna-professoras-sao-demitidas-pela-prefeitura-e-alegam-perseguicao-politica","status":"publish","type":"post","link":"https:\/\/cacaunews.com\/?p=6644","title":{"rendered":"Itabuna: Professoras s\u00e3o demitidas pela prefeitura e alegam persegui\u00e7\u00e3o pol\u00edtica."},"content":{"rendered":"\n<p>Durante a celebra\u00e7\u00e3o dos 115 anos de emancipa\u00e7\u00e3o pol\u00edtica do munic\u00edpio de Itabuna, no sul do estado, o registro em que professoras da Escola Profissionalizante Maria de Lourdes Monteiro aparecem cumprimentando o ex-prefeito de Salvador ACM Neto (Uni\u00e3o Brasil) ganhou repercuss\u00e3o na cidade. A Missa em A\u00e7\u00e3o de Gra\u00e7as na Catedral de S\u00e3o Jos\u00e9, parte da comemora\u00e7\u00e3o oficial, foi realizada na \u00faltima segunda-feira (28). Tr\u00eas dias depois, duas das docentes foram demitidas sem qualquer justificativa, segundo conta uma delas. <\/p>\n\n\n\n<p id=\"paragrafo-hfbevgb3kb\">A professora Alline Nascimento alega que elas foram v\u00edtimas de \u201cpersegui\u00e7\u00e3o pol\u00edtica\u201d. &#8220;Quando o vi, eu falei: &#8216;Nossa, que legal&#8217;. O pessoal que estava comigo j\u00e1 foi abra\u00e7ando e eu tamb\u00e9m cumprimentei (ACM Neto). A gente puxou para fazer uma foto tranquila&#8221;, relatou.<\/p>\n\n\n\n<p id=\"paragrafo-tbxpd5qfhq\">Em nota, a prefeitura alegou que a demiss\u00e3o n\u00e3o possui motiva\u00e7\u00e3o pol\u00edtica e faz parte de uma &#8220;reestrutura\u00e7\u00e3o administrativa da gest\u00e3o&#8221; na institui\u00e7\u00e3o. Segundo a gest\u00e3o municipal, diversos profissionais est\u00e3o sendo desligados no processo (<em>veja na \u00edntegra no final da mat\u00e9ria<\/em>).<\/p>\n\n\n\n<p>A docente disse ainda que, ap\u00f3s a situa\u00e7\u00e3o, ouviu de colegas e pol\u00edticos locais que cumpriment\u00e1-lo havia sido um erro, porque o prefeito de Itabuna, Augusto Castro (PSD), que \u00e9 aliado do governador Jer\u00f4nimo Rodrigues (PT), considera ACM Neto um &#8220;inimigo mortal\u201d. &#8220;N\u00e3o sabia, s\u00f3 depois que tudo isso aconteceu eu vim saber&#8221;, afirmou Alline Nascimento.<\/p>\n\n\n\n<p>O v\u00eddeo come\u00e7ou a repercutir na \u00faltima ter\u00e7a-feira (29) e, desde ent\u00e3o, Alline tem escutado coment\u00e1rios de colegas sugerindo que as pessoas que aparecem nas imagens poderiam ser demitidas. &#8220;A gente soube que o prefeito estava querendo a cabe\u00e7a de todo mundo que tinha sa\u00eddo na foto, porque a gente tinha visto que ACM tinha colocado um v\u00eddeo na rede social dele&#8221;.<br><br>O comunicado veio oficialmente nesta quinta-feira (31). Al\u00e9m dela, uma segunda professora chegou a ser demitida, mas, segundo Alline, n\u00e3o quis se manifestar por medo de outras retalia\u00e7\u00f5es. Uma terceira professora da institui\u00e7\u00e3o tamb\u00e9m teria despertado a &#8220;f\u00faria&#8221; da gest\u00e3o. No entanto, trata-se de uma profissional concursada.<br><br>&#8220;Uma colega chegou a ponto de falar: &#8216;n\u00e3o pode tirar (foto), n\u00e3o, porque a\u00ed voc\u00ea est\u00e1 traindo o governo&#8217;. Sabe? Coisa desnecess\u00e1ria&#8221;, lamentou a professora, ao afirmar ter pedido que um amigo vereador interviesse na situa\u00e7\u00e3. De acordo com Alline, o legislador disse que o &#8220;prefeito estava irredut\u00edvel&#8221; e que estaria tratando as pessoas que sa\u00edram na foto como &#8220;opositores tramando contra o governo&#8221;. O diretor da institui\u00e7\u00e3o, segundo Alline, n\u00e3o prestou qualquer aux\u00edlio na situa\u00e7\u00e3o.<\/p>\n\n\n\n<p>Alline \u00e9 massoterapeuta e o emprego como professora na Escola Profissionalizante era a sua principal fonte de renda. &#8220;Essa perda agora me gerou um certo desconforto, porque eu n\u00e3o esperava&#8221;, expressa.<\/p>\n\n\n\n<p><strong>LEIA NOTA OFICIAL DA PREFEITURA, EM RESPOSTA AO CASO:<\/strong><\/p>\n\n\n\n<figure class=\"wp-block-image size-large\"><img fetchpriority=\"high\" decoding=\"async\" width=\"671\" height=\"1024\" src=\"https:\/\/cacaunews.com\/wp-content\/uploads\/2025\/08\/img_20250801_0049322502476341878293740-671x1024.jpg\" alt=\"\" class=\"wp-image-6641\" srcset=\"https:\/\/cacaunews.com\/wp-content\/uploads\/2025\/08\/img_20250801_0049322502476341878293740-671x1024.jpg 671w, https:\/\/cacaunews.com\/wp-content\/uploads\/2025\/08\/img_20250801_0049322502476341878293740-196x300.jpg 196w, https:\/\/cacaunews.com\/wp-content\/uploads\/2025\/08\/img_20250801_0049322502476341878293740-768x1173.jpg 768w, https:\/\/cacaunews.com\/wp-content\/uploads\/2025\/08\/img_20250801_0049322502476341878293740-1006x1536.jpg 1006w, https:\/\/cacaunews.com\/wp-content\/uploads\/2025\/08\/img_20250801_0049322502476341878293740-1024x1563.jpg 1024w, https:\/\/cacaunews.com\/wp-content\/uploads\/2025\/08\/img_20250801_0049322502476341878293740.jpg 1080w\" sizes=\"(max-width: 671px) 100vw, 671px\" \/><\/figure>\n\n\n\n<figure class=\"wp-block-image size-large\"><img decoding=\"async\" width=\"966\" height=\"1024\" src=\"https:\/\/cacaunews.com\/wp-content\/uploads\/2025\/08\/img_20250801_0049507065669598143290064-966x1024.jpg\" alt=\"\" class=\"wp-image-6642\" srcset=\"https:\/\/cacaunews.com\/wp-content\/uploads\/2025\/08\/img_20250801_0049507065669598143290064-966x1024.jpg 966w, https:\/\/cacaunews.com\/wp-content\/uploads\/2025\/08\/img_20250801_0049507065669598143290064-283x300.jpg 283w, https:\/\/cacaunews.com\/wp-content\/uploads\/2025\/08\/img_20250801_0049507065669598143290064-768x814.jpg 768w, https:\/\/cacaunews.com\/wp-content\/uploads\/2025\/08\/img_20250801_0049507065669598143290064-1024x1086.jpg 1024w, https:\/\/cacaunews.com\/wp-content\/uploads\/2025\/08\/img_20250801_0049507065669598143290064.jpg 1080w\" sizes=\"(max-width: 966px) 100vw, 966px\" \/><\/figure>\n\n\n\n<p>Com Informa\u00e7\u00f5es Correio da Bahia.<\/p>\n","protected":false},"excerpt":{"rendered":"<p>Durante a celebra\u00e7\u00e3o dos 115 anos de emancipa\u00e7\u00e3o pol\u00edtica do munic\u00edpio de Itabuna, no sul&#8230;<\/p>\n","protected":false},"author":1,"featured_media":6643,"comment_status":"open","ping_status":"open","sticky":false,"template":"","format":"standard","meta":{"footnotes":""},"categories":[18,11,5],"tags":[1361,27,807,2364],"yoast_head":"<!-- This site is optimized with the Yoast SEO plugin v21.7 - https:\/\/yoast.com\/wordpress\/plugins\/seo\/ -->\n<title>Itabuna: Professoras s\u00e3o demitidas pela prefeitura e alegam persegui\u00e7\u00e3o pol\u00edtica. - Cacau News<\/title>\n<meta name=\"robots\" content=\"index, follow, max-snippet:-1, max-image-preview:large, max-video-preview:-1\" \/>\n<link rel=\"canonical\" href=\"https:\/\/cacaunews.com\/?p=6644\" \/>\n<meta property=\"og:locale\" content=\"pt_BR\" \/>\n<meta property=\"og:type\" content=\"article\" \/>\n<meta property=\"og:title\" content=\"Itabuna: Professoras s\u00e3o demitidas pela prefeitura e alegam persegui\u00e7\u00e3o pol\u00edtica. - Cacau News\" \/>\n<meta property=\"og:description\" content=\"Durante a celebra\u00e7\u00e3o dos 115 anos de emancipa\u00e7\u00e3o pol\u00edtica do munic\u00edpio de Itabuna, no sul...\" \/>\n<meta property=\"og:url\" content=\"https:\/\/cacaunews.com\/?p=6644\" \/>\n<meta property=\"og:site_name\" content=\"Cacau News\" \/>\n<meta property=\"article:published_time\" content=\"2025-08-01T03:30:21+00:00\" \/>\n<meta property=\"og:image\" content=\"https:\/\/cacaunews.com\/wp-content\/uploads\/2025\/08\/img_20250801_0049322502476341878293740-671x1024.jpg\" \/>\n<meta name=\"author\" content=\"Reda\u00e7\u00e3o Cacau News\" \/>\n<meta name=\"twitter:card\" content=\"summary_large_image\" \/>\n<meta name=\"twitter:label1\" content=\"Escrito por\" \/>\n\t<meta name=\"twitter:data1\" content=\"Reda\u00e7\u00e3o Cacau News\" \/>\n\t<meta name=\"twitter:label2\" content=\"Est. tempo de leitura\" \/>\n\t<meta name=\"twitter:data2\" content=\"3 minutos\" \/>\n<script type=\"application\/ld+json\" class=\"yoast-schema-graph\">{\"@context\":\"https:\/\/schema.org\",\"@graph\":[{\"@type\":\"Article\",\"@id\":\"https:\/\/cacaunews.com\/?p=6644#article\",\"isPartOf\":{\"@id\":\"https:\/\/cacaunews.com\/?p=6644\"},\"author\":{\"name\":\"Reda\u00e7\u00e3o Cacau News\",\"@id\":\"https:\/\/cacaunews.com\/#\/schema\/person\/ea69703103e606ad347ccd64bd72ef79\"},\"headline\":\"Itabuna: Professoras s\u00e3o demitidas pela prefeitura e alegam persegui\u00e7\u00e3o pol\u00edtica.\",\"datePublished\":\"2025-08-01T03:30:21+00:00\",\"dateModified\":\"2025-08-01T03:30:21+00:00\",\"mainEntityOfPage\":{\"@id\":\"https:\/\/cacaunews.com\/?p=6644\"},\"wordCount\":514,\"commentCount\":0,\"publisher\":{\"@id\":\"https:\/\/cacaunews.com\/#organization\"},\"keywords\":[\"demiss\u00e3o\",\"itabuna\",\"persegui\u00e7\u00e3o\",\"professoras\"],\"articleSection\":[\"cidades\",\"Jornalismo\",\"Politica\"],\"inLanguage\":\"pt-BR\",\"potentialAction\":[{\"@type\":\"CommentAction\",\"name\":\"Comment\",\"target\":[\"https:\/\/cacaunews.com\/?p=6644#respond\"]}]},{\"@type\":\"WebPage\",\"@id\":\"https:\/\/cacaunews.com\/?p=6644\",\"url\":\"https:\/\/cacaunews.com\/?p=6644\",\"name\":\"Itabuna: Professoras s\u00e3o demitidas pela prefeitura e alegam persegui\u00e7\u00e3o pol\u00edtica. - Cacau News\",\"isPartOf\":{\"@id\":\"https:\/\/cacaunews.com\/#website\"},\"datePublished\":\"2025-08-01T03:30:21+00:00\",\"dateModified\":\"2025-08-01T03:30:21+00:00\",\"breadcrumb\":{\"@id\":\"https:\/\/cacaunews.com\/?p=6644#breadcrumb\"},\"inLanguage\":\"pt-BR\",\"potentialAction\":[{\"@type\":\"ReadAction\",\"target\":[\"https:\/\/cacaunews.com\/?p=6644\"]}]},{\"@type\":\"BreadcrumbList\",\"@id\":\"https:\/\/cacaunews.com\/?p=6644#breadcrumb\",\"itemListElement\":[{\"@type\":\"ListItem\",\"position\":1,\"name\":\"In\u00edcio\",\"item\":\"https:\/\/cacaunews.com\/\"},{\"@type\":\"ListItem\",\"position\":2,\"name\":\"Itabuna: Professoras s\u00e3o demitidas pela prefeitura e alegam persegui\u00e7\u00e3o pol\u00edtica.\"}]},{\"@type\":\"WebSite\",\"@id\":\"https:\/\/cacaunews.com\/#website\",\"url\":\"https:\/\/cacaunews.com\/\",\"name\":\"Cacau News\",\"description\":\"A Informa\u00e7\u00e3o que voc\u00ea precisa!\",\"publisher\":{\"@id\":\"https:\/\/cacaunews.com\/#organization\"},\"potentialAction\":[{\"@type\":\"SearchAction\",\"target\":{\"@type\":\"EntryPoint\",\"urlTemplate\":\"https:\/\/cacaunews.com\/?s={search_term_string}\"},\"query-input\":\"required name=search_term_string\"}],\"inLanguage\":\"pt-BR\"},{\"@type\":\"Organization\",\"@id\":\"https:\/\/cacaunews.com\/#organization\",\"name\":\"Cacau News\",\"url\":\"https:\/\/cacaunews.com\/\",\"logo\":{\"@type\":\"ImageObject\",\"inLanguage\":\"pt-BR\",\"@id\":\"https:\/\/cacaunews.com\/#\/schema\/logo\/image\/\",\"url\":\"https:\/\/cacaunews.com\/wp-content\/uploads\/2025\/01\/cropped-LOGO-NOVA.png\",\"contentUrl\":\"https:\/\/cacaunews.com\/wp-content\/uploads\/2025\/01\/cropped-LOGO-NOVA.png\",\"width\":813,\"height\":813,\"caption\":\"Cacau News\"},\"image\":{\"@id\":\"https:\/\/cacaunews.com\/#\/schema\/logo\/image\/\"},\"sameAs\":[\"https:\/\/www.instagram.com\/cacaunews.online\/\",\"https:\/\/youtube.com\/@cacaunews?si=0VXLnjl08SrWbVG9\"]},{\"@type\":\"Person\",\"@id\":\"https:\/\/cacaunews.com\/#\/schema\/person\/ea69703103e606ad347ccd64bd72ef79\",\"name\":\"Reda\u00e7\u00e3o Cacau News\",\"image\":{\"@type\":\"ImageObject\",\"inLanguage\":\"pt-BR\",\"@id\":\"https:\/\/cacaunews.com\/#\/schema\/person\/image\/\",\"url\":\"https:\/\/secure.gravatar.com\/avatar\/d79227a2a7b6cc42e8d7a8f7c284cd3a?s=96&d=mm&r=g\",\"contentUrl\":\"https:\/\/secure.gravatar.com\/avatar\/d79227a2a7b6cc42e8d7a8f7c284cd3a?s=96&d=mm&r=g\",\"caption\":\"Reda\u00e7\u00e3o Cacau News\"},\"sameAs\":[\"https:\/\/cacaunews.com\"],\"url\":\"https:\/\/cacaunews.com\/?author=1\"}]}<\/script>\n<!-- \/ Yoast SEO plugin. -->","yoast_head_json":{"title":"Itabuna: Professoras s\u00e3o demitidas pela prefeitura e alegam persegui\u00e7\u00e3o pol\u00edtica. - Cacau News","robots":{"index":"index","follow":"follow","max-snippet":"max-snippet:-1","max-image-preview":"max-image-preview:large","max-video-preview":"max-video-preview:-1"},"canonical":"https:\/\/cacaunews.com\/?p=6644","og_locale":"pt_BR","og_type":"article","og_title":"Itabuna: Professoras s\u00e3o demitidas pela prefeitura e alegam persegui\u00e7\u00e3o pol\u00edtica. - Cacau News","og_description":"Durante a celebra\u00e7\u00e3o dos 115 anos de emancipa\u00e7\u00e3o pol\u00edtica do munic\u00edpio de Itabuna, no sul...","og_url":"https:\/\/cacaunews.com\/?p=6644","og_site_name":"Cacau News","article_published_time":"2025-08-01T03:30:21+00:00","og_image":[{"url":"https:\/\/cacaunews.com\/wp-content\/uploads\/2025\/08\/img_20250801_0049322502476341878293740-671x1024.jpg"}],"author":"Reda\u00e7\u00e3o Cacau News","twitter_card":"summary_large_image","twitter_misc":{"Escrito por":"Reda\u00e7\u00e3o Cacau News","Est. tempo de leitura":"3 minutos"},"schema":{"@context":"https:\/\/schema.org","@graph":[{"@type":"Article","@id":"https:\/\/cacaunews.com\/?p=6644#article","isPartOf":{"@id":"https:\/\/cacaunews.com\/?p=6644"},"author":{"name":"Reda\u00e7\u00e3o Cacau News","@id":"https:\/\/cacaunews.com\/#\/schema\/person\/ea69703103e606ad347ccd64bd72ef79"},"headline":"Itabuna: Professoras s\u00e3o demitidas pela prefeitura e alegam persegui\u00e7\u00e3o pol\u00edtica.","datePublished":"2025-08-01T03:30:21+00:00","dateModified":"2025-08-01T03:30:21+00:00","mainEntityOfPage":{"@id":"https:\/\/cacaunews.com\/?p=6644"},"wordCount":514,"commentCount":0,"publisher":{"@id":"https:\/\/cacaunews.com\/#organization"},"keywords":["demiss\u00e3o","itabuna","persegui\u00e7\u00e3o","professoras"],"articleSection":["cidades","Jornalismo","Politica"],"inLanguage":"pt-BR","potentialAction":[{"@type":"CommentAction","name":"Comment","target":["https:\/\/cacaunews.com\/?p=6644#respond"]}]},{"@type":"WebPage","@id":"https:\/\/cacaunews.com\/?p=6644","url":"https:\/\/cacaunews.com\/?p=6644","name":"Itabuna: Professoras s\u00e3o demitidas pela prefeitura e alegam persegui\u00e7\u00e3o pol\u00edtica. - Cacau News","isPartOf":{"@id":"https:\/\/cacaunews.com\/#website"},"datePublished":"2025-08-01T03:30:21+00:00","dateModified":"2025-08-01T03:30:21+00:00","breadcrumb":{"@id":"https:\/\/cacaunews.com\/?p=6644#breadcrumb"},"inLanguage":"pt-BR","potentialAction":[{"@type":"ReadAction","target":["https:\/\/cacaunews.com\/?p=6644"]}]},{"@type":"BreadcrumbList","@id":"https:\/\/cacaunews.com\/?p=6644#breadcrumb","itemListElement":[{"@type":"ListItem","position":1,"name":"In\u00edcio","item":"https:\/\/cacaunews.com\/"},{"@type":"ListItem","position":2,"name":"Itabuna: Professoras s\u00e3o demitidas pela prefeitura e alegam persegui\u00e7\u00e3o pol\u00edtica."}]},{"@type":"WebSite","@id":"https:\/\/cacaunews.com\/#website","url":"https:\/\/cacaunews.com\/","name":"Cacau News","description":"A Informa\u00e7\u00e3o que voc\u00ea precisa!","publisher":{"@id":"https:\/\/cacaunews.com\/#organization"},"potentialAction":[{"@type":"SearchAction","target":{"@type":"EntryPoint","urlTemplate":"https:\/\/cacaunews.com\/?s={search_term_string}"},"query-input":"required name=search_term_string"}],"inLanguage":"pt-BR"},{"@type":"Organization","@id":"https:\/\/cacaunews.com\/#organization","name":"Cacau News","url":"https:\/\/cacaunews.com\/","logo":{"@type":"ImageObject","inLanguage":"pt-BR","@id":"https:\/\/cacaunews.com\/#\/schema\/logo\/image\/","url":"https:\/\/cacaunews.com\/wp-content\/uploads\/2025\/01\/cropped-LOGO-NOVA.png","contentUrl":"https:\/\/cacaunews.com\/wp-content\/uploads\/2025\/01\/cropped-LOGO-NOVA.png","width":813,"height":813,"caption":"Cacau News"},"image":{"@id":"https:\/\/cacaunews.com\/#\/schema\/logo\/image\/"},"sameAs":["https:\/\/www.instagram.com\/cacaunews.online\/","https:\/\/youtube.com\/@cacaunews?si=0VXLnjl08SrWbVG9"]},{"@type":"Person","@id":"https:\/\/cacaunews.com\/#\/schema\/person\/ea69703103e606ad347ccd64bd72ef79","name":"Reda\u00e7\u00e3o Cacau News","image":{"@type":"ImageObject","inLanguage":"pt-BR","@id":"https:\/\/cacaunews.com\/#\/schema\/person\/image\/","url":"https:\/\/secure.gravatar.com\/avatar\/d79227a2a7b6cc42e8d7a8f7c284cd3a?s=96&d=mm&r=g","contentUrl":"https:\/\/secure.gravatar.com\/avatar\/d79227a2a7b6cc42e8d7a8f7c284cd3a?s=96&d=mm&r=g","caption":"Reda\u00e7\u00e3o Cacau News"},"sameAs":["https:\/\/cacaunews.com"],"url":"https:\/\/cacaunews.com\/?author=1"}]}},"jetpack_sharing_enabled":true,"jetpack_featured_media_url":"https:\/\/cacaunews.com\/wp-content\/uploads\/2025\/08\/image_editor_output_image601842140-1754020299192.webp","_links":{"self":[{"href":"https:\/\/cacaunews.com\/index.php?rest_route=\/wp\/v2\/posts\/6644"}],"collection":[{"href":"https:\/\/cacaunews.com\/index.php?rest_route=\/wp\/v2\/posts"}],"about":[{"href":"https:\/\/cacaunews.com\/index.php?rest_route=\/wp\/v2\/types\/post"}],"author":[{"embeddable":true,"href":"https:\/\/cacaunews.com\/index.php?rest_route=\/wp\/v2\/users\/1"}],"replies":[{"embeddable":true,"href":"https:\/\/cacaunews.com\/index.php?rest_route=%2Fwp%2Fv2%2Fcomments&post=6644"}],"version-history":[{"count":0,"href":"https:\/\/cacaunews.com\/index.php?rest_route=\/wp\/v2\/posts\/6644\/revisions"}],"wp:featuredmedia":[{"embeddable":true,"href":"https:\/\/cacaunews.com\/index.php?rest_route=\/wp\/v2\/media\/6643"}],"wp:attachment":[{"href":"https:\/\/cacaunews.com\/index.php?rest_route=%2Fwp%2Fv2%2Fmedia&parent=6644"}],"wp:term":[{"taxonomy":"category","embeddable":true,"href":"https:\/\/cacaunews.com\/index.php?rest_route=%2Fwp%2Fv2%2Fcategories&post=6644"},{"taxonomy":"post_tag","embeddable":true,"href":"https:\/\/cacaunews.com\/index.php?rest_route=%2Fwp%2Fv2%2Ftags&post=6644"}],"curies":[{"name":"wp","href":"https:\/\/api.w.org\/{rel}","templated":true}]}}